{"id":56163,"date":"2024-08-22T15:25:48","date_gmt":"2024-08-22T12:25:48","guid":{"rendered":"https:\/\/kibrisdakik.com\/index.php\/2024\/08\/22\/premier-ligden-super-lige-taraftarin-cagrisi-ise-yaradi\/"},"modified":"2024-08-22T15:25:48","modified_gmt":"2024-08-22T12:25:48","slug":"premier-ligden-super-lige-taraftarin-cagrisi-ise-yaradi","status":"publish","type":"post","link":"https:\/\/kibrisdakik.com\/?p=56163","title":{"rendered":"Premier Lig&#8217;den S\u00fcper Lig&#8217;e! Taraftar\u0131n \u00e7a\u011fr\u0131s\u0131 i\u015fe yarad\u0131"},"content":{"rendered":"<p><\/p>\n<div id=\"\">\n<p>S\u00fcper Lig&#8217;in \u0130zmir temsilcisi G\u00f6ztepe, Southampton&#8217;dan Mateusz Lis&#8217;i kadrosuna katt\u0131\u011f\u0131n\u0131 duyurdu. Ge\u00e7ti\u011fimiz sezon Southampton&#8217;dan kiral\u0131k olarak forma giyen Lis, 3+1 y\u0131ll\u0131\u011f\u0131na G\u00f6ztepe&#8217;ye imza att\u0131. Lis, daha \u00f6nce 2021-22 sezonunda S\u00fcper Lig&#8217;de Altay&#8217;da da forma giymi\u015fti. Taraftarlar\u0131n \u0131srar\u0131 sonucu Lis&#8217;in transferi ger\u00e7ekle\u015fti. <\/p>\n<h3>ALTAY&#8217;DA DA FORMA G\u0130YD\u0130<\/h3>\n<p>\u0130zmir ekibinin uzun s\u00fcredir transferi i\u00e7in u\u011fra\u015ft\u0131\u011f\u0131 27 ya\u015f\u0131ndaki Polonyal\u0131 eldiven, d\u00fcn ak\u015fam \u0130ngiltere&#8217;den geldikten sonra sa\u011fl\u0131k kontrol\u00fcnden ge\u00e7ip 3+1 y\u0131ll\u0131\u011f\u0131na sar\u0131-k\u0131rm\u0131z\u0131l\u0131lara imza att\u0131. \u0130zmir&#8217;de daha \u00f6nce 2021-22 sezonunda S\u00fcper Lig&#8217;de Altay&#8217;da da forma giyen Lis, G\u00f6ztepe Ba\u015fkan\u0131 Rasmus Ankersen taraf\u0131ndan Sport Republic&#8217;in \u0130ngiltere&#8217;deki kul\u00fcb\u00fc Southampton&#8217;a transfer edilmi\u015fti.<\/p>\n<h3>TARAFTARIN ISRARI \u0130\u015eE YARADI<\/h3>\n<p>Ge\u00e7en sezon 1&#8217;inci Lig&#8217;de kiral\u0131k olarak G\u00f6ztepe kalesini koruyarak hem S\u00fcper Lig&#8217;e \u00e7\u0131kma sevinci ya\u015fayan hem de ligin en az gole ge\u00e7it veren kalecisi olan Lis, ard\u0131ndan \u0130ngiltere&#8217;ye d\u00f6nm\u00fc\u015ft\u00fc. Sar\u0131-k\u0131rm\u0131z\u0131l\u0131 taraftarlar, Lis&#8217;in Southampton&#8217;dan al\u0131nmas\u0131 i\u00e7in haftalarca y\u00f6netime \u00e7a\u011fr\u0131 yapm\u0131\u015ft\u0131.<\/p>\n<h3>RESM\u0130 A\u00c7IKLAMA GELD\u0130<\/h3>\n<p>G\u00f6ztepe, tecr\u00fcbeli file bek\u00e7isiyle ilgili, &#8220;1997 do\u011fumlu kaleci Mateusz Lis ile 3+1 y\u0131ll\u0131k s\u00f6zle\u015fme imzalad\u0131k. Mateusz Lis&#8217;e G\u00f6ztepe&#8217;mize yeniden ho\u015f geldin diyor, \u015fanl\u0131 formam\u0131zla ba\u015far\u0131lar diliyoruz&#8221; a\u00e7\u0131klamas\u0131n\u0131 yapt\u0131.<\/p>\n<p><img loading=\"lazy\" decoding=\"async\" class=\"hbptMainImage lazyload ImgDetay\" src=\"https:\/\/foto.haberler.com\/haber\/2024\/08\/22\/premier-lig-den-super-lig-e-taraftarin-cagrisi-17745418_5459_m.jpg\" alt=\"Premier Lig'den S\u00fcper Lig'e! Taraftar\u0131n \u00e7a\u011fr\u0131s\u0131 i\u015fe yarad\u0131\" width=\"640\" height=\"800\"\/><\/p>\n<h4 id=\"nwsKeywords\"> <a href=\"https:\/\/www.haberler.com\/trendyol-super-lig\/\" title=\"Trendyol S\u00fcper Lig\" class=\"hbptTag\">Trendyol S\u00fcper Lig<\/a>  <a href=\"https:\/\/www.haberler.com\/spor\/\" title=\"Spor\" class=\"hbptTag\">Spor<\/a>  <a href=\"https:\/\/www.haberler.com\/spor\/\" title=\"Spor\" class=\"hbptTag\">Spor<\/a>  <a href=\"https:\/\/www.haberler.com\/\" title=\"Haberler\" class=\"hbptTag\">Haberler<\/a> <\/h4>\n<\/div>\n","protected":false},"excerpt":{"rendered":"<p>S\u00fcper Lig&#8217;in \u0130zmir temsilcisi G\u00f6ztepe, Southampton&#8217;dan Mateusz Lis&#8217;i kadrosuna katt\u0131\u011f\u0131n\u0131 duyurdu. Ge\u00e7ti\u011fimiz sezon Southampton&#8217;dan kiral\u0131k olarak forma giyen Lis, 3+1 y\u0131ll\u0131\u011f\u0131na G\u00f6ztepe&#8217;ye imza att\u0131. Lis, daha \u00f6nce 2021-22 sezonunda S\u00fcper Lig&#8217;de Altay&#8217;da da forma giymi\u015fti. Taraftarlar\u0131n \u0131srar\u0131 sonucu Lis&#8217;in transferi ger\u00e7ekle\u015fti. ALTAY&#8217;DA DA FORMA G\u0130YD\u0130 \u0130zmir ekibinin uzun s\u00fcredir transferi i\u00e7in u\u011fra\u015ft\u0131\u011f\u0131 27 ya\u015f\u0131ndaki Polonyal\u0131<\/p>\n","protected":false},"author":1,"featured_media":56164,"comment_status":"open","ping_status":"open","sticky":false,"template":"","format":"standard","meta":{"footnotes":""},"categories":[83],"tags":[],"class_list":["post-56163","post","type-post","status-publish","format-standard","has-post-thumbnail","hentry","category-magazin"],"yoast_head":"<!-- This site is optimized with the Yoast SEO plugin v27.4 - https:\/\/yoast.com\/product\/yoast-seo-wordpress\/ -->\n<title>Premier Lig&#039;den S\u00fcper Lig&#039;e! Taraftar\u0131n \u00e7a\u011fr\u0131s\u0131 i\u015fe yarad\u0131 -<\/title>\n<meta name=\"robots\" content=\"index, follow, max-snippet:-1, max-image-preview:large, max-video-preview:-1\" \/>\n<link rel=\"canonical\" href=\"https:\/\/kibrisdakik.com\/?p=56163\" \/>\n<meta property=\"og:locale\" content=\"tr_TR\" \/>\n<meta property=\"og:type\" content=\"article\" \/>\n<meta property=\"og:title\" content=\"Premier Lig&#039;den S\u00fcper Lig&#039;e! Taraftar\u0131n \u00e7a\u011fr\u0131s\u0131 i\u015fe yarad\u0131 -\" \/>\n<meta property=\"og:description\" content=\"S\u00fcper Lig&#8217;in \u0130zmir temsilcisi G\u00f6ztepe, Southampton&#8217;dan Mateusz Lis&#8217;i kadrosuna katt\u0131\u011f\u0131n\u0131 duyurdu. Ge\u00e7ti\u011fimiz sezon Southampton&#8217;dan kiral\u0131k olarak forma giyen Lis, 3+1 y\u0131ll\u0131\u011f\u0131na G\u00f6ztepe&#8217;ye imza att\u0131. Lis, daha \u00f6nce 2021-22 sezonunda S\u00fcper Lig&#8217;de Altay&#8217;da da forma giymi\u015fti. Taraftarlar\u0131n \u0131srar\u0131 sonucu Lis&#8217;in transferi ger\u00e7ekle\u015fti. ALTAY&#8217;DA DA FORMA G\u0130YD\u0130 \u0130zmir ekibinin uzun s\u00fcredir transferi i\u00e7in u\u011fra\u015ft\u0131\u011f\u0131 27 ya\u015f\u0131ndaki Polonyal\u0131\" \/>\n<meta property=\"og:url\" content=\"https:\/\/kibrisdakik.com\/?p=56163\" \/>\n<meta property=\"article:published_time\" content=\"2024-08-22T12:25:48+00:00\" \/>\n<meta property=\"og:image\" content=\"https:\/\/kibrisdakik.com\/wp-content\/uploads\/2024\/08\/premier-lig-den-super-lig-e-taraftarin-cagrisi-17745418_5459_m-640x420.jpg\" \/>\n\t<meta property=\"og:image:width\" content=\"640\" \/>\n\t<meta property=\"og:image:height\" content=\"798\" \/>\n\t<meta property=\"og:image:type\" content=\"image\/jpeg\" \/>\n<meta name=\"author\" content=\"admin\" \/>\n<meta name=\"twitter:card\" content=\"summary_large_image\" \/>\n<meta name=\"twitter:label1\" content=\"Yazan:\" \/>\n\t<meta name=\"twitter:data1\" content=\"admin\" \/>\n\t<meta name=\"twitter:label2\" content=\"Tahmini okuma s\u00fcresi\" \/>\n\t<meta name=\"twitter:data2\" content=\"1 dakika\" \/>\n<script type=\"application\/ld+json\" class=\"yoast-schema-graph\">{\"@context\":\"https:\\\/\\\/schema.org\",\"@graph\":[{\"@type\":\"Article\",\"@id\":\"https:\\\/\\\/kibrisdakik.com\\\/?p=56163#article\",\"isPartOf\":{\"@id\":\"https:\\\/\\\/kibrisdakik.com\\\/?p=56163\"},\"author\":{\"name\":\"admin\",\"@id\":\"https:\\\/\\\/kibrisdakik.com\\\/#\\\/schema\\\/person\\\/9cd9d437bbb44f72b73ba127e06d8e79\"},\"headline\":\"Premier Lig&#8217;den S\u00fcper Lig&#8217;e! Taraftar\u0131n \u00e7a\u011fr\u0131s\u0131 i\u015fe yarad\u0131\",\"datePublished\":\"2024-08-22T12:25:48+00:00\",\"mainEntityOfPage\":{\"@id\":\"https:\\\/\\\/kibrisdakik.com\\\/?p=56163\"},\"wordCount\":255,\"commentCount\":0,\"image\":{\"@id\":\"https:\\\/\\\/kibrisdakik.com\\\/?p=56163#primaryimage\"},\"thumbnailUrl\":\"https:\\\/\\\/kibrisdakik.com\\\/wp-content\\\/uploads\\\/2024\\\/08\\\/premier-lig-den-super-lig-e-taraftarin-cagrisi-17745418_5459_m-640x420.jpg\",\"articleSection\":[\"Magazin\"],\"inLanguage\":\"tr\",\"potentialAction\":[{\"@type\":\"CommentAction\",\"name\":\"Comment\",\"target\":[\"https:\\\/\\\/kibrisdakik.com\\\/?p=56163#respond\"]}]},{\"@type\":\"WebPage\",\"@id\":\"https:\\\/\\\/kibrisdakik.com\\\/?p=56163\",\"url\":\"https:\\\/\\\/kibrisdakik.com\\\/?p=56163\",\"name\":\"Premier Lig'den S\u00fcper Lig'e! Taraftar\u0131n \u00e7a\u011fr\u0131s\u0131 i\u015fe yarad\u0131 -\",\"isPartOf\":{\"@id\":\"https:\\\/\\\/kibrisdakik.com\\\/#website\"},\"primaryImageOfPage\":{\"@id\":\"https:\\\/\\\/kibrisdakik.com\\\/?p=56163#primaryimage\"},\"image\":{\"@id\":\"https:\\\/\\\/kibrisdakik.com\\\/?p=56163#primaryimage\"},\"thumbnailUrl\":\"https:\\\/\\\/kibrisdakik.com\\\/wp-content\\\/uploads\\\/2024\\\/08\\\/premier-lig-den-super-lig-e-taraftarin-cagrisi-17745418_5459_m-640x420.jpg\",\"datePublished\":\"2024-08-22T12:25:48+00:00\",\"author\":{\"@id\":\"https:\\\/\\\/kibrisdakik.com\\\/#\\\/schema\\\/person\\\/9cd9d437bbb44f72b73ba127e06d8e79\"},\"breadcrumb\":{\"@id\":\"https:\\\/\\\/kibrisdakik.com\\\/?p=56163#breadcrumb\"},\"inLanguage\":\"tr\",\"potentialAction\":[{\"@type\":\"ReadAction\",\"target\":[\"https:\\\/\\\/kibrisdakik.com\\\/?p=56163\"]}]},{\"@type\":\"ImageObject\",\"inLanguage\":\"tr\",\"@id\":\"https:\\\/\\\/kibrisdakik.com\\\/?p=56163#primaryimage\",\"url\":\"https:\\\/\\\/kibrisdakik.com\\\/wp-content\\\/uploads\\\/2024\\\/08\\\/premier-lig-den-super-lig-e-taraftarin-cagrisi-17745418_5459_m-640x420.jpg\",\"contentUrl\":\"https:\\\/\\\/kibrisdakik.com\\\/wp-content\\\/uploads\\\/2024\\\/08\\\/premier-lig-den-super-lig-e-taraftarin-cagrisi-17745418_5459_m-640x420.jpg\",\"width\":640,\"height\":798},{\"@type\":\"BreadcrumbList\",\"@id\":\"https:\\\/\\\/kibrisdakik.com\\\/?p=56163#breadcrumb\",\"itemListElement\":[{\"@type\":\"ListItem\",\"position\":1,\"name\":\"Home\",\"item\":\"https:\\\/\\\/kibrisdakik.com\\\/\"},{\"@type\":\"ListItem\",\"position\":2,\"name\":\"Premier Lig&#8217;den S\u00fcper Lig&#8217;e! Taraftar\u0131n \u00e7a\u011fr\u0131s\u0131 i\u015fe yarad\u0131\"}]},{\"@type\":\"WebSite\",\"@id\":\"https:\\\/\\\/kibrisdakik.com\\\/#website\",\"url\":\"https:\\\/\\\/kibrisdakik.com\\\/\",\"name\":\"\",\"description\":\"Tam vaktinde haber\",\"potentialAction\":[{\"@type\":\"SearchAction\",\"target\":{\"@type\":\"EntryPoint\",\"urlTemplate\":\"https:\\\/\\\/kibrisdakik.com\\\/?s={search_term_string}\"},\"query-input\":{\"@type\":\"PropertyValueSpecification\",\"valueRequired\":true,\"valueName\":\"search_term_string\"}}],\"inLanguage\":\"tr\"},{\"@type\":\"Person\",\"@id\":\"https:\\\/\\\/kibrisdakik.com\\\/#\\\/schema\\\/person\\\/9cd9d437bbb44f72b73ba127e06d8e79\",\"name\":\"admin\",\"image\":{\"@type\":\"ImageObject\",\"inLanguage\":\"tr\",\"@id\":\"https:\\\/\\\/secure.gravatar.com\\\/avatar\\\/ccc17943b9d660506c869530f897617f7cb1c21a4bf30023f252596d83e1f007?s=96&d=mm&r=g\",\"url\":\"https:\\\/\\\/secure.gravatar.com\\\/avatar\\\/ccc17943b9d660506c869530f897617f7cb1c21a4bf30023f252596d83e1f007?s=96&d=mm&r=g\",\"contentUrl\":\"https:\\\/\\\/secure.gravatar.com\\\/avatar\\\/ccc17943b9d660506c869530f897617f7cb1c21a4bf30023f252596d83e1f007?s=96&d=mm&r=g\",\"caption\":\"admin\"},\"sameAs\":[\"https:\\\/\\\/kibrisdakik.com\"],\"url\":\"https:\\\/\\\/kibrisdakik.com\\\/?author=1\"}]}<\/script>\n<!-- \/ Yoast SEO plugin. -->","yoast_head_json":{"title":"Premier Lig'den S\u00fcper Lig'e! Taraftar\u0131n \u00e7a\u011fr\u0131s\u0131 i\u015fe yarad\u0131 -","robots":{"index":"index","follow":"follow","max-snippet":"max-snippet:-1","max-image-preview":"max-image-preview:large","max-video-preview":"max-video-preview:-1"},"canonical":"https:\/\/kibrisdakik.com\/?p=56163","og_locale":"tr_TR","og_type":"article","og_title":"Premier Lig'den S\u00fcper Lig'e! Taraftar\u0131n \u00e7a\u011fr\u0131s\u0131 i\u015fe yarad\u0131 -","og_description":"S\u00fcper Lig&#8217;in \u0130zmir temsilcisi G\u00f6ztepe, Southampton&#8217;dan Mateusz Lis&#8217;i kadrosuna katt\u0131\u011f\u0131n\u0131 duyurdu. Ge\u00e7ti\u011fimiz sezon Southampton&#8217;dan kiral\u0131k olarak forma giyen Lis, 3+1 y\u0131ll\u0131\u011f\u0131na G\u00f6ztepe&#8217;ye imza att\u0131. Lis, daha \u00f6nce 2021-22 sezonunda S\u00fcper Lig&#8217;de Altay&#8217;da da forma giymi\u015fti. Taraftarlar\u0131n \u0131srar\u0131 sonucu Lis&#8217;in transferi ger\u00e7ekle\u015fti. ALTAY&#8217;DA DA FORMA G\u0130YD\u0130 \u0130zmir ekibinin uzun s\u00fcredir transferi i\u00e7in u\u011fra\u015ft\u0131\u011f\u0131 27 ya\u015f\u0131ndaki Polonyal\u0131","og_url":"https:\/\/kibrisdakik.com\/?p=56163","article_published_time":"2024-08-22T12:25:48+00:00","og_image":[{"width":640,"height":798,"url":"https:\/\/kibrisdakik.com\/wp-content\/uploads\/2024\/08\/premier-lig-den-super-lig-e-taraftarin-cagrisi-17745418_5459_m-640x420.jpg","type":"image\/jpeg"}],"author":"admin","twitter_card":"summary_large_image","twitter_misc":{"Yazan:":"admin","Tahmini okuma s\u00fcresi":"1 dakika"},"schema":{"@context":"https:\/\/schema.org","@graph":[{"@type":"Article","@id":"https:\/\/kibrisdakik.com\/?p=56163#article","isPartOf":{"@id":"https:\/\/kibrisdakik.com\/?p=56163"},"author":{"name":"admin","@id":"https:\/\/kibrisdakik.com\/#\/schema\/person\/9cd9d437bbb44f72b73ba127e06d8e79"},"headline":"Premier Lig&#8217;den S\u00fcper Lig&#8217;e! Taraftar\u0131n \u00e7a\u011fr\u0131s\u0131 i\u015fe yarad\u0131","datePublished":"2024-08-22T12:25:48+00:00","mainEntityOfPage":{"@id":"https:\/\/kibrisdakik.com\/?p=56163"},"wordCount":255,"commentCount":0,"image":{"@id":"https:\/\/kibrisdakik.com\/?p=56163#primaryimage"},"thumbnailUrl":"https:\/\/kibrisdakik.com\/wp-content\/uploads\/2024\/08\/premier-lig-den-super-lig-e-taraftarin-cagrisi-17745418_5459_m-640x420.jpg","articleSection":["Magazin"],"inLanguage":"tr","potentialAction":[{"@type":"CommentAction","name":"Comment","target":["https:\/\/kibrisdakik.com\/?p=56163#respond"]}]},{"@type":"WebPage","@id":"https:\/\/kibrisdakik.com\/?p=56163","url":"https:\/\/kibrisdakik.com\/?p=56163","name":"Premier Lig'den S\u00fcper Lig'e! Taraftar\u0131n \u00e7a\u011fr\u0131s\u0131 i\u015fe yarad\u0131 -","isPartOf":{"@id":"https:\/\/kibrisdakik.com\/#website"},"primaryImageOfPage":{"@id":"https:\/\/kibrisdakik.com\/?p=56163#primaryimage"},"image":{"@id":"https:\/\/kibrisdakik.com\/?p=56163#primaryimage"},"thumbnailUrl":"https:\/\/kibrisdakik.com\/wp-content\/uploads\/2024\/08\/premier-lig-den-super-lig-e-taraftarin-cagrisi-17745418_5459_m-640x420.jpg","datePublished":"2024-08-22T12:25:48+00:00","author":{"@id":"https:\/\/kibrisdakik.com\/#\/schema\/person\/9cd9d437bbb44f72b73ba127e06d8e79"},"breadcrumb":{"@id":"https:\/\/kibrisdakik.com\/?p=56163#breadcrumb"},"inLanguage":"tr","potentialAction":[{"@type":"ReadAction","target":["https:\/\/kibrisdakik.com\/?p=56163"]}]},{"@type":"ImageObject","inLanguage":"tr","@id":"https:\/\/kibrisdakik.com\/?p=56163#primaryimage","url":"https:\/\/kibrisdakik.com\/wp-content\/uploads\/2024\/08\/premier-lig-den-super-lig-e-taraftarin-cagrisi-17745418_5459_m-640x420.jpg","contentUrl":"https:\/\/kibrisdakik.com\/wp-content\/uploads\/2024\/08\/premier-lig-den-super-lig-e-taraftarin-cagrisi-17745418_5459_m-640x420.jpg","width":640,"height":798},{"@type":"BreadcrumbList","@id":"https:\/\/kibrisdakik.com\/?p=56163#breadcrumb","itemListElement":[{"@type":"ListItem","position":1,"name":"Home","item":"https:\/\/kibrisdakik.com\/"},{"@type":"ListItem","position":2,"name":"Premier Lig&#8217;den S\u00fcper Lig&#8217;e! Taraftar\u0131n \u00e7a\u011fr\u0131s\u0131 i\u015fe yarad\u0131"}]},{"@type":"WebSite","@id":"https:\/\/kibrisdakik.com\/#website","url":"https:\/\/kibrisdakik.com\/","name":"","description":"Tam vaktinde haber","potentialAction":[{"@type":"SearchAction","target":{"@type":"EntryPoint","urlTemplate":"https:\/\/kibrisdakik.com\/?s={search_term_string}"},"query-input":{"@type":"PropertyValueSpecification","valueRequired":true,"valueName":"search_term_string"}}],"inLanguage":"tr"},{"@type":"Person","@id":"https:\/\/kibrisdakik.com\/#\/schema\/person\/9cd9d437bbb44f72b73ba127e06d8e79","name":"admin","image":{"@type":"ImageObject","inLanguage":"tr","@id":"https:\/\/secure.gravatar.com\/avatar\/ccc17943b9d660506c869530f897617f7cb1c21a4bf30023f252596d83e1f007?s=96&d=mm&r=g","url":"https:\/\/secure.gravatar.com\/avatar\/ccc17943b9d660506c869530f897617f7cb1c21a4bf30023f252596d83e1f007?s=96&d=mm&r=g","contentUrl":"https:\/\/secure.gravatar.com\/avatar\/ccc17943b9d660506c869530f897617f7cb1c21a4bf30023f252596d83e1f007?s=96&d=mm&r=g","caption":"admin"},"sameAs":["https:\/\/kibrisdakik.com"],"url":"https:\/\/kibrisdakik.com\/?author=1"}]}},"_links":{"self":[{"href":"https:\/\/kibrisdakik.com\/index.php?rest_route=\/wp\/v2\/posts\/56163","targetHints":{"allow":["GET"]}}],"collection":[{"href":"https:\/\/kibrisdakik.com\/index.php?rest_route=\/wp\/v2\/posts"}],"about":[{"href":"https:\/\/kibrisdakik.com\/index.php?rest_route=\/wp\/v2\/types\/post"}],"author":[{"embeddable":true,"href":"https:\/\/kibrisdakik.com\/index.php?rest_route=\/wp\/v2\/users\/1"}],"replies":[{"embeddable":true,"href":"https:\/\/kibrisdakik.com\/index.php?rest_route=%2Fwp%2Fv2%2Fcomments&post=56163"}],"version-history":[{"count":0,"href":"https:\/\/kibrisdakik.com\/index.php?rest_route=\/wp\/v2\/posts\/56163\/revisions"}],"wp:featuredmedia":[{"embeddable":true,"href":"https:\/\/kibrisdakik.com\/index.php?rest_route=\/wp\/v2\/media\/56164"}],"wp:attachment":[{"href":"https:\/\/kibrisdakik.com\/index.php?rest_route=%2Fwp%2Fv2%2Fmedia&parent=56163"}],"wp:term":[{"taxonomy":"category","embeddable":true,"href":"https:\/\/kibrisdakik.com\/index.php?rest_route=%2Fwp%2Fv2%2Fcategories&post=56163"},{"taxonomy":"post_tag","embeddable":true,"href":"https:\/\/kibrisdakik.com\/index.php?rest_route=%2Fwp%2Fv2%2Ftags&post=56163"}],"curies":[{"name":"wp","href":"https:\/\/api.w.org\/{rel}","templated":true}]}}