{"id":56173,"date":"2024-08-22T15:50:01","date_gmt":"2024-08-22T12:50:01","guid":{"rendered":"https:\/\/kibrisdakik.com\/index.php\/2024\/08\/22\/maliye-bakani-berova-trafik-kazasinda-sehit-olan-asker-icin-taziye-mesaji-yayimladi\/"},"modified":"2024-08-22T15:50:01","modified_gmt":"2024-08-22T12:50:01","slug":"maliye-bakani-berova-trafik-kazasinda-sehit-olan-asker-icin-taziye-mesaji-yayimladi","status":"publish","type":"post","link":"https:\/\/kibrisdakik.com\/?p=56173","title":{"rendered":"Maliye Bakan\u0131 Berova, trafik kazas\u0131nda \u015fehit olan asker i\u00e7in taziye mesaj\u0131 yay\u0131mlad\u0131"},"content":{"rendered":"<div>\n<div class=\"mariselle-image-container center\">\n                                            <\/div>\n<p>Maliye Bakan\u0131 \u00d6zdemir Berova, bu sabah Ak\u00e7ay-G\u00fczelyurt ana yolunda meydana gelen trafik kazas\u0131nda \u015fehit olan asker i\u00e7in  taziye mesaj\u0131 yay\u0131nlad\u0131. <\/p>\n<p>Berova mesaj\u0131nda \u015fu ifadeleri kulland\u0131:<\/p>\n<p>\u201cBu sabah G\u00fczelyurt-Ak\u00e7ay Anayol\u2019unda ya\u015fanan ve askeri ara\u00e7 s\u00fcr\u00fcc\u00fcs\u00fc ile ara\u00e7ta yolcu olarak bulunan toplam 12 ki\u015finin yaraland\u0131\u011f\u0131 kazada, yaral\u0131 bir askerimiz \u015fehit olmu\u015ftur.<\/p>\n<p>\u015eehit olan kahraman askerimize Allah\u2019tan rahmet; ailesine, yak\u0131nlar\u0131na, T\u00fcrk Silahl\u0131 Kuvvetleri\u2019ne ve Milletimize ba\u015fsa\u011fl\u0131\u011f\u0131, sab\u0131r ve metanet, yaral\u0131 askerlerimize acil \u015fifalar diliyorum.\u201d<\/p>\n<\/p><\/div>\n<p><script async\n                    defer\n                    crossorigin=\"anonymous\"\n                    src=\"https:\/\/connect.facebook.net\/tr_TR\/sdk.js#xfbml=1&#038;version=v3.3\"\n            ><\/script><\/p>\n","protected":false},"excerpt":{"rendered":"<p>Maliye Bakan\u0131 \u00d6zdemir Berova, bu sabah Ak\u00e7ay-G\u00fczelyurt ana yolunda meydana gelen trafik kazas\u0131nda \u015fehit olan asker i\u00e7in taziye mesaj\u0131 yay\u0131nlad\u0131. Berova mesaj\u0131nda \u015fu ifadeleri kulland\u0131: \u201cBu sabah G\u00fczelyurt-Ak\u00e7ay Anayol\u2019unda ya\u015fanan ve askeri ara\u00e7 s\u00fcr\u00fcc\u00fcs\u00fc ile ara\u00e7ta yolcu olarak bulunan toplam 12 ki\u015finin yaraland\u0131\u011f\u0131 kazada, yaral\u0131 bir askerimiz \u015fehit olmu\u015ftur. \u015eehit olan kahraman askerimize Allah\u2019tan rahmet;<\/p>\n","protected":false},"author":1,"featured_media":46234,"comment_status":"open","ping_status":"open","sticky":false,"template":"","format":"standard","meta":{"footnotes":""},"categories":[81],"tags":[],"class_list":["post-56173","post","type-post","status-publish","format-standard","has-post-thumbnail","hentry","category-kibris"],"yoast_head":"<!-- This site is optimized with the Yoast SEO plugin v27.4 - https:\/\/yoast.com\/product\/yoast-seo-wordpress\/ -->\n<title>Maliye Bakan\u0131 Berova, trafik kazas\u0131nda \u015fehit olan asker i\u00e7in taziye mesaj\u0131 yay\u0131mlad\u0131 -<\/title>\n<meta name=\"robots\" content=\"index, follow, max-snippet:-1, max-image-preview:large, max-video-preview:-1\" \/>\n<link rel=\"canonical\" href=\"https:\/\/kibrisdakik.com\/?p=56173\" \/>\n<meta property=\"og:locale\" content=\"tr_TR\" \/>\n<meta property=\"og:type\" content=\"article\" \/>\n<meta property=\"og:title\" content=\"Maliye Bakan\u0131 Berova, trafik kazas\u0131nda \u015fehit olan asker i\u00e7in taziye mesaj\u0131 yay\u0131mlad\u0131 -\" \/>\n<meta property=\"og:description\" content=\"Maliye Bakan\u0131 \u00d6zdemir Berova, bu sabah Ak\u00e7ay-G\u00fczelyurt ana yolunda meydana gelen trafik kazas\u0131nda \u015fehit olan asker i\u00e7in taziye mesaj\u0131 yay\u0131nlad\u0131. Berova mesaj\u0131nda \u015fu ifadeleri kulland\u0131: \u201cBu sabah G\u00fczelyurt-Ak\u00e7ay Anayol\u2019unda ya\u015fanan ve askeri ara\u00e7 s\u00fcr\u00fcc\u00fcs\u00fc ile ara\u00e7ta yolcu olarak bulunan toplam 12 ki\u015finin yaraland\u0131\u011f\u0131 kazada, yaral\u0131 bir askerimiz \u015fehit olmu\u015ftur. \u015eehit olan kahraman askerimize Allah\u2019tan rahmet;\" \/>\n<meta property=\"og:url\" content=\"https:\/\/kibrisdakik.com\/?p=56173\" \/>\n<meta property=\"article:published_time\" content=\"2024-08-22T12:50:01+00:00\" \/>\n<meta property=\"og:image\" content=\"https:\/\/kibrisdakik.com\/wp-content\/uploads\/2024\/06\/berova-ozdemir.jpg\" \/>\n\t<meta property=\"og:image:width\" content=\"600\" \/>\n\t<meta property=\"og:image:height\" content=\"276\" \/>\n\t<meta property=\"og:image:type\" content=\"image\/jpeg\" \/>\n<meta name=\"author\" content=\"admin\" \/>\n<meta name=\"twitter:card\" content=\"summary_large_image\" \/>\n<meta name=\"twitter:label1\" content=\"Yazan:\" \/>\n\t<meta name=\"twitter:data1\" content=\"admin\" \/>\n<script type=\"application\/ld+json\" class=\"yoast-schema-graph\">{\"@context\":\"https:\\\/\\\/schema.org\",\"@graph\":[{\"@type\":\"Article\",\"@id\":\"https:\\\/\\\/kibrisdakik.com\\\/?p=56173#article\",\"isPartOf\":{\"@id\":\"https:\\\/\\\/kibrisdakik.com\\\/?p=56173\"},\"author\":{\"name\":\"admin\",\"@id\":\"https:\\\/\\\/kibrisdakik.com\\\/#\\\/schema\\\/person\\\/9cd9d437bbb44f72b73ba127e06d8e79\"},\"headline\":\"Maliye Bakan\u0131 Berova, trafik kazas\u0131nda \u015fehit olan asker i\u00e7in taziye mesaj\u0131 yay\u0131mlad\u0131\",\"datePublished\":\"2024-08-22T12:50:01+00:00\",\"mainEntityOfPage\":{\"@id\":\"https:\\\/\\\/kibrisdakik.com\\\/?p=56173\"},\"wordCount\":109,\"commentCount\":0,\"image\":{\"@id\":\"https:\\\/\\\/kibrisdakik.com\\\/?p=56173#primaryimage\"},\"thumbnailUrl\":\"https:\\\/\\\/kibrisdakik.com\\\/wp-content\\\/uploads\\\/2024\\\/06\\\/berova-ozdemir.jpg\",\"articleSection\":[\"K\u0131br\u0131s\"],\"inLanguage\":\"tr\",\"potentialAction\":[{\"@type\":\"CommentAction\",\"name\":\"Comment\",\"target\":[\"https:\\\/\\\/kibrisdakik.com\\\/?p=56173#respond\"]}]},{\"@type\":\"WebPage\",\"@id\":\"https:\\\/\\\/kibrisdakik.com\\\/?p=56173\",\"url\":\"https:\\\/\\\/kibrisdakik.com\\\/?p=56173\",\"name\":\"Maliye Bakan\u0131 Berova, trafik kazas\u0131nda \u015fehit olan asker i\u00e7in taziye mesaj\u0131 yay\u0131mlad\u0131 -\",\"isPartOf\":{\"@id\":\"https:\\\/\\\/kibrisdakik.com\\\/#website\"},\"primaryImageOfPage\":{\"@id\":\"https:\\\/\\\/kibrisdakik.com\\\/?p=56173#primaryimage\"},\"image\":{\"@id\":\"https:\\\/\\\/kibrisdakik.com\\\/?p=56173#primaryimage\"},\"thumbnailUrl\":\"https:\\\/\\\/kibrisdakik.com\\\/wp-content\\\/uploads\\\/2024\\\/06\\\/berova-ozdemir.jpg\",\"datePublished\":\"2024-08-22T12:50:01+00:00\",\"author\":{\"@id\":\"https:\\\/\\\/kibrisdakik.com\\\/#\\\/schema\\\/person\\\/9cd9d437bbb44f72b73ba127e06d8e79\"},\"breadcrumb\":{\"@id\":\"https:\\\/\\\/kibrisdakik.com\\\/?p=56173#breadcrumb\"},\"inLanguage\":\"tr\",\"potentialAction\":[{\"@type\":\"ReadAction\",\"target\":[\"https:\\\/\\\/kibrisdakik.com\\\/?p=56173\"]}]},{\"@type\":\"ImageObject\",\"inLanguage\":\"tr\",\"@id\":\"https:\\\/\\\/kibrisdakik.com\\\/?p=56173#primaryimage\",\"url\":\"https:\\\/\\\/kibrisdakik.com\\\/wp-content\\\/uploads\\\/2024\\\/06\\\/berova-ozdemir.jpg\",\"contentUrl\":\"https:\\\/\\\/kibrisdakik.com\\\/wp-content\\\/uploads\\\/2024\\\/06\\\/berova-ozdemir.jpg\",\"width\":600,\"height\":276},{\"@type\":\"BreadcrumbList\",\"@id\":\"https:\\\/\\\/kibrisdakik.com\\\/?p=56173#breadcrumb\",\"itemListElement\":[{\"@type\":\"ListItem\",\"position\":1,\"name\":\"Home\",\"item\":\"https:\\\/\\\/kibrisdakik.com\\\/\"},{\"@type\":\"ListItem\",\"position\":2,\"name\":\"Maliye Bakan\u0131 Berova, trafik kazas\u0131nda \u015fehit olan asker i\u00e7in taziye mesaj\u0131 yay\u0131mlad\u0131\"}]},{\"@type\":\"WebSite\",\"@id\":\"https:\\\/\\\/kibrisdakik.com\\\/#website\",\"url\":\"https:\\\/\\\/kibrisdakik.com\\\/\",\"name\":\"\",\"description\":\"Tam vaktinde haber\",\"potentialAction\":[{\"@type\":\"SearchAction\",\"target\":{\"@type\":\"EntryPoint\",\"urlTemplate\":\"https:\\\/\\\/kibrisdakik.com\\\/?s={search_term_string}\"},\"query-input\":{\"@type\":\"PropertyValueSpecification\",\"valueRequired\":true,\"valueName\":\"search_term_string\"}}],\"inLanguage\":\"tr\"},{\"@type\":\"Person\",\"@id\":\"https:\\\/\\\/kibrisdakik.com\\\/#\\\/schema\\\/person\\\/9cd9d437bbb44f72b73ba127e06d8e79\",\"name\":\"admin\",\"image\":{\"@type\":\"ImageObject\",\"inLanguage\":\"tr\",\"@id\":\"https:\\\/\\\/secure.gravatar.com\\\/avatar\\\/ccc17943b9d660506c869530f897617f7cb1c21a4bf30023f252596d83e1f007?s=96&d=mm&r=g\",\"url\":\"https:\\\/\\\/secure.gravatar.com\\\/avatar\\\/ccc17943b9d660506c869530f897617f7cb1c21a4bf30023f252596d83e1f007?s=96&d=mm&r=g\",\"contentUrl\":\"https:\\\/\\\/secure.gravatar.com\\\/avatar\\\/ccc17943b9d660506c869530f897617f7cb1c21a4bf30023f252596d83e1f007?s=96&d=mm&r=g\",\"caption\":\"admin\"},\"sameAs\":[\"https:\\\/\\\/kibrisdakik.com\"],\"url\":\"https:\\\/\\\/kibrisdakik.com\\\/?author=1\"}]}<\/script>\n<!-- \/ Yoast SEO plugin. -->","yoast_head_json":{"title":"Maliye Bakan\u0131 Berova, trafik kazas\u0131nda \u015fehit olan asker i\u00e7in taziye mesaj\u0131 yay\u0131mlad\u0131 -","robots":{"index":"index","follow":"follow","max-snippet":"max-snippet:-1","max-image-preview":"max-image-preview:large","max-video-preview":"max-video-preview:-1"},"canonical":"https:\/\/kibrisdakik.com\/?p=56173","og_locale":"tr_TR","og_type":"article","og_title":"Maliye Bakan\u0131 Berova, trafik kazas\u0131nda \u015fehit olan asker i\u00e7in taziye mesaj\u0131 yay\u0131mlad\u0131 -","og_description":"Maliye Bakan\u0131 \u00d6zdemir Berova, bu sabah Ak\u00e7ay-G\u00fczelyurt ana yolunda meydana gelen trafik kazas\u0131nda \u015fehit olan asker i\u00e7in taziye mesaj\u0131 yay\u0131nlad\u0131. Berova mesaj\u0131nda \u015fu ifadeleri kulland\u0131: \u201cBu sabah G\u00fczelyurt-Ak\u00e7ay Anayol\u2019unda ya\u015fanan ve askeri ara\u00e7 s\u00fcr\u00fcc\u00fcs\u00fc ile ara\u00e7ta yolcu olarak bulunan toplam 12 ki\u015finin yaraland\u0131\u011f\u0131 kazada, yaral\u0131 bir askerimiz \u015fehit olmu\u015ftur. \u015eehit olan kahraman askerimize Allah\u2019tan rahmet;","og_url":"https:\/\/kibrisdakik.com\/?p=56173","article_published_time":"2024-08-22T12:50:01+00:00","og_image":[{"width":600,"height":276,"url":"https:\/\/kibrisdakik.com\/wp-content\/uploads\/2024\/06\/berova-ozdemir.jpg","type":"image\/jpeg"}],"author":"admin","twitter_card":"summary_large_image","twitter_misc":{"Yazan:":"admin"},"schema":{"@context":"https:\/\/schema.org","@graph":[{"@type":"Article","@id":"https:\/\/kibrisdakik.com\/?p=56173#article","isPartOf":{"@id":"https:\/\/kibrisdakik.com\/?p=56173"},"author":{"name":"admin","@id":"https:\/\/kibrisdakik.com\/#\/schema\/person\/9cd9d437bbb44f72b73ba127e06d8e79"},"headline":"Maliye Bakan\u0131 Berova, trafik kazas\u0131nda \u015fehit olan asker i\u00e7in taziye mesaj\u0131 yay\u0131mlad\u0131","datePublished":"2024-08-22T12:50:01+00:00","mainEntityOfPage":{"@id":"https:\/\/kibrisdakik.com\/?p=56173"},"wordCount":109,"commentCount":0,"image":{"@id":"https:\/\/kibrisdakik.com\/?p=56173#primaryimage"},"thumbnailUrl":"https:\/\/kibrisdakik.com\/wp-content\/uploads\/2024\/06\/berova-ozdemir.jpg","articleSection":["K\u0131br\u0131s"],"inLanguage":"tr","potentialAction":[{"@type":"CommentAction","name":"Comment","target":["https:\/\/kibrisdakik.com\/?p=56173#respond"]}]},{"@type":"WebPage","@id":"https:\/\/kibrisdakik.com\/?p=56173","url":"https:\/\/kibrisdakik.com\/?p=56173","name":"Maliye Bakan\u0131 Berova, trafik kazas\u0131nda \u015fehit olan asker i\u00e7in taziye mesaj\u0131 yay\u0131mlad\u0131 -","isPartOf":{"@id":"https:\/\/kibrisdakik.com\/#website"},"primaryImageOfPage":{"@id":"https:\/\/kibrisdakik.com\/?p=56173#primaryimage"},"image":{"@id":"https:\/\/kibrisdakik.com\/?p=56173#primaryimage"},"thumbnailUrl":"https:\/\/kibrisdakik.com\/wp-content\/uploads\/2024\/06\/berova-ozdemir.jpg","datePublished":"2024-08-22T12:50:01+00:00","author":{"@id":"https:\/\/kibrisdakik.com\/#\/schema\/person\/9cd9d437bbb44f72b73ba127e06d8e79"},"breadcrumb":{"@id":"https:\/\/kibrisdakik.com\/?p=56173#breadcrumb"},"inLanguage":"tr","potentialAction":[{"@type":"ReadAction","target":["https:\/\/kibrisdakik.com\/?p=56173"]}]},{"@type":"ImageObject","inLanguage":"tr","@id":"https:\/\/kibrisdakik.com\/?p=56173#primaryimage","url":"https:\/\/kibrisdakik.com\/wp-content\/uploads\/2024\/06\/berova-ozdemir.jpg","contentUrl":"https:\/\/kibrisdakik.com\/wp-content\/uploads\/2024\/06\/berova-ozdemir.jpg","width":600,"height":276},{"@type":"BreadcrumbList","@id":"https:\/\/kibrisdakik.com\/?p=56173#breadcrumb","itemListElement":[{"@type":"ListItem","position":1,"name":"Home","item":"https:\/\/kibrisdakik.com\/"},{"@type":"ListItem","position":2,"name":"Maliye Bakan\u0131 Berova, trafik kazas\u0131nda \u015fehit olan asker i\u00e7in taziye mesaj\u0131 yay\u0131mlad\u0131"}]},{"@type":"WebSite","@id":"https:\/\/kibrisdakik.com\/#website","url":"https:\/\/kibrisdakik.com\/","name":"","description":"Tam vaktinde haber","potentialAction":[{"@type":"SearchAction","target":{"@type":"EntryPoint","urlTemplate":"https:\/\/kibrisdakik.com\/?s={search_term_string}"},"query-input":{"@type":"PropertyValueSpecification","valueRequired":true,"valueName":"search_term_string"}}],"inLanguage":"tr"},{"@type":"Person","@id":"https:\/\/kibrisdakik.com\/#\/schema\/person\/9cd9d437bbb44f72b73ba127e06d8e79","name":"admin","image":{"@type":"ImageObject","inLanguage":"tr","@id":"https:\/\/secure.gravatar.com\/avatar\/ccc17943b9d660506c869530f897617f7cb1c21a4bf30023f252596d83e1f007?s=96&d=mm&r=g","url":"https:\/\/secure.gravatar.com\/avatar\/ccc17943b9d660506c869530f897617f7cb1c21a4bf30023f252596d83e1f007?s=96&d=mm&r=g","contentUrl":"https:\/\/secure.gravatar.com\/avatar\/ccc17943b9d660506c869530f897617f7cb1c21a4bf30023f252596d83e1f007?s=96&d=mm&r=g","caption":"admin"},"sameAs":["https:\/\/kibrisdakik.com"],"url":"https:\/\/kibrisdakik.com\/?author=1"}]}},"_links":{"self":[{"href":"https:\/\/kibrisdakik.com\/index.php?rest_route=\/wp\/v2\/posts\/56173","targetHints":{"allow":["GET"]}}],"collection":[{"href":"https:\/\/kibrisdakik.com\/index.php?rest_route=\/wp\/v2\/posts"}],"about":[{"href":"https:\/\/kibrisdakik.com\/index.php?rest_route=\/wp\/v2\/types\/post"}],"author":[{"embeddable":true,"href":"https:\/\/kibrisdakik.com\/index.php?rest_route=\/wp\/v2\/users\/1"}],"replies":[{"embeddable":true,"href":"https:\/\/kibrisdakik.com\/index.php?rest_route=%2Fwp%2Fv2%2Fcomments&post=56173"}],"version-history":[{"count":0,"href":"https:\/\/kibrisdakik.com\/index.php?rest_route=\/wp\/v2\/posts\/56173\/revisions"}],"wp:featuredmedia":[{"embeddable":true,"href":"https:\/\/kibrisdakik.com\/index.php?rest_route=\/wp\/v2\/media\/46234"}],"wp:attachment":[{"href":"https:\/\/kibrisdakik.com\/index.php?rest_route=%2Fwp%2Fv2%2Fmedia&parent=56173"}],"wp:term":[{"taxonomy":"category","embeddable":true,"href":"https:\/\/kibrisdakik.com\/index.php?rest_route=%2Fwp%2Fv2%2Fcategories&post=56173"},{"taxonomy":"post_tag","embeddable":true,"href":"https:\/\/kibrisdakik.com\/index.php?rest_route=%2Fwp%2Fv2%2Ftags&post=56173"}],"curies":[{"name":"wp","href":"https:\/\/api.w.org\/{rel}","templated":true}]}}