{"id":56196,"date":"2024-08-22T16:13:10","date_gmt":"2024-08-22T13:13:10","guid":{"rendered":"https:\/\/kibrisdakik.com\/index.php\/2024\/08\/22\/fenerbahce-ali-kocun-ozel-ve-bahceliyi-ziyaret-etmesinin-ardindan-ortaya-atilan-iddialari-yalanladi\/"},"modified":"2024-08-22T16:13:10","modified_gmt":"2024-08-22T13:13:10","slug":"fenerbahce-ali-kocun-ozel-ve-bahceliyi-ziyaret-etmesinin-ardindan-ortaya-atilan-iddialari-yalanladi","status":"publish","type":"post","link":"https:\/\/kibrisdakik.com\/?p=56196","title":{"rendered":"Fenerbah\u00e7e, Ali Ko\u00e7&#8217;un \u00d6zel ve Bah\u00e7eli&#8217;yi ziyaret etmesinin ard\u0131ndan ortaya at\u0131lan iddialar\u0131 yalanlad\u0131"},"content":{"rendered":"<p><\/p>\n<div id=\"\">\n<p> <a class=\"keyword\" href=\"https:\/\/www.haberler.com\/fenerbahce\/\" title=\"Fenerbah\u00e7e Haberleri, Fenerbah\u00e7e Haberi, Fenerbah\u00e7e Haber\"><strong>Fenerbah\u00e7e<\/strong><\/a>, ba\u015fkan Ali Ko\u00e7&#8217;un ge\u00e7ti\u011fimiz g\u00fcnlerde CHP Genel Ba\u015fkan\u0131 \u00d6zg\u00fcr \u00d6zel ve MHP lideri  <a class=\"keyword\" href=\"https:\/\/www.haberler.com\/devlet-bahceli\/\" title=\"Devlet Bah\u00e7eli Haberleri, Devlet Bah\u00e7eli Haberi, Devlet Bah\u00e7eli Haber\"><strong>Devlet Bah\u00e7eli<\/strong><\/a>&#8216;yi Ankara&#8217;da ziyaret etmesinin ard\u0131ndan \u00e7e\u015fitli  <a class=\"keyword\" href=\"https:\/\/www.haberler.com\/\" title=\"Haber, Haberler\"><strong>haber<\/strong><\/a> kanallar\u0131 ve sosyal medya hesaplar\u0131ndan ortaya at\u0131lan siyasi iddialar\u0131 yalanlad\u0131.<\/p>\n<h3>&#8220;FENERBAH\u00c7E HER ZAMAN S\u0130YASET\u0130N DI\u015eINDAN KALMI\u015eTIR&#8221;<\/h3>\n<p>Sar\u0131 lacivertli kul\u00fcpten yap\u0131lan a\u00e7\u0131klamada, &#8220;Nezaket ziyaretlerinin yegane amac\u0131 yeni Y\u00f6netim Kurulumuzun \u00f6nemli sosyal payda\u015flar\u0131m\u0131z olan siyasi parti liderlerine takdim edilmesidir. Fenerbah\u00e7emiz, siyasetin her zaman d\u0131\u015f\u0131nda kalm\u0131\u015f, t\u00fcm partilere e\u015fit mesafede durmaya b\u00fcy\u00fck bir \u00f6zen g\u00f6stermi\u015ftir. Kamuoyundan ricam\u0131z bahsi ge\u00e7en mesnetsiz ve ger\u00e7ek d\u0131\u015f\u0131 iddialar\u0131n dikkate al\u0131nmamas\u0131d\u0131r.&#8221; denildi.<\/p>\n<p><img loading=\"lazy\" decoding=\"async\" class=\"hbptMainImage lazyload ImgDetay\" src=\"https:\/\/foto.haberler.com\/haber\/2024\/08\/22\/fenerbahce-ali-koc-un-ozel-ve-bahceli-yi-ziyaret-17745648_3298_m.jpg\" alt=\"Fenerbah\u00e7e, Ali Ko\u00e7'un \u00d6zel ve Bah\u00e7eli'yi ziyaret etmesinin ard\u0131ndan ortaya at\u0131lan iddialar\u0131 yalanlad\u0131\" width=\"640\" height=\"426\"\/><\/p>\n<h3>SARI-LAC\u0130VERTL\u0130LERDEN YAPILAN A\u00c7IKLAMANIN TAMAMI<\/h3>\n<p><strong>\u0130\u015fte  <a class=\"keyword\" href=\"https:\/\/www.haberler.com\/fenerbahce\/\" title=\"Fenerbah\u00e7e Haberleri, Fenerbah\u00e7e Haberi, Fenerbah\u00e7e Haber\"><strong>Fenerbah\u00e7e<\/strong><\/a>&#8216;den yap\u0131lan a\u00e7\u0131klama:<\/strong> <\/p>\n<p>&#8220;Ba\u015fkan\u0131m\u0131z Ali Y. Ko\u00e7 ve Y\u00f6netim Kurulumuzun, 19 A\u011fustos Pazartesi g\u00fcn\u00fc Ankara&#8217;da ger\u00e7ekle\u015ftirdikleri ziyaretler ile ilgili g\u00fcndeme getirilen hayal mahsul\u00fc ve k\u00f6t\u00fc niyetli iddialar \u00fczerine a\u00e7\u0131klama yapma zorunlulu\u011fu do\u011fmu\u015ftur.<\/p>\n<p>Bu nezaket ziyaretlerinin yegane amac\u0131 yeni Y\u00f6netim Kurulumuzun \u00f6nemli sosyal payda\u015flar\u0131m\u0131z olan siyasi parti liderlerine takdim edilmesidir.<\/p>\n<p>Ortaya at\u0131ld\u0131\u011f\u0131 \u015fekilde veya ba\u015fka t\u00fcrl\u00fc hi\u00e7bir siyasi g\u00fcndemi ve amac\u0131 bulunmamaktad\u0131r.<\/p>\n<p>D\u00fcnyan\u0131n en b\u00fcy\u00fck  <a class=\"keyword\" href=\"https:\/\/www.haberler.com\/spor\/\" title=\"Spor, Spor Haberleri, Spor Haber\"><strong>spor<\/strong><\/a> kul\u00fcb\u00fc olan Fenerbah\u00e7emiz, siyasetin her zaman d\u0131\u015f\u0131nda kalm\u0131\u015f, t\u00fcm partilere e\u015fit mesafede durmaya b\u00fcy\u00fck bir \u00f6zen g\u00f6stermi\u015ftir.<\/p>\n<p>Kul\u00fcp olarak ilkemiz T\u00fcrk sporuna hizmet etmek ve \u00fclkemizi uluslararas\u0131 arenada en iyi \u015fekilde temsil etmektir.  <a class=\"keyword\" href=\"https:\/\/www.haberler.com\/fenerbahce\/\" title=\"Fenerbah\u00e7e Haberleri, Fenerbah\u00e7e Haberi, Fenerbah\u00e7e Haber\"><strong>Fenerbah\u00e7e<\/strong><\/a>&#8216;nin ad\u0131n\u0131 siyasi de\u011ferlendirmelere dahil etmek b\u00fcy\u00fck bir hadsizliktir.<\/p>\n<p>Kamuoyundan ricam\u0131z bahsi ge\u00e7en mesnetsiz ve ger\u00e7ek d\u0131\u015f\u0131 iddialar\u0131n dikkate al\u0131nmamas\u0131d\u0131r.<\/p>\n<p> <a class=\"keyword\" href=\"https:\/\/www.haberler.com\/fenerbahce\/\" title=\"Fenerbah\u00e7e Haberleri, Fenerbah\u00e7e Haberi, Fenerbah\u00e7e Haber\"><strong>Fenerbah\u00e7e<\/strong><\/a>  <a class=\"keyword\" href=\"https:\/\/www.haberler.com\/spor\/\" title=\"Spor, Spor Haberleri, Spor Haber\"><strong>Spor<\/strong><\/a> Kul\u00fcb\u00fc&#8221;<\/p>\n<h3>\u00d6NCE \u00d6ZEL&#8217;\u0130 Z\u0130YARET ETT\u0130<\/h3>\n<p> <a class=\"keyword\" href=\"https:\/\/www.haberler.com\/fenerbahce\/\" title=\"Fenerbah\u00e7e Haberleri, Fenerbah\u00e7e Haberi, Fenerbah\u00e7e Haber\"><strong>Fenerbah\u00e7e<\/strong><\/a> Spor Kul\u00fcb\u00fc Ba\u015fkan\u0131 Ali Ko\u00e7, Trendyol S\u00fcper Lig&#8217;in 2. haftas\u0131nda oynanan G\u00f6ztepe-  <a class=\"keyword\" href=\"https:\/\/www.haberler.com\/fenerbahce\/\" title=\"Fenerbah\u00e7e Haberleri, Fenerbah\u00e7e Haberi, Fenerbah\u00e7e Haber\"><strong>Fenerbah\u00e7e<\/strong><\/a> ma\u00e7\u0131nda sald\u0131r\u0131ya u\u011frad\u0131ktan sonra solu\u011fu Ankara&#8217;da alm\u0131\u015ft\u0131. \u0130lk \u00f6nce CHP Genel Merkezi&#8217;ne gelen Ko\u00e7, CHP lideri \u00d6zg\u00fcr \u00d6zel ile g\u00f6r\u00fc\u015fm\u00fc\u015ft\u00fc. Ko\u00e7&#8217;a, Fenerbah\u00e7e Y\u00f6netim Kurulu \u00fcyeleri de e\u015flik etmi\u015fti. CHP bas\u0131n biriminden yap\u0131lan a\u00e7\u0131klamaya g\u00f6re, \u00d6zel&#8217;e g\u00f6r\u00fc\u015fme s\u0131ras\u0131nda CHP Genel Sekreteri Selin Sayek B\u00f6ke ile Genel Ba\u015fkan Yard\u0131mc\u0131lar\u0131 Deniz Y\u00fccel, Sevgi K\u0131l\u0131\u00e7 ve G\u00fcl\u015fah Deniz Atalar e\u015flik etti. Ko\u00e7, \u00d6zel&#8217;e Fenerbah\u00e7e formas\u0131 hediye etti.<\/p>\n<p><img loading=\"lazy\" decoding=\"async\" class=\"hbptMainImage lazyload ImgDetay\" src=\"https:\/\/foto.haberler.com\/haber\/2024\/08\/22\/fenerbahce-ali-koc-un-ozel-ve-bahceli-yi-ziyaret-17745648_9328_m.jpg\" alt=\"Fenerbah\u00e7e, Ali Ko\u00e7'un \u00d6zel ve Bah\u00e7eli'yi ziyaret etmesinin ard\u0131ndan ortaya at\u0131lan iddialar\u0131 yalanlad\u0131\" width=\"640\" height=\"426\"\/><\/p>\n<h3>SONRASINDA BAH\u00c7EL\u0130&#8217;YE G\u0130TT\u0130<\/h3>\n<p>Fenerbah\u00e7e Kul\u00fcb\u00fc Ba\u015fkan\u0131 Ali Ko\u00e7, daha sonra Milliyet\u00e7i Hareket Partisi Genel Ba\u015fkan\u0131 Devlet Bah\u00e7eli ile g\u00f6r\u00fc\u015fmek \u00fczere MHP Genel Merkezi&#8217;ne gelmi\u015fti. Ko\u00e7&#8217;u MHP Genel Ba\u015fkan Ba\u015fdan\u0131\u015fman\u0131 Eyyup Y\u0131ld\u0131z kar\u015f\u0131lam\u0131\u015ft\u0131. \u00d6te yandan bas\u0131na kapal\u0131 ger\u00e7ekle\u015fen ve yakla\u015f\u0131k bir saat s\u00fcren g\u00f6r\u00fc\u015fmenin ard\u0131ndan kameralara ilgin\u00e7 bir g\u00f6r\u00fcnt\u00fc yans\u0131m\u0131\u015ft\u0131. MHP lideri Bah\u00e7eli&#8217;nin kendisini ziyaret eden Ali Ko\u00e7&#8217;u &#8220;Gerek yok, yorulmay\u0131n&#8221; demesine ra\u011fmen arac\u0131na kadar u\u011furlamas\u0131 ziyarete damga vurmu\u015ftu.<\/p>\n<p><img loading=\"lazy\" decoding=\"async\" class=\"hbptMainImage lazyload ImgDetay\" src=\"https:\/\/foto.haberler.com\/haber\/2024\/08\/22\/fenerbahce-ali-koc-un-ozel-ve-bahceli-yi-ziyaret-17745648_8577_m.jpg\" alt=\"Fenerbah\u00e7e, Ali Ko\u00e7'un \u00d6zel ve Bah\u00e7eli'yi ziyaret etmesinin ard\u0131ndan ortaya at\u0131lan iddialar\u0131 yalanlad\u0131\" width=\"640\" height=\"457\"\/><\/p>\n<h3>NE OLMU\u015eTU?<\/h3>\n<p>MHP Genel Ba\u015fkan\u0131 Devlet Bah\u00e7eli&#8217;nin &#8220;Pilini ben \u00e7\u0131kartt\u0131m, 17-25&#8217;e sabitledim, hesab\u0131n\u0131n sorulmas\u0131 vaadimizden asla geri ad\u0131m atmay\u0131z&#8221; dedi\u011fi ve &#8220;hesap sorma saati&#8221; olarak nitelendirdi\u011fi saat, Fenerbah\u00e7e Ba\u015fkan\u0131 Ali Ko\u00e7&#8217;un ziyaretinde payla\u015f\u0131lan foto\u011frafta g\u00f6r\u00fclm\u00fc\u015ft\u00fc. S\u00f6z konusu saatin foto\u011fraf karesinde g\u00f6r\u00fclmesi, Bah\u00e7eli&#8217;den AKP&#8217;ye mesaj olarak de\u011ferlendirilmi\u015fti. \u0130ddialara sert tepki g\u00f6steren MHP Lideri, &#8220;Cumhur \u0130ttifak\u0131, T\u00fcrk tarihinin varolu\u015f refleksi, T\u00fcrk milletinin varl\u0131k ve birlik remzidir. 17-25 Aral\u0131k emniyet ve yarg\u0131 darbe s\u00fcreci, 15 Temmuz FET\u00d6 ihanetinin kulu\u00e7ka evresidir. 15 Temmuz i\u015fgal te\u015febb\u00fcs\u00fcn\u00fcn \u00e7at\u0131s\u0131 17-25 Aral\u0131k s\u00fcreciyle \u00f6r\u00fclm\u00fc\u015ft\u00fcr&#8221; demi\u015fti.<\/p>\n<figure class=\"type:primaryimage hbhOrder\" style=\"margin-bottom: 20px;\"><img loading=\"lazy\" decoding=\"async\" width=\"1202\" height=\"675\" class=\"hbptMainImage\" id=\"HaberImage\" src=\"https:\/\/foto.haberler.com\/haber\/2024\/08\/22\/fenerbahce-ali-koc-un-ozel-ve-bahceli-yi-ziyaret-17745648_689_amp.jpg\"\/><\/figure>\n<div class=\"editorSade\">Kaynak: Haberler.com \/  <a href=\"https:\/\/www.haberler.com\/spor\/\" title=\"Spor Haberleri\">Spor<\/a> <\/div>\n<h4 id=\"nwsKeywords\"> <a href=\"https:\/\/www.haberler.com\/milliyetci-hareket-partisi\/\" title=\"Milliyet\u00e7i Hareket Partisi\" class=\"hbptTag\">Milliyet\u00e7i Hareket Partisi<\/a>  <a href=\"https:\/\/www.haberler.com\/cumhuriyet-halk-partisi\/\" title=\"Cumhuriyet Halk Partisi\" class=\"hbptTag\">Cumhuriyet Halk Partisi<\/a>  <a href=\"https:\/\/www.haberler.com\/devlet-bahceli\/\" title=\"Devlet Bah\u00e7eli\" class=\"hbptTag\">Devlet Bah\u00e7eli<\/a>  <a href=\"https:\/\/www.haberler.com\/devlet-bahceli\/\" title=\"Devlet Bah\u00e7eli\" class=\"hbptTag\">Devlet Bah\u00e7eli<\/a>  <a href=\"https:\/\/www.haberler.com\/ozgur-ozel\/\" title=\"\u00d6zg\u00fcr \u00d6zel\" class=\"hbptTag\">\u00d6zg\u00fcr \u00d6zel<\/a>  <a href=\"https:\/\/www.haberler.com\/fenerbahce\/\" title=\"Fenerbah\u00e7e\" class=\"hbptTag\">Fenerbah\u00e7e<\/a>  <a href=\"https:\/\/www.haberler.com\/fenerbahce\/\" title=\"Fenerbah\u00e7e\" class=\"hbptTag\">Fenerbah\u00e7e<\/a>  <a href=\"https:\/\/www.haberler.com\/ozgur-ozel\/\" title=\"\u00d6zg\u00fcr \u00d6zel\" class=\"hbptTag\">\u00d6zg\u00fcr \u00d6zel<\/a>  <a href=\"https:\/\/www.haberler.com\/ali-koc\/\" title=\"Ali Ko\u00e7\" class=\"hbptTag\">Ali Ko\u00e7<\/a>  <a href=\"https:\/\/www.haberler.com\/ali-koc\/\" title=\"Ali Ko\u00e7\" class=\"hbptTag\">Ali Ko\u00e7<\/a>  <a href=\"https:\/\/www.haberler.com\/3-sayfa\/\" title=\"3-sayfa\" class=\"hbptTag\">3-sayfa<\/a>  <a href=\"https:\/\/www.haberler.com\/futbol\/\" title=\"Futbol\" class=\"hbptTag\">Futbol<\/a>  <a href=\"https:\/\/www.haberler.com\/spor\/\" title=\"Spor\" class=\"hbptTag\">Spor<\/a>  <a href=\"https:\/\/www.haberler.com\/mhp\/\" title=\"MHP\" class=\"hbptTag\">MHP<\/a>  <a href=\"https:\/\/www.haberler.com\/mhp\/\" title=\"MHP\" class=\"hbptTag\">MHP<\/a>  <a href=\"https:\/\/www.haberler.com\/futbol\/\" title=\"Futbol\" class=\"hbptTag\">Futbol<\/a>  <a href=\"https:\/\/www.haberler.com\/3-sayfa\/\" title=\"3.Sayfa\" class=\"hbptTag\">3.Sayfa<\/a>  <a href=\"https:\/\/www.haberler.com\/politika\/\" title=\"Politika\" class=\"hbptTag\">Politika<\/a>  <a href=\"https:\/\/www.haberler.com\/spor\/\" title=\"Spor\" class=\"hbptTag\">Spor<\/a>  <a href=\"https:\/\/www.haberler.com\/\" title=\"Haberler\" class=\"hbptTag\">Haberler<\/a> <\/h4>\n<\/div>\n","protected":false},"excerpt":{"rendered":"<p>Fenerbah\u00e7e, ba\u015fkan Ali Ko\u00e7&#8217;un ge\u00e7ti\u011fimiz g\u00fcnlerde CHP Genel Ba\u015fkan\u0131 \u00d6zg\u00fcr \u00d6zel ve MHP lideri Devlet Bah\u00e7eli&#8216;yi Ankara&#8217;da ziyaret etmesinin ard\u0131ndan \u00e7e\u015fitli haber kanallar\u0131 ve sosyal medya hesaplar\u0131ndan ortaya at\u0131lan siyasi iddialar\u0131 yalanlad\u0131. &#8220;FENERBAH\u00c7E HER ZAMAN S\u0130YASET\u0130N DI\u015eINDAN KALMI\u015eTIR&#8221; Sar\u0131 lacivertli kul\u00fcpten yap\u0131lan a\u00e7\u0131klamada, &#8220;Nezaket ziyaretlerinin yegane amac\u0131 yeni Y\u00f6netim Kurulumuzun \u00f6nemli sosyal payda\u015flar\u0131m\u0131z olan siyasi<\/p>\n","protected":false},"author":1,"featured_media":56197,"comment_status":"open","ping_status":"open","sticky":false,"template":"","format":"standard","meta":{"footnotes":""},"categories":[83],"tags":[],"class_list":["post-56196","post","type-post","status-publish","format-standard","has-post-thumbnail","hentry","category-magazin"],"yoast_head":"<!-- This site is optimized with the Yoast SEO plugin v27.4 - https:\/\/yoast.com\/product\/yoast-seo-wordpress\/ -->\n<title>Fenerbah\u00e7e, Ali Ko\u00e7&#039;un \u00d6zel ve Bah\u00e7eli&#039;yi ziyaret etmesinin ard\u0131ndan ortaya at\u0131lan iddialar\u0131 yalanlad\u0131 -<\/title>\n<meta name=\"robots\" content=\"index, follow, max-snippet:-1, max-image-preview:large, max-video-preview:-1\" \/>\n<link rel=\"canonical\" href=\"https:\/\/kibrisdakik.com\/?p=56196\" \/>\n<meta property=\"og:locale\" content=\"tr_TR\" \/>\n<meta property=\"og:type\" content=\"article\" \/>\n<meta property=\"og:title\" content=\"Fenerbah\u00e7e, Ali Ko\u00e7&#039;un \u00d6zel ve Bah\u00e7eli&#039;yi ziyaret etmesinin ard\u0131ndan ortaya at\u0131lan iddialar\u0131 yalanlad\u0131 -\" \/>\n<meta property=\"og:description\" content=\"Fenerbah\u00e7e, ba\u015fkan Ali Ko\u00e7&#8217;un ge\u00e7ti\u011fimiz g\u00fcnlerde CHP Genel Ba\u015fkan\u0131 \u00d6zg\u00fcr \u00d6zel ve MHP lideri Devlet Bah\u00e7eli&#8216;yi Ankara&#8217;da ziyaret etmesinin ard\u0131ndan \u00e7e\u015fitli haber kanallar\u0131 ve sosyal medya hesaplar\u0131ndan ortaya at\u0131lan siyasi iddialar\u0131 yalanlad\u0131. &#8220;FENERBAH\u00c7E HER ZAMAN S\u0130YASET\u0130N DI\u015eINDAN KALMI\u015eTIR&#8221; Sar\u0131 lacivertli kul\u00fcpten yap\u0131lan a\u00e7\u0131klamada, &#8220;Nezaket ziyaretlerinin yegane amac\u0131 yeni Y\u00f6netim Kurulumuzun \u00f6nemli sosyal payda\u015flar\u0131m\u0131z olan siyasi\" \/>\n<meta property=\"og:url\" content=\"https:\/\/kibrisdakik.com\/?p=56196\" \/>\n<meta property=\"article:published_time\" content=\"2024-08-22T13:13:10+00:00\" \/>\n<meta property=\"og:image\" content=\"https:\/\/kibrisdakik.com\/wp-content\/uploads\/2024\/08\/fenerbahce-ali-koc-un-ozel-ve-bahceli-yi-ziyaret-17745648_3298_m-640x420.jpg\" \/>\n\t<meta property=\"og:image:width\" content=\"640\" \/>\n\t<meta property=\"og:image:height\" content=\"425\" \/>\n\t<meta property=\"og:image:type\" content=\"image\/jpeg\" \/>\n<meta name=\"author\" content=\"admin\" \/>\n<meta name=\"twitter:card\" content=\"summary_large_image\" \/>\n<meta name=\"twitter:label1\" content=\"Yazan:\" \/>\n\t<meta name=\"twitter:data1\" content=\"admin\" \/>\n\t<meta name=\"twitter:label2\" content=\"Tahmini okuma s\u00fcresi\" \/>\n\t<meta name=\"twitter:data2\" content=\"4 dakika\" \/>\n<script type=\"application\/ld+json\" class=\"yoast-schema-graph\">{\"@context\":\"https:\\\/\\\/schema.org\",\"@graph\":[{\"@type\":\"Article\",\"@id\":\"https:\\\/\\\/kibrisdakik.com\\\/?p=56196#article\",\"isPartOf\":{\"@id\":\"https:\\\/\\\/kibrisdakik.com\\\/?p=56196\"},\"author\":{\"name\":\"admin\",\"@id\":\"https:\\\/\\\/kibrisdakik.com\\\/#\\\/schema\\\/person\\\/9cd9d437bbb44f72b73ba127e06d8e79\"},\"headline\":\"Fenerbah\u00e7e, Ali Ko\u00e7&#8217;un \u00d6zel ve Bah\u00e7eli&#8217;yi ziyaret etmesinin ard\u0131ndan ortaya at\u0131lan iddialar\u0131 yalanlad\u0131\",\"datePublished\":\"2024-08-22T13:13:10+00:00\",\"mainEntityOfPage\":{\"@id\":\"https:\\\/\\\/kibrisdakik.com\\\/?p=56196\"},\"wordCount\":731,\"commentCount\":0,\"image\":{\"@id\":\"https:\\\/\\\/kibrisdakik.com\\\/?p=56196#primaryimage\"},\"thumbnailUrl\":\"https:\\\/\\\/kibrisdakik.com\\\/wp-content\\\/uploads\\\/2024\\\/08\\\/fenerbahce-ali-koc-un-ozel-ve-bahceli-yi-ziyaret-17745648_3298_m-640x420.jpg\",\"articleSection\":[\"Magazin\"],\"inLanguage\":\"tr\",\"potentialAction\":[{\"@type\":\"CommentAction\",\"name\":\"Comment\",\"target\":[\"https:\\\/\\\/kibrisdakik.com\\\/?p=56196#respond\"]}]},{\"@type\":\"WebPage\",\"@id\":\"https:\\\/\\\/kibrisdakik.com\\\/?p=56196\",\"url\":\"https:\\\/\\\/kibrisdakik.com\\\/?p=56196\",\"name\":\"Fenerbah\u00e7e, Ali Ko\u00e7'un \u00d6zel ve Bah\u00e7eli'yi ziyaret etmesinin ard\u0131ndan ortaya at\u0131lan iddialar\u0131 yalanlad\u0131 -\",\"isPartOf\":{\"@id\":\"https:\\\/\\\/kibrisdakik.com\\\/#website\"},\"primaryImageOfPage\":{\"@id\":\"https:\\\/\\\/kibrisdakik.com\\\/?p=56196#primaryimage\"},\"image\":{\"@id\":\"https:\\\/\\\/kibrisdakik.com\\\/?p=56196#primaryimage\"},\"thumbnailUrl\":\"https:\\\/\\\/kibrisdakik.com\\\/wp-content\\\/uploads\\\/2024\\\/08\\\/fenerbahce-ali-koc-un-ozel-ve-bahceli-yi-ziyaret-17745648_3298_m-640x420.jpg\",\"datePublished\":\"2024-08-22T13:13:10+00:00\",\"author\":{\"@id\":\"https:\\\/\\\/kibrisdakik.com\\\/#\\\/schema\\\/person\\\/9cd9d437bbb44f72b73ba127e06d8e79\"},\"breadcrumb\":{\"@id\":\"https:\\\/\\\/kibrisdakik.com\\\/?p=56196#breadcrumb\"},\"inLanguage\":\"tr\",\"potentialAction\":[{\"@type\":\"ReadAction\",\"target\":[\"https:\\\/\\\/kibrisdakik.com\\\/?p=56196\"]}]},{\"@type\":\"ImageObject\",\"inLanguage\":\"tr\",\"@id\":\"https:\\\/\\\/kibrisdakik.com\\\/?p=56196#primaryimage\",\"url\":\"https:\\\/\\\/kibrisdakik.com\\\/wp-content\\\/uploads\\\/2024\\\/08\\\/fenerbahce-ali-koc-un-ozel-ve-bahceli-yi-ziyaret-17745648_3298_m-640x420.jpg\",\"contentUrl\":\"https:\\\/\\\/kibrisdakik.com\\\/wp-content\\\/uploads\\\/2024\\\/08\\\/fenerbahce-ali-koc-un-ozel-ve-bahceli-yi-ziyaret-17745648_3298_m-640x420.jpg\",\"width\":640,\"height\":425},{\"@type\":\"BreadcrumbList\",\"@id\":\"https:\\\/\\\/kibrisdakik.com\\\/?p=56196#breadcrumb\",\"itemListElement\":[{\"@type\":\"ListItem\",\"position\":1,\"name\":\"Home\",\"item\":\"https:\\\/\\\/kibrisdakik.com\\\/\"},{\"@type\":\"ListItem\",\"position\":2,\"name\":\"Fenerbah\u00e7e, Ali Ko\u00e7&#8217;un \u00d6zel ve Bah\u00e7eli&#8217;yi ziyaret etmesinin ard\u0131ndan ortaya at\u0131lan iddialar\u0131 yalanlad\u0131\"}]},{\"@type\":\"WebSite\",\"@id\":\"https:\\\/\\\/kibrisdakik.com\\\/#website\",\"url\":\"https:\\\/\\\/kibrisdakik.com\\\/\",\"name\":\"\",\"description\":\"Tam vaktinde haber\",\"potentialAction\":[{\"@type\":\"SearchAction\",\"target\":{\"@type\":\"EntryPoint\",\"urlTemplate\":\"https:\\\/\\\/kibrisdakik.com\\\/?s={search_term_string}\"},\"query-input\":{\"@type\":\"PropertyValueSpecification\",\"valueRequired\":true,\"valueName\":\"search_term_string\"}}],\"inLanguage\":\"tr\"},{\"@type\":\"Person\",\"@id\":\"https:\\\/\\\/kibrisdakik.com\\\/#\\\/schema\\\/person\\\/9cd9d437bbb44f72b73ba127e06d8e79\",\"name\":\"admin\",\"image\":{\"@type\":\"ImageObject\",\"inLanguage\":\"tr\",\"@id\":\"https:\\\/\\\/secure.gravatar.com\\\/avatar\\\/ccc17943b9d660506c869530f897617f7cb1c21a4bf30023f252596d83e1f007?s=96&d=mm&r=g\",\"url\":\"https:\\\/\\\/secure.gravatar.com\\\/avatar\\\/ccc17943b9d660506c869530f897617f7cb1c21a4bf30023f252596d83e1f007?s=96&d=mm&r=g\",\"contentUrl\":\"https:\\\/\\\/secure.gravatar.com\\\/avatar\\\/ccc17943b9d660506c869530f897617f7cb1c21a4bf30023f252596d83e1f007?s=96&d=mm&r=g\",\"caption\":\"admin\"},\"sameAs\":[\"https:\\\/\\\/kibrisdakik.com\"],\"url\":\"https:\\\/\\\/kibrisdakik.com\\\/?author=1\"}]}<\/script>\n<!-- \/ Yoast SEO plugin. -->","yoast_head_json":{"title":"Fenerbah\u00e7e, Ali Ko\u00e7'un \u00d6zel ve Bah\u00e7eli'yi ziyaret etmesinin ard\u0131ndan ortaya at\u0131lan iddialar\u0131 yalanlad\u0131 -","robots":{"index":"index","follow":"follow","max-snippet":"max-snippet:-1","max-image-preview":"max-image-preview:large","max-video-preview":"max-video-preview:-1"},"canonical":"https:\/\/kibrisdakik.com\/?p=56196","og_locale":"tr_TR","og_type":"article","og_title":"Fenerbah\u00e7e, Ali Ko\u00e7'un \u00d6zel ve Bah\u00e7eli'yi ziyaret etmesinin ard\u0131ndan ortaya at\u0131lan iddialar\u0131 yalanlad\u0131 -","og_description":"Fenerbah\u00e7e, ba\u015fkan Ali Ko\u00e7&#8217;un ge\u00e7ti\u011fimiz g\u00fcnlerde CHP Genel Ba\u015fkan\u0131 \u00d6zg\u00fcr \u00d6zel ve MHP lideri Devlet Bah\u00e7eli&#8216;yi Ankara&#8217;da ziyaret etmesinin ard\u0131ndan \u00e7e\u015fitli haber kanallar\u0131 ve sosyal medya hesaplar\u0131ndan ortaya at\u0131lan siyasi iddialar\u0131 yalanlad\u0131. &#8220;FENERBAH\u00c7E HER ZAMAN S\u0130YASET\u0130N DI\u015eINDAN KALMI\u015eTIR&#8221; Sar\u0131 lacivertli kul\u00fcpten yap\u0131lan a\u00e7\u0131klamada, &#8220;Nezaket ziyaretlerinin yegane amac\u0131 yeni Y\u00f6netim Kurulumuzun \u00f6nemli sosyal payda\u015flar\u0131m\u0131z olan siyasi","og_url":"https:\/\/kibrisdakik.com\/?p=56196","article_published_time":"2024-08-22T13:13:10+00:00","og_image":[{"width":640,"height":425,"url":"https:\/\/kibrisdakik.com\/wp-content\/uploads\/2024\/08\/fenerbahce-ali-koc-un-ozel-ve-bahceli-yi-ziyaret-17745648_3298_m-640x420.jpg","type":"image\/jpeg"}],"author":"admin","twitter_card":"summary_large_image","twitter_misc":{"Yazan:":"admin","Tahmini okuma s\u00fcresi":"4 dakika"},"schema":{"@context":"https:\/\/schema.org","@graph":[{"@type":"Article","@id":"https:\/\/kibrisdakik.com\/?p=56196#article","isPartOf":{"@id":"https:\/\/kibrisdakik.com\/?p=56196"},"author":{"name":"admin","@id":"https:\/\/kibrisdakik.com\/#\/schema\/person\/9cd9d437bbb44f72b73ba127e06d8e79"},"headline":"Fenerbah\u00e7e, Ali Ko\u00e7&#8217;un \u00d6zel ve Bah\u00e7eli&#8217;yi ziyaret etmesinin ard\u0131ndan ortaya at\u0131lan iddialar\u0131 yalanlad\u0131","datePublished":"2024-08-22T13:13:10+00:00","mainEntityOfPage":{"@id":"https:\/\/kibrisdakik.com\/?p=56196"},"wordCount":731,"commentCount":0,"image":{"@id":"https:\/\/kibrisdakik.com\/?p=56196#primaryimage"},"thumbnailUrl":"https:\/\/kibrisdakik.com\/wp-content\/uploads\/2024\/08\/fenerbahce-ali-koc-un-ozel-ve-bahceli-yi-ziyaret-17745648_3298_m-640x420.jpg","articleSection":["Magazin"],"inLanguage":"tr","potentialAction":[{"@type":"CommentAction","name":"Comment","target":["https:\/\/kibrisdakik.com\/?p=56196#respond"]}]},{"@type":"WebPage","@id":"https:\/\/kibrisdakik.com\/?p=56196","url":"https:\/\/kibrisdakik.com\/?p=56196","name":"Fenerbah\u00e7e, Ali Ko\u00e7'un \u00d6zel ve Bah\u00e7eli'yi ziyaret etmesinin ard\u0131ndan ortaya at\u0131lan iddialar\u0131 yalanlad\u0131 -","isPartOf":{"@id":"https:\/\/kibrisdakik.com\/#website"},"primaryImageOfPage":{"@id":"https:\/\/kibrisdakik.com\/?p=56196#primaryimage"},"image":{"@id":"https:\/\/kibrisdakik.com\/?p=56196#primaryimage"},"thumbnailUrl":"https:\/\/kibrisdakik.com\/wp-content\/uploads\/2024\/08\/fenerbahce-ali-koc-un-ozel-ve-bahceli-yi-ziyaret-17745648_3298_m-640x420.jpg","datePublished":"2024-08-22T13:13:10+00:00","author":{"@id":"https:\/\/kibrisdakik.com\/#\/schema\/person\/9cd9d437bbb44f72b73ba127e06d8e79"},"breadcrumb":{"@id":"https:\/\/kibrisdakik.com\/?p=56196#breadcrumb"},"inLanguage":"tr","potentialAction":[{"@type":"ReadAction","target":["https:\/\/kibrisdakik.com\/?p=56196"]}]},{"@type":"ImageObject","inLanguage":"tr","@id":"https:\/\/kibrisdakik.com\/?p=56196#primaryimage","url":"https:\/\/kibrisdakik.com\/wp-content\/uploads\/2024\/08\/fenerbahce-ali-koc-un-ozel-ve-bahceli-yi-ziyaret-17745648_3298_m-640x420.jpg","contentUrl":"https:\/\/kibrisdakik.com\/wp-content\/uploads\/2024\/08\/fenerbahce-ali-koc-un-ozel-ve-bahceli-yi-ziyaret-17745648_3298_m-640x420.jpg","width":640,"height":425},{"@type":"BreadcrumbList","@id":"https:\/\/kibrisdakik.com\/?p=56196#breadcrumb","itemListElement":[{"@type":"ListItem","position":1,"name":"Home","item":"https:\/\/kibrisdakik.com\/"},{"@type":"ListItem","position":2,"name":"Fenerbah\u00e7e, Ali Ko\u00e7&#8217;un \u00d6zel ve Bah\u00e7eli&#8217;yi ziyaret etmesinin ard\u0131ndan ortaya at\u0131lan iddialar\u0131 yalanlad\u0131"}]},{"@type":"WebSite","@id":"https:\/\/kibrisdakik.com\/#website","url":"https:\/\/kibrisdakik.com\/","name":"","description":"Tam vaktinde haber","potentialAction":[{"@type":"SearchAction","target":{"@type":"EntryPoint","urlTemplate":"https:\/\/kibrisdakik.com\/?s={search_term_string}"},"query-input":{"@type":"PropertyValueSpecification","valueRequired":true,"valueName":"search_term_string"}}],"inLanguage":"tr"},{"@type":"Person","@id":"https:\/\/kibrisdakik.com\/#\/schema\/person\/9cd9d437bbb44f72b73ba127e06d8e79","name":"admin","image":{"@type":"ImageObject","inLanguage":"tr","@id":"https:\/\/secure.gravatar.com\/avatar\/ccc17943b9d660506c869530f897617f7cb1c21a4bf30023f252596d83e1f007?s=96&d=mm&r=g","url":"https:\/\/secure.gravatar.com\/avatar\/ccc17943b9d660506c869530f897617f7cb1c21a4bf30023f252596d83e1f007?s=96&d=mm&r=g","contentUrl":"https:\/\/secure.gravatar.com\/avatar\/ccc17943b9d660506c869530f897617f7cb1c21a4bf30023f252596d83e1f007?s=96&d=mm&r=g","caption":"admin"},"sameAs":["https:\/\/kibrisdakik.com"],"url":"https:\/\/kibrisdakik.com\/?author=1"}]}},"_links":{"self":[{"href":"https:\/\/kibrisdakik.com\/index.php?rest_route=\/wp\/v2\/posts\/56196","targetHints":{"allow":["GET"]}}],"collection":[{"href":"https:\/\/kibrisdakik.com\/index.php?rest_route=\/wp\/v2\/posts"}],"about":[{"href":"https:\/\/kibrisdakik.com\/index.php?rest_route=\/wp\/v2\/types\/post"}],"author":[{"embeddable":true,"href":"https:\/\/kibrisdakik.com\/index.php?rest_route=\/wp\/v2\/users\/1"}],"replies":[{"embeddable":true,"href":"https:\/\/kibrisdakik.com\/index.php?rest_route=%2Fwp%2Fv2%2Fcomments&post=56196"}],"version-history":[{"count":0,"href":"https:\/\/kibrisdakik.com\/index.php?rest_route=\/wp\/v2\/posts\/56196\/revisions"}],"wp:featuredmedia":[{"embeddable":true,"href":"https:\/\/kibrisdakik.com\/index.php?rest_route=\/wp\/v2\/media\/56197"}],"wp:attachment":[{"href":"https:\/\/kibrisdakik.com\/index.php?rest_route=%2Fwp%2Fv2%2Fmedia&parent=56196"}],"wp:term":[{"taxonomy":"category","embeddable":true,"href":"https:\/\/kibrisdakik.com\/index.php?rest_route=%2Fwp%2Fv2%2Fcategories&post=56196"},{"taxonomy":"post_tag","embeddable":true,"href":"https:\/\/kibrisdakik.com\/index.php?rest_route=%2Fwp%2Fv2%2Ftags&post=56196"}],"curies":[{"name":"wp","href":"https:\/\/api.w.org\/{rel}","templated":true}]}}