{"id":56220,"date":"2024-08-22T17:42:48","date_gmt":"2024-08-22T14:42:48","guid":{"rendered":"https:\/\/kibrisdakik.com\/index.php\/2024\/08\/22\/orduda-kontrolsuz-patlatilan-dinamit-ilcenin-sehre-baglanan-yolunu-kapatti\/"},"modified":"2024-08-22T17:42:48","modified_gmt":"2024-08-22T14:42:48","slug":"orduda-kontrolsuz-patlatilan-dinamit-ilcenin-sehre-baglanan-yolunu-kapatti","status":"publish","type":"post","link":"https:\/\/kibrisdakik.com\/?p=56220","title":{"rendered":"Ordu&#8217;da kontrols\u00fcz patlat\u0131lan dinamit, il\u00e7enin \u015fehre ba\u011flanan yolunu kapatt\u0131"},"content":{"rendered":"<p><\/p>\n<div id=\"\">\n<p> <a class=\"keyword\" href=\"https:\/\/www.haberler.com\/ordu\/\" title=\"Ordu Haberleri, Ordu Haberi, Ordu Haber\"><strong>Ordu<\/strong><\/a>&#8216;nun \u00dcnye il\u00e7esini il merkezine ba\u011flayan yol, kontrols\u00fcz patlat\u0131lan dinamitlerin yol a\u00e7t\u0131\u011f\u0131 heyelan sebebiyle trafi\u011fe kapand\u0131.<\/p>\n<p>Edinilen bilgilere g\u00f6re, Ordu-\u00dcnye yolu kontrols\u00fcz patlat\u0131lan dinamitler sebebiyle trafi\u011fe kapand\u0131. Sosyal medyada bir vatanda\u015f\u0131n payla\u015ft\u0131\u011f\u0131 g\u00f6r\u00fcnt\u00fclere g\u00f6re, yol kenar\u0131ndaki toprak y\u0131\u011f\u0131nlar\u0131n\u0131n heyelan sonucu yolu kapatt\u0131\u011f\u0131 g\u00f6r\u00fcl\u00fcyor. Yolda kalan vatanda\u015flar, yolun kontrols\u00fcz dinamitler sebebiyle ula\u015f\u0131ma kapand\u0131\u011f\u0131n\u0131 belirtti.<\/p>\n<p>Sabah saatlerinden bu yana kapal\u0131 olan yolda \u00e7ok say\u0131da arac\u0131n bekledi\u011fi; baz\u0131 vatanda\u015flar\u0131n otob\u00fcslerine ve u\u00e7aklar\u0131na yeti\u015femedi\u011fi belirtiliyor. Yolun ne zaman ula\u015f\u0131ma a\u00e7\u0131laca\u011f\u0131 konusunda a\u00e7\u0131klama yap\u0131lmazken, i\u015f makinelerinin toprak y\u0131\u011f\u0131nlar\u0131n\u0131 kald\u0131rmaya \u00e7al\u0131\u015ft\u0131\u011f\u0131 kaydediliyor.<\/p>\n<p>Muhabir: \u0130zzet Ayd\u0131n<\/p>\n<figure class=\"type:primaryimage hbhOrder\" style=\"margin-bottom: 20px;\"><img loading=\"lazy\" decoding=\"async\" width=\"1202\" height=\"675\" class=\"hbptMainImage\" id=\"HaberImage\" src=\"https:\/\/foto.haberler.com\/resize\/601x337\/haber\/2024\/08\/22\/ordu-da-kontrolsuz-patlatilan-dinamit-ilcenin-17746019_4540_amp.jpg\"\/><\/figure>\n<h4 id=\"nwsKeywords\"> <a href=\"https:\/\/www.haberler.com\/ordu-merkez\/\" title=\"Ordu Merkez\" class=\"hbptTag\">Ordu Merkez<\/a>  <a href=\"https:\/\/www.haberler.com\/unye\/\" title=\"\u00dcnye\" class=\"hbptTag\">\u00dcnye<\/a>  <a href=\"https:\/\/www.haberler.com\/ordu\/\" title=\"Ordu\" class=\"hbptTag\">Ordu<\/a>  <a href=\"https:\/\/www.haberler.com\/unye\/\" title=\"\u00dcnye\" class=\"hbptTag\">\u00dcnye<\/a>  <a href=\"https:\/\/www.haberler.com\/ordu\/\" title=\"Ordu\" class=\"hbptTag\">Ordu<\/a>  <a href=\"https:\/\/www.haberler.com\/yerel-haberler\/\" title=\"Yerel Haberler\" class=\"hbptTag\">Yerel Haberler<\/a>  <a href=\"https:\/\/www.haberler.com\/gundem\/\" title=\"G\u00fcndem\" class=\"hbptTag\">G\u00fcndem<\/a>  <a href=\"https:\/\/www.haberler.com\/3-sayfa\/\" title=\"3.Sayfa\" class=\"hbptTag\">3.Sayfa<\/a>  <a href=\"https:\/\/www.haberler.com\/yasam\/\" title=\"Ya\u015fam\" class=\"hbptTag\">Ya\u015fam<\/a>  <a href=\"https:\/\/www.haberler.com\/\" title=\"Haberler\" class=\"hbptTag\">Haberler<\/a> <\/h4>\n<\/div>\n","protected":false},"excerpt":{"rendered":"<p>Ordu&#8216;nun \u00dcnye il\u00e7esini il merkezine ba\u011flayan yol, kontrols\u00fcz patlat\u0131lan dinamitlerin yol a\u00e7t\u0131\u011f\u0131 heyelan sebebiyle trafi\u011fe kapand\u0131. Edinilen bilgilere g\u00f6re, Ordu-\u00dcnye yolu kontrols\u00fcz patlat\u0131lan dinamitler sebebiyle trafi\u011fe kapand\u0131. Sosyal medyada bir vatanda\u015f\u0131n payla\u015ft\u0131\u011f\u0131 g\u00f6r\u00fcnt\u00fclere g\u00f6re, yol kenar\u0131ndaki toprak y\u0131\u011f\u0131nlar\u0131n\u0131n heyelan sonucu yolu kapatt\u0131\u011f\u0131 g\u00f6r\u00fcl\u00fcyor. Yolda kalan vatanda\u015flar, yolun kontrols\u00fcz dinamitler sebebiyle ula\u015f\u0131ma kapand\u0131\u011f\u0131n\u0131 belirtti. Sabah saatlerinden<\/p>\n","protected":false},"author":1,"featured_media":56221,"comment_status":"open","ping_status":"open","sticky":false,"template":"","format":"standard","meta":{"footnotes":""},"categories":[83],"tags":[],"class_list":["post-56220","post","type-post","status-publish","format-standard","has-post-thumbnail","hentry","category-magazin"],"yoast_head":"<!-- This site is optimized with the Yoast SEO plugin v27.4 - https:\/\/yoast.com\/product\/yoast-seo-wordpress\/ -->\n<title>Ordu&#039;da kontrols\u00fcz patlat\u0131lan dinamit, il\u00e7enin \u015fehre ba\u011flanan yolunu kapatt\u0131 -<\/title>\n<meta name=\"robots\" content=\"index, follow, max-snippet:-1, max-image-preview:large, max-video-preview:-1\" \/>\n<link rel=\"canonical\" href=\"https:\/\/kibrisdakik.com\/?p=56220\" \/>\n<meta property=\"og:locale\" content=\"tr_TR\" \/>\n<meta property=\"og:type\" content=\"article\" \/>\n<meta property=\"og:title\" content=\"Ordu&#039;da kontrols\u00fcz patlat\u0131lan dinamit, il\u00e7enin \u015fehre ba\u011flanan yolunu kapatt\u0131 -\" \/>\n<meta property=\"og:description\" content=\"Ordu&#8216;nun \u00dcnye il\u00e7esini il merkezine ba\u011flayan yol, kontrols\u00fcz patlat\u0131lan dinamitlerin yol a\u00e7t\u0131\u011f\u0131 heyelan sebebiyle trafi\u011fe kapand\u0131. Edinilen bilgilere g\u00f6re, Ordu-\u00dcnye yolu kontrols\u00fcz patlat\u0131lan dinamitler sebebiyle trafi\u011fe kapand\u0131. Sosyal medyada bir vatanda\u015f\u0131n payla\u015ft\u0131\u011f\u0131 g\u00f6r\u00fcnt\u00fclere g\u00f6re, yol kenar\u0131ndaki toprak y\u0131\u011f\u0131nlar\u0131n\u0131n heyelan sonucu yolu kapatt\u0131\u011f\u0131 g\u00f6r\u00fcl\u00fcyor. Yolda kalan vatanda\u015flar, yolun kontrols\u00fcz dinamitler sebebiyle ula\u015f\u0131ma kapand\u0131\u011f\u0131n\u0131 belirtti. Sabah saatlerinden\" \/>\n<meta property=\"og:url\" content=\"https:\/\/kibrisdakik.com\/?p=56220\" \/>\n<meta property=\"article:published_time\" content=\"2024-08-22T14:42:48+00:00\" \/>\n<meta property=\"og:image\" content=\"https:\/\/kibrisdakik.com\/wp-content\/uploads\/2024\/08\/ordu-da-kontrolsuz-patlatilan-dinamit-ilcenin-17746019_4540_amp.jpg\" \/>\n\t<meta property=\"og:image:width\" content=\"601\" \/>\n\t<meta property=\"og:image:height\" content=\"337\" \/>\n\t<meta property=\"og:image:type\" content=\"image\/jpeg\" \/>\n<meta name=\"author\" content=\"admin\" \/>\n<meta name=\"twitter:card\" content=\"summary_large_image\" \/>\n<meta name=\"twitter:label1\" content=\"Yazan:\" \/>\n\t<meta name=\"twitter:data1\" content=\"admin\" \/>\n\t<meta name=\"twitter:label2\" content=\"Tahmini okuma s\u00fcresi\" \/>\n\t<meta name=\"twitter:data2\" content=\"1 dakika\" \/>\n<script type=\"application\/ld+json\" class=\"yoast-schema-graph\">{\"@context\":\"https:\\\/\\\/schema.org\",\"@graph\":[{\"@type\":\"Article\",\"@id\":\"https:\\\/\\\/kibrisdakik.com\\\/?p=56220#article\",\"isPartOf\":{\"@id\":\"https:\\\/\\\/kibrisdakik.com\\\/?p=56220\"},\"author\":{\"name\":\"admin\",\"@id\":\"https:\\\/\\\/kibrisdakik.com\\\/#\\\/schema\\\/person\\\/9cd9d437bbb44f72b73ba127e06d8e79\"},\"headline\":\"Ordu&#8217;da kontrols\u00fcz patlat\u0131lan dinamit, il\u00e7enin \u015fehre ba\u011flanan yolunu kapatt\u0131\",\"datePublished\":\"2024-08-22T14:42:48+00:00\",\"mainEntityOfPage\":{\"@id\":\"https:\\\/\\\/kibrisdakik.com\\\/?p=56220\"},\"wordCount\":164,\"commentCount\":0,\"image\":{\"@id\":\"https:\\\/\\\/kibrisdakik.com\\\/?p=56220#primaryimage\"},\"thumbnailUrl\":\"https:\\\/\\\/kibrisdakik.com\\\/wp-content\\\/uploads\\\/2024\\\/08\\\/ordu-da-kontrolsuz-patlatilan-dinamit-ilcenin-17746019_4540_amp.jpg\",\"articleSection\":[\"Magazin\"],\"inLanguage\":\"tr\",\"potentialAction\":[{\"@type\":\"CommentAction\",\"name\":\"Comment\",\"target\":[\"https:\\\/\\\/kibrisdakik.com\\\/?p=56220#respond\"]}]},{\"@type\":\"WebPage\",\"@id\":\"https:\\\/\\\/kibrisdakik.com\\\/?p=56220\",\"url\":\"https:\\\/\\\/kibrisdakik.com\\\/?p=56220\",\"name\":\"Ordu'da kontrols\u00fcz patlat\u0131lan dinamit, il\u00e7enin \u015fehre ba\u011flanan yolunu kapatt\u0131 -\",\"isPartOf\":{\"@id\":\"https:\\\/\\\/kibrisdakik.com\\\/#website\"},\"primaryImageOfPage\":{\"@id\":\"https:\\\/\\\/kibrisdakik.com\\\/?p=56220#primaryimage\"},\"image\":{\"@id\":\"https:\\\/\\\/kibrisdakik.com\\\/?p=56220#primaryimage\"},\"thumbnailUrl\":\"https:\\\/\\\/kibrisdakik.com\\\/wp-content\\\/uploads\\\/2024\\\/08\\\/ordu-da-kontrolsuz-patlatilan-dinamit-ilcenin-17746019_4540_amp.jpg\",\"datePublished\":\"2024-08-22T14:42:48+00:00\",\"author\":{\"@id\":\"https:\\\/\\\/kibrisdakik.com\\\/#\\\/schema\\\/person\\\/9cd9d437bbb44f72b73ba127e06d8e79\"},\"breadcrumb\":{\"@id\":\"https:\\\/\\\/kibrisdakik.com\\\/?p=56220#breadcrumb\"},\"inLanguage\":\"tr\",\"potentialAction\":[{\"@type\":\"ReadAction\",\"target\":[\"https:\\\/\\\/kibrisdakik.com\\\/?p=56220\"]}]},{\"@type\":\"ImageObject\",\"inLanguage\":\"tr\",\"@id\":\"https:\\\/\\\/kibrisdakik.com\\\/?p=56220#primaryimage\",\"url\":\"https:\\\/\\\/kibrisdakik.com\\\/wp-content\\\/uploads\\\/2024\\\/08\\\/ordu-da-kontrolsuz-patlatilan-dinamit-ilcenin-17746019_4540_amp.jpg\",\"contentUrl\":\"https:\\\/\\\/kibrisdakik.com\\\/wp-content\\\/uploads\\\/2024\\\/08\\\/ordu-da-kontrolsuz-patlatilan-dinamit-ilcenin-17746019_4540_amp.jpg\",\"width\":601,\"height\":337},{\"@type\":\"BreadcrumbList\",\"@id\":\"https:\\\/\\\/kibrisdakik.com\\\/?p=56220#breadcrumb\",\"itemListElement\":[{\"@type\":\"ListItem\",\"position\":1,\"name\":\"Home\",\"item\":\"https:\\\/\\\/kibrisdakik.com\\\/\"},{\"@type\":\"ListItem\",\"position\":2,\"name\":\"Ordu&#8217;da kontrols\u00fcz patlat\u0131lan dinamit, il\u00e7enin \u015fehre ba\u011flanan yolunu kapatt\u0131\"}]},{\"@type\":\"WebSite\",\"@id\":\"https:\\\/\\\/kibrisdakik.com\\\/#website\",\"url\":\"https:\\\/\\\/kibrisdakik.com\\\/\",\"name\":\"\",\"description\":\"Tam vaktinde haber\",\"potentialAction\":[{\"@type\":\"SearchAction\",\"target\":{\"@type\":\"EntryPoint\",\"urlTemplate\":\"https:\\\/\\\/kibrisdakik.com\\\/?s={search_term_string}\"},\"query-input\":{\"@type\":\"PropertyValueSpecification\",\"valueRequired\":true,\"valueName\":\"search_term_string\"}}],\"inLanguage\":\"tr\"},{\"@type\":\"Person\",\"@id\":\"https:\\\/\\\/kibrisdakik.com\\\/#\\\/schema\\\/person\\\/9cd9d437bbb44f72b73ba127e06d8e79\",\"name\":\"admin\",\"image\":{\"@type\":\"ImageObject\",\"inLanguage\":\"tr\",\"@id\":\"https:\\\/\\\/secure.gravatar.com\\\/avatar\\\/ccc17943b9d660506c869530f897617f7cb1c21a4bf30023f252596d83e1f007?s=96&d=mm&r=g\",\"url\":\"https:\\\/\\\/secure.gravatar.com\\\/avatar\\\/ccc17943b9d660506c869530f897617f7cb1c21a4bf30023f252596d83e1f007?s=96&d=mm&r=g\",\"contentUrl\":\"https:\\\/\\\/secure.gravatar.com\\\/avatar\\\/ccc17943b9d660506c869530f897617f7cb1c21a4bf30023f252596d83e1f007?s=96&d=mm&r=g\",\"caption\":\"admin\"},\"sameAs\":[\"https:\\\/\\\/kibrisdakik.com\"],\"url\":\"https:\\\/\\\/kibrisdakik.com\\\/?author=1\"}]}<\/script>\n<!-- \/ Yoast SEO plugin. -->","yoast_head_json":{"title":"Ordu'da kontrols\u00fcz patlat\u0131lan dinamit, il\u00e7enin \u015fehre ba\u011flanan yolunu kapatt\u0131 -","robots":{"index":"index","follow":"follow","max-snippet":"max-snippet:-1","max-image-preview":"max-image-preview:large","max-video-preview":"max-video-preview:-1"},"canonical":"https:\/\/kibrisdakik.com\/?p=56220","og_locale":"tr_TR","og_type":"article","og_title":"Ordu'da kontrols\u00fcz patlat\u0131lan dinamit, il\u00e7enin \u015fehre ba\u011flanan yolunu kapatt\u0131 -","og_description":"Ordu&#8216;nun \u00dcnye il\u00e7esini il merkezine ba\u011flayan yol, kontrols\u00fcz patlat\u0131lan dinamitlerin yol a\u00e7t\u0131\u011f\u0131 heyelan sebebiyle trafi\u011fe kapand\u0131. Edinilen bilgilere g\u00f6re, Ordu-\u00dcnye yolu kontrols\u00fcz patlat\u0131lan dinamitler sebebiyle trafi\u011fe kapand\u0131. Sosyal medyada bir vatanda\u015f\u0131n payla\u015ft\u0131\u011f\u0131 g\u00f6r\u00fcnt\u00fclere g\u00f6re, yol kenar\u0131ndaki toprak y\u0131\u011f\u0131nlar\u0131n\u0131n heyelan sonucu yolu kapatt\u0131\u011f\u0131 g\u00f6r\u00fcl\u00fcyor. Yolda kalan vatanda\u015flar, yolun kontrols\u00fcz dinamitler sebebiyle ula\u015f\u0131ma kapand\u0131\u011f\u0131n\u0131 belirtti. Sabah saatlerinden","og_url":"https:\/\/kibrisdakik.com\/?p=56220","article_published_time":"2024-08-22T14:42:48+00:00","og_image":[{"width":601,"height":337,"url":"https:\/\/kibrisdakik.com\/wp-content\/uploads\/2024\/08\/ordu-da-kontrolsuz-patlatilan-dinamit-ilcenin-17746019_4540_amp.jpg","type":"image\/jpeg"}],"author":"admin","twitter_card":"summary_large_image","twitter_misc":{"Yazan:":"admin","Tahmini okuma s\u00fcresi":"1 dakika"},"schema":{"@context":"https:\/\/schema.org","@graph":[{"@type":"Article","@id":"https:\/\/kibrisdakik.com\/?p=56220#article","isPartOf":{"@id":"https:\/\/kibrisdakik.com\/?p=56220"},"author":{"name":"admin","@id":"https:\/\/kibrisdakik.com\/#\/schema\/person\/9cd9d437bbb44f72b73ba127e06d8e79"},"headline":"Ordu&#8217;da kontrols\u00fcz patlat\u0131lan dinamit, il\u00e7enin \u015fehre ba\u011flanan yolunu kapatt\u0131","datePublished":"2024-08-22T14:42:48+00:00","mainEntityOfPage":{"@id":"https:\/\/kibrisdakik.com\/?p=56220"},"wordCount":164,"commentCount":0,"image":{"@id":"https:\/\/kibrisdakik.com\/?p=56220#primaryimage"},"thumbnailUrl":"https:\/\/kibrisdakik.com\/wp-content\/uploads\/2024\/08\/ordu-da-kontrolsuz-patlatilan-dinamit-ilcenin-17746019_4540_amp.jpg","articleSection":["Magazin"],"inLanguage":"tr","potentialAction":[{"@type":"CommentAction","name":"Comment","target":["https:\/\/kibrisdakik.com\/?p=56220#respond"]}]},{"@type":"WebPage","@id":"https:\/\/kibrisdakik.com\/?p=56220","url":"https:\/\/kibrisdakik.com\/?p=56220","name":"Ordu'da kontrols\u00fcz patlat\u0131lan dinamit, il\u00e7enin \u015fehre ba\u011flanan yolunu kapatt\u0131 -","isPartOf":{"@id":"https:\/\/kibrisdakik.com\/#website"},"primaryImageOfPage":{"@id":"https:\/\/kibrisdakik.com\/?p=56220#primaryimage"},"image":{"@id":"https:\/\/kibrisdakik.com\/?p=56220#primaryimage"},"thumbnailUrl":"https:\/\/kibrisdakik.com\/wp-content\/uploads\/2024\/08\/ordu-da-kontrolsuz-patlatilan-dinamit-ilcenin-17746019_4540_amp.jpg","datePublished":"2024-08-22T14:42:48+00:00","author":{"@id":"https:\/\/kibrisdakik.com\/#\/schema\/person\/9cd9d437bbb44f72b73ba127e06d8e79"},"breadcrumb":{"@id":"https:\/\/kibrisdakik.com\/?p=56220#breadcrumb"},"inLanguage":"tr","potentialAction":[{"@type":"ReadAction","target":["https:\/\/kibrisdakik.com\/?p=56220"]}]},{"@type":"ImageObject","inLanguage":"tr","@id":"https:\/\/kibrisdakik.com\/?p=56220#primaryimage","url":"https:\/\/kibrisdakik.com\/wp-content\/uploads\/2024\/08\/ordu-da-kontrolsuz-patlatilan-dinamit-ilcenin-17746019_4540_amp.jpg","contentUrl":"https:\/\/kibrisdakik.com\/wp-content\/uploads\/2024\/08\/ordu-da-kontrolsuz-patlatilan-dinamit-ilcenin-17746019_4540_amp.jpg","width":601,"height":337},{"@type":"BreadcrumbList","@id":"https:\/\/kibrisdakik.com\/?p=56220#breadcrumb","itemListElement":[{"@type":"ListItem","position":1,"name":"Home","item":"https:\/\/kibrisdakik.com\/"},{"@type":"ListItem","position":2,"name":"Ordu&#8217;da kontrols\u00fcz patlat\u0131lan dinamit, il\u00e7enin \u015fehre ba\u011flanan yolunu kapatt\u0131"}]},{"@type":"WebSite","@id":"https:\/\/kibrisdakik.com\/#website","url":"https:\/\/kibrisdakik.com\/","name":"","description":"Tam vaktinde haber","potentialAction":[{"@type":"SearchAction","target":{"@type":"EntryPoint","urlTemplate":"https:\/\/kibrisdakik.com\/?s={search_term_string}"},"query-input":{"@type":"PropertyValueSpecification","valueRequired":true,"valueName":"search_term_string"}}],"inLanguage":"tr"},{"@type":"Person","@id":"https:\/\/kibrisdakik.com\/#\/schema\/person\/9cd9d437bbb44f72b73ba127e06d8e79","name":"admin","image":{"@type":"ImageObject","inLanguage":"tr","@id":"https:\/\/secure.gravatar.com\/avatar\/ccc17943b9d660506c869530f897617f7cb1c21a4bf30023f252596d83e1f007?s=96&d=mm&r=g","url":"https:\/\/secure.gravatar.com\/avatar\/ccc17943b9d660506c869530f897617f7cb1c21a4bf30023f252596d83e1f007?s=96&d=mm&r=g","contentUrl":"https:\/\/secure.gravatar.com\/avatar\/ccc17943b9d660506c869530f897617f7cb1c21a4bf30023f252596d83e1f007?s=96&d=mm&r=g","caption":"admin"},"sameAs":["https:\/\/kibrisdakik.com"],"url":"https:\/\/kibrisdakik.com\/?author=1"}]}},"_links":{"self":[{"href":"https:\/\/kibrisdakik.com\/index.php?rest_route=\/wp\/v2\/posts\/56220","targetHints":{"allow":["GET"]}}],"collection":[{"href":"https:\/\/kibrisdakik.com\/index.php?rest_route=\/wp\/v2\/posts"}],"about":[{"href":"https:\/\/kibrisdakik.com\/index.php?rest_route=\/wp\/v2\/types\/post"}],"author":[{"embeddable":true,"href":"https:\/\/kibrisdakik.com\/index.php?rest_route=\/wp\/v2\/users\/1"}],"replies":[{"embeddable":true,"href":"https:\/\/kibrisdakik.com\/index.php?rest_route=%2Fwp%2Fv2%2Fcomments&post=56220"}],"version-history":[{"count":0,"href":"https:\/\/kibrisdakik.com\/index.php?rest_route=\/wp\/v2\/posts\/56220\/revisions"}],"wp:featuredmedia":[{"embeddable":true,"href":"https:\/\/kibrisdakik.com\/index.php?rest_route=\/wp\/v2\/media\/56221"}],"wp:attachment":[{"href":"https:\/\/kibrisdakik.com\/index.php?rest_route=%2Fwp%2Fv2%2Fmedia&parent=56220"}],"wp:term":[{"taxonomy":"category","embeddable":true,"href":"https:\/\/kibrisdakik.com\/index.php?rest_route=%2Fwp%2Fv2%2Fcategories&post=56220"},{"taxonomy":"post_tag","embeddable":true,"href":"https:\/\/kibrisdakik.com\/index.php?rest_route=%2Fwp%2Fv2%2Ftags&post=56220"}],"curies":[{"name":"wp","href":"https:\/\/api.w.org\/{rel}","templated":true}]}}