{"id":56271,"date":"2024-08-22T21:28:07","date_gmt":"2024-08-22T18:28:07","guid":{"rendered":"https:\/\/kibrisdakik.com\/index.php\/2024\/08\/22\/lefkosa-dikmen-ana-yolundaki-kazada-dort-yarali\/"},"modified":"2024-08-22T21:28:07","modified_gmt":"2024-08-22T18:28:07","slug":"lefkosa-dikmen-ana-yolundaki-kazada-dort-yarali","status":"publish","type":"post","link":"https:\/\/kibrisdakik.com\/?p=56271","title":{"rendered":"Lefko\u015fa \u2013 Dikmen ana yolundaki kazada d\u00f6rt yaral\u0131\u2026"},"content":{"rendered":"<p><\/p>\n<div>\n<div class=\"mariselle-image-container center\">\n                <img loading=\"lazy\" decoding=\"async\" width=\"1893\" height=\"755\" class=\"lazy-image\" alt=\"\" sizes=\"auto, (max-width: 1893px) 100vw, 1893px\" src=\"https:\/\/brtk.net\/wp-content\/uploads\/2024\/08\/22\/sslakdsakla.jpg?ver=85f544229e48b9650c15248983df2f9d\" srcset=\"https:\/\/brtk.net\/wp-content\/uploads\/2024\/08\/22\/sslakdsakla.jpg?ver=85f544229e48b9650c15248983df2f9d 1893w, https:\/\/brtk.net\/wp-content\/uploads\/2024\/08\/22\/sslakdsakla-300x120.jpg?ver=85f544229e48b9650c15248983df2f9d 300w, https:\/\/brtk.net\/wp-content\/uploads\/2024\/08\/22\/sslakdsakla-1024x408.jpg?ver=60f4912cdb063840a3636802ac46b2bd 1024w, https:\/\/brtk.net\/wp-content\/uploads\/2024\/08\/22\/sslakdsakla-768x306.jpg?ver=60f4912cdb063840a3636802ac46b2bd 768w, https:\/\/brtk.net\/wp-content\/uploads\/2024\/08\/22\/sslakdsakla-1536x613.jpg?ver=60f4912cdb063840a3636802ac46b2bd 1536w\"\/>                            <\/div>\n<p> Lefko\u015fa \u2013 Dikmen ana yolu Yak\u0131n Do\u011fu Bulvar\u0131 \u00fczerinde bu sabah meydana gelen ve iki arac\u0131n y\u00fcz y\u00fcze \u00e7arp\u0131\u015ft\u0131\u011f\u0131 trafik kazas\u0131nda d\u00f6rt ki\u015fi yaraland\u0131.<\/p>\n<p>Polis Bas\u0131n Subayl\u0131\u011f\u0131\u2019ndan yap\u0131lan a\u00e7\u0131klamaya g\u00f6re, Kemal Mert HAYAT (E-20), y\u00f6netimindeki EZ 457 plakal\u0131 salon ara\u00e7la Lefko\u015fa istikametine do\u011fru seyretti\u011fi s\u0131rada, Yak\u0131n Do\u011fu \u00d6\u011frenci yurtlar\u0131 \u00f6nlerinde  sola meyilli viraja geldi\u011finde dikkatsizli\u011fi sonucu direksiyon hakimiyetini kaybederek yolun sa\u011f\u0131na ge\u00e7mesiyle, o esnada kar\u015f\u0131dan gelmekte olan  Zilfi AF\u015e\u0130N \u00d6LMEZ (K-38) y\u00f6netimindeki YF 829 plakal\u0131 salon ara\u00e7la y\u00fcz y\u00fcze \u00e7arp\u0131\u015ft\u0131.<\/p>\n<p>Kaza sonucu yaralanan her iki ara\u00e7 s\u00fcr\u00fcc\u00fcs\u00fc ile YF 829 plakal\u0131 ara\u00e7ta yolcu olarak bulunan Misli BOSTANCIO\u011eULLARI (K-36) ve Fatma NECAT\u0130 (K-73) Lefko\u015fa Dr Burhan Nalbanto\u011flu Devlet Hastanesine kald\u0131r\u0131ld\u0131. Kazada yaralanan  Zilfi AF\u015e\u0130N \u00d6LMEZ, Misli BOSTANCIO\u011eULLARI ve Kemal Mert HAYAT yap\u0131lan tedavilerinin ard\u0131ndan taburcu olurlarken, Fatma NECAT\u0130\u2019nin  v\u00fccudunun \u00e7e\u015fitli yerlerinde k\u0131r\u0131klar tespit edildi\u011finden, Yak\u0131n Do\u011fu Hastanesine sevk edilerek burada g\u00f6zetim alt\u0131na al\u0131nd\u0131. Kaza sonucu bulundu\u011fu ara\u00e7 i\u00e7erisinde s\u0131k\u0131\u015fan Fatma NECAT\u0130 itfaiye ekiplerinin m\u00fcdahalesi ile ara\u00e7 i\u00e7erisinden \u00e7\u0131kar\u0131larak hastaneye sevki sa\u011fland\u0131.<\/p>\n<p>Kazayla ilgili soru\u015fturma devam ediyor.<\/p>\n<\/p><\/div>\n<p><script async\n                    defer\n                    crossorigin=\"anonymous\"\n                    src=\"https:\/\/connect.facebook.net\/tr_TR\/sdk.js#xfbml=1&#038;version=v3.3\"\n            ><\/script><\/p>\n","protected":false},"excerpt":{"rendered":"<p>Lefko\u015fa \u2013 Dikmen ana yolu Yak\u0131n Do\u011fu Bulvar\u0131 \u00fczerinde bu sabah meydana gelen ve iki arac\u0131n y\u00fcz y\u00fcze \u00e7arp\u0131\u015ft\u0131\u011f\u0131 trafik kazas\u0131nda d\u00f6rt ki\u015fi yaraland\u0131. Polis Bas\u0131n Subayl\u0131\u011f\u0131\u2019ndan yap\u0131lan a\u00e7\u0131klamaya g\u00f6re, Kemal Mert HAYAT (E-20), y\u00f6netimindeki EZ 457 plakal\u0131 salon ara\u00e7la Lefko\u015fa istikametine do\u011fru seyretti\u011fi s\u0131rada, Yak\u0131n Do\u011fu \u00d6\u011frenci yurtlar\u0131 \u00f6nlerinde sola meyilli viraja geldi\u011finde dikkatsizli\u011fi<\/p>\n","protected":false},"author":1,"featured_media":56272,"comment_status":"open","ping_status":"open","sticky":false,"template":"","format":"standard","meta":{"footnotes":""},"categories":[1],"tags":[],"class_list":["post-56271","post","type-post","status-publish","format-standard","has-post-thumbnail","hentry","category-gundem"],"yoast_head":"<!-- This site is optimized with the Yoast SEO plugin v27.5 - https:\/\/yoast.com\/product\/yoast-seo-wordpress\/ -->\n<title>Lefko\u015fa \u2013 Dikmen ana yolundaki kazada d\u00f6rt yaral\u0131\u2026 -<\/title>\n<meta name=\"robots\" content=\"index, follow, max-snippet:-1, max-image-preview:large, max-video-preview:-1\" \/>\n<link rel=\"canonical\" href=\"https:\/\/kibrisdakik.com\/?p=56271\" \/>\n<meta property=\"og:locale\" content=\"tr_TR\" \/>\n<meta property=\"og:type\" content=\"article\" \/>\n<meta property=\"og:title\" content=\"Lefko\u015fa \u2013 Dikmen ana yolundaki kazada d\u00f6rt yaral\u0131\u2026 -\" \/>\n<meta property=\"og:description\" content=\"Lefko\u015fa \u2013 Dikmen ana yolu Yak\u0131n Do\u011fu Bulvar\u0131 \u00fczerinde bu sabah meydana gelen ve iki arac\u0131n y\u00fcz y\u00fcze \u00e7arp\u0131\u015ft\u0131\u011f\u0131 trafik kazas\u0131nda d\u00f6rt ki\u015fi yaraland\u0131. Polis Bas\u0131n Subayl\u0131\u011f\u0131\u2019ndan yap\u0131lan a\u00e7\u0131klamaya g\u00f6re, Kemal Mert HAYAT (E-20), y\u00f6netimindeki EZ 457 plakal\u0131 salon ara\u00e7la Lefko\u015fa istikametine do\u011fru seyretti\u011fi s\u0131rada, Yak\u0131n Do\u011fu \u00d6\u011frenci yurtlar\u0131 \u00f6nlerinde sola meyilli viraja geldi\u011finde dikkatsizli\u011fi\" \/>\n<meta property=\"og:url\" content=\"https:\/\/kibrisdakik.com\/?p=56271\" \/>\n<meta property=\"article:published_time\" content=\"2024-08-22T18:28:07+00:00\" \/>\n<meta property=\"og:image\" content=\"https:\/\/kibrisdakik.com\/wp-content\/uploads\/2024\/08\/sslakdsakla-740x420.jpg\" \/>\n\t<meta property=\"og:image:width\" content=\"1893\" \/>\n\t<meta property=\"og:image:height\" content=\"755\" \/>\n\t<meta property=\"og:image:type\" content=\"image\/jpeg\" \/>\n<meta name=\"author\" content=\"admin\" \/>\n<meta name=\"twitter:card\" content=\"summary_large_image\" \/>\n<meta name=\"twitter:label1\" content=\"Yazan:\" \/>\n\t<meta name=\"twitter:data1\" content=\"admin\" \/>\n\t<meta name=\"twitter:label2\" content=\"Tahmini okuma s\u00fcresi\" \/>\n\t<meta name=\"twitter:data2\" content=\"1 dakika\" \/>\n<script type=\"application\/ld+json\" class=\"yoast-schema-graph\">{\"@context\":\"https:\\\/\\\/schema.org\",\"@graph\":[{\"@type\":\"Article\",\"@id\":\"https:\\\/\\\/kibrisdakik.com\\\/?p=56271#article\",\"isPartOf\":{\"@id\":\"https:\\\/\\\/kibrisdakik.com\\\/?p=56271\"},\"author\":{\"name\":\"admin\",\"@id\":\"https:\\\/\\\/kibrisdakik.com\\\/#\\\/schema\\\/person\\\/9cd9d437bbb44f72b73ba127e06d8e79\"},\"headline\":\"Lefko\u015fa \u2013 Dikmen ana yolundaki kazada d\u00f6rt yaral\u0131\u2026\",\"datePublished\":\"2024-08-22T18:28:07+00:00\",\"mainEntityOfPage\":{\"@id\":\"https:\\\/\\\/kibrisdakik.com\\\/?p=56271\"},\"wordCount\":237,\"commentCount\":0,\"image\":{\"@id\":\"https:\\\/\\\/kibrisdakik.com\\\/?p=56271#primaryimage\"},\"thumbnailUrl\":\"https:\\\/\\\/kibrisdakik.com\\\/wp-content\\\/uploads\\\/2024\\\/08\\\/sslakdsakla-740x420.jpg\",\"articleSection\":[\"G\u00fcndem\"],\"inLanguage\":\"tr\",\"potentialAction\":[{\"@type\":\"CommentAction\",\"name\":\"Comment\",\"target\":[\"https:\\\/\\\/kibrisdakik.com\\\/?p=56271#respond\"]}]},{\"@type\":\"WebPage\",\"@id\":\"https:\\\/\\\/kibrisdakik.com\\\/?p=56271\",\"url\":\"https:\\\/\\\/kibrisdakik.com\\\/?p=56271\",\"name\":\"Lefko\u015fa \u2013 Dikmen ana yolundaki kazada d\u00f6rt yaral\u0131\u2026 -\",\"isPartOf\":{\"@id\":\"https:\\\/\\\/kibrisdakik.com\\\/#website\"},\"primaryImageOfPage\":{\"@id\":\"https:\\\/\\\/kibrisdakik.com\\\/?p=56271#primaryimage\"},\"image\":{\"@id\":\"https:\\\/\\\/kibrisdakik.com\\\/?p=56271#primaryimage\"},\"thumbnailUrl\":\"https:\\\/\\\/kibrisdakik.com\\\/wp-content\\\/uploads\\\/2024\\\/08\\\/sslakdsakla-740x420.jpg\",\"datePublished\":\"2024-08-22T18:28:07+00:00\",\"author\":{\"@id\":\"https:\\\/\\\/kibrisdakik.com\\\/#\\\/schema\\\/person\\\/9cd9d437bbb44f72b73ba127e06d8e79\"},\"breadcrumb\":{\"@id\":\"https:\\\/\\\/kibrisdakik.com\\\/?p=56271#breadcrumb\"},\"inLanguage\":\"tr\",\"potentialAction\":[{\"@type\":\"ReadAction\",\"target\":[\"https:\\\/\\\/kibrisdakik.com\\\/?p=56271\"]}]},{\"@type\":\"ImageObject\",\"inLanguage\":\"tr\",\"@id\":\"https:\\\/\\\/kibrisdakik.com\\\/?p=56271#primaryimage\",\"url\":\"https:\\\/\\\/kibrisdakik.com\\\/wp-content\\\/uploads\\\/2024\\\/08\\\/sslakdsakla-740x420.jpg\",\"contentUrl\":\"https:\\\/\\\/kibrisdakik.com\\\/wp-content\\\/uploads\\\/2024\\\/08\\\/sslakdsakla-740x420.jpg\",\"width\":1893,\"height\":755},{\"@type\":\"BreadcrumbList\",\"@id\":\"https:\\\/\\\/kibrisdakik.com\\\/?p=56271#breadcrumb\",\"itemListElement\":[{\"@type\":\"ListItem\",\"position\":1,\"name\":\"Home\",\"item\":\"https:\\\/\\\/kibrisdakik.com\\\/\"},{\"@type\":\"ListItem\",\"position\":2,\"name\":\"Lefko\u015fa \u2013 Dikmen ana yolundaki kazada d\u00f6rt yaral\u0131\u2026\"}]},{\"@type\":\"WebSite\",\"@id\":\"https:\\\/\\\/kibrisdakik.com\\\/#website\",\"url\":\"https:\\\/\\\/kibrisdakik.com\\\/\",\"name\":\"\",\"description\":\"Tam vaktinde haber\",\"potentialAction\":[{\"@type\":\"SearchAction\",\"target\":{\"@type\":\"EntryPoint\",\"urlTemplate\":\"https:\\\/\\\/kibrisdakik.com\\\/?s={search_term_string}\"},\"query-input\":{\"@type\":\"PropertyValueSpecification\",\"valueRequired\":true,\"valueName\":\"search_term_string\"}}],\"inLanguage\":\"tr\"},{\"@type\":\"Person\",\"@id\":\"https:\\\/\\\/kibrisdakik.com\\\/#\\\/schema\\\/person\\\/9cd9d437bbb44f72b73ba127e06d8e79\",\"name\":\"admin\",\"image\":{\"@type\":\"ImageObject\",\"inLanguage\":\"tr\",\"@id\":\"https:\\\/\\\/secure.gravatar.com\\\/avatar\\\/ccc17943b9d660506c869530f897617f7cb1c21a4bf30023f252596d83e1f007?s=96&d=mm&r=g\",\"url\":\"https:\\\/\\\/secure.gravatar.com\\\/avatar\\\/ccc17943b9d660506c869530f897617f7cb1c21a4bf30023f252596d83e1f007?s=96&d=mm&r=g\",\"contentUrl\":\"https:\\\/\\\/secure.gravatar.com\\\/avatar\\\/ccc17943b9d660506c869530f897617f7cb1c21a4bf30023f252596d83e1f007?s=96&d=mm&r=g\",\"caption\":\"admin\"},\"sameAs\":[\"https:\\\/\\\/kibrisdakik.com\"],\"url\":\"https:\\\/\\\/kibrisdakik.com\\\/?author=1\"}]}<\/script>\n<!-- \/ Yoast SEO plugin. -->","yoast_head_json":{"title":"Lefko\u015fa \u2013 Dikmen ana yolundaki kazada d\u00f6rt yaral\u0131\u2026 -","robots":{"index":"index","follow":"follow","max-snippet":"max-snippet:-1","max-image-preview":"max-image-preview:large","max-video-preview":"max-video-preview:-1"},"canonical":"https:\/\/kibrisdakik.com\/?p=56271","og_locale":"tr_TR","og_type":"article","og_title":"Lefko\u015fa \u2013 Dikmen ana yolundaki kazada d\u00f6rt yaral\u0131\u2026 -","og_description":"Lefko\u015fa \u2013 Dikmen ana yolu Yak\u0131n Do\u011fu Bulvar\u0131 \u00fczerinde bu sabah meydana gelen ve iki arac\u0131n y\u00fcz y\u00fcze \u00e7arp\u0131\u015ft\u0131\u011f\u0131 trafik kazas\u0131nda d\u00f6rt ki\u015fi yaraland\u0131. Polis Bas\u0131n Subayl\u0131\u011f\u0131\u2019ndan yap\u0131lan a\u00e7\u0131klamaya g\u00f6re, Kemal Mert HAYAT (E-20), y\u00f6netimindeki EZ 457 plakal\u0131 salon ara\u00e7la Lefko\u015fa istikametine do\u011fru seyretti\u011fi s\u0131rada, Yak\u0131n Do\u011fu \u00d6\u011frenci yurtlar\u0131 \u00f6nlerinde sola meyilli viraja geldi\u011finde dikkatsizli\u011fi","og_url":"https:\/\/kibrisdakik.com\/?p=56271","article_published_time":"2024-08-22T18:28:07+00:00","og_image":[{"width":1893,"height":755,"url":"https:\/\/kibrisdakik.com\/wp-content\/uploads\/2024\/08\/sslakdsakla-740x420.jpg","type":"image\/jpeg"}],"author":"admin","twitter_card":"summary_large_image","twitter_misc":{"Yazan:":"admin","Tahmini okuma s\u00fcresi":"1 dakika"},"schema":{"@context":"https:\/\/schema.org","@graph":[{"@type":"Article","@id":"https:\/\/kibrisdakik.com\/?p=56271#article","isPartOf":{"@id":"https:\/\/kibrisdakik.com\/?p=56271"},"author":{"name":"admin","@id":"https:\/\/kibrisdakik.com\/#\/schema\/person\/9cd9d437bbb44f72b73ba127e06d8e79"},"headline":"Lefko\u015fa \u2013 Dikmen ana yolundaki kazada d\u00f6rt yaral\u0131\u2026","datePublished":"2024-08-22T18:28:07+00:00","mainEntityOfPage":{"@id":"https:\/\/kibrisdakik.com\/?p=56271"},"wordCount":237,"commentCount":0,"image":{"@id":"https:\/\/kibrisdakik.com\/?p=56271#primaryimage"},"thumbnailUrl":"https:\/\/kibrisdakik.com\/wp-content\/uploads\/2024\/08\/sslakdsakla-740x420.jpg","articleSection":["G\u00fcndem"],"inLanguage":"tr","potentialAction":[{"@type":"CommentAction","name":"Comment","target":["https:\/\/kibrisdakik.com\/?p=56271#respond"]}]},{"@type":"WebPage","@id":"https:\/\/kibrisdakik.com\/?p=56271","url":"https:\/\/kibrisdakik.com\/?p=56271","name":"Lefko\u015fa \u2013 Dikmen ana yolundaki kazada d\u00f6rt yaral\u0131\u2026 -","isPartOf":{"@id":"https:\/\/kibrisdakik.com\/#website"},"primaryImageOfPage":{"@id":"https:\/\/kibrisdakik.com\/?p=56271#primaryimage"},"image":{"@id":"https:\/\/kibrisdakik.com\/?p=56271#primaryimage"},"thumbnailUrl":"https:\/\/kibrisdakik.com\/wp-content\/uploads\/2024\/08\/sslakdsakla-740x420.jpg","datePublished":"2024-08-22T18:28:07+00:00","author":{"@id":"https:\/\/kibrisdakik.com\/#\/schema\/person\/9cd9d437bbb44f72b73ba127e06d8e79"},"breadcrumb":{"@id":"https:\/\/kibrisdakik.com\/?p=56271#breadcrumb"},"inLanguage":"tr","potentialAction":[{"@type":"ReadAction","target":["https:\/\/kibrisdakik.com\/?p=56271"]}]},{"@type":"ImageObject","inLanguage":"tr","@id":"https:\/\/kibrisdakik.com\/?p=56271#primaryimage","url":"https:\/\/kibrisdakik.com\/wp-content\/uploads\/2024\/08\/sslakdsakla-740x420.jpg","contentUrl":"https:\/\/kibrisdakik.com\/wp-content\/uploads\/2024\/08\/sslakdsakla-740x420.jpg","width":1893,"height":755},{"@type":"BreadcrumbList","@id":"https:\/\/kibrisdakik.com\/?p=56271#breadcrumb","itemListElement":[{"@type":"ListItem","position":1,"name":"Home","item":"https:\/\/kibrisdakik.com\/"},{"@type":"ListItem","position":2,"name":"Lefko\u015fa \u2013 Dikmen ana yolundaki kazada d\u00f6rt yaral\u0131\u2026"}]},{"@type":"WebSite","@id":"https:\/\/kibrisdakik.com\/#website","url":"https:\/\/kibrisdakik.com\/","name":"","description":"Tam vaktinde haber","potentialAction":[{"@type":"SearchAction","target":{"@type":"EntryPoint","urlTemplate":"https:\/\/kibrisdakik.com\/?s={search_term_string}"},"query-input":{"@type":"PropertyValueSpecification","valueRequired":true,"valueName":"search_term_string"}}],"inLanguage":"tr"},{"@type":"Person","@id":"https:\/\/kibrisdakik.com\/#\/schema\/person\/9cd9d437bbb44f72b73ba127e06d8e79","name":"admin","image":{"@type":"ImageObject","inLanguage":"tr","@id":"https:\/\/secure.gravatar.com\/avatar\/ccc17943b9d660506c869530f897617f7cb1c21a4bf30023f252596d83e1f007?s=96&d=mm&r=g","url":"https:\/\/secure.gravatar.com\/avatar\/ccc17943b9d660506c869530f897617f7cb1c21a4bf30023f252596d83e1f007?s=96&d=mm&r=g","contentUrl":"https:\/\/secure.gravatar.com\/avatar\/ccc17943b9d660506c869530f897617f7cb1c21a4bf30023f252596d83e1f007?s=96&d=mm&r=g","caption":"admin"},"sameAs":["https:\/\/kibrisdakik.com"],"url":"https:\/\/kibrisdakik.com\/?author=1"}]}},"_links":{"self":[{"href":"https:\/\/kibrisdakik.com\/index.php?rest_route=\/wp\/v2\/posts\/56271","targetHints":{"allow":["GET"]}}],"collection":[{"href":"https:\/\/kibrisdakik.com\/index.php?rest_route=\/wp\/v2\/posts"}],"about":[{"href":"https:\/\/kibrisdakik.com\/index.php?rest_route=\/wp\/v2\/types\/post"}],"author":[{"embeddable":true,"href":"https:\/\/kibrisdakik.com\/index.php?rest_route=\/wp\/v2\/users\/1"}],"replies":[{"embeddable":true,"href":"https:\/\/kibrisdakik.com\/index.php?rest_route=%2Fwp%2Fv2%2Fcomments&post=56271"}],"version-history":[{"count":0,"href":"https:\/\/kibrisdakik.com\/index.php?rest_route=\/wp\/v2\/posts\/56271\/revisions"}],"wp:featuredmedia":[{"embeddable":true,"href":"https:\/\/kibrisdakik.com\/index.php?rest_route=\/wp\/v2\/media\/56272"}],"wp:attachment":[{"href":"https:\/\/kibrisdakik.com\/index.php?rest_route=%2Fwp%2Fv2%2Fmedia&parent=56271"}],"wp:term":[{"taxonomy":"category","embeddable":true,"href":"https:\/\/kibrisdakik.com\/index.php?rest_route=%2Fwp%2Fv2%2Fcategories&post=56271"},{"taxonomy":"post_tag","embeddable":true,"href":"https:\/\/kibrisdakik.com\/index.php?rest_route=%2Fwp%2Fv2%2Ftags&post=56271"}],"curies":[{"name":"wp","href":"https:\/\/api.w.org\/{rel}","templated":true}]}}