{"id":56281,"date":"2024-08-22T23:22:42","date_gmt":"2024-08-22T20:22:42","guid":{"rendered":"https:\/\/kibrisdakik.com\/index.php\/2024\/08\/22\/fenerbahcenin-galatasaray-derbisi-sonrasi-cikan-olaylara-iliskin-sikayetine-takipsizlik-karari\/"},"modified":"2024-08-22T23:22:42","modified_gmt":"2024-08-22T20:22:42","slug":"fenerbahcenin-galatasaray-derbisi-sonrasi-cikan-olaylara-iliskin-sikayetine-takipsizlik-karari","status":"publish","type":"post","link":"https:\/\/kibrisdakik.com\/?p=56281","title":{"rendered":"Fenerbah\u00e7e&#8217;nin, Galatasaray derbisi sonras\u0131 \u00e7\u0131kan olaylara ili\u015fkin \u015fikayetine takipsizlik karar\u0131"},"content":{"rendered":"<p><img decoding=\"async\" src=\"https:\/\/foto.haberler.com\/haber\/2024\/08\/22\/fenerbahce-nin-galatasaray-derbisi-sonrasi-cikan-17746819_6013_amp.jpg\" \/><\/p>\n<div id=\"\">\n<p>Ge\u00e7en sene Trendyol S\u00fcper Lig&#8217;deki Galatasaray-  <a class=\"keyword\" href=\"https:\/\/www.haberler.com\/fenerbahce\/\" title=\"Fenerbah\u00e7e Haberleri, Fenerbah\u00e7e Haberi, Fenerbah\u00e7e Haber\"><strong>Fenerbah\u00e7e<\/strong><\/a> derbisinin ard\u0131ndan \u00e7\u0131kan olaylarla ilgili ba\u015flat\u0131lan soru\u015fturma tamamland\u0131. Fenerbah\u00e7e  <a class=\"keyword\" href=\"https:\/\/www.haberler.com\/spor\/\" title=\"Spor, Spor Haberleri, Spor Haber\"><strong>Spor<\/strong><\/a> Kul\u00fcb\u00fc&#8217;n\u00fcn \u015fikayeti \u00fczerine Galatasarayl\u0131 futbolcu Muhammed Kerem Akt\u00fcrko\u011flu ve di\u011fer iki ki\u015fi hakk\u0131nda ba\u015flat\u0131lan soru\u015fturmada takipsizlik karar\u0131 verildi. \u0130stanbul Cumhuriyet Ba\u015fsavc\u0131l\u0131\u011f\u0131&#8217;n\u0131n karar\u0131nda, olaylar s\u0131ras\u0131nda Akt\u00fcrko\u011flu ve di\u011fer iki ki\u015fi hakk\u0131nda &#8216;hakaret&#8217; ve &#8216;kasten yaralama&#8217; su\u00e7u kapsam\u0131nda de\u011ferlendirilebilecek bir iddia veya delil bulunmad\u0131\u011f\u0131 ifade edildi.<\/p>\n<p>\u0130stanbul Cumhuriyet Ba\u015fsavc\u0131l\u0131\u011f\u0131nca haz\u0131rlanan takipsizlik karar\u0131nda, Fenerbah\u00e7e Spor Kul\u00fcb\u00fc, Fenerbah\u00e7e Futbol Anonim \u015eirketi ve kul\u00fcb\u00fcn doktoru Ertu\u011frul Karanl\u0131k&#8217;\u0131n, avukatlar\u0131 arac\u0131l\u0131\u011f\u0131yla Rams Park stadyum m\u00fcd\u00fcr\u00fc Ali \u00c7elikk\u0131ran, Galatasaray Spor Kul\u00fcb\u00fc Y\u00f6netim Kurulu Genel Sekreteri Eray Yazgan ve Galatasarayl\u0131 futbolcu Akt\u00fcrko\u011flu hakk\u0131nda &#8220;spor alanlar\u0131nda ta\u015fk\u0131nl\u0131k yap\u0131lmas\u0131&#8221;, &#8220;kasten yaralama&#8221;, &#8220;ya\u011fma&#8221;, &#8220;cebir, inan\u00e7, d\u00fc\u015f\u00fcnce ve kanaat h\u00fcrriyetinin kullan\u0131lmas\u0131n\u0131 engelleme&#8221;, &#8220;hakaret&#8221; ile &#8220;halk\u0131 kin ve d\u00fc\u015fmanl\u0131\u011fa tahrik veya a\u015fa\u011f\u0131lama&#8221; su\u00e7lar\u0131ndan \u015fikayet\u00e7i olmalar\u0131 \u00fczerine soru\u015fturmaya ba\u015fland\u0131\u011f\u0131 belirtildi.<\/p>\n<p>Takipsizlik karar\u0131nda, m\u00fc\u015ftekilerin dilek\u00e7elerindeki, derbinin ard\u0131ndan Fenerbah\u00e7e futbol tak\u0131m\u0131n\u0131n galibiyet sevinci ya\u015famadan ve foto\u011fraf \u00e7ekimi ger\u00e7ekle\u015fmeden soyunma odas\u0131na g\u00f6t\u00fcr\u00fcld\u00fc\u011f\u00fc, Fenerbah\u00e7e y\u00f6neticileri, futbol tak\u0131m\u0131 oyuncular\u0131 ve teknik g\u00f6revlilerin sahaya \u00e7\u0131k\u0131p foto\u011fraf \u00e7ektirmek istedikleri ancak Galatasaray g\u00f6revlilerince engellendikleri, fiziki ve s\u00f6zl\u00fc m\u00fcdahaleye maruz kald\u0131klar\u0131 iddialar\u0131na yer verildi.<\/p>\n<p>Bir k\u0131s\u0131m Fenerbah\u00e7elinin orta sahada foto\u011fraf \u00e7ekilirken Ali \u00c7elikk\u0131ran&#8217;\u0131n k\u00fcf\u00fcr, tehdit ve hakaretlerle yanlar\u0131na geldi\u011fi, Fenerbah\u00e7e ekibine y\u00f6nelik sald\u0131r\u0131da bulundu\u011fu ve Karanl\u0131k&#8217;\u0131n \u00c7elikk\u0131ran taraf\u0131ndan darbedildi\u011fi \u00f6ne s\u00fcr\u00fclen dilek\u00e7eye yer verilen kararda, soru\u015fturma kapsam\u0131nda \u00c7elikk\u0131ran&#8217;\u0131n ifadesinin al\u0131nd\u0131\u011f\u0131 aktar\u0131ld\u0131. Kararda, haklar\u0131nda \u015fikayet\u00e7i olunan Akt\u00fcrko\u011flu ve Yazgan&#8217;\u0131n olaylar s\u0131ras\u0131nda Karanl\u0131k&#8217;a kar\u015f\u0131 &#8220;hakaret&#8221; ve &#8220;kasten yaralama&#8221; su\u00e7u kapsam\u0131nda de\u011ferlendirilebilecek eylemleri oldu\u011funa dair somut bir iddia veya delil bulunmad\u0131\u011f\u0131 ifade edildi.<\/p>\n<p>\u015eikayet dilek\u00e7esi i\u00e7eri\u011finde de Akt\u00fcrko\u011flu ve Yazgan&#8217;\u0131n hangi eylemleri nedeniyle hangi su\u00e7lar\u0131 i\u015flediklerine dair bir tespitin yer almad\u0131\u011f\u0131, sadece \u015f\u00fcpheli olarak isimlerinin yaz\u0131ld\u0131\u011f\u0131 bildirilen kararda, \u00c7elikk\u0131ran ile Karanl\u0131k aras\u0131nda Fenerbah\u00e7e bayra\u011f\u0131yla foto\u011fraf \u00e7ektirme s\u0131ras\u0131nda ya\u015fanan tart\u0131\u015fmaya Akt\u00fcrko\u011flu ve Yazgan&#8217;\u0131n m\u00fcdahil olduklar\u0131na dair kamera kayd\u0131 olmad\u0131\u011f\u0131 belirtildi.<\/p>\n<p>Kararda, \u00c7elikk\u0131ran&#8217;\u0131n, Fenerbah\u00e7e futbolcusu, tak\u0131m doktoru ve y\u00f6neticilerine sald\u0131rarak Fenerbah\u00e7e bayra\u011f\u0131n\u0131 gasbetti\u011fi iddia edilse de kamera kay\u0131tlar\u0131nda b\u00f6yle bir duruma rastlanmad\u0131\u011f\u0131 vurguland\u0131. \u00c7elikk\u0131ran&#8217;\u0131n foto\u011fraf \u00e7ekimi s\u0131ras\u0131nda Fenerbah\u00e7e bayra\u011f\u0131na uzanarak foto\u011fraf \u00e7ekilmesini engellemek istedi\u011finin g\u00f6r\u00fcld\u00fc\u011f\u00fc anlat\u0131lan kararda, \u00c7elikk\u0131ran&#8217;\u0131n cebir ve \u015fiddet kullanmad\u0131\u011f\u0131, bu durumun &#8220;ya\u011fma&#8221; su\u00e7u kapsam\u0131na giremeyece\u011fi aktar\u0131ld\u0131.<\/p>\n<h3>OLAYLI MA\u00c7 SONRASI 5 \u015e\u00dcPHEL\u0130 HAKKINDA \u0130DD\u0130ANAME HAZIRLANMI\u015eTI<\/h3>\n<p>Ma\u00e7\u0131n ard\u0131ndan \u00e7\u0131kan olaylara ili\u015fkin \u0130stanbul Cumhuriyet Ba\u015fsavc\u0131l\u0131\u011f\u0131nca futbolcular Jaden Quinn Oosterwolde ve Mert Hakan Yanda\u015f, Fenerbah\u00e7e Kul\u00fcb\u00fc doktoru Ertu\u011frul Karanl\u0131k, eski Fenerbah\u00e7e y\u00f6neticisi Hulusi Belg\u00fc ve teknik direkt\u00f6r \u0130smail Kartal&#8217;\u0131n o\u011flu Emre Kartal hakk\u0131nda &#8220;v\u00fccutta kemik k\u0131r\u0131lmas\u0131na veya \u00e7\u0131k\u0131\u011f\u0131na neden olacak \u015fekilde kasten yaralama&#8221; ve &#8220;spor alanlar\u0131nda ta\u015fk\u0131nl\u0131k yap\u0131lmas\u0131 ve tesislere zarar verilmesi&#8221; su\u00e7lar\u0131ndan ayr\u0131 ayr\u0131 2 y\u0131l 3 aydan 6 y\u0131l 9 aya kadar hapis cezas\u0131 istemiyle iddianame haz\u0131rlanm\u0131\u015ft\u0131.<\/p>\n<p>\u0130ddianamede, ma\u00e7 sonras\u0131nda saha i\u00e7indeki m\u00fcsabaka alan\u0131nda ger\u00e7ekle\u015fen olaylar s\u0131ras\u0131nda \u015f\u00fcphelilerin fikir ve eylem birli\u011fi i\u00e7inde hareket ederek, dosyan\u0131n tek m\u00fc\u015ftekisi \u00c7elikk\u0131ran&#8217;\u0131 tekme ve yumruk atmak suretiyle darbettikleri belirtilmi\u015fti. Fenerbah\u00e7e Spor Kul\u00fcb\u00fc Ba\u015fkan\u0131 Ali Ko\u00e7, Bright Osayi Samuel, \u0130rfan Can E\u011fribayat ve Fenerbah\u00e7eli baz\u0131 y\u00f6netim kurulu \u00fcyelerinin de aralar\u0131nda bulundu\u011fu 17 ki\u015fi hakk\u0131nda ise takipsizlik karar\u0131 verildi\u011fi belirtilen iddianame, \u0130stanbul 3. Asliye Ceza Mahkemesine g\u00f6nderilmi\u015fti.<\/p>\n<h4 id=\"nwsKeywords\"> <a href=\"https:\/\/www.haberler.com\/fenerbahce-spor-kulubu\/\" title=\"Fenerbah\u00e7e Spor Kul\u00fcb\u00fc\" class=\"hbptTag\">Fenerbah\u00e7e Spor Kul\u00fcb\u00fc<\/a>  <a href=\"https:\/\/www.haberler.com\/trendyol-super-lig\/\" title=\"Trendyol S\u00fcper Lig\" class=\"hbptTag\">Trendyol S\u00fcper Lig<\/a>  <a href=\"https:\/\/www.haberler.com\/kerem-akturkoglu\/\" title=\"Kerem Akt\u00fcrko\u011flu\" class=\"hbptTag\">Kerem Akt\u00fcrko\u011flu<\/a>  <a href=\"https:\/\/www.haberler.com\/galatasaray\/\" title=\"Galatasaray\" class=\"hbptTag\">Galatasaray<\/a>  <a href=\"https:\/\/www.haberler.com\/fenerbahce\/\" title=\"Fenerbah\u00e7e\" class=\"hbptTag\">Fenerbah\u00e7e<\/a>  <a href=\"https:\/\/www.haberler.com\/futbol\/\" title=\"Futbol\" class=\"hbptTag\">Futbol<\/a>  <a href=\"https:\/\/www.haberler.com\/spor\/\" title=\"Spor\" class=\"hbptTag\">Spor<\/a>  <a href=\"https:\/\/www.haberler.com\/hukuk\/\" title=\"Hukuk\" class=\"hbptTag\">Hukuk<\/a>  <a href=\"https:\/\/www.haberler.com\/3-sayfa\/\" title=\"3.Sayfa\" class=\"hbptTag\">3.Sayfa<\/a>  <a href=\"https:\/\/www.haberler.com\/spor\/\" title=\"Spor\" class=\"hbptTag\">Spor<\/a>  <a href=\"https:\/\/www.haberler.com\/\" title=\"Haberler\" class=\"hbptTag\">Haberler<\/a> <\/h4>\n<\/div>\n","protected":false},"excerpt":{"rendered":"<p>Ge\u00e7en sene Trendyol S\u00fcper Lig&#8217;deki Galatasaray- Fenerbah\u00e7e derbisinin ard\u0131ndan \u00e7\u0131kan olaylarla ilgili ba\u015flat\u0131lan soru\u015fturma tamamland\u0131. Fenerbah\u00e7e Spor Kul\u00fcb\u00fc&#8217;n\u00fcn \u015fikayeti \u00fczerine Galatasarayl\u0131 futbolcu Muhammed Kerem Akt\u00fcrko\u011flu ve di\u011fer iki ki\u015fi hakk\u0131nda ba\u015flat\u0131lan soru\u015fturmada takipsizlik karar\u0131 verildi. \u0130stanbul Cumhuriyet Ba\u015fsavc\u0131l\u0131\u011f\u0131&#8217;n\u0131n karar\u0131nda, olaylar s\u0131ras\u0131nda Akt\u00fcrko\u011flu ve di\u011fer iki ki\u015fi hakk\u0131nda &#8216;hakaret&#8217; ve &#8216;kasten yaralama&#8217; su\u00e7u kapsam\u0131nda de\u011ferlendirilebilecek bir<\/p>\n","protected":false},"author":1,"featured_media":56282,"comment_status":"open","ping_status":"open","sticky":false,"template":"","format":"standard","meta":{"footnotes":""},"categories":[83],"tags":[],"class_list":["post-56281","post","type-post","status-publish","format-standard","has-post-thumbnail","hentry","category-magazin"],"yoast_head":"<!-- This site is optimized with the Yoast SEO plugin v27.5 - https:\/\/yoast.com\/product\/yoast-seo-wordpress\/ -->\n<title>Fenerbah\u00e7e&#039;nin, Galatasaray derbisi sonras\u0131 \u00e7\u0131kan olaylara ili\u015fkin \u015fikayetine takipsizlik karar\u0131 -<\/title>\n<meta name=\"robots\" content=\"index, follow, max-snippet:-1, max-image-preview:large, max-video-preview:-1\" \/>\n<link rel=\"canonical\" href=\"https:\/\/kibrisdakik.com\/?p=56281\" \/>\n<meta property=\"og:locale\" content=\"tr_TR\" \/>\n<meta property=\"og:type\" content=\"article\" \/>\n<meta property=\"og:title\" content=\"Fenerbah\u00e7e&#039;nin, Galatasaray derbisi sonras\u0131 \u00e7\u0131kan olaylara ili\u015fkin \u015fikayetine takipsizlik karar\u0131 -\" \/>\n<meta property=\"og:description\" content=\"Ge\u00e7en sene Trendyol S\u00fcper Lig&#8217;deki Galatasaray- Fenerbah\u00e7e derbisinin ard\u0131ndan \u00e7\u0131kan olaylarla ilgili ba\u015flat\u0131lan soru\u015fturma tamamland\u0131. Fenerbah\u00e7e Spor Kul\u00fcb\u00fc&#8217;n\u00fcn \u015fikayeti \u00fczerine Galatasarayl\u0131 futbolcu Muhammed Kerem Akt\u00fcrko\u011flu ve di\u011fer iki ki\u015fi hakk\u0131nda ba\u015flat\u0131lan soru\u015fturmada takipsizlik karar\u0131 verildi. \u0130stanbul Cumhuriyet Ba\u015fsavc\u0131l\u0131\u011f\u0131&#8217;n\u0131n karar\u0131nda, olaylar s\u0131ras\u0131nda Akt\u00fcrko\u011flu ve di\u011fer iki ki\u015fi hakk\u0131nda &#8216;hakaret&#8217; ve &#8216;kasten yaralama&#8217; su\u00e7u kapsam\u0131nda de\u011ferlendirilebilecek bir\" \/>\n<meta property=\"og:url\" content=\"https:\/\/kibrisdakik.com\/?p=56281\" \/>\n<meta property=\"article:published_time\" content=\"2024-08-22T20:22:42+00:00\" \/>\n<meta property=\"og:image\" content=\"https:\/\/kibrisdakik.com\/wp-content\/uploads\/2024\/08\/fenerbahce-nin-galatasaray-derbisi-sonrasi-cikan-17746819_6013_amp.jpg\" \/>\n\t<meta property=\"og:image:width\" content=\"1202\" \/>\n\t<meta property=\"og:image:height\" content=\"675\" \/>\n\t<meta property=\"og:image:type\" content=\"image\/jpeg\" \/>\n<meta name=\"author\" content=\"admin\" \/>\n<meta name=\"twitter:card\" content=\"summary_large_image\" \/>\n<meta name=\"twitter:label1\" content=\"Yazan:\" \/>\n\t<meta name=\"twitter:data1\" content=\"admin\" \/>\n\t<meta name=\"twitter:label2\" content=\"Tahmini okuma s\u00fcresi\" \/>\n\t<meta name=\"twitter:data2\" content=\"4 dakika\" \/>\n<script type=\"application\/ld+json\" class=\"yoast-schema-graph\">{\"@context\":\"https:\\\/\\\/schema.org\",\"@graph\":[{\"@type\":\"Article\",\"@id\":\"https:\\\/\\\/kibrisdakik.com\\\/?p=56281#article\",\"isPartOf\":{\"@id\":\"https:\\\/\\\/kibrisdakik.com\\\/?p=56281\"},\"author\":{\"name\":\"admin\",\"@id\":\"https:\\\/\\\/kibrisdakik.com\\\/#\\\/schema\\\/person\\\/9cd9d437bbb44f72b73ba127e06d8e79\"},\"headline\":\"Fenerbah\u00e7e&#8217;nin, Galatasaray derbisi sonras\u0131 \u00e7\u0131kan olaylara ili\u015fkin \u015fikayetine takipsizlik karar\u0131\",\"datePublished\":\"2024-08-22T20:22:42+00:00\",\"mainEntityOfPage\":{\"@id\":\"https:\\\/\\\/kibrisdakik.com\\\/?p=56281\"},\"wordCount\":768,\"commentCount\":0,\"image\":{\"@id\":\"https:\\\/\\\/kibrisdakik.com\\\/?p=56281#primaryimage\"},\"thumbnailUrl\":\"https:\\\/\\\/kibrisdakik.com\\\/wp-content\\\/uploads\\\/2024\\\/08\\\/fenerbahce-nin-galatasaray-derbisi-sonrasi-cikan-17746819_6013_amp.jpg\",\"articleSection\":[\"Magazin\"],\"inLanguage\":\"tr\",\"potentialAction\":[{\"@type\":\"CommentAction\",\"name\":\"Comment\",\"target\":[\"https:\\\/\\\/kibrisdakik.com\\\/?p=56281#respond\"]}]},{\"@type\":\"WebPage\",\"@id\":\"https:\\\/\\\/kibrisdakik.com\\\/?p=56281\",\"url\":\"https:\\\/\\\/kibrisdakik.com\\\/?p=56281\",\"name\":\"Fenerbah\u00e7e'nin, Galatasaray derbisi sonras\u0131 \u00e7\u0131kan olaylara ili\u015fkin \u015fikayetine takipsizlik karar\u0131 -\",\"isPartOf\":{\"@id\":\"https:\\\/\\\/kibrisdakik.com\\\/#website\"},\"primaryImageOfPage\":{\"@id\":\"https:\\\/\\\/kibrisdakik.com\\\/?p=56281#primaryimage\"},\"image\":{\"@id\":\"https:\\\/\\\/kibrisdakik.com\\\/?p=56281#primaryimage\"},\"thumbnailUrl\":\"https:\\\/\\\/kibrisdakik.com\\\/wp-content\\\/uploads\\\/2024\\\/08\\\/fenerbahce-nin-galatasaray-derbisi-sonrasi-cikan-17746819_6013_amp.jpg\",\"datePublished\":\"2024-08-22T20:22:42+00:00\",\"author\":{\"@id\":\"https:\\\/\\\/kibrisdakik.com\\\/#\\\/schema\\\/person\\\/9cd9d437bbb44f72b73ba127e06d8e79\"},\"breadcrumb\":{\"@id\":\"https:\\\/\\\/kibrisdakik.com\\\/?p=56281#breadcrumb\"},\"inLanguage\":\"tr\",\"potentialAction\":[{\"@type\":\"ReadAction\",\"target\":[\"https:\\\/\\\/kibrisdakik.com\\\/?p=56281\"]}]},{\"@type\":\"ImageObject\",\"inLanguage\":\"tr\",\"@id\":\"https:\\\/\\\/kibrisdakik.com\\\/?p=56281#primaryimage\",\"url\":\"https:\\\/\\\/kibrisdakik.com\\\/wp-content\\\/uploads\\\/2024\\\/08\\\/fenerbahce-nin-galatasaray-derbisi-sonrasi-cikan-17746819_6013_amp.jpg\",\"contentUrl\":\"https:\\\/\\\/kibrisdakik.com\\\/wp-content\\\/uploads\\\/2024\\\/08\\\/fenerbahce-nin-galatasaray-derbisi-sonrasi-cikan-17746819_6013_amp.jpg\",\"width\":1202,\"height\":675},{\"@type\":\"BreadcrumbList\",\"@id\":\"https:\\\/\\\/kibrisdakik.com\\\/?p=56281#breadcrumb\",\"itemListElement\":[{\"@type\":\"ListItem\",\"position\":1,\"name\":\"Home\",\"item\":\"https:\\\/\\\/kibrisdakik.com\\\/\"},{\"@type\":\"ListItem\",\"position\":2,\"name\":\"Fenerbah\u00e7e&#8217;nin, Galatasaray derbisi sonras\u0131 \u00e7\u0131kan olaylara ili\u015fkin \u015fikayetine takipsizlik karar\u0131\"}]},{\"@type\":\"WebSite\",\"@id\":\"https:\\\/\\\/kibrisdakik.com\\\/#website\",\"url\":\"https:\\\/\\\/kibrisdakik.com\\\/\",\"name\":\"\",\"description\":\"Tam vaktinde haber\",\"potentialAction\":[{\"@type\":\"SearchAction\",\"target\":{\"@type\":\"EntryPoint\",\"urlTemplate\":\"https:\\\/\\\/kibrisdakik.com\\\/?s={search_term_string}\"},\"query-input\":{\"@type\":\"PropertyValueSpecification\",\"valueRequired\":true,\"valueName\":\"search_term_string\"}}],\"inLanguage\":\"tr\"},{\"@type\":\"Person\",\"@id\":\"https:\\\/\\\/kibrisdakik.com\\\/#\\\/schema\\\/person\\\/9cd9d437bbb44f72b73ba127e06d8e79\",\"name\":\"admin\",\"image\":{\"@type\":\"ImageObject\",\"inLanguage\":\"tr\",\"@id\":\"https:\\\/\\\/secure.gravatar.com\\\/avatar\\\/ccc17943b9d660506c869530f897617f7cb1c21a4bf30023f252596d83e1f007?s=96&d=mm&r=g\",\"url\":\"https:\\\/\\\/secure.gravatar.com\\\/avatar\\\/ccc17943b9d660506c869530f897617f7cb1c21a4bf30023f252596d83e1f007?s=96&d=mm&r=g\",\"contentUrl\":\"https:\\\/\\\/secure.gravatar.com\\\/avatar\\\/ccc17943b9d660506c869530f897617f7cb1c21a4bf30023f252596d83e1f007?s=96&d=mm&r=g\",\"caption\":\"admin\"},\"sameAs\":[\"https:\\\/\\\/kibrisdakik.com\"],\"url\":\"https:\\\/\\\/kibrisdakik.com\\\/?author=1\"}]}<\/script>\n<!-- \/ Yoast SEO plugin. -->","yoast_head_json":{"title":"Fenerbah\u00e7e'nin, Galatasaray derbisi sonras\u0131 \u00e7\u0131kan olaylara ili\u015fkin \u015fikayetine takipsizlik karar\u0131 -","robots":{"index":"index","follow":"follow","max-snippet":"max-snippet:-1","max-image-preview":"max-image-preview:large","max-video-preview":"max-video-preview:-1"},"canonical":"https:\/\/kibrisdakik.com\/?p=56281","og_locale":"tr_TR","og_type":"article","og_title":"Fenerbah\u00e7e'nin, Galatasaray derbisi sonras\u0131 \u00e7\u0131kan olaylara ili\u015fkin \u015fikayetine takipsizlik karar\u0131 -","og_description":"Ge\u00e7en sene Trendyol S\u00fcper Lig&#8217;deki Galatasaray- Fenerbah\u00e7e derbisinin ard\u0131ndan \u00e7\u0131kan olaylarla ilgili ba\u015flat\u0131lan soru\u015fturma tamamland\u0131. Fenerbah\u00e7e Spor Kul\u00fcb\u00fc&#8217;n\u00fcn \u015fikayeti \u00fczerine Galatasarayl\u0131 futbolcu Muhammed Kerem Akt\u00fcrko\u011flu ve di\u011fer iki ki\u015fi hakk\u0131nda ba\u015flat\u0131lan soru\u015fturmada takipsizlik karar\u0131 verildi. \u0130stanbul Cumhuriyet Ba\u015fsavc\u0131l\u0131\u011f\u0131&#8217;n\u0131n karar\u0131nda, olaylar s\u0131ras\u0131nda Akt\u00fcrko\u011flu ve di\u011fer iki ki\u015fi hakk\u0131nda &#8216;hakaret&#8217; ve &#8216;kasten yaralama&#8217; su\u00e7u kapsam\u0131nda de\u011ferlendirilebilecek bir","og_url":"https:\/\/kibrisdakik.com\/?p=56281","article_published_time":"2024-08-22T20:22:42+00:00","og_image":[{"width":1202,"height":675,"url":"https:\/\/kibrisdakik.com\/wp-content\/uploads\/2024\/08\/fenerbahce-nin-galatasaray-derbisi-sonrasi-cikan-17746819_6013_amp.jpg","type":"image\/jpeg"}],"author":"admin","twitter_card":"summary_large_image","twitter_misc":{"Yazan:":"admin","Tahmini okuma s\u00fcresi":"4 dakika"},"schema":{"@context":"https:\/\/schema.org","@graph":[{"@type":"Article","@id":"https:\/\/kibrisdakik.com\/?p=56281#article","isPartOf":{"@id":"https:\/\/kibrisdakik.com\/?p=56281"},"author":{"name":"admin","@id":"https:\/\/kibrisdakik.com\/#\/schema\/person\/9cd9d437bbb44f72b73ba127e06d8e79"},"headline":"Fenerbah\u00e7e&#8217;nin, Galatasaray derbisi sonras\u0131 \u00e7\u0131kan olaylara ili\u015fkin \u015fikayetine takipsizlik karar\u0131","datePublished":"2024-08-22T20:22:42+00:00","mainEntityOfPage":{"@id":"https:\/\/kibrisdakik.com\/?p=56281"},"wordCount":768,"commentCount":0,"image":{"@id":"https:\/\/kibrisdakik.com\/?p=56281#primaryimage"},"thumbnailUrl":"https:\/\/kibrisdakik.com\/wp-content\/uploads\/2024\/08\/fenerbahce-nin-galatasaray-derbisi-sonrasi-cikan-17746819_6013_amp.jpg","articleSection":["Magazin"],"inLanguage":"tr","potentialAction":[{"@type":"CommentAction","name":"Comment","target":["https:\/\/kibrisdakik.com\/?p=56281#respond"]}]},{"@type":"WebPage","@id":"https:\/\/kibrisdakik.com\/?p=56281","url":"https:\/\/kibrisdakik.com\/?p=56281","name":"Fenerbah\u00e7e'nin, Galatasaray derbisi sonras\u0131 \u00e7\u0131kan olaylara ili\u015fkin \u015fikayetine takipsizlik karar\u0131 -","isPartOf":{"@id":"https:\/\/kibrisdakik.com\/#website"},"primaryImageOfPage":{"@id":"https:\/\/kibrisdakik.com\/?p=56281#primaryimage"},"image":{"@id":"https:\/\/kibrisdakik.com\/?p=56281#primaryimage"},"thumbnailUrl":"https:\/\/kibrisdakik.com\/wp-content\/uploads\/2024\/08\/fenerbahce-nin-galatasaray-derbisi-sonrasi-cikan-17746819_6013_amp.jpg","datePublished":"2024-08-22T20:22:42+00:00","author":{"@id":"https:\/\/kibrisdakik.com\/#\/schema\/person\/9cd9d437bbb44f72b73ba127e06d8e79"},"breadcrumb":{"@id":"https:\/\/kibrisdakik.com\/?p=56281#breadcrumb"},"inLanguage":"tr","potentialAction":[{"@type":"ReadAction","target":["https:\/\/kibrisdakik.com\/?p=56281"]}]},{"@type":"ImageObject","inLanguage":"tr","@id":"https:\/\/kibrisdakik.com\/?p=56281#primaryimage","url":"https:\/\/kibrisdakik.com\/wp-content\/uploads\/2024\/08\/fenerbahce-nin-galatasaray-derbisi-sonrasi-cikan-17746819_6013_amp.jpg","contentUrl":"https:\/\/kibrisdakik.com\/wp-content\/uploads\/2024\/08\/fenerbahce-nin-galatasaray-derbisi-sonrasi-cikan-17746819_6013_amp.jpg","width":1202,"height":675},{"@type":"BreadcrumbList","@id":"https:\/\/kibrisdakik.com\/?p=56281#breadcrumb","itemListElement":[{"@type":"ListItem","position":1,"name":"Home","item":"https:\/\/kibrisdakik.com\/"},{"@type":"ListItem","position":2,"name":"Fenerbah\u00e7e&#8217;nin, Galatasaray derbisi sonras\u0131 \u00e7\u0131kan olaylara ili\u015fkin \u015fikayetine takipsizlik karar\u0131"}]},{"@type":"WebSite","@id":"https:\/\/kibrisdakik.com\/#website","url":"https:\/\/kibrisdakik.com\/","name":"","description":"Tam vaktinde haber","potentialAction":[{"@type":"SearchAction","target":{"@type":"EntryPoint","urlTemplate":"https:\/\/kibrisdakik.com\/?s={search_term_string}"},"query-input":{"@type":"PropertyValueSpecification","valueRequired":true,"valueName":"search_term_string"}}],"inLanguage":"tr"},{"@type":"Person","@id":"https:\/\/kibrisdakik.com\/#\/schema\/person\/9cd9d437bbb44f72b73ba127e06d8e79","name":"admin","image":{"@type":"ImageObject","inLanguage":"tr","@id":"https:\/\/secure.gravatar.com\/avatar\/ccc17943b9d660506c869530f897617f7cb1c21a4bf30023f252596d83e1f007?s=96&d=mm&r=g","url":"https:\/\/secure.gravatar.com\/avatar\/ccc17943b9d660506c869530f897617f7cb1c21a4bf30023f252596d83e1f007?s=96&d=mm&r=g","contentUrl":"https:\/\/secure.gravatar.com\/avatar\/ccc17943b9d660506c869530f897617f7cb1c21a4bf30023f252596d83e1f007?s=96&d=mm&r=g","caption":"admin"},"sameAs":["https:\/\/kibrisdakik.com"],"url":"https:\/\/kibrisdakik.com\/?author=1"}]}},"_links":{"self":[{"href":"https:\/\/kibrisdakik.com\/index.php?rest_route=\/wp\/v2\/posts\/56281","targetHints":{"allow":["GET"]}}],"collection":[{"href":"https:\/\/kibrisdakik.com\/index.php?rest_route=\/wp\/v2\/posts"}],"about":[{"href":"https:\/\/kibrisdakik.com\/index.php?rest_route=\/wp\/v2\/types\/post"}],"author":[{"embeddable":true,"href":"https:\/\/kibrisdakik.com\/index.php?rest_route=\/wp\/v2\/users\/1"}],"replies":[{"embeddable":true,"href":"https:\/\/kibrisdakik.com\/index.php?rest_route=%2Fwp%2Fv2%2Fcomments&post=56281"}],"version-history":[{"count":0,"href":"https:\/\/kibrisdakik.com\/index.php?rest_route=\/wp\/v2\/posts\/56281\/revisions"}],"wp:featuredmedia":[{"embeddable":true,"href":"https:\/\/kibrisdakik.com\/index.php?rest_route=\/wp\/v2\/media\/56282"}],"wp:attachment":[{"href":"https:\/\/kibrisdakik.com\/index.php?rest_route=%2Fwp%2Fv2%2Fmedia&parent=56281"}],"wp:term":[{"taxonomy":"category","embeddable":true,"href":"https:\/\/kibrisdakik.com\/index.php?rest_route=%2Fwp%2Fv2%2Fcategories&post=56281"},{"taxonomy":"post_tag","embeddable":true,"href":"https:\/\/kibrisdakik.com\/index.php?rest_route=%2Fwp%2Fv2%2Ftags&post=56281"}],"curies":[{"name":"wp","href":"https:\/\/api.w.org\/{rel}","templated":true}]}}