{"id":56283,"date":"2024-08-22T21:18:31","date_gmt":"2024-08-22T18:18:31","guid":{"rendered":"https:\/\/kibrisdakik.com\/index.php\/2024\/08\/22\/dikmende-sakin-73-yasindaki-nevin-yikik-oglunun-evinde-aniden-rahatsizlanarak-yasamini-yitirdi\/"},"modified":"2024-08-22T21:18:31","modified_gmt":"2024-08-22T18:18:31","slug":"dikmende-sakin-73-yasindaki-nevin-yikik-oglunun-evinde-aniden-rahatsizlanarak-yasamini-yitirdi","status":"publish","type":"post","link":"https:\/\/kibrisdakik.com\/?p=56283","title":{"rendered":"Dikmen\u2019de sakin 73 ya\u015f\u0131ndaki Nevin Y\u0131k\u0131k, o\u011flunun evinde aniden rahats\u0131zlanarak ya\u015fam\u0131n\u0131 yitirdi"},"content":{"rendered":"<p><\/p>\n<div>\n<div class=\"mariselle-image-container center\">\n                <img loading=\"lazy\" decoding=\"async\" width=\"460\" height=\"276\" class=\"lazy-image\" alt=\"\" sizes=\"auto, (max-width: 460px) 100vw, 460px\" src=\"https:\/\/brtk.net\/wp-content\/uploads\/2024\/06\/26\/olum30.jpg?ver=8adfb95643f4a5c42cfbf4730fbc231f\" srcset=\"https:\/\/brtk.net\/wp-content\/uploads\/2024\/06\/26\/olum30.jpg?ver=8adfb95643f4a5c42cfbf4730fbc231f 460w, https:\/\/brtk.net\/wp-content\/uploads\/2024\/06\/26\/olum30-300x180.jpg?ver=8adfb95643f4a5c42cfbf4730fbc231f 300w\"\/>                            <\/div>\n<p>Dikmen\u2019de sakin 73 ya\u015f\u0131ndaki Nevin Y\u0131k\u0131k, bu sabah G\u00f6nyeli\u2019de o\u011flunun evinde aniden rahats\u0131zlanarak ya\u015fam\u0131n\u0131 yitirdi.<\/p>\n<p>Polisten verilen bilgiye g\u00f6re.  yap\u0131lan otopsisinde \u00f6l\u00fcm sebebinin \u201cAterosklerotik Kalp Hastal\u0131\u011f\u0131, Dissekanaort, Anevrizna R\u00fcpt\u00fcr\u00fc, Kalp Tamponadi\u201d  oldu\u011fu tespit edildi.<\/p>\n<p>Olayla ilgili polis soru\u015fturmas\u0131 devam ediyor.<\/p>\n<\/p><\/div>\n<p><script async\n                    defer\n                    crossorigin=\"anonymous\"\n                    src=\"https:\/\/connect.facebook.net\/tr_TR\/sdk.js#xfbml=1&#038;version=v3.3\"\n            ><\/script><\/p>\n","protected":false},"excerpt":{"rendered":"<p>Dikmen\u2019de sakin 73 ya\u015f\u0131ndaki Nevin Y\u0131k\u0131k, bu sabah G\u00f6nyeli\u2019de o\u011flunun evinde aniden rahats\u0131zlanarak ya\u015fam\u0131n\u0131 yitirdi. Polisten verilen bilgiye g\u00f6re. yap\u0131lan otopsisinde \u00f6l\u00fcm sebebinin \u201cAterosklerotik Kalp Hastal\u0131\u011f\u0131, Dissekanaort, Anevrizna R\u00fcpt\u00fcr\u00fc, Kalp Tamponadi\u201d oldu\u011fu tespit edildi. Olayla ilgili polis soru\u015fturmas\u0131 devam ediyor.<\/p>\n","protected":false},"author":1,"featured_media":47485,"comment_status":"open","ping_status":"open","sticky":false,"template":"","format":"standard","meta":{"footnotes":""},"categories":[1],"tags":[],"class_list":["post-56283","post","type-post","status-publish","format-standard","has-post-thumbnail","hentry","category-gundem"],"yoast_head":"<!-- This site is optimized with the Yoast SEO plugin v27.4 - https:\/\/yoast.com\/product\/yoast-seo-wordpress\/ -->\n<title>Dikmen\u2019de sakin 73 ya\u015f\u0131ndaki Nevin Y\u0131k\u0131k, o\u011flunun evinde aniden rahats\u0131zlanarak ya\u015fam\u0131n\u0131 yitirdi -<\/title>\n<meta name=\"robots\" content=\"index, follow, max-snippet:-1, max-image-preview:large, max-video-preview:-1\" \/>\n<link rel=\"canonical\" href=\"https:\/\/kibrisdakik.com\/?p=56283\" \/>\n<meta property=\"og:locale\" content=\"tr_TR\" \/>\n<meta property=\"og:type\" content=\"article\" \/>\n<meta property=\"og:title\" content=\"Dikmen\u2019de sakin 73 ya\u015f\u0131ndaki Nevin Y\u0131k\u0131k, o\u011flunun evinde aniden rahats\u0131zlanarak ya\u015fam\u0131n\u0131 yitirdi -\" \/>\n<meta property=\"og:description\" content=\"Dikmen\u2019de sakin 73 ya\u015f\u0131ndaki Nevin Y\u0131k\u0131k, bu sabah G\u00f6nyeli\u2019de o\u011flunun evinde aniden rahats\u0131zlanarak ya\u015fam\u0131n\u0131 yitirdi. Polisten verilen bilgiye g\u00f6re. yap\u0131lan otopsisinde \u00f6l\u00fcm sebebinin \u201cAterosklerotik Kalp Hastal\u0131\u011f\u0131, Dissekanaort, Anevrizna R\u00fcpt\u00fcr\u00fc, Kalp Tamponadi\u201d oldu\u011fu tespit edildi. Olayla ilgili polis soru\u015fturmas\u0131 devam ediyor.\" \/>\n<meta property=\"og:url\" content=\"https:\/\/kibrisdakik.com\/?p=56283\" \/>\n<meta property=\"article:published_time\" content=\"2024-08-22T18:18:31+00:00\" \/>\n<meta property=\"og:image\" content=\"https:\/\/kibrisdakik.com\/wp-content\/uploads\/2024\/06\/olum30.jpg\" \/>\n\t<meta property=\"og:image:width\" content=\"460\" \/>\n\t<meta property=\"og:image:height\" content=\"276\" \/>\n\t<meta property=\"og:image:type\" content=\"image\/jpeg\" \/>\n<meta name=\"author\" content=\"admin\" \/>\n<meta name=\"twitter:card\" content=\"summary_large_image\" \/>\n<meta name=\"twitter:label1\" content=\"Yazan:\" \/>\n\t<meta name=\"twitter:data1\" content=\"admin\" \/>\n<script type=\"application\/ld+json\" class=\"yoast-schema-graph\">{\"@context\":\"https:\\\/\\\/schema.org\",\"@graph\":[{\"@type\":\"Article\",\"@id\":\"https:\\\/\\\/kibrisdakik.com\\\/?p=56283#article\",\"isPartOf\":{\"@id\":\"https:\\\/\\\/kibrisdakik.com\\\/?p=56283\"},\"author\":{\"name\":\"admin\",\"@id\":\"https:\\\/\\\/kibrisdakik.com\\\/#\\\/schema\\\/person\\\/9cd9d437bbb44f72b73ba127e06d8e79\"},\"headline\":\"Dikmen\u2019de sakin 73 ya\u015f\u0131ndaki Nevin Y\u0131k\u0131k, o\u011flunun evinde aniden rahats\u0131zlanarak ya\u015fam\u0131n\u0131 yitirdi\",\"datePublished\":\"2024-08-22T18:18:31+00:00\",\"mainEntityOfPage\":{\"@id\":\"https:\\\/\\\/kibrisdakik.com\\\/?p=56283\"},\"wordCount\":75,\"commentCount\":0,\"image\":{\"@id\":\"https:\\\/\\\/kibrisdakik.com\\\/?p=56283#primaryimage\"},\"thumbnailUrl\":\"https:\\\/\\\/kibrisdakik.com\\\/wp-content\\\/uploads\\\/2024\\\/06\\\/olum30.jpg\",\"articleSection\":[\"G\u00fcndem\"],\"inLanguage\":\"tr\",\"potentialAction\":[{\"@type\":\"CommentAction\",\"name\":\"Comment\",\"target\":[\"https:\\\/\\\/kibrisdakik.com\\\/?p=56283#respond\"]}]},{\"@type\":\"WebPage\",\"@id\":\"https:\\\/\\\/kibrisdakik.com\\\/?p=56283\",\"url\":\"https:\\\/\\\/kibrisdakik.com\\\/?p=56283\",\"name\":\"Dikmen\u2019de sakin 73 ya\u015f\u0131ndaki Nevin Y\u0131k\u0131k, o\u011flunun evinde aniden rahats\u0131zlanarak ya\u015fam\u0131n\u0131 yitirdi -\",\"isPartOf\":{\"@id\":\"https:\\\/\\\/kibrisdakik.com\\\/#website\"},\"primaryImageOfPage\":{\"@id\":\"https:\\\/\\\/kibrisdakik.com\\\/?p=56283#primaryimage\"},\"image\":{\"@id\":\"https:\\\/\\\/kibrisdakik.com\\\/?p=56283#primaryimage\"},\"thumbnailUrl\":\"https:\\\/\\\/kibrisdakik.com\\\/wp-content\\\/uploads\\\/2024\\\/06\\\/olum30.jpg\",\"datePublished\":\"2024-08-22T18:18:31+00:00\",\"author\":{\"@id\":\"https:\\\/\\\/kibrisdakik.com\\\/#\\\/schema\\\/person\\\/9cd9d437bbb44f72b73ba127e06d8e79\"},\"breadcrumb\":{\"@id\":\"https:\\\/\\\/kibrisdakik.com\\\/?p=56283#breadcrumb\"},\"inLanguage\":\"tr\",\"potentialAction\":[{\"@type\":\"ReadAction\",\"target\":[\"https:\\\/\\\/kibrisdakik.com\\\/?p=56283\"]}]},{\"@type\":\"ImageObject\",\"inLanguage\":\"tr\",\"@id\":\"https:\\\/\\\/kibrisdakik.com\\\/?p=56283#primaryimage\",\"url\":\"https:\\\/\\\/kibrisdakik.com\\\/wp-content\\\/uploads\\\/2024\\\/06\\\/olum30.jpg\",\"contentUrl\":\"https:\\\/\\\/kibrisdakik.com\\\/wp-content\\\/uploads\\\/2024\\\/06\\\/olum30.jpg\",\"width\":460,\"height\":276},{\"@type\":\"BreadcrumbList\",\"@id\":\"https:\\\/\\\/kibrisdakik.com\\\/?p=56283#breadcrumb\",\"itemListElement\":[{\"@type\":\"ListItem\",\"position\":1,\"name\":\"Home\",\"item\":\"https:\\\/\\\/kibrisdakik.com\\\/\"},{\"@type\":\"ListItem\",\"position\":2,\"name\":\"Dikmen\u2019de sakin 73 ya\u015f\u0131ndaki Nevin Y\u0131k\u0131k, o\u011flunun evinde aniden rahats\u0131zlanarak ya\u015fam\u0131n\u0131 yitirdi\"}]},{\"@type\":\"WebSite\",\"@id\":\"https:\\\/\\\/kibrisdakik.com\\\/#website\",\"url\":\"https:\\\/\\\/kibrisdakik.com\\\/\",\"name\":\"\",\"description\":\"Tam vaktinde haber\",\"potentialAction\":[{\"@type\":\"SearchAction\",\"target\":{\"@type\":\"EntryPoint\",\"urlTemplate\":\"https:\\\/\\\/kibrisdakik.com\\\/?s={search_term_string}\"},\"query-input\":{\"@type\":\"PropertyValueSpecification\",\"valueRequired\":true,\"valueName\":\"search_term_string\"}}],\"inLanguage\":\"tr\"},{\"@type\":\"Person\",\"@id\":\"https:\\\/\\\/kibrisdakik.com\\\/#\\\/schema\\\/person\\\/9cd9d437bbb44f72b73ba127e06d8e79\",\"name\":\"admin\",\"image\":{\"@type\":\"ImageObject\",\"inLanguage\":\"tr\",\"@id\":\"https:\\\/\\\/secure.gravatar.com\\\/avatar\\\/ccc17943b9d660506c869530f897617f7cb1c21a4bf30023f252596d83e1f007?s=96&d=mm&r=g\",\"url\":\"https:\\\/\\\/secure.gravatar.com\\\/avatar\\\/ccc17943b9d660506c869530f897617f7cb1c21a4bf30023f252596d83e1f007?s=96&d=mm&r=g\",\"contentUrl\":\"https:\\\/\\\/secure.gravatar.com\\\/avatar\\\/ccc17943b9d660506c869530f897617f7cb1c21a4bf30023f252596d83e1f007?s=96&d=mm&r=g\",\"caption\":\"admin\"},\"sameAs\":[\"https:\\\/\\\/kibrisdakik.com\"],\"url\":\"https:\\\/\\\/kibrisdakik.com\\\/?author=1\"}]}<\/script>\n<!-- \/ Yoast SEO plugin. -->","yoast_head_json":{"title":"Dikmen\u2019de sakin 73 ya\u015f\u0131ndaki Nevin Y\u0131k\u0131k, o\u011flunun evinde aniden rahats\u0131zlanarak ya\u015fam\u0131n\u0131 yitirdi -","robots":{"index":"index","follow":"follow","max-snippet":"max-snippet:-1","max-image-preview":"max-image-preview:large","max-video-preview":"max-video-preview:-1"},"canonical":"https:\/\/kibrisdakik.com\/?p=56283","og_locale":"tr_TR","og_type":"article","og_title":"Dikmen\u2019de sakin 73 ya\u015f\u0131ndaki Nevin Y\u0131k\u0131k, o\u011flunun evinde aniden rahats\u0131zlanarak ya\u015fam\u0131n\u0131 yitirdi -","og_description":"Dikmen\u2019de sakin 73 ya\u015f\u0131ndaki Nevin Y\u0131k\u0131k, bu sabah G\u00f6nyeli\u2019de o\u011flunun evinde aniden rahats\u0131zlanarak ya\u015fam\u0131n\u0131 yitirdi. Polisten verilen bilgiye g\u00f6re. yap\u0131lan otopsisinde \u00f6l\u00fcm sebebinin \u201cAterosklerotik Kalp Hastal\u0131\u011f\u0131, Dissekanaort, Anevrizna R\u00fcpt\u00fcr\u00fc, Kalp Tamponadi\u201d oldu\u011fu tespit edildi. Olayla ilgili polis soru\u015fturmas\u0131 devam ediyor.","og_url":"https:\/\/kibrisdakik.com\/?p=56283","article_published_time":"2024-08-22T18:18:31+00:00","og_image":[{"width":460,"height":276,"url":"https:\/\/kibrisdakik.com\/wp-content\/uploads\/2024\/06\/olum30.jpg","type":"image\/jpeg"}],"author":"admin","twitter_card":"summary_large_image","twitter_misc":{"Yazan:":"admin"},"schema":{"@context":"https:\/\/schema.org","@graph":[{"@type":"Article","@id":"https:\/\/kibrisdakik.com\/?p=56283#article","isPartOf":{"@id":"https:\/\/kibrisdakik.com\/?p=56283"},"author":{"name":"admin","@id":"https:\/\/kibrisdakik.com\/#\/schema\/person\/9cd9d437bbb44f72b73ba127e06d8e79"},"headline":"Dikmen\u2019de sakin 73 ya\u015f\u0131ndaki Nevin Y\u0131k\u0131k, o\u011flunun evinde aniden rahats\u0131zlanarak ya\u015fam\u0131n\u0131 yitirdi","datePublished":"2024-08-22T18:18:31+00:00","mainEntityOfPage":{"@id":"https:\/\/kibrisdakik.com\/?p=56283"},"wordCount":75,"commentCount":0,"image":{"@id":"https:\/\/kibrisdakik.com\/?p=56283#primaryimage"},"thumbnailUrl":"https:\/\/kibrisdakik.com\/wp-content\/uploads\/2024\/06\/olum30.jpg","articleSection":["G\u00fcndem"],"inLanguage":"tr","potentialAction":[{"@type":"CommentAction","name":"Comment","target":["https:\/\/kibrisdakik.com\/?p=56283#respond"]}]},{"@type":"WebPage","@id":"https:\/\/kibrisdakik.com\/?p=56283","url":"https:\/\/kibrisdakik.com\/?p=56283","name":"Dikmen\u2019de sakin 73 ya\u015f\u0131ndaki Nevin Y\u0131k\u0131k, o\u011flunun evinde aniden rahats\u0131zlanarak ya\u015fam\u0131n\u0131 yitirdi -","isPartOf":{"@id":"https:\/\/kibrisdakik.com\/#website"},"primaryImageOfPage":{"@id":"https:\/\/kibrisdakik.com\/?p=56283#primaryimage"},"image":{"@id":"https:\/\/kibrisdakik.com\/?p=56283#primaryimage"},"thumbnailUrl":"https:\/\/kibrisdakik.com\/wp-content\/uploads\/2024\/06\/olum30.jpg","datePublished":"2024-08-22T18:18:31+00:00","author":{"@id":"https:\/\/kibrisdakik.com\/#\/schema\/person\/9cd9d437bbb44f72b73ba127e06d8e79"},"breadcrumb":{"@id":"https:\/\/kibrisdakik.com\/?p=56283#breadcrumb"},"inLanguage":"tr","potentialAction":[{"@type":"ReadAction","target":["https:\/\/kibrisdakik.com\/?p=56283"]}]},{"@type":"ImageObject","inLanguage":"tr","@id":"https:\/\/kibrisdakik.com\/?p=56283#primaryimage","url":"https:\/\/kibrisdakik.com\/wp-content\/uploads\/2024\/06\/olum30.jpg","contentUrl":"https:\/\/kibrisdakik.com\/wp-content\/uploads\/2024\/06\/olum30.jpg","width":460,"height":276},{"@type":"BreadcrumbList","@id":"https:\/\/kibrisdakik.com\/?p=56283#breadcrumb","itemListElement":[{"@type":"ListItem","position":1,"name":"Home","item":"https:\/\/kibrisdakik.com\/"},{"@type":"ListItem","position":2,"name":"Dikmen\u2019de sakin 73 ya\u015f\u0131ndaki Nevin Y\u0131k\u0131k, o\u011flunun evinde aniden rahats\u0131zlanarak ya\u015fam\u0131n\u0131 yitirdi"}]},{"@type":"WebSite","@id":"https:\/\/kibrisdakik.com\/#website","url":"https:\/\/kibrisdakik.com\/","name":"","description":"Tam vaktinde haber","potentialAction":[{"@type":"SearchAction","target":{"@type":"EntryPoint","urlTemplate":"https:\/\/kibrisdakik.com\/?s={search_term_string}"},"query-input":{"@type":"PropertyValueSpecification","valueRequired":true,"valueName":"search_term_string"}}],"inLanguage":"tr"},{"@type":"Person","@id":"https:\/\/kibrisdakik.com\/#\/schema\/person\/9cd9d437bbb44f72b73ba127e06d8e79","name":"admin","image":{"@type":"ImageObject","inLanguage":"tr","@id":"https:\/\/secure.gravatar.com\/avatar\/ccc17943b9d660506c869530f897617f7cb1c21a4bf30023f252596d83e1f007?s=96&d=mm&r=g","url":"https:\/\/secure.gravatar.com\/avatar\/ccc17943b9d660506c869530f897617f7cb1c21a4bf30023f252596d83e1f007?s=96&d=mm&r=g","contentUrl":"https:\/\/secure.gravatar.com\/avatar\/ccc17943b9d660506c869530f897617f7cb1c21a4bf30023f252596d83e1f007?s=96&d=mm&r=g","caption":"admin"},"sameAs":["https:\/\/kibrisdakik.com"],"url":"https:\/\/kibrisdakik.com\/?author=1"}]}},"_links":{"self":[{"href":"https:\/\/kibrisdakik.com\/index.php?rest_route=\/wp\/v2\/posts\/56283","targetHints":{"allow":["GET"]}}],"collection":[{"href":"https:\/\/kibrisdakik.com\/index.php?rest_route=\/wp\/v2\/posts"}],"about":[{"href":"https:\/\/kibrisdakik.com\/index.php?rest_route=\/wp\/v2\/types\/post"}],"author":[{"embeddable":true,"href":"https:\/\/kibrisdakik.com\/index.php?rest_route=\/wp\/v2\/users\/1"}],"replies":[{"embeddable":true,"href":"https:\/\/kibrisdakik.com\/index.php?rest_route=%2Fwp%2Fv2%2Fcomments&post=56283"}],"version-history":[{"count":0,"href":"https:\/\/kibrisdakik.com\/index.php?rest_route=\/wp\/v2\/posts\/56283\/revisions"}],"wp:featuredmedia":[{"embeddable":true,"href":"https:\/\/kibrisdakik.com\/index.php?rest_route=\/wp\/v2\/media\/47485"}],"wp:attachment":[{"href":"https:\/\/kibrisdakik.com\/index.php?rest_route=%2Fwp%2Fv2%2Fmedia&parent=56283"}],"wp:term":[{"taxonomy":"category","embeddable":true,"href":"https:\/\/kibrisdakik.com\/index.php?rest_route=%2Fwp%2Fv2%2Fcategories&post=56283"},{"taxonomy":"post_tag","embeddable":true,"href":"https:\/\/kibrisdakik.com\/index.php?rest_route=%2Fwp%2Fv2%2Ftags&post=56283"}],"curies":[{"name":"wp","href":"https:\/\/api.w.org\/{rel}","templated":true}]}}