{"id":56291,"date":"2024-08-22T23:35:19","date_gmt":"2024-08-22T20:35:19","guid":{"rendered":"https:\/\/kibrisdakik.com\/index.php\/2024\/08\/22\/istanbulda-9-katli-otelde-yangin-cikti-vatandaslar-tahliye-edildi\/"},"modified":"2024-08-22T23:35:19","modified_gmt":"2024-08-22T20:35:19","slug":"istanbulda-9-katli-otelde-yangin-cikti-vatandaslar-tahliye-edildi","status":"publish","type":"post","link":"https:\/\/kibrisdakik.com\/?p=56291","title":{"rendered":"\u0130stanbul&#8217;da 9 katl\u0131 otelde yang\u0131n \u00e7\u0131kt\u0131, vatanda\u015flar tahliye edildi"},"content":{"rendered":"<p><\/p>\n<div id=\"\">\n<p> <a class=\"keyword\" href=\"https:\/\/www.haberler.com\/istanbul\/\" title=\"\u0130stanbul Haberleri, \u0130stanbul Haberi, \u0130stanbul Haber\"><strong>\u0130stanbul<\/strong><\/a> Beyo\u011flu&#8217;nda, 9 katl\u0131 bir otelde yang\u0131n \u00e7\u0131kt\u0131. K\u0131sa s\u00fcrede olay yerine ula\u015fan itfaiye ekipleri yang\u0131n\u0131 s\u00f6nd\u00fcrd\u00fc.<\/p>\n<p>S\u0131raselviler Caddesi&#8217;ndeki 9 katl\u0131 otelde hen\u00fcz belirlenemeyen nedenle yang\u0131n \u00e7\u0131kt\u0131. \u0130hbar \u00fczerine b\u00f6lgeye \u00e7ok say\u0131da polis, sa\u011fl\u0131k ve itfaiye ekibi sevk edildi.<\/p>\n<p><img loading=\"lazy\" decoding=\"async\" class=\"hbptMainImage lazyload ImgDetay\" src=\"https:\/\/foto.haberler.com\/haber\/2024\/08\/22\/beyoglu-nda-9-katli-otelde-yangin-cikti-17746829_o.jpg\" alt=\"\u0130stanbul'da 9 katl\u0131 otelde yang\u0131n \u00e7\u0131kt\u0131, vatanda\u015flar tahliye edildi\" width=\"640\" height=\"389\"\/><\/p>\n<h3>OTELDEK\u0130 M\u0130SAF\u0130RLER TAHL\u0130YE ED\u0130LD\u0130<\/h3>\n<p>Yo\u011fun duman\u0131n y\u00fckseldi\u011fi otelde konaklayanlar\u0131n baz\u0131lar\u0131 kendi imkanlar\u0131yla \u00e7\u0131karken, geri kalanlar\u0131 ekipler \u00e7\u0131kard\u0131. Yang\u0131nda dumandan etkilenenlere sa\u011fl\u0131k ekipleri ambulansta m\u00fcdahalede bulundu. \u0130tfaiye ekipleri yang\u0131n\u0131 s\u00f6nd\u00fcr\u00fcrken, so\u011futma ve duman tahliye i\u015flemleri s\u00fcr\u00fcyor.<\/p>\n<p><img loading=\"lazy\" decoding=\"async\" class=\"hbptMainImage lazyload ImgDetay\" src=\"https:\/\/foto.haberler.com\/haber\/2024\/08\/22\/beyoglu-nda-9-katli-otelde-yangin-cikti-3-17746829_o.jpg\" alt=\"\u0130stanbul'da 9 katl\u0131 otelde yang\u0131n \u00e7\u0131kt\u0131, vatanda\u015flar tahliye edildi\" width=\"640\" height=\"360\"\/><\/p>\n<h4 id=\"nwsKeywords\"> <a href=\"https:\/\/www.haberler.com\/istanbul\/\" title=\"\u0130stanbul\" class=\"hbptTag\">\u0130stanbul<\/a>  <a href=\"https:\/\/www.haberler.com\/itfaiye\/\" title=\"\u0130tfaiye\" class=\"hbptTag\">\u0130tfaiye<\/a>  <a href=\"https:\/\/www.haberler.com\/beyoglu\/\" title=\"Beyo\u011flu\" class=\"hbptTag\">Beyo\u011flu<\/a>  <a href=\"https:\/\/www.haberler.com\/guvenlik\/\" title=\"G\u00fcvenlik\" class=\"hbptTag\">G\u00fcvenlik<\/a>  <a href=\"https:\/\/www.haberler.com\/acil-durum\/\" title=\"Acil Durum\" class=\"hbptTag\">Acil Durum<\/a>  <a href=\"https:\/\/www.haberler.com\/yasam\/\" title=\"Ya\u015fam\" class=\"hbptTag\">Ya\u015fam<\/a>  <a href=\"https:\/\/www.haberler.com\/guncel\/\" title=\"G\u00fcncel\" class=\"hbptTag\">G\u00fcncel<\/a>  <a href=\"https:\/\/www.haberler.com\/\" title=\"Haberler\" class=\"hbptTag\">Haberler<\/a> <\/h4>\n<\/div>\n","protected":false},"excerpt":{"rendered":"<p>\u0130stanbul Beyo\u011flu&#8217;nda, 9 katl\u0131 bir otelde yang\u0131n \u00e7\u0131kt\u0131. K\u0131sa s\u00fcrede olay yerine ula\u015fan itfaiye ekipleri yang\u0131n\u0131 s\u00f6nd\u00fcrd\u00fc. S\u0131raselviler Caddesi&#8217;ndeki 9 katl\u0131 otelde hen\u00fcz belirlenemeyen nedenle yang\u0131n \u00e7\u0131kt\u0131. \u0130hbar \u00fczerine b\u00f6lgeye \u00e7ok say\u0131da polis, sa\u011fl\u0131k ve itfaiye ekibi sevk edildi. OTELDEK\u0130 M\u0130SAF\u0130RLER TAHL\u0130YE ED\u0130LD\u0130 Yo\u011fun duman\u0131n y\u00fckseldi\u011fi otelde konaklayanlar\u0131n baz\u0131lar\u0131 kendi imkanlar\u0131yla \u00e7\u0131karken, geri kalanlar\u0131 ekipler<\/p>\n","protected":false},"author":1,"featured_media":56292,"comment_status":"open","ping_status":"open","sticky":false,"template":"","format":"standard","meta":{"footnotes":""},"categories":[83],"tags":[],"class_list":["post-56291","post","type-post","status-publish","format-standard","has-post-thumbnail","hentry","category-magazin"],"yoast_head":"<!-- This site is optimized with the Yoast SEO plugin v27.4 - https:\/\/yoast.com\/product\/yoast-seo-wordpress\/ -->\n<title>\u0130stanbul&#039;da 9 katl\u0131 otelde yang\u0131n \u00e7\u0131kt\u0131, vatanda\u015flar tahliye edildi -<\/title>\n<meta name=\"robots\" content=\"index, follow, max-snippet:-1, max-image-preview:large, max-video-preview:-1\" \/>\n<link rel=\"canonical\" href=\"https:\/\/kibrisdakik.com\/?p=56291\" \/>\n<meta property=\"og:locale\" content=\"tr_TR\" \/>\n<meta property=\"og:type\" content=\"article\" \/>\n<meta property=\"og:title\" content=\"\u0130stanbul&#039;da 9 katl\u0131 otelde yang\u0131n \u00e7\u0131kt\u0131, vatanda\u015flar tahliye edildi -\" \/>\n<meta property=\"og:description\" content=\"\u0130stanbul Beyo\u011flu&#8217;nda, 9 katl\u0131 bir otelde yang\u0131n \u00e7\u0131kt\u0131. K\u0131sa s\u00fcrede olay yerine ula\u015fan itfaiye ekipleri yang\u0131n\u0131 s\u00f6nd\u00fcrd\u00fc. S\u0131raselviler Caddesi&#8217;ndeki 9 katl\u0131 otelde hen\u00fcz belirlenemeyen nedenle yang\u0131n \u00e7\u0131kt\u0131. \u0130hbar \u00fczerine b\u00f6lgeye \u00e7ok say\u0131da polis, sa\u011fl\u0131k ve itfaiye ekibi sevk edildi. OTELDEK\u0130 M\u0130SAF\u0130RLER TAHL\u0130YE ED\u0130LD\u0130 Yo\u011fun duman\u0131n y\u00fckseldi\u011fi otelde konaklayanlar\u0131n baz\u0131lar\u0131 kendi imkanlar\u0131yla \u00e7\u0131karken, geri kalanlar\u0131 ekipler\" \/>\n<meta property=\"og:url\" content=\"https:\/\/kibrisdakik.com\/?p=56291\" \/>\n<meta property=\"article:published_time\" content=\"2024-08-22T20:35:19+00:00\" \/>\n<meta property=\"og:image\" content=\"https:\/\/kibrisdakik.com\/wp-content\/uploads\/2024\/08\/beyoglu-nda-9-katli-otelde-yangin-cikti-17746829_o.jpg\" \/>\n\t<meta property=\"og:image:width\" content=\"640\" \/>\n\t<meta property=\"og:image:height\" content=\"388\" \/>\n\t<meta property=\"og:image:type\" content=\"image\/jpeg\" \/>\n<meta name=\"author\" content=\"admin\" \/>\n<meta name=\"twitter:card\" content=\"summary_large_image\" \/>\n<meta name=\"twitter:label1\" content=\"Yazan:\" \/>\n\t<meta name=\"twitter:data1\" content=\"admin\" \/>\n\t<meta name=\"twitter:label2\" content=\"Tahmini okuma s\u00fcresi\" \/>\n\t<meta name=\"twitter:data2\" content=\"1 dakika\" \/>\n<script type=\"application\/ld+json\" class=\"yoast-schema-graph\">{\"@context\":\"https:\\\/\\\/schema.org\",\"@graph\":[{\"@type\":\"Article\",\"@id\":\"https:\\\/\\\/kibrisdakik.com\\\/?p=56291#article\",\"isPartOf\":{\"@id\":\"https:\\\/\\\/kibrisdakik.com\\\/?p=56291\"},\"author\":{\"name\":\"admin\",\"@id\":\"https:\\\/\\\/kibrisdakik.com\\\/#\\\/schema\\\/person\\\/9cd9d437bbb44f72b73ba127e06d8e79\"},\"headline\":\"\u0130stanbul&#8217;da 9 katl\u0131 otelde yang\u0131n \u00e7\u0131kt\u0131, vatanda\u015flar tahliye edildi\",\"datePublished\":\"2024-08-22T20:35:19+00:00\",\"mainEntityOfPage\":{\"@id\":\"https:\\\/\\\/kibrisdakik.com\\\/?p=56291\"},\"wordCount\":133,\"commentCount\":0,\"image\":{\"@id\":\"https:\\\/\\\/kibrisdakik.com\\\/?p=56291#primaryimage\"},\"thumbnailUrl\":\"https:\\\/\\\/kibrisdakik.com\\\/wp-content\\\/uploads\\\/2024\\\/08\\\/beyoglu-nda-9-katli-otelde-yangin-cikti-17746829_o.jpg\",\"articleSection\":[\"Magazin\"],\"inLanguage\":\"tr\",\"potentialAction\":[{\"@type\":\"CommentAction\",\"name\":\"Comment\",\"target\":[\"https:\\\/\\\/kibrisdakik.com\\\/?p=56291#respond\"]}]},{\"@type\":\"WebPage\",\"@id\":\"https:\\\/\\\/kibrisdakik.com\\\/?p=56291\",\"url\":\"https:\\\/\\\/kibrisdakik.com\\\/?p=56291\",\"name\":\"\u0130stanbul'da 9 katl\u0131 otelde yang\u0131n \u00e7\u0131kt\u0131, vatanda\u015flar tahliye edildi -\",\"isPartOf\":{\"@id\":\"https:\\\/\\\/kibrisdakik.com\\\/#website\"},\"primaryImageOfPage\":{\"@id\":\"https:\\\/\\\/kibrisdakik.com\\\/?p=56291#primaryimage\"},\"image\":{\"@id\":\"https:\\\/\\\/kibrisdakik.com\\\/?p=56291#primaryimage\"},\"thumbnailUrl\":\"https:\\\/\\\/kibrisdakik.com\\\/wp-content\\\/uploads\\\/2024\\\/08\\\/beyoglu-nda-9-katli-otelde-yangin-cikti-17746829_o.jpg\",\"datePublished\":\"2024-08-22T20:35:19+00:00\",\"author\":{\"@id\":\"https:\\\/\\\/kibrisdakik.com\\\/#\\\/schema\\\/person\\\/9cd9d437bbb44f72b73ba127e06d8e79\"},\"breadcrumb\":{\"@id\":\"https:\\\/\\\/kibrisdakik.com\\\/?p=56291#breadcrumb\"},\"inLanguage\":\"tr\",\"potentialAction\":[{\"@type\":\"ReadAction\",\"target\":[\"https:\\\/\\\/kibrisdakik.com\\\/?p=56291\"]}]},{\"@type\":\"ImageObject\",\"inLanguage\":\"tr\",\"@id\":\"https:\\\/\\\/kibrisdakik.com\\\/?p=56291#primaryimage\",\"url\":\"https:\\\/\\\/kibrisdakik.com\\\/wp-content\\\/uploads\\\/2024\\\/08\\\/beyoglu-nda-9-katli-otelde-yangin-cikti-17746829_o.jpg\",\"contentUrl\":\"https:\\\/\\\/kibrisdakik.com\\\/wp-content\\\/uploads\\\/2024\\\/08\\\/beyoglu-nda-9-katli-otelde-yangin-cikti-17746829_o.jpg\",\"width\":640,\"height\":388},{\"@type\":\"BreadcrumbList\",\"@id\":\"https:\\\/\\\/kibrisdakik.com\\\/?p=56291#breadcrumb\",\"itemListElement\":[{\"@type\":\"ListItem\",\"position\":1,\"name\":\"Home\",\"item\":\"https:\\\/\\\/kibrisdakik.com\\\/\"},{\"@type\":\"ListItem\",\"position\":2,\"name\":\"\u0130stanbul&#8217;da 9 katl\u0131 otelde yang\u0131n \u00e7\u0131kt\u0131, vatanda\u015flar tahliye edildi\"}]},{\"@type\":\"WebSite\",\"@id\":\"https:\\\/\\\/kibrisdakik.com\\\/#website\",\"url\":\"https:\\\/\\\/kibrisdakik.com\\\/\",\"name\":\"\",\"description\":\"Tam vaktinde haber\",\"potentialAction\":[{\"@type\":\"SearchAction\",\"target\":{\"@type\":\"EntryPoint\",\"urlTemplate\":\"https:\\\/\\\/kibrisdakik.com\\\/?s={search_term_string}\"},\"query-input\":{\"@type\":\"PropertyValueSpecification\",\"valueRequired\":true,\"valueName\":\"search_term_string\"}}],\"inLanguage\":\"tr\"},{\"@type\":\"Person\",\"@id\":\"https:\\\/\\\/kibrisdakik.com\\\/#\\\/schema\\\/person\\\/9cd9d437bbb44f72b73ba127e06d8e79\",\"name\":\"admin\",\"image\":{\"@type\":\"ImageObject\",\"inLanguage\":\"tr\",\"@id\":\"https:\\\/\\\/secure.gravatar.com\\\/avatar\\\/ccc17943b9d660506c869530f897617f7cb1c21a4bf30023f252596d83e1f007?s=96&d=mm&r=g\",\"url\":\"https:\\\/\\\/secure.gravatar.com\\\/avatar\\\/ccc17943b9d660506c869530f897617f7cb1c21a4bf30023f252596d83e1f007?s=96&d=mm&r=g\",\"contentUrl\":\"https:\\\/\\\/secure.gravatar.com\\\/avatar\\\/ccc17943b9d660506c869530f897617f7cb1c21a4bf30023f252596d83e1f007?s=96&d=mm&r=g\",\"caption\":\"admin\"},\"sameAs\":[\"https:\\\/\\\/kibrisdakik.com\"],\"url\":\"https:\\\/\\\/kibrisdakik.com\\\/?author=1\"}]}<\/script>\n<!-- \/ Yoast SEO plugin. -->","yoast_head_json":{"title":"\u0130stanbul'da 9 katl\u0131 otelde yang\u0131n \u00e7\u0131kt\u0131, vatanda\u015flar tahliye edildi -","robots":{"index":"index","follow":"follow","max-snippet":"max-snippet:-1","max-image-preview":"max-image-preview:large","max-video-preview":"max-video-preview:-1"},"canonical":"https:\/\/kibrisdakik.com\/?p=56291","og_locale":"tr_TR","og_type":"article","og_title":"\u0130stanbul'da 9 katl\u0131 otelde yang\u0131n \u00e7\u0131kt\u0131, vatanda\u015flar tahliye edildi -","og_description":"\u0130stanbul Beyo\u011flu&#8217;nda, 9 katl\u0131 bir otelde yang\u0131n \u00e7\u0131kt\u0131. K\u0131sa s\u00fcrede olay yerine ula\u015fan itfaiye ekipleri yang\u0131n\u0131 s\u00f6nd\u00fcrd\u00fc. S\u0131raselviler Caddesi&#8217;ndeki 9 katl\u0131 otelde hen\u00fcz belirlenemeyen nedenle yang\u0131n \u00e7\u0131kt\u0131. \u0130hbar \u00fczerine b\u00f6lgeye \u00e7ok say\u0131da polis, sa\u011fl\u0131k ve itfaiye ekibi sevk edildi. OTELDEK\u0130 M\u0130SAF\u0130RLER TAHL\u0130YE ED\u0130LD\u0130 Yo\u011fun duman\u0131n y\u00fckseldi\u011fi otelde konaklayanlar\u0131n baz\u0131lar\u0131 kendi imkanlar\u0131yla \u00e7\u0131karken, geri kalanlar\u0131 ekipler","og_url":"https:\/\/kibrisdakik.com\/?p=56291","article_published_time":"2024-08-22T20:35:19+00:00","og_image":[{"width":640,"height":388,"url":"https:\/\/kibrisdakik.com\/wp-content\/uploads\/2024\/08\/beyoglu-nda-9-katli-otelde-yangin-cikti-17746829_o.jpg","type":"image\/jpeg"}],"author":"admin","twitter_card":"summary_large_image","twitter_misc":{"Yazan:":"admin","Tahmini okuma s\u00fcresi":"1 dakika"},"schema":{"@context":"https:\/\/schema.org","@graph":[{"@type":"Article","@id":"https:\/\/kibrisdakik.com\/?p=56291#article","isPartOf":{"@id":"https:\/\/kibrisdakik.com\/?p=56291"},"author":{"name":"admin","@id":"https:\/\/kibrisdakik.com\/#\/schema\/person\/9cd9d437bbb44f72b73ba127e06d8e79"},"headline":"\u0130stanbul&#8217;da 9 katl\u0131 otelde yang\u0131n \u00e7\u0131kt\u0131, vatanda\u015flar tahliye edildi","datePublished":"2024-08-22T20:35:19+00:00","mainEntityOfPage":{"@id":"https:\/\/kibrisdakik.com\/?p=56291"},"wordCount":133,"commentCount":0,"image":{"@id":"https:\/\/kibrisdakik.com\/?p=56291#primaryimage"},"thumbnailUrl":"https:\/\/kibrisdakik.com\/wp-content\/uploads\/2024\/08\/beyoglu-nda-9-katli-otelde-yangin-cikti-17746829_o.jpg","articleSection":["Magazin"],"inLanguage":"tr","potentialAction":[{"@type":"CommentAction","name":"Comment","target":["https:\/\/kibrisdakik.com\/?p=56291#respond"]}]},{"@type":"WebPage","@id":"https:\/\/kibrisdakik.com\/?p=56291","url":"https:\/\/kibrisdakik.com\/?p=56291","name":"\u0130stanbul'da 9 katl\u0131 otelde yang\u0131n \u00e7\u0131kt\u0131, vatanda\u015flar tahliye edildi -","isPartOf":{"@id":"https:\/\/kibrisdakik.com\/#website"},"primaryImageOfPage":{"@id":"https:\/\/kibrisdakik.com\/?p=56291#primaryimage"},"image":{"@id":"https:\/\/kibrisdakik.com\/?p=56291#primaryimage"},"thumbnailUrl":"https:\/\/kibrisdakik.com\/wp-content\/uploads\/2024\/08\/beyoglu-nda-9-katli-otelde-yangin-cikti-17746829_o.jpg","datePublished":"2024-08-22T20:35:19+00:00","author":{"@id":"https:\/\/kibrisdakik.com\/#\/schema\/person\/9cd9d437bbb44f72b73ba127e06d8e79"},"breadcrumb":{"@id":"https:\/\/kibrisdakik.com\/?p=56291#breadcrumb"},"inLanguage":"tr","potentialAction":[{"@type":"ReadAction","target":["https:\/\/kibrisdakik.com\/?p=56291"]}]},{"@type":"ImageObject","inLanguage":"tr","@id":"https:\/\/kibrisdakik.com\/?p=56291#primaryimage","url":"https:\/\/kibrisdakik.com\/wp-content\/uploads\/2024\/08\/beyoglu-nda-9-katli-otelde-yangin-cikti-17746829_o.jpg","contentUrl":"https:\/\/kibrisdakik.com\/wp-content\/uploads\/2024\/08\/beyoglu-nda-9-katli-otelde-yangin-cikti-17746829_o.jpg","width":640,"height":388},{"@type":"BreadcrumbList","@id":"https:\/\/kibrisdakik.com\/?p=56291#breadcrumb","itemListElement":[{"@type":"ListItem","position":1,"name":"Home","item":"https:\/\/kibrisdakik.com\/"},{"@type":"ListItem","position":2,"name":"\u0130stanbul&#8217;da 9 katl\u0131 otelde yang\u0131n \u00e7\u0131kt\u0131, vatanda\u015flar tahliye edildi"}]},{"@type":"WebSite","@id":"https:\/\/kibrisdakik.com\/#website","url":"https:\/\/kibrisdakik.com\/","name":"","description":"Tam vaktinde haber","potentialAction":[{"@type":"SearchAction","target":{"@type":"EntryPoint","urlTemplate":"https:\/\/kibrisdakik.com\/?s={search_term_string}"},"query-input":{"@type":"PropertyValueSpecification","valueRequired":true,"valueName":"search_term_string"}}],"inLanguage":"tr"},{"@type":"Person","@id":"https:\/\/kibrisdakik.com\/#\/schema\/person\/9cd9d437bbb44f72b73ba127e06d8e79","name":"admin","image":{"@type":"ImageObject","inLanguage":"tr","@id":"https:\/\/secure.gravatar.com\/avatar\/ccc17943b9d660506c869530f897617f7cb1c21a4bf30023f252596d83e1f007?s=96&d=mm&r=g","url":"https:\/\/secure.gravatar.com\/avatar\/ccc17943b9d660506c869530f897617f7cb1c21a4bf30023f252596d83e1f007?s=96&d=mm&r=g","contentUrl":"https:\/\/secure.gravatar.com\/avatar\/ccc17943b9d660506c869530f897617f7cb1c21a4bf30023f252596d83e1f007?s=96&d=mm&r=g","caption":"admin"},"sameAs":["https:\/\/kibrisdakik.com"],"url":"https:\/\/kibrisdakik.com\/?author=1"}]}},"_links":{"self":[{"href":"https:\/\/kibrisdakik.com\/index.php?rest_route=\/wp\/v2\/posts\/56291","targetHints":{"allow":["GET"]}}],"collection":[{"href":"https:\/\/kibrisdakik.com\/index.php?rest_route=\/wp\/v2\/posts"}],"about":[{"href":"https:\/\/kibrisdakik.com\/index.php?rest_route=\/wp\/v2\/types\/post"}],"author":[{"embeddable":true,"href":"https:\/\/kibrisdakik.com\/index.php?rest_route=\/wp\/v2\/users\/1"}],"replies":[{"embeddable":true,"href":"https:\/\/kibrisdakik.com\/index.php?rest_route=%2Fwp%2Fv2%2Fcomments&post=56291"}],"version-history":[{"count":0,"href":"https:\/\/kibrisdakik.com\/index.php?rest_route=\/wp\/v2\/posts\/56291\/revisions"}],"wp:featuredmedia":[{"embeddable":true,"href":"https:\/\/kibrisdakik.com\/index.php?rest_route=\/wp\/v2\/media\/56292"}],"wp:attachment":[{"href":"https:\/\/kibrisdakik.com\/index.php?rest_route=%2Fwp%2Fv2%2Fmedia&parent=56291"}],"wp:term":[{"taxonomy":"category","embeddable":true,"href":"https:\/\/kibrisdakik.com\/index.php?rest_route=%2Fwp%2Fv2%2Fcategories&post=56291"},{"taxonomy":"post_tag","embeddable":true,"href":"https:\/\/kibrisdakik.com\/index.php?rest_route=%2Fwp%2Fv2%2Ftags&post=56291"}],"curies":[{"name":"wp","href":"https:\/\/api.w.org\/{rel}","templated":true}]}}