{"id":56328,"date":"2024-08-23T09:55:19","date_gmt":"2024-08-23T06:55:19","guid":{"rendered":"https:\/\/kibrisdakik.com\/index.php\/2024\/08\/23\/ozcan-deniz-bir-cocuk-daha-istemiyorum-dedi-genc-esi-samar-dadgardan-cevap-gecikmedi\/"},"modified":"2024-08-23T09:55:19","modified_gmt":"2024-08-23T06:55:19","slug":"ozcan-deniz-bir-cocuk-daha-istemiyorum-dedi-genc-esi-samar-dadgardan-cevap-gecikmedi","status":"publish","type":"post","link":"https:\/\/kibrisdakik.com\/?p=56328","title":{"rendered":"\u00d6zcan Deniz &#8220;Bir \u00e7ocuk daha istemiyorum&#8221; dedi, gen\u00e7 e\u015fi Samar Dadgar&#8217;dan cevap gecikmedi"},"content":{"rendered":"<p><\/p>\n<div id=\"\">\n<p>O\u011flunun annesi Feyza Aktan ile olayl\u0131 bir \u015fekilde bo\u015fanan \u015fark\u0131c\u0131 \u00d6zcan Deniz, ge\u00e7ti\u011fimiz sene \u0130ranl\u0131 modac\u0131 Samar Dadgar ile nikah masas\u0131na oturdu. \u00d6nceki g\u00fcn e\u015finin do\u011fum g\u00fcn\u00fcnde konu\u015fan Deniz, bir \u00e7ocuk daha istemedi\u011fini s\u00f6yledi. Deniz s\u00f6zlerinden dolay\u0131 tepki \u00e7ekerken e\u015finden de a\u00e7\u0131klama gecikmedi.<\/p>\n<h3>DEN\u0130Z: B\u0130R \u00c7OCUK DAHA \u0130STEM\u0130YORUM<\/h3>\n<p>\u00d6zcan Deniz, e\u015finin 30&#8217;uncu ya\u015f\u0131n\u0131 kutlad\u0131klar\u0131 gecede &#8220;Yeniden baba olmak ister misiniz?&#8221; sorusuna &#8220;53 ya\u015f\u0131nday\u0131m. E\u015fim Samar ve o\u011flum benim \u00f6mr\u00fcm. Ka\u00e7 sene daha onlara e\u015flik ederim bilmiyorum. Onlar gen\u00e7ken ben ya\u015fl\u0131 olmak istemiyorum. O y\u00fczden de bir \u00e7ocuk daha d\u00fcnyaya getirip, o 10&#8217;lu ya\u015flar\u0131ndayken, ben 70&#8217;lerime dayanmak istemiyorum. Bunu g\u00f6ze alam\u0131yorum ama Samar gen\u00e7 bir kad\u0131n, benim can\u0131m, ci\u011ferim. &#8216;Hayat&#8217; diyelim&#8230; Onun hakk\u0131&#8221; cevab\u0131n\u0131 verdi. <\/p>\n<p><img loading=\"lazy\" decoding=\"async\" class=\"hbptMainImage lazyload ImgDetay\" src=\"https:\/\/foto.haberler.com\/haber\/2024\/08\/23\/ozcan-deniz-bir-cocuk-daha-istemiyorum-dedi-17747262_7351_m.jpg\" alt=\"\u00d6zcan Deniz 'Bir \u00e7ocuk daha istemiyorum' dedi, gen\u00e7 e\u015fi Samar Dadgar'dan cevap gecikmedi\" width=\"640\" height=\"360\"\/><\/p>\n<h3>DADGAR: HER KADIN ANNE OLMAK ZORUNDA DE\u011e\u0130L<\/h3>\n<p>Deniz s\u00f6zlerinden dolay\u0131 tepki \u00e7ekerken e\u015finden de a\u00e7\u0131klama gecikmedi. Instagram hesab\u0131ndan yaz\u0131l\u0131 bir payla\u015f\u0131m yapan Samar Dadgar, \u015fu ifadeleri kulland\u0131: &#8220;Her kad\u0131n anne olmak zorunda de\u011fil. Her kad\u0131n anne olma duygusuyla yan\u0131p tutu\u015fmak zorunda de\u011fil. Her evlilik \u00e7ocukla ta\u00e7land\u0131r\u0131lmak zorunda de\u011fil. Bir \u00e7ocuk zaten var ve bizim can\u0131m\u0131z ci\u011ferimiz. \u0130ki taraf da birbirini seviyorsa ve \u00e7ocuk yapma hasreti yok ise benim taraf\u0131mdan bunu kad\u0131n haklar\u0131na ba\u011flamak ya da sen nas\u0131l istemezsin eninde sonunda isteyeceksin zorbal\u0131kla dikte edemezsiniz. Bazen baz\u0131 \u015feyler \u00e7ok mahremdir, \u00f6zeldir. Hasta de\u011filim ama ya hasta olsayd\u0131m ve \u00e7ocuk sahibi olamasayd\u0131m. Yapt\u0131\u011f\u0131n\u0131z yorumlar kad\u0131nlar\u0131 \u00fczen yorumlar. Herkesin, herkesin hayat\u0131na sayg\u0131 duymas\u0131 dile\u011fi ile sizleri seviyorum.&#8221;<\/p>\n<p><img loading=\"lazy\" decoding=\"async\" class=\"hbptMainImage lazyload ImgDetay\" src=\"https:\/\/foto.haberler.com\/haber\/2024\/08\/23\/ozcan-deniz-bir-cocuk-daha-istemiyorum-dedi-17747262_5247_m.jpg\" alt=\"\u00d6zcan Deniz 'Bir \u00e7ocuk daha istemiyorum' dedi, gen\u00e7 e\u015fi Samar Dadgar'dan cevap gecikmedi\" width=\"640\" height=\"800\"\/><\/p>\n<p><img loading=\"lazy\" decoding=\"async\" class=\"hbptMainImage lazyload ImgDetay\" src=\"https:\/\/foto.haberler.com\/haber\/2024\/08\/23\/ozcan-deniz-bir-cocuk-daha-istemiyorum-dedi-17747262_4722_m.jpg\" alt=\"\u00d6zcan Deniz 'Bir \u00e7ocuk daha istemiyorum' dedi, gen\u00e7 e\u015fi Samar Dadgar'dan cevap gecikmedi\" width=\"640\" height=\"800\"\/><\/p>\n<p><img loading=\"lazy\" decoding=\"async\" class=\"hbptMainImage lazyload ImgDetay\" src=\"https:\/\/foto.haberler.com\/haber\/2024\/08\/23\/ozcan-deniz-bir-cocuk-daha-istemiyorum-dedi-17747262_3241_m.jpg\" alt=\"\u00d6zcan Deniz 'Bir \u00e7ocuk daha istemiyorum' dedi, gen\u00e7 e\u015fi Samar Dadgar'dan cevap gecikmedi\" width=\"640\" height=\"800\"\/><\/p>\n<div class=\"orderFlex\">\n<div class=\"hbptItem imgtxtarea\">\n<div class=\"hbptAuthorImg\"><img decoding=\"async\" class=\"lazyload imgelips\" src=\"https:\/\/foto.haberler.com\/genel\/editor\/2024\/01\/11\/editor--168911.jpg\" alt=\"Ecem Altan\"\/><\/div>\n<\/div>\n<\/div>\n<h4 id=\"nwsKeywords\"> <a href=\"https:\/\/www.haberler.com\/magazin\/\" title=\"Magazin\" class=\"hbptTag\">Magazin<\/a>  <a href=\"https:\/\/www.haberler.com\/yasam\/\" title=\"Ya\u015fam\" class=\"hbptTag\">Ya\u015fam<\/a>  <a href=\"https:\/\/www.haberler.com\/\" title=\"Haberler\" class=\"hbptTag\">Haberler<\/a> <\/h4>\n<\/div>\n","protected":false},"excerpt":{"rendered":"<p>O\u011flunun annesi Feyza Aktan ile olayl\u0131 bir \u015fekilde bo\u015fanan \u015fark\u0131c\u0131 \u00d6zcan Deniz, ge\u00e7ti\u011fimiz sene \u0130ranl\u0131 modac\u0131 Samar Dadgar ile nikah masas\u0131na oturdu. \u00d6nceki g\u00fcn e\u015finin do\u011fum g\u00fcn\u00fcnde konu\u015fan Deniz, bir \u00e7ocuk daha istemedi\u011fini s\u00f6yledi. Deniz s\u00f6zlerinden dolay\u0131 tepki \u00e7ekerken e\u015finden de a\u00e7\u0131klama gecikmedi. DEN\u0130Z: B\u0130R \u00c7OCUK DAHA \u0130STEM\u0130YORUM \u00d6zcan Deniz, e\u015finin 30&#8217;uncu ya\u015f\u0131n\u0131 kutlad\u0131klar\u0131 gecede<\/p>\n","protected":false},"author":1,"featured_media":56329,"comment_status":"open","ping_status":"open","sticky":false,"template":"","format":"standard","meta":{"footnotes":""},"categories":[83],"tags":[],"class_list":["post-56328","post","type-post","status-publish","format-standard","has-post-thumbnail","hentry","category-magazin"],"yoast_head":"<!-- This site is optimized with the Yoast SEO plugin v27.5 - https:\/\/yoast.com\/product\/yoast-seo-wordpress\/ -->\n<title>\u00d6zcan Deniz &quot;Bir \u00e7ocuk daha istemiyorum&quot; dedi, gen\u00e7 e\u015fi Samar Dadgar&#039;dan cevap gecikmedi -<\/title>\n<meta name=\"robots\" content=\"index, follow, max-snippet:-1, max-image-preview:large, max-video-preview:-1\" \/>\n<link rel=\"canonical\" href=\"https:\/\/kibrisdakik.com\/?p=56328\" \/>\n<meta property=\"og:locale\" content=\"tr_TR\" \/>\n<meta property=\"og:type\" content=\"article\" \/>\n<meta property=\"og:title\" content=\"\u00d6zcan Deniz &quot;Bir \u00e7ocuk daha istemiyorum&quot; dedi, gen\u00e7 e\u015fi Samar Dadgar&#039;dan cevap gecikmedi -\" \/>\n<meta property=\"og:description\" content=\"O\u011flunun annesi Feyza Aktan ile olayl\u0131 bir \u015fekilde bo\u015fanan \u015fark\u0131c\u0131 \u00d6zcan Deniz, ge\u00e7ti\u011fimiz sene \u0130ranl\u0131 modac\u0131 Samar Dadgar ile nikah masas\u0131na oturdu. \u00d6nceki g\u00fcn e\u015finin do\u011fum g\u00fcn\u00fcnde konu\u015fan Deniz, bir \u00e7ocuk daha istemedi\u011fini s\u00f6yledi. Deniz s\u00f6zlerinden dolay\u0131 tepki \u00e7ekerken e\u015finden de a\u00e7\u0131klama gecikmedi. DEN\u0130Z: B\u0130R \u00c7OCUK DAHA \u0130STEM\u0130YORUM \u00d6zcan Deniz, e\u015finin 30&#8217;uncu ya\u015f\u0131n\u0131 kutlad\u0131klar\u0131 gecede\" \/>\n<meta property=\"og:url\" content=\"https:\/\/kibrisdakik.com\/?p=56328\" \/>\n<meta property=\"article:published_time\" content=\"2024-08-23T06:55:19+00:00\" \/>\n<meta property=\"og:image\" content=\"https:\/\/kibrisdakik.com\/wp-content\/uploads\/2024\/08\/ozcan-deniz-bir-cocuk-daha-istemiyorum-dedi-17747262_7351_m.jpg\" \/>\n\t<meta property=\"og:image:width\" content=\"640\" \/>\n\t<meta property=\"og:image:height\" content=\"360\" \/>\n\t<meta property=\"og:image:type\" content=\"image\/jpeg\" \/>\n<meta name=\"author\" content=\"admin\" \/>\n<meta name=\"twitter:card\" content=\"summary_large_image\" \/>\n<meta name=\"twitter:label1\" content=\"Yazan:\" \/>\n\t<meta name=\"twitter:data1\" content=\"admin\" \/>\n\t<meta name=\"twitter:label2\" content=\"Tahmini okuma s\u00fcresi\" \/>\n\t<meta name=\"twitter:data2\" content=\"2 dakika\" \/>\n<script type=\"application\/ld+json\" class=\"yoast-schema-graph\">{\"@context\":\"https:\\\/\\\/schema.org\",\"@graph\":[{\"@type\":\"Article\",\"@id\":\"https:\\\/\\\/kibrisdakik.com\\\/?p=56328#article\",\"isPartOf\":{\"@id\":\"https:\\\/\\\/kibrisdakik.com\\\/?p=56328\"},\"author\":{\"name\":\"admin\",\"@id\":\"https:\\\/\\\/kibrisdakik.com\\\/#\\\/schema\\\/person\\\/9cd9d437bbb44f72b73ba127e06d8e79\"},\"headline\":\"\u00d6zcan Deniz &#8220;Bir \u00e7ocuk daha istemiyorum&#8221; dedi, gen\u00e7 e\u015fi Samar Dadgar&#8217;dan cevap gecikmedi\",\"datePublished\":\"2024-08-23T06:55:19+00:00\",\"mainEntityOfPage\":{\"@id\":\"https:\\\/\\\/kibrisdakik.com\\\/?p=56328\"},\"wordCount\":320,\"commentCount\":0,\"image\":{\"@id\":\"https:\\\/\\\/kibrisdakik.com\\\/?p=56328#primaryimage\"},\"thumbnailUrl\":\"https:\\\/\\\/kibrisdakik.com\\\/wp-content\\\/uploads\\\/2024\\\/08\\\/ozcan-deniz-bir-cocuk-daha-istemiyorum-dedi-17747262_7351_m.jpg\",\"articleSection\":[\"Magazin\"],\"inLanguage\":\"tr\",\"potentialAction\":[{\"@type\":\"CommentAction\",\"name\":\"Comment\",\"target\":[\"https:\\\/\\\/kibrisdakik.com\\\/?p=56328#respond\"]}]},{\"@type\":\"WebPage\",\"@id\":\"https:\\\/\\\/kibrisdakik.com\\\/?p=56328\",\"url\":\"https:\\\/\\\/kibrisdakik.com\\\/?p=56328\",\"name\":\"\u00d6zcan Deniz \\\"Bir \u00e7ocuk daha istemiyorum\\\" dedi, gen\u00e7 e\u015fi Samar Dadgar'dan cevap gecikmedi -\",\"isPartOf\":{\"@id\":\"https:\\\/\\\/kibrisdakik.com\\\/#website\"},\"primaryImageOfPage\":{\"@id\":\"https:\\\/\\\/kibrisdakik.com\\\/?p=56328#primaryimage\"},\"image\":{\"@id\":\"https:\\\/\\\/kibrisdakik.com\\\/?p=56328#primaryimage\"},\"thumbnailUrl\":\"https:\\\/\\\/kibrisdakik.com\\\/wp-content\\\/uploads\\\/2024\\\/08\\\/ozcan-deniz-bir-cocuk-daha-istemiyorum-dedi-17747262_7351_m.jpg\",\"datePublished\":\"2024-08-23T06:55:19+00:00\",\"author\":{\"@id\":\"https:\\\/\\\/kibrisdakik.com\\\/#\\\/schema\\\/person\\\/9cd9d437bbb44f72b73ba127e06d8e79\"},\"breadcrumb\":{\"@id\":\"https:\\\/\\\/kibrisdakik.com\\\/?p=56328#breadcrumb\"},\"inLanguage\":\"tr\",\"potentialAction\":[{\"@type\":\"ReadAction\",\"target\":[\"https:\\\/\\\/kibrisdakik.com\\\/?p=56328\"]}]},{\"@type\":\"ImageObject\",\"inLanguage\":\"tr\",\"@id\":\"https:\\\/\\\/kibrisdakik.com\\\/?p=56328#primaryimage\",\"url\":\"https:\\\/\\\/kibrisdakik.com\\\/wp-content\\\/uploads\\\/2024\\\/08\\\/ozcan-deniz-bir-cocuk-daha-istemiyorum-dedi-17747262_7351_m.jpg\",\"contentUrl\":\"https:\\\/\\\/kibrisdakik.com\\\/wp-content\\\/uploads\\\/2024\\\/08\\\/ozcan-deniz-bir-cocuk-daha-istemiyorum-dedi-17747262_7351_m.jpg\",\"width\":640,\"height\":360},{\"@type\":\"BreadcrumbList\",\"@id\":\"https:\\\/\\\/kibrisdakik.com\\\/?p=56328#breadcrumb\",\"itemListElement\":[{\"@type\":\"ListItem\",\"position\":1,\"name\":\"Home\",\"item\":\"https:\\\/\\\/kibrisdakik.com\\\/\"},{\"@type\":\"ListItem\",\"position\":2,\"name\":\"\u00d6zcan Deniz &#8220;Bir \u00e7ocuk daha istemiyorum&#8221; dedi, gen\u00e7 e\u015fi Samar Dadgar&#8217;dan cevap gecikmedi\"}]},{\"@type\":\"WebSite\",\"@id\":\"https:\\\/\\\/kibrisdakik.com\\\/#website\",\"url\":\"https:\\\/\\\/kibrisdakik.com\\\/\",\"name\":\"\",\"description\":\"Tam vaktinde haber\",\"potentialAction\":[{\"@type\":\"SearchAction\",\"target\":{\"@type\":\"EntryPoint\",\"urlTemplate\":\"https:\\\/\\\/kibrisdakik.com\\\/?s={search_term_string}\"},\"query-input\":{\"@type\":\"PropertyValueSpecification\",\"valueRequired\":true,\"valueName\":\"search_term_string\"}}],\"inLanguage\":\"tr\"},{\"@type\":\"Person\",\"@id\":\"https:\\\/\\\/kibrisdakik.com\\\/#\\\/schema\\\/person\\\/9cd9d437bbb44f72b73ba127e06d8e79\",\"name\":\"admin\",\"image\":{\"@type\":\"ImageObject\",\"inLanguage\":\"tr\",\"@id\":\"https:\\\/\\\/secure.gravatar.com\\\/avatar\\\/ccc17943b9d660506c869530f897617f7cb1c21a4bf30023f252596d83e1f007?s=96&d=mm&r=g\",\"url\":\"https:\\\/\\\/secure.gravatar.com\\\/avatar\\\/ccc17943b9d660506c869530f897617f7cb1c21a4bf30023f252596d83e1f007?s=96&d=mm&r=g\",\"contentUrl\":\"https:\\\/\\\/secure.gravatar.com\\\/avatar\\\/ccc17943b9d660506c869530f897617f7cb1c21a4bf30023f252596d83e1f007?s=96&d=mm&r=g\",\"caption\":\"admin\"},\"sameAs\":[\"https:\\\/\\\/kibrisdakik.com\"],\"url\":\"https:\\\/\\\/kibrisdakik.com\\\/?author=1\"}]}<\/script>\n<!-- \/ Yoast SEO plugin. -->","yoast_head_json":{"title":"\u00d6zcan Deniz \"Bir \u00e7ocuk daha istemiyorum\" dedi, gen\u00e7 e\u015fi Samar Dadgar'dan cevap gecikmedi -","robots":{"index":"index","follow":"follow","max-snippet":"max-snippet:-1","max-image-preview":"max-image-preview:large","max-video-preview":"max-video-preview:-1"},"canonical":"https:\/\/kibrisdakik.com\/?p=56328","og_locale":"tr_TR","og_type":"article","og_title":"\u00d6zcan Deniz \"Bir \u00e7ocuk daha istemiyorum\" dedi, gen\u00e7 e\u015fi Samar Dadgar'dan cevap gecikmedi -","og_description":"O\u011flunun annesi Feyza Aktan ile olayl\u0131 bir \u015fekilde bo\u015fanan \u015fark\u0131c\u0131 \u00d6zcan Deniz, ge\u00e7ti\u011fimiz sene \u0130ranl\u0131 modac\u0131 Samar Dadgar ile nikah masas\u0131na oturdu. \u00d6nceki g\u00fcn e\u015finin do\u011fum g\u00fcn\u00fcnde konu\u015fan Deniz, bir \u00e7ocuk daha istemedi\u011fini s\u00f6yledi. Deniz s\u00f6zlerinden dolay\u0131 tepki \u00e7ekerken e\u015finden de a\u00e7\u0131klama gecikmedi. DEN\u0130Z: B\u0130R \u00c7OCUK DAHA \u0130STEM\u0130YORUM \u00d6zcan Deniz, e\u015finin 30&#8217;uncu ya\u015f\u0131n\u0131 kutlad\u0131klar\u0131 gecede","og_url":"https:\/\/kibrisdakik.com\/?p=56328","article_published_time":"2024-08-23T06:55:19+00:00","og_image":[{"width":640,"height":360,"url":"https:\/\/kibrisdakik.com\/wp-content\/uploads\/2024\/08\/ozcan-deniz-bir-cocuk-daha-istemiyorum-dedi-17747262_7351_m.jpg","type":"image\/jpeg"}],"author":"admin","twitter_card":"summary_large_image","twitter_misc":{"Yazan:":"admin","Tahmini okuma s\u00fcresi":"2 dakika"},"schema":{"@context":"https:\/\/schema.org","@graph":[{"@type":"Article","@id":"https:\/\/kibrisdakik.com\/?p=56328#article","isPartOf":{"@id":"https:\/\/kibrisdakik.com\/?p=56328"},"author":{"name":"admin","@id":"https:\/\/kibrisdakik.com\/#\/schema\/person\/9cd9d437bbb44f72b73ba127e06d8e79"},"headline":"\u00d6zcan Deniz &#8220;Bir \u00e7ocuk daha istemiyorum&#8221; dedi, gen\u00e7 e\u015fi Samar Dadgar&#8217;dan cevap gecikmedi","datePublished":"2024-08-23T06:55:19+00:00","mainEntityOfPage":{"@id":"https:\/\/kibrisdakik.com\/?p=56328"},"wordCount":320,"commentCount":0,"image":{"@id":"https:\/\/kibrisdakik.com\/?p=56328#primaryimage"},"thumbnailUrl":"https:\/\/kibrisdakik.com\/wp-content\/uploads\/2024\/08\/ozcan-deniz-bir-cocuk-daha-istemiyorum-dedi-17747262_7351_m.jpg","articleSection":["Magazin"],"inLanguage":"tr","potentialAction":[{"@type":"CommentAction","name":"Comment","target":["https:\/\/kibrisdakik.com\/?p=56328#respond"]}]},{"@type":"WebPage","@id":"https:\/\/kibrisdakik.com\/?p=56328","url":"https:\/\/kibrisdakik.com\/?p=56328","name":"\u00d6zcan Deniz \"Bir \u00e7ocuk daha istemiyorum\" dedi, gen\u00e7 e\u015fi Samar Dadgar'dan cevap gecikmedi -","isPartOf":{"@id":"https:\/\/kibrisdakik.com\/#website"},"primaryImageOfPage":{"@id":"https:\/\/kibrisdakik.com\/?p=56328#primaryimage"},"image":{"@id":"https:\/\/kibrisdakik.com\/?p=56328#primaryimage"},"thumbnailUrl":"https:\/\/kibrisdakik.com\/wp-content\/uploads\/2024\/08\/ozcan-deniz-bir-cocuk-daha-istemiyorum-dedi-17747262_7351_m.jpg","datePublished":"2024-08-23T06:55:19+00:00","author":{"@id":"https:\/\/kibrisdakik.com\/#\/schema\/person\/9cd9d437bbb44f72b73ba127e06d8e79"},"breadcrumb":{"@id":"https:\/\/kibrisdakik.com\/?p=56328#breadcrumb"},"inLanguage":"tr","potentialAction":[{"@type":"ReadAction","target":["https:\/\/kibrisdakik.com\/?p=56328"]}]},{"@type":"ImageObject","inLanguage":"tr","@id":"https:\/\/kibrisdakik.com\/?p=56328#primaryimage","url":"https:\/\/kibrisdakik.com\/wp-content\/uploads\/2024\/08\/ozcan-deniz-bir-cocuk-daha-istemiyorum-dedi-17747262_7351_m.jpg","contentUrl":"https:\/\/kibrisdakik.com\/wp-content\/uploads\/2024\/08\/ozcan-deniz-bir-cocuk-daha-istemiyorum-dedi-17747262_7351_m.jpg","width":640,"height":360},{"@type":"BreadcrumbList","@id":"https:\/\/kibrisdakik.com\/?p=56328#breadcrumb","itemListElement":[{"@type":"ListItem","position":1,"name":"Home","item":"https:\/\/kibrisdakik.com\/"},{"@type":"ListItem","position":2,"name":"\u00d6zcan Deniz &#8220;Bir \u00e7ocuk daha istemiyorum&#8221; dedi, gen\u00e7 e\u015fi Samar Dadgar&#8217;dan cevap gecikmedi"}]},{"@type":"WebSite","@id":"https:\/\/kibrisdakik.com\/#website","url":"https:\/\/kibrisdakik.com\/","name":"","description":"Tam vaktinde haber","potentialAction":[{"@type":"SearchAction","target":{"@type":"EntryPoint","urlTemplate":"https:\/\/kibrisdakik.com\/?s={search_term_string}"},"query-input":{"@type":"PropertyValueSpecification","valueRequired":true,"valueName":"search_term_string"}}],"inLanguage":"tr"},{"@type":"Person","@id":"https:\/\/kibrisdakik.com\/#\/schema\/person\/9cd9d437bbb44f72b73ba127e06d8e79","name":"admin","image":{"@type":"ImageObject","inLanguage":"tr","@id":"https:\/\/secure.gravatar.com\/avatar\/ccc17943b9d660506c869530f897617f7cb1c21a4bf30023f252596d83e1f007?s=96&d=mm&r=g","url":"https:\/\/secure.gravatar.com\/avatar\/ccc17943b9d660506c869530f897617f7cb1c21a4bf30023f252596d83e1f007?s=96&d=mm&r=g","contentUrl":"https:\/\/secure.gravatar.com\/avatar\/ccc17943b9d660506c869530f897617f7cb1c21a4bf30023f252596d83e1f007?s=96&d=mm&r=g","caption":"admin"},"sameAs":["https:\/\/kibrisdakik.com"],"url":"https:\/\/kibrisdakik.com\/?author=1"}]}},"_links":{"self":[{"href":"https:\/\/kibrisdakik.com\/index.php?rest_route=\/wp\/v2\/posts\/56328","targetHints":{"allow":["GET"]}}],"collection":[{"href":"https:\/\/kibrisdakik.com\/index.php?rest_route=\/wp\/v2\/posts"}],"about":[{"href":"https:\/\/kibrisdakik.com\/index.php?rest_route=\/wp\/v2\/types\/post"}],"author":[{"embeddable":true,"href":"https:\/\/kibrisdakik.com\/index.php?rest_route=\/wp\/v2\/users\/1"}],"replies":[{"embeddable":true,"href":"https:\/\/kibrisdakik.com\/index.php?rest_route=%2Fwp%2Fv2%2Fcomments&post=56328"}],"version-history":[{"count":0,"href":"https:\/\/kibrisdakik.com\/index.php?rest_route=\/wp\/v2\/posts\/56328\/revisions"}],"wp:featuredmedia":[{"embeddable":true,"href":"https:\/\/kibrisdakik.com\/index.php?rest_route=\/wp\/v2\/media\/56329"}],"wp:attachment":[{"href":"https:\/\/kibrisdakik.com\/index.php?rest_route=%2Fwp%2Fv2%2Fmedia&parent=56328"}],"wp:term":[{"taxonomy":"category","embeddable":true,"href":"https:\/\/kibrisdakik.com\/index.php?rest_route=%2Fwp%2Fv2%2Fcategories&post=56328"},{"taxonomy":"post_tag","embeddable":true,"href":"https:\/\/kibrisdakik.com\/index.php?rest_route=%2Fwp%2Fv2%2Ftags&post=56328"}],"curies":[{"name":"wp","href":"https:\/\/api.w.org\/{rel}","templated":true}]}}