{"id":5635,"date":"2023-04-24T12:09:57","date_gmt":"2023-04-24T12:09:57","guid":{"rendered":"https:\/\/kibrisdakik.com\/index.php\/2023\/04\/24\/cumhuriyet-meclisinin-bugunku-oturumu-tamamlandi-ara-secimin-25-haziranda-yapilmasi-karar-onerisine-komitede-ivedilik\/"},"modified":"2023-04-24T12:09:57","modified_gmt":"2023-04-24T12:09:57","slug":"cumhuriyet-meclisinin-bugunku-oturumu-tamamlandi-ara-secimin-25-haziranda-yapilmasi-karar-onerisine-komitede-ivedilik","status":"publish","type":"post","link":"https:\/\/kibrisdakik.com\/?p=5635","title":{"rendered":"Cumhuriyet Meclisi\u2019nin bug\u00fcnk\u00fc oturumu tamamland\u0131\u2026 Ara se\u00e7imin 25 Haziran\u2019da yap\u0131lmas\u0131 karar \u00f6nerisine komitede ivedilik"},"content":{"rendered":"<p><\/p>\n<div>\n<div class=\"mariselle-image-container center\">\n                <img width=\"1600\" height=\"1066\" class=\"lazy-image\" alt=\"\" decoding=\"async\" loading=\"lazy\" sizes=\"auto, (max-width: 1600px) 100vw, 1600px\" src=\"https:\/\/brtk.net\/wp-content\/uploads\/2023\/04\/06\/meclis-genel-kurulu33.jpg?ver=b2ca02f203fdb4e3b00a6fc74c6efc6f\" srcset=\"https:\/\/brtk.net\/wp-content\/uploads\/2023\/04\/06\/meclis-genel-kurulu33.jpg?ver=b2ca02f203fdb4e3b00a6fc74c6efc6f 1600w, https:\/\/brtk.net\/wp-content\/uploads\/2023\/04\/06\/meclis-genel-kurulu33-300x200.jpg?ver=b2ca02f203fdb4e3b00a6fc74c6efc6f 300w, https:\/\/brtk.net\/wp-content\/uploads\/2023\/04\/06\/meclis-genel-kurulu33-1024x682.jpg?ver=157d3b73ec9537d50cf56df2c9eb3ee4 1024w, https:\/\/brtk.net\/wp-content\/uploads\/2023\/04\/06\/meclis-genel-kurulu33-768x512.jpg?ver=157d3b73ec9537d50cf56df2c9eb3ee4 768w, https:\/\/brtk.net\/wp-content\/uploads\/2023\/04\/06\/meclis-genel-kurulu33-1536x1023.jpg?ver=157d3b73ec9537d50cf56df2c9eb3ee4 1536w\"\/>                            <\/div>\n<p>Cumhuriyet Meclisi Genel Kurulu\u2019nun bug\u00fcnk\u00fc oturumu sona erdi. K\u0131sa s\u00fcren toplant\u0131da, ara se\u00e7imin 25 Haziran\u2019da yap\u0131lmas\u0131yla ilgili karar \u00f6nerisine komitede ivedilik al\u0131nd\u0131. Meclis\u2019in bug\u00fcnk\u00fc g\u00fcndeminde yer alan konular da yar\u0131na ertelendi.<\/p>\n<p>Cumhuriyet Meclisi yar\u0131n saat 10.00\u2019da yasama \u00f6ncelikli olmak \u00fczere yasama ve denetim faaliyetlerini birlikte ger\u00e7ekle\u015ftirecek.<\/p>\n<p>-Baz\u0131 \u00f6nerilerin ivedilik tezkereleri g\u00f6r\u00fc\u015f\u00fclerek kabul edildi<\/p>\n<p>Meclis\u2019te bug\u00fcn ilk olarak onaya sunu\u015f i\u015flemleri k\u0131sm\u0131nda Dan\u0131\u015fma Kurulu\u2019nun \u201cSe\u00e7im ve Halk Oylamas\u0131 Ge\u00e7ici Kurallar Yasa \u00d6nerisi\u201d bilgiye getirildi. Yasa \u00f6nerisinin halk\u0131n bilgisine sunulmas\u0131na gerek olmad\u0131\u011f\u0131n\u0131 i\u00e7eren \u00f6neri onayland\u0131.<\/p>\n<p>Daha sonra Dan\u0131\u015fma Kurulu\u2019nun Meclis\u2019in bug\u00fcnk\u00fc birle\u015fime ili\u015fkin karar\u0131 bilgiye sunuldu. Karar uyar\u0131nca, se\u00e7im ve oylamas\u0131 yap\u0131lacak i\u015fler k\u0131sm\u0131nda yer alan konular hari\u00e7 di\u011fer g\u00fcndem maddelerinin yar\u0131nki g\u00fcndeme aktar\u0131lmas\u0131 oy birli\u011fiyle kabul edildi.<\/p>\n<p>\u2013 Ara se\u00e7imle ilgili \u00f6neriye ivedilik<\/p>\n<p>Ard\u0131ndan, <a href=\"https:\/\/brtk.net\/\"\/><a href=\"https:\/\/brtk.net\/\">UBP<\/a> Genel Sekreteri O\u011fuzhan Hasipo\u011flu\u2019nun sundu\u011fu Ara Se\u00e7imlerde Oy Verme G\u00fcn\u00fcn Saptanmas\u0131na \u0130li\u015fkin karar \u00f6nerisinin komitede ivedilikle g\u00f6r\u00fc\u015f\u00fclmesine ili\u015fkin tezkeresi g\u00f6r\u00fc\u015f\u00fcld\u00fc.<\/p>\n<p>\u00d6neride Bakanlar Kurulu\u2019nun se\u00e7im tarihi olarak 25 Haziran Pazar g\u00fcn\u00fcne karar verdi\u011fi belirtilerek, karar \u00f6nerisine ivedilik istendi.<\/p>\n<p>-\u015eahali <\/p>\n<p>Bu noktada s\u00f6z alan <a href=\"https:\/\/brtk.net\/\">CTP<\/a> Milletvekili Erkut \u015eahali, konunun m\u00fczakeresi olmamas\u0131 gereken bir konu oldu\u011funu ve t\u00fcm toplumu ilgilendirdi\u011fini belirtti. \u015eahali, Cumhuriyet Meclisi\u2019nin bug\u00fcnk\u00fc oturumunun k\u0131salt\u0131ld\u0131\u011f\u0131n\u0131 dolay\u0131s\u0131yla yar\u0131nki oturumda konunun ayr\u0131nt\u0131lar\u0131yla konu\u015fulaca\u011f\u0131n\u0131 s\u00f6yledi.<\/p>\n<p>-Hasipo\u011flu<\/p>\n<p><a href=\"https:\/\/brtk.net\/\"\/><a href=\"https:\/\/brtk.net\/\">UBP<\/a> milletvekili O\u011fuzhan Hasipo\u011flu da ara se\u00e7imin yap\u0131lmas\u0131 gerekti\u011fini bunun Anayasa\u2019n\u0131n amir bir h\u00fckm\u00fc oldu\u011funu s\u00f6yleyerek, bo\u015falan sandalye i\u00e7in Meclis\u2019in millete d\u00f6nmesinin elzem oldu\u011funu belirtti.<\/p>\n<p>Hasipo\u011flu, ya\u015fanan s\u00fcrece ve se\u00e7imle ilgili yasaya at\u0131fta bulunarak, en uygun tarihin 25 Haziran oldu\u011funu s\u00f6yleyerek, bu konuda komitenin de gerekli karar \u00fcretece\u011fini kaydetti.<\/p>\n<p>-Tezkere oy birli\u011fiyle kabul edildi<\/p>\n<p><a href=\"https:\/\/brtk.net\/\"\/><a href=\"https:\/\/brtk.net\/\">UBP<\/a> Genel Sekreteri O\u011fuzhan Hasipo\u011flu\u2019nun grubu ad\u0131na sundu\u011fu Se\u00e7im ve Halk Oylamas\u0131 Ge\u00e7ici Kurallar Yasa \u00d6nerisi\u2019nin komitede ivedilikle g\u00f6r\u00fc\u015f\u00fclmesine ili\u015fkin tezkeresi de oy \u00e7oklu\u011fuyla kabul edildi. \u00d6neri, Se\u00e7im ve Halk Oylamas\u0131 Yasas\u0131\u2019nda yer alan se\u00e7im yasaklar\u0131n\u0131n 60 g\u00fcnden 30 g\u00fcne indirilmesi ve s\u00fcrelerin yeniden d\u00fczenlenmesini de kaps\u0131yor.<\/p>\n<p>Tezkerenin g\u00f6r\u00fc\u015f\u00fclmesinin ard\u0131ndan g\u00fcndem gere\u011fi g\u00f6r\u00fc\u015fmeler tamamland\u0131.<\/p>\n<\/p><\/div>\n<p><script async\n                    defer\n                    crossorigin=\"anonymous\"\n                    src=\"https:\/\/connect.facebook.net\/tr_TR\/sdk.js#xfbml=1&#038;version=v3.3\"\n            ><\/script><\/p>\n","protected":false},"excerpt":{"rendered":"<p>Cumhuriyet Meclisi Genel Kurulu\u2019nun bug\u00fcnk\u00fc oturumu sona erdi. K\u0131sa s\u00fcren toplant\u0131da, ara se\u00e7imin 25 Haziran\u2019da yap\u0131lmas\u0131yla ilgili karar \u00f6nerisine komitede ivedilik al\u0131nd\u0131. Meclis\u2019in bug\u00fcnk\u00fc g\u00fcndeminde yer alan konular da yar\u0131na ertelendi. Cumhuriyet Meclisi yar\u0131n saat 10.00\u2019da yasama \u00f6ncelikli olmak \u00fczere yasama ve denetim faaliyetlerini birlikte ger\u00e7ekle\u015ftirecek. -Baz\u0131 \u00f6nerilerin ivedilik tezkereleri g\u00f6r\u00fc\u015f\u00fclerek kabul edildi Meclis\u2019te bug\u00fcn<\/p>\n","protected":false},"author":1,"featured_media":5636,"comment_status":"open","ping_status":"open","sticky":false,"template":"","format":"standard","meta":{"footnotes":""},"categories":[1],"tags":[],"class_list":["post-5635","post","type-post","status-publish","format-standard","has-post-thumbnail","hentry","category-gundem"],"yoast_head":"<!-- This site is optimized with the Yoast SEO plugin v27.4 - https:\/\/yoast.com\/product\/yoast-seo-wordpress\/ -->\n<title>Cumhuriyet Meclisi\u2019nin bug\u00fcnk\u00fc oturumu tamamland\u0131\u2026 Ara se\u00e7imin 25 Haziran\u2019da yap\u0131lmas\u0131 karar \u00f6nerisine komitede ivedilik -<\/title>\n<meta name=\"robots\" content=\"index, follow, max-snippet:-1, max-image-preview:large, max-video-preview:-1\" \/>\n<link rel=\"canonical\" href=\"https:\/\/kibrisdakik.com\/?p=5635\" \/>\n<meta property=\"og:locale\" content=\"tr_TR\" \/>\n<meta property=\"og:type\" content=\"article\" \/>\n<meta property=\"og:title\" content=\"Cumhuriyet Meclisi\u2019nin bug\u00fcnk\u00fc oturumu tamamland\u0131\u2026 Ara se\u00e7imin 25 Haziran\u2019da yap\u0131lmas\u0131 karar \u00f6nerisine komitede ivedilik -\" \/>\n<meta property=\"og:description\" content=\"Cumhuriyet Meclisi Genel Kurulu\u2019nun bug\u00fcnk\u00fc oturumu sona erdi. K\u0131sa s\u00fcren toplant\u0131da, ara se\u00e7imin 25 Haziran\u2019da yap\u0131lmas\u0131yla ilgili karar \u00f6nerisine komitede ivedilik al\u0131nd\u0131. Meclis\u2019in bug\u00fcnk\u00fc g\u00fcndeminde yer alan konular da yar\u0131na ertelendi. Cumhuriyet Meclisi yar\u0131n saat 10.00\u2019da yasama \u00f6ncelikli olmak \u00fczere yasama ve denetim faaliyetlerini birlikte ger\u00e7ekle\u015ftirecek. -Baz\u0131 \u00f6nerilerin ivedilik tezkereleri g\u00f6r\u00fc\u015f\u00fclerek kabul edildi Meclis\u2019te bug\u00fcn\" \/>\n<meta property=\"og:url\" content=\"https:\/\/kibrisdakik.com\/?p=5635\" \/>\n<meta property=\"article:published_time\" content=\"2023-04-24T12:09:57+00:00\" \/>\n<meta property=\"og:image\" content=\"https:\/\/kibrisdakik.com\/wp-content\/uploads\/2023\/04\/meclis-genel-kurulu33-740x420.jpg\" \/>\n\t<meta property=\"og:image:width\" content=\"1600\" \/>\n\t<meta property=\"og:image:height\" content=\"1066\" \/>\n\t<meta property=\"og:image:type\" content=\"image\/jpeg\" \/>\n<meta name=\"author\" content=\"admin\" \/>\n<meta name=\"twitter:card\" content=\"summary_large_image\" \/>\n<meta name=\"twitter:label1\" content=\"Yazan:\" \/>\n\t<meta name=\"twitter:data1\" content=\"admin\" \/>\n\t<meta name=\"twitter:label2\" content=\"Tahmini okuma s\u00fcresi\" \/>\n\t<meta name=\"twitter:data2\" content=\"2 dakika\" \/>\n<script type=\"application\/ld+json\" class=\"yoast-schema-graph\">{\"@context\":\"https:\\\/\\\/schema.org\",\"@graph\":[{\"@type\":\"Article\",\"@id\":\"https:\\\/\\\/kibrisdakik.com\\\/?p=5635#article\",\"isPartOf\":{\"@id\":\"https:\\\/\\\/kibrisdakik.com\\\/?p=5635\"},\"author\":{\"name\":\"admin\",\"@id\":\"https:\\\/\\\/kibrisdakik.com\\\/#\\\/schema\\\/person\\\/9cd9d437bbb44f72b73ba127e06d8e79\"},\"headline\":\"Cumhuriyet Meclisi\u2019nin bug\u00fcnk\u00fc oturumu tamamland\u0131\u2026 Ara se\u00e7imin 25 Haziran\u2019da yap\u0131lmas\u0131 karar \u00f6nerisine komitede ivedilik\",\"datePublished\":\"2023-04-24T12:09:57+00:00\",\"mainEntityOfPage\":{\"@id\":\"https:\\\/\\\/kibrisdakik.com\\\/?p=5635\"},\"wordCount\":461,\"commentCount\":0,\"image\":{\"@id\":\"https:\\\/\\\/kibrisdakik.com\\\/?p=5635#primaryimage\"},\"thumbnailUrl\":\"https:\\\/\\\/kibrisdakik.com\\\/wp-content\\\/uploads\\\/2023\\\/04\\\/meclis-genel-kurulu33-740x420.jpg\",\"articleSection\":[\"G\u00fcndem\"],\"inLanguage\":\"tr\",\"potentialAction\":[{\"@type\":\"CommentAction\",\"name\":\"Comment\",\"target\":[\"https:\\\/\\\/kibrisdakik.com\\\/?p=5635#respond\"]}]},{\"@type\":\"WebPage\",\"@id\":\"https:\\\/\\\/kibrisdakik.com\\\/?p=5635\",\"url\":\"https:\\\/\\\/kibrisdakik.com\\\/?p=5635\",\"name\":\"Cumhuriyet Meclisi\u2019nin bug\u00fcnk\u00fc oturumu tamamland\u0131\u2026 Ara se\u00e7imin 25 Haziran\u2019da yap\u0131lmas\u0131 karar \u00f6nerisine komitede ivedilik -\",\"isPartOf\":{\"@id\":\"https:\\\/\\\/kibrisdakik.com\\\/#website\"},\"primaryImageOfPage\":{\"@id\":\"https:\\\/\\\/kibrisdakik.com\\\/?p=5635#primaryimage\"},\"image\":{\"@id\":\"https:\\\/\\\/kibrisdakik.com\\\/?p=5635#primaryimage\"},\"thumbnailUrl\":\"https:\\\/\\\/kibrisdakik.com\\\/wp-content\\\/uploads\\\/2023\\\/04\\\/meclis-genel-kurulu33-740x420.jpg\",\"datePublished\":\"2023-04-24T12:09:57+00:00\",\"author\":{\"@id\":\"https:\\\/\\\/kibrisdakik.com\\\/#\\\/schema\\\/person\\\/9cd9d437bbb44f72b73ba127e06d8e79\"},\"breadcrumb\":{\"@id\":\"https:\\\/\\\/kibrisdakik.com\\\/?p=5635#breadcrumb\"},\"inLanguage\":\"tr\",\"potentialAction\":[{\"@type\":\"ReadAction\",\"target\":[\"https:\\\/\\\/kibrisdakik.com\\\/?p=5635\"]}]},{\"@type\":\"ImageObject\",\"inLanguage\":\"tr\",\"@id\":\"https:\\\/\\\/kibrisdakik.com\\\/?p=5635#primaryimage\",\"url\":\"https:\\\/\\\/kibrisdakik.com\\\/wp-content\\\/uploads\\\/2023\\\/04\\\/meclis-genel-kurulu33-740x420.jpg\",\"contentUrl\":\"https:\\\/\\\/kibrisdakik.com\\\/wp-content\\\/uploads\\\/2023\\\/04\\\/meclis-genel-kurulu33-740x420.jpg\",\"width\":1600,\"height\":1066},{\"@type\":\"BreadcrumbList\",\"@id\":\"https:\\\/\\\/kibrisdakik.com\\\/?p=5635#breadcrumb\",\"itemListElement\":[{\"@type\":\"ListItem\",\"position\":1,\"name\":\"Home\",\"item\":\"https:\\\/\\\/kibrisdakik.com\\\/\"},{\"@type\":\"ListItem\",\"position\":2,\"name\":\"Cumhuriyet Meclisi\u2019nin bug\u00fcnk\u00fc oturumu tamamland\u0131\u2026 Ara se\u00e7imin 25 Haziran\u2019da yap\u0131lmas\u0131 karar \u00f6nerisine komitede ivedilik\"}]},{\"@type\":\"WebSite\",\"@id\":\"https:\\\/\\\/kibrisdakik.com\\\/#website\",\"url\":\"https:\\\/\\\/kibrisdakik.com\\\/\",\"name\":\"\",\"description\":\"Tam vaktinde haber\",\"potentialAction\":[{\"@type\":\"SearchAction\",\"target\":{\"@type\":\"EntryPoint\",\"urlTemplate\":\"https:\\\/\\\/kibrisdakik.com\\\/?s={search_term_string}\"},\"query-input\":{\"@type\":\"PropertyValueSpecification\",\"valueRequired\":true,\"valueName\":\"search_term_string\"}}],\"inLanguage\":\"tr\"},{\"@type\":\"Person\",\"@id\":\"https:\\\/\\\/kibrisdakik.com\\\/#\\\/schema\\\/person\\\/9cd9d437bbb44f72b73ba127e06d8e79\",\"name\":\"admin\",\"image\":{\"@type\":\"ImageObject\",\"inLanguage\":\"tr\",\"@id\":\"https:\\\/\\\/secure.gravatar.com\\\/avatar\\\/ccc17943b9d660506c869530f897617f7cb1c21a4bf30023f252596d83e1f007?s=96&d=mm&r=g\",\"url\":\"https:\\\/\\\/secure.gravatar.com\\\/avatar\\\/ccc17943b9d660506c869530f897617f7cb1c21a4bf30023f252596d83e1f007?s=96&d=mm&r=g\",\"contentUrl\":\"https:\\\/\\\/secure.gravatar.com\\\/avatar\\\/ccc17943b9d660506c869530f897617f7cb1c21a4bf30023f252596d83e1f007?s=96&d=mm&r=g\",\"caption\":\"admin\"},\"sameAs\":[\"https:\\\/\\\/kibrisdakik.com\"],\"url\":\"https:\\\/\\\/kibrisdakik.com\\\/?author=1\"}]}<\/script>\n<!-- \/ Yoast SEO plugin. -->","yoast_head_json":{"title":"Cumhuriyet Meclisi\u2019nin bug\u00fcnk\u00fc oturumu tamamland\u0131\u2026 Ara se\u00e7imin 25 Haziran\u2019da yap\u0131lmas\u0131 karar \u00f6nerisine komitede ivedilik -","robots":{"index":"index","follow":"follow","max-snippet":"max-snippet:-1","max-image-preview":"max-image-preview:large","max-video-preview":"max-video-preview:-1"},"canonical":"https:\/\/kibrisdakik.com\/?p=5635","og_locale":"tr_TR","og_type":"article","og_title":"Cumhuriyet Meclisi\u2019nin bug\u00fcnk\u00fc oturumu tamamland\u0131\u2026 Ara se\u00e7imin 25 Haziran\u2019da yap\u0131lmas\u0131 karar \u00f6nerisine komitede ivedilik -","og_description":"Cumhuriyet Meclisi Genel Kurulu\u2019nun bug\u00fcnk\u00fc oturumu sona erdi. K\u0131sa s\u00fcren toplant\u0131da, ara se\u00e7imin 25 Haziran\u2019da yap\u0131lmas\u0131yla ilgili karar \u00f6nerisine komitede ivedilik al\u0131nd\u0131. Meclis\u2019in bug\u00fcnk\u00fc g\u00fcndeminde yer alan konular da yar\u0131na ertelendi. Cumhuriyet Meclisi yar\u0131n saat 10.00\u2019da yasama \u00f6ncelikli olmak \u00fczere yasama ve denetim faaliyetlerini birlikte ger\u00e7ekle\u015ftirecek. -Baz\u0131 \u00f6nerilerin ivedilik tezkereleri g\u00f6r\u00fc\u015f\u00fclerek kabul edildi Meclis\u2019te bug\u00fcn","og_url":"https:\/\/kibrisdakik.com\/?p=5635","article_published_time":"2023-04-24T12:09:57+00:00","og_image":[{"width":1600,"height":1066,"url":"https:\/\/kibrisdakik.com\/wp-content\/uploads\/2023\/04\/meclis-genel-kurulu33-740x420.jpg","type":"image\/jpeg"}],"author":"admin","twitter_card":"summary_large_image","twitter_misc":{"Yazan:":"admin","Tahmini okuma s\u00fcresi":"2 dakika"},"schema":{"@context":"https:\/\/schema.org","@graph":[{"@type":"Article","@id":"https:\/\/kibrisdakik.com\/?p=5635#article","isPartOf":{"@id":"https:\/\/kibrisdakik.com\/?p=5635"},"author":{"name":"admin","@id":"https:\/\/kibrisdakik.com\/#\/schema\/person\/9cd9d437bbb44f72b73ba127e06d8e79"},"headline":"Cumhuriyet Meclisi\u2019nin bug\u00fcnk\u00fc oturumu tamamland\u0131\u2026 Ara se\u00e7imin 25 Haziran\u2019da yap\u0131lmas\u0131 karar \u00f6nerisine komitede ivedilik","datePublished":"2023-04-24T12:09:57+00:00","mainEntityOfPage":{"@id":"https:\/\/kibrisdakik.com\/?p=5635"},"wordCount":461,"commentCount":0,"image":{"@id":"https:\/\/kibrisdakik.com\/?p=5635#primaryimage"},"thumbnailUrl":"https:\/\/kibrisdakik.com\/wp-content\/uploads\/2023\/04\/meclis-genel-kurulu33-740x420.jpg","articleSection":["G\u00fcndem"],"inLanguage":"tr","potentialAction":[{"@type":"CommentAction","name":"Comment","target":["https:\/\/kibrisdakik.com\/?p=5635#respond"]}]},{"@type":"WebPage","@id":"https:\/\/kibrisdakik.com\/?p=5635","url":"https:\/\/kibrisdakik.com\/?p=5635","name":"Cumhuriyet Meclisi\u2019nin bug\u00fcnk\u00fc oturumu tamamland\u0131\u2026 Ara se\u00e7imin 25 Haziran\u2019da yap\u0131lmas\u0131 karar \u00f6nerisine komitede ivedilik -","isPartOf":{"@id":"https:\/\/kibrisdakik.com\/#website"},"primaryImageOfPage":{"@id":"https:\/\/kibrisdakik.com\/?p=5635#primaryimage"},"image":{"@id":"https:\/\/kibrisdakik.com\/?p=5635#primaryimage"},"thumbnailUrl":"https:\/\/kibrisdakik.com\/wp-content\/uploads\/2023\/04\/meclis-genel-kurulu33-740x420.jpg","datePublished":"2023-04-24T12:09:57+00:00","author":{"@id":"https:\/\/kibrisdakik.com\/#\/schema\/person\/9cd9d437bbb44f72b73ba127e06d8e79"},"breadcrumb":{"@id":"https:\/\/kibrisdakik.com\/?p=5635#breadcrumb"},"inLanguage":"tr","potentialAction":[{"@type":"ReadAction","target":["https:\/\/kibrisdakik.com\/?p=5635"]}]},{"@type":"ImageObject","inLanguage":"tr","@id":"https:\/\/kibrisdakik.com\/?p=5635#primaryimage","url":"https:\/\/kibrisdakik.com\/wp-content\/uploads\/2023\/04\/meclis-genel-kurulu33-740x420.jpg","contentUrl":"https:\/\/kibrisdakik.com\/wp-content\/uploads\/2023\/04\/meclis-genel-kurulu33-740x420.jpg","width":1600,"height":1066},{"@type":"BreadcrumbList","@id":"https:\/\/kibrisdakik.com\/?p=5635#breadcrumb","itemListElement":[{"@type":"ListItem","position":1,"name":"Home","item":"https:\/\/kibrisdakik.com\/"},{"@type":"ListItem","position":2,"name":"Cumhuriyet Meclisi\u2019nin bug\u00fcnk\u00fc oturumu tamamland\u0131\u2026 Ara se\u00e7imin 25 Haziran\u2019da yap\u0131lmas\u0131 karar \u00f6nerisine komitede ivedilik"}]},{"@type":"WebSite","@id":"https:\/\/kibrisdakik.com\/#website","url":"https:\/\/kibrisdakik.com\/","name":"","description":"Tam vaktinde haber","potentialAction":[{"@type":"SearchAction","target":{"@type":"EntryPoint","urlTemplate":"https:\/\/kibrisdakik.com\/?s={search_term_string}"},"query-input":{"@type":"PropertyValueSpecification","valueRequired":true,"valueName":"search_term_string"}}],"inLanguage":"tr"},{"@type":"Person","@id":"https:\/\/kibrisdakik.com\/#\/schema\/person\/9cd9d437bbb44f72b73ba127e06d8e79","name":"admin","image":{"@type":"ImageObject","inLanguage":"tr","@id":"https:\/\/secure.gravatar.com\/avatar\/ccc17943b9d660506c869530f897617f7cb1c21a4bf30023f252596d83e1f007?s=96&d=mm&r=g","url":"https:\/\/secure.gravatar.com\/avatar\/ccc17943b9d660506c869530f897617f7cb1c21a4bf30023f252596d83e1f007?s=96&d=mm&r=g","contentUrl":"https:\/\/secure.gravatar.com\/avatar\/ccc17943b9d660506c869530f897617f7cb1c21a4bf30023f252596d83e1f007?s=96&d=mm&r=g","caption":"admin"},"sameAs":["https:\/\/kibrisdakik.com"],"url":"https:\/\/kibrisdakik.com\/?author=1"}]}},"_links":{"self":[{"href":"https:\/\/kibrisdakik.com\/index.php?rest_route=\/wp\/v2\/posts\/5635","targetHints":{"allow":["GET"]}}],"collection":[{"href":"https:\/\/kibrisdakik.com\/index.php?rest_route=\/wp\/v2\/posts"}],"about":[{"href":"https:\/\/kibrisdakik.com\/index.php?rest_route=\/wp\/v2\/types\/post"}],"author":[{"embeddable":true,"href":"https:\/\/kibrisdakik.com\/index.php?rest_route=\/wp\/v2\/users\/1"}],"replies":[{"embeddable":true,"href":"https:\/\/kibrisdakik.com\/index.php?rest_route=%2Fwp%2Fv2%2Fcomments&post=5635"}],"version-history":[{"count":0,"href":"https:\/\/kibrisdakik.com\/index.php?rest_route=\/wp\/v2\/posts\/5635\/revisions"}],"wp:featuredmedia":[{"embeddable":true,"href":"https:\/\/kibrisdakik.com\/index.php?rest_route=\/wp\/v2\/media\/5636"}],"wp:attachment":[{"href":"https:\/\/kibrisdakik.com\/index.php?rest_route=%2Fwp%2Fv2%2Fmedia&parent=5635"}],"wp:term":[{"taxonomy":"category","embeddable":true,"href":"https:\/\/kibrisdakik.com\/index.php?rest_route=%2Fwp%2Fv2%2Fcategories&post=5635"},{"taxonomy":"post_tag","embeddable":true,"href":"https:\/\/kibrisdakik.com\/index.php?rest_route=%2Fwp%2Fv2%2Ftags&post=5635"}],"curies":[{"name":"wp","href":"https:\/\/api.w.org\/{rel}","templated":true}]}}