{"id":56418,"date":"2024-08-23T14:14:57","date_gmt":"2024-08-23T11:14:57","guid":{"rendered":"https:\/\/kibrisdakik.com\/index.php\/2024\/08\/23\/kiziyla-verdigi-poz-nedeniyle-ifadeye-cagrilan-gokhan-cira-konustu-poz-yanlisti\/"},"modified":"2024-08-23T14:14:57","modified_gmt":"2024-08-23T11:14:57","slug":"kiziyla-verdigi-poz-nedeniyle-ifadeye-cagrilan-gokhan-cira-konustu-poz-yanlisti","status":"publish","type":"post","link":"https:\/\/kibrisdakik.com\/?p=56418","title":{"rendered":"K\u0131z\u0131yla verdi\u011fi poz nedeniyle ifadeye \u00e7a\u011fr\u0131lan G\u00f6khan \u00c7\u0131ra konu\u015ftu: Poz yanl\u0131\u015ft\u0131"},"content":{"rendered":"<p><\/p>\n<div id=\"\">\n<p>Eski futbolcu G\u00f6khan \u00c7\u0131ra&#8217;n\u0131n, 2 ya\u015f\u0131ndaki \u00e7ocukla yapt\u0131\u011f\u0131 sosyal medya payla\u015f\u0131m\u0131 nedeniyle savc\u0131l\u0131k\u00e7a ifadesinin al\u0131nmas\u0131na karar verildi. Soru\u015fturman\u0131n ard\u0131ndan konu\u015fan G\u00f6khan \u00c7\u0131ra, verdi\u011fi pozun yanl\u0131\u015f oldu\u011funu belirterek &#8220;Selenay benim evlad\u0131m, art\u0131k can\u0131m ac\u0131yor&#8221; diyerek isyan etti.<\/p>\n<h3>&#8220;KUSUR \u0130\u015eLEM\u0130\u015e G\u00d6R\u00dcND\u00dcYSEM AFFOLA&#8221;<\/h3>\n<p>Instagram hesab\u0131ndan a\u00e7\u0131klama yapan G\u00f6khan \u00c7\u0131ra, \u015fu ifadeleri kulland\u0131: &#8220;O benin k\u0131z\u0131m, d\u00fcnyam, par\u00e7am, ya\u015fama sevincim k\u0131z\u0131m. Biyolojik olarak da babas\u0131 oldu\u011fumu unutanlara bu yaz\u0131m. Elbette beni \u00e7a\u011f\u0131ran resmi makamlara ifademi vermeye gidece\u011fim ama bilin ki k\u0131z\u0131mla foto\u011fraf \u00e7ekerken sevgimden ha ba\u015f\u0131m\u0131n \u00fcst\u00fcne koymu\u015fum ha avucumun i\u00e7inde sarmalam\u0131\u015f\u0131m. Babal\u0131\u011f\u0131n verdi\u011fi sevin\u00e7 ve gururla toplumun de\u011ferlerine ayk\u0131r\u0131 bir kusur i\u015flemi\u015f gibi g\u00f6r\u00fcnd\u00fcysem affola. Ama i\u015flemedim.&#8221;<\/p>\n<h3>&#8220;BEN\u0130 KIZIMLA ALAKALI SINAMAYIN&#8221;<\/h3>\n<p>&#8220;Biz nas\u0131l bir \u00fclk\u00fc haline geldik ben k\u0131z\u0131mla oyun oynarken \u00e7ekilmi\u015f spontane resimleri payla\u015ft\u0131m babas\u0131 kan\u0131 can\u0131 olarak belki yanl\u0131\u015f bir poz evet bende payla\u015ft\u0131ktan sonra fark ettim ama hi\u00e7 bakmadan sadece orda baba ve k\u0131z\u0131 oyun oynad\u0131\u011f\u0131 hallerimizi koydum benim k\u0131z\u0131ma olan sevgimi kimse sorgulayamaz kald\u0131 ki zaten g\u00f6r\u00fcyorsunuz l\u00fctfen bir \u015feyleri yaz\u0131p \u00e7izerken d\u00fc\u015f\u00fcn\u00fcn. 2-3 ki\u015finin uydurmas\u0131yla sa\u00e7ma sapan yerlere \u00e7ekilen  <a class=\"keyword\" href=\"https:\/\/www.haberler.com\/haberler\/\" title=\"haberler\"><strong>haberler<\/strong><\/a> y\u00fcz\u00fcnden 2 g\u00fcnd\u00fcr bir baban\u0131n ne halde oldu\u011funu d\u00fc\u015f\u00fcn\u00fcn aynen \u00f6yleyim beni k\u0131z\u0131mla alakal\u0131 sak\u0131n s\u0131namay\u0131n insan en son evlad\u0131yla s\u0131nan\u0131r Selenay benim k\u0131rm\u0131z\u0131 \u00e7izgim nefesim her \u015feyim Allah&#8217;\u0131m elimden, aya\u011f\u0131mdan, \u00f6mr\u00fcmden als\u0131n k\u0131z\u0131ma versin. <\/p>\n<h3>&#8220;KONULARI SA\u00c7MA SAPAN YERLERE \u00c7EKMEY\u0130N, HER \u00c7OCU\u011eUN BABASIYLA B\u00d6YLE POZU VAR&#8221;<\/h3>\n<p>&#8220;E\u011fer bir yanl\u0131\u015f\u0131m bir kusurum olduysa ki olmad\u0131 herkesten \u00f6z\u00fcr dilerim. Selenay evlatl\u0131k falan de\u011fil Selenay&#8217;\u0131n babas\u0131 benim bunu devletimiz DNA testlerini de bizzat yapm\u0131\u015f ve kan\u0131tlam\u0131\u015ft\u0131r. Bu da b\u00f6yle bilisin. Evlatl\u0131k diye de kimse sak\u0131n bir daha yaz\u0131 yaz\u0131p sa\u00e7ma sapan yerlere \u00e7ekmesin. O benin bu hayatta \u00fcst\u00fcne titredi\u011fim, ald\u0131\u011f\u0131m nefesim, can\u0131m, damar\u0131mdaki kan. Benim kan\u0131m. L\u00fctfen rica ediyorum art\u0131k sa\u00e7ma sapan yorumlar\u0131 \u00fcst\u00fcm\u00fcze gelmeyi hele de k\u0131z\u0131mla olan resmi payla\u015f\u0131p ne olursunuz konular\u0131 sa\u00e7ma sapan yerlere \u00e7ekmeyin bak\u0131n her yaz\u0131lan \u015feyde i\u00e7im par\u00e7alan\u0131yor bunu bilin. Sizlerde anne babas\u0131n\u0131z. Baban\u0131z veya annenizle nas\u0131l zamanlar ge\u00e7irdiniz siz biliyorsunuz her \u00e7ocu\u011fun babas\u0131n\u0131n kuca\u011f\u0131nda annesinin kuca\u011f\u0131nda resimleri vard\u0131r. O resimleri payla\u015f\u0131p ne olursunuz konular\u0131 alakas\u0131z yerlere \u00e7ekmeyin l\u00fctfen diyorum orda oyun oynayan baba ve k\u0131z\u0131 var ve art\u0131k can\u0131m ac\u0131maya i\u00e7im par\u00e7alanmaya ba\u015flad\u0131.&#8221;<\/p>\n<p><img loading=\"lazy\" decoding=\"async\" class=\"hbptMainImage lazyload ImgDetay\" src=\"https:\/\/foto.haberler.com\/haber\/2024\/08\/23\/kiziyla-verdigi-poz-nedeniyle-ifadeye-cagrilan-17748444_2749_m.jpg\" alt=\"K\u0131z\u0131yla verdi\u011fi poz nedeniyle ifadeye \u00e7a\u011fr\u0131lan G\u00f6khan \u00c7\u0131ra konu\u015ftu: Poz yanl\u0131\u015ft\u0131\" width=\"640\" height=\"404\"\/><\/p>\n<div class=\"orderFlex\">\n<div class=\"hbptItem imgtxtarea\">\n<div class=\"hbptAuthorImg\"><img decoding=\"async\" class=\"lazyload imgelips\" src=\"https:\/\/foto.haberler.com\/genel\/editor\/2024\/01\/11\/editor--168911.jpg\" alt=\"Ecem Altan\"\/><\/div>\n<\/div>\n<\/div>\n<h4 id=\"nwsKeywords\"> <a href=\"https:\/\/www.haberler.com\/gokhan-cira\/\" title=\"G\u00f6khan \u00c7\u0131ra\" class=\"hbptTag\">G\u00f6khan \u00c7\u0131ra<\/a>  <a href=\"https:\/\/www.haberler.com\/spor\/\" title=\"Spor\" class=\"hbptTag\">Spor<\/a>  <a href=\"https:\/\/www.haberler.com\/icim\/\" title=\"\u0130\u00e7im\" class=\"hbptTag\">\u0130\u00e7im<\/a>  <a href=\"https:\/\/www.haberler.com\/magazin\/\" title=\"Magazin\" class=\"hbptTag\">Magazin<\/a>  <a href=\"https:\/\/www.haberler.com\/spor\/\" title=\"Spor\" class=\"hbptTag\">Spor<\/a>  <a href=\"https:\/\/www.haberler.com\/guncel\/\" title=\"G\u00fcncel\" class=\"hbptTag\">G\u00fcncel<\/a>  <a href=\"https:\/\/www.haberler.com\/\" title=\"Haberler\" class=\"hbptTag\">Haberler<\/a> <\/h4>\n<\/div>\n","protected":false},"excerpt":{"rendered":"<p>Eski futbolcu G\u00f6khan \u00c7\u0131ra&#8217;n\u0131n, 2 ya\u015f\u0131ndaki \u00e7ocukla yapt\u0131\u011f\u0131 sosyal medya payla\u015f\u0131m\u0131 nedeniyle savc\u0131l\u0131k\u00e7a ifadesinin al\u0131nmas\u0131na karar verildi. Soru\u015fturman\u0131n ard\u0131ndan konu\u015fan G\u00f6khan \u00c7\u0131ra, verdi\u011fi pozun yanl\u0131\u015f oldu\u011funu belirterek &#8220;Selenay benim evlad\u0131m, art\u0131k can\u0131m ac\u0131yor&#8221; diyerek isyan etti. &#8220;KUSUR \u0130\u015eLEM\u0130\u015e G\u00d6R\u00dcND\u00dcYSEM AFFOLA&#8221; Instagram hesab\u0131ndan a\u00e7\u0131klama yapan G\u00f6khan \u00c7\u0131ra, \u015fu ifadeleri kulland\u0131: &#8220;O benin k\u0131z\u0131m, d\u00fcnyam, par\u00e7am, ya\u015fama<\/p>\n","protected":false},"author":1,"featured_media":56419,"comment_status":"open","ping_status":"open","sticky":false,"template":"","format":"standard","meta":{"footnotes":""},"categories":[83],"tags":[],"class_list":["post-56418","post","type-post","status-publish","format-standard","has-post-thumbnail","hentry","category-magazin"],"yoast_head":"<!-- This site is optimized with the Yoast SEO plugin v27.5 - https:\/\/yoast.com\/product\/yoast-seo-wordpress\/ -->\n<title>K\u0131z\u0131yla verdi\u011fi poz nedeniyle ifadeye \u00e7a\u011fr\u0131lan G\u00f6khan \u00c7\u0131ra konu\u015ftu: Poz yanl\u0131\u015ft\u0131 -<\/title>\n<meta name=\"robots\" content=\"index, follow, max-snippet:-1, max-image-preview:large, max-video-preview:-1\" \/>\n<link rel=\"canonical\" href=\"https:\/\/kibrisdakik.com\/?p=56418\" \/>\n<meta property=\"og:locale\" content=\"tr_TR\" \/>\n<meta property=\"og:type\" content=\"article\" \/>\n<meta property=\"og:title\" content=\"K\u0131z\u0131yla verdi\u011fi poz nedeniyle ifadeye \u00e7a\u011fr\u0131lan G\u00f6khan \u00c7\u0131ra konu\u015ftu: Poz yanl\u0131\u015ft\u0131 -\" \/>\n<meta property=\"og:description\" content=\"Eski futbolcu G\u00f6khan \u00c7\u0131ra&#8217;n\u0131n, 2 ya\u015f\u0131ndaki \u00e7ocukla yapt\u0131\u011f\u0131 sosyal medya payla\u015f\u0131m\u0131 nedeniyle savc\u0131l\u0131k\u00e7a ifadesinin al\u0131nmas\u0131na karar verildi. Soru\u015fturman\u0131n ard\u0131ndan konu\u015fan G\u00f6khan \u00c7\u0131ra, verdi\u011fi pozun yanl\u0131\u015f oldu\u011funu belirterek &#8220;Selenay benim evlad\u0131m, art\u0131k can\u0131m ac\u0131yor&#8221; diyerek isyan etti. &#8220;KUSUR \u0130\u015eLEM\u0130\u015e G\u00d6R\u00dcND\u00dcYSEM AFFOLA&#8221; Instagram hesab\u0131ndan a\u00e7\u0131klama yapan G\u00f6khan \u00c7\u0131ra, \u015fu ifadeleri kulland\u0131: &#8220;O benin k\u0131z\u0131m, d\u00fcnyam, par\u00e7am, ya\u015fama\" \/>\n<meta property=\"og:url\" content=\"https:\/\/kibrisdakik.com\/?p=56418\" \/>\n<meta property=\"article:published_time\" content=\"2024-08-23T11:14:57+00:00\" \/>\n<meta property=\"og:image\" content=\"https:\/\/kibrisdakik.com\/wp-content\/uploads\/2024\/08\/kiziyla-verdigi-poz-nedeniyle-ifadeye-cagrilan-17748444_2749_m.jpg\" \/>\n\t<meta property=\"og:image:width\" content=\"640\" \/>\n\t<meta property=\"og:image:height\" content=\"404\" \/>\n\t<meta property=\"og:image:type\" content=\"image\/jpeg\" \/>\n<meta name=\"author\" content=\"admin\" \/>\n<meta name=\"twitter:card\" content=\"summary_large_image\" \/>\n<meta name=\"twitter:label1\" content=\"Yazan:\" \/>\n\t<meta name=\"twitter:data1\" content=\"admin\" \/>\n\t<meta name=\"twitter:label2\" content=\"Tahmini okuma s\u00fcresi\" \/>\n\t<meta name=\"twitter:data2\" content=\"3 dakika\" \/>\n<script type=\"application\/ld+json\" class=\"yoast-schema-graph\">{\"@context\":\"https:\\\/\\\/schema.org\",\"@graph\":[{\"@type\":\"Article\",\"@id\":\"https:\\\/\\\/kibrisdakik.com\\\/?p=56418#article\",\"isPartOf\":{\"@id\":\"https:\\\/\\\/kibrisdakik.com\\\/?p=56418\"},\"author\":{\"name\":\"admin\",\"@id\":\"https:\\\/\\\/kibrisdakik.com\\\/#\\\/schema\\\/person\\\/9cd9d437bbb44f72b73ba127e06d8e79\"},\"headline\":\"K\u0131z\u0131yla verdi\u011fi poz nedeniyle ifadeye \u00e7a\u011fr\u0131lan G\u00f6khan \u00c7\u0131ra konu\u015ftu: Poz yanl\u0131\u015ft\u0131\",\"datePublished\":\"2024-08-23T11:14:57+00:00\",\"mainEntityOfPage\":{\"@id\":\"https:\\\/\\\/kibrisdakik.com\\\/?p=56418\"},\"wordCount\":533,\"commentCount\":0,\"image\":{\"@id\":\"https:\\\/\\\/kibrisdakik.com\\\/?p=56418#primaryimage\"},\"thumbnailUrl\":\"https:\\\/\\\/kibrisdakik.com\\\/wp-content\\\/uploads\\\/2024\\\/08\\\/kiziyla-verdigi-poz-nedeniyle-ifadeye-cagrilan-17748444_2749_m.jpg\",\"articleSection\":[\"Magazin\"],\"inLanguage\":\"tr\",\"potentialAction\":[{\"@type\":\"CommentAction\",\"name\":\"Comment\",\"target\":[\"https:\\\/\\\/kibrisdakik.com\\\/?p=56418#respond\"]}]},{\"@type\":\"WebPage\",\"@id\":\"https:\\\/\\\/kibrisdakik.com\\\/?p=56418\",\"url\":\"https:\\\/\\\/kibrisdakik.com\\\/?p=56418\",\"name\":\"K\u0131z\u0131yla verdi\u011fi poz nedeniyle ifadeye \u00e7a\u011fr\u0131lan G\u00f6khan \u00c7\u0131ra konu\u015ftu: Poz yanl\u0131\u015ft\u0131 -\",\"isPartOf\":{\"@id\":\"https:\\\/\\\/kibrisdakik.com\\\/#website\"},\"primaryImageOfPage\":{\"@id\":\"https:\\\/\\\/kibrisdakik.com\\\/?p=56418#primaryimage\"},\"image\":{\"@id\":\"https:\\\/\\\/kibrisdakik.com\\\/?p=56418#primaryimage\"},\"thumbnailUrl\":\"https:\\\/\\\/kibrisdakik.com\\\/wp-content\\\/uploads\\\/2024\\\/08\\\/kiziyla-verdigi-poz-nedeniyle-ifadeye-cagrilan-17748444_2749_m.jpg\",\"datePublished\":\"2024-08-23T11:14:57+00:00\",\"author\":{\"@id\":\"https:\\\/\\\/kibrisdakik.com\\\/#\\\/schema\\\/person\\\/9cd9d437bbb44f72b73ba127e06d8e79\"},\"breadcrumb\":{\"@id\":\"https:\\\/\\\/kibrisdakik.com\\\/?p=56418#breadcrumb\"},\"inLanguage\":\"tr\",\"potentialAction\":[{\"@type\":\"ReadAction\",\"target\":[\"https:\\\/\\\/kibrisdakik.com\\\/?p=56418\"]}]},{\"@type\":\"ImageObject\",\"inLanguage\":\"tr\",\"@id\":\"https:\\\/\\\/kibrisdakik.com\\\/?p=56418#primaryimage\",\"url\":\"https:\\\/\\\/kibrisdakik.com\\\/wp-content\\\/uploads\\\/2024\\\/08\\\/kiziyla-verdigi-poz-nedeniyle-ifadeye-cagrilan-17748444_2749_m.jpg\",\"contentUrl\":\"https:\\\/\\\/kibrisdakik.com\\\/wp-content\\\/uploads\\\/2024\\\/08\\\/kiziyla-verdigi-poz-nedeniyle-ifadeye-cagrilan-17748444_2749_m.jpg\",\"width\":640,\"height\":404},{\"@type\":\"BreadcrumbList\",\"@id\":\"https:\\\/\\\/kibrisdakik.com\\\/?p=56418#breadcrumb\",\"itemListElement\":[{\"@type\":\"ListItem\",\"position\":1,\"name\":\"Home\",\"item\":\"https:\\\/\\\/kibrisdakik.com\\\/\"},{\"@type\":\"ListItem\",\"position\":2,\"name\":\"K\u0131z\u0131yla verdi\u011fi poz nedeniyle ifadeye \u00e7a\u011fr\u0131lan G\u00f6khan \u00c7\u0131ra konu\u015ftu: Poz yanl\u0131\u015ft\u0131\"}]},{\"@type\":\"WebSite\",\"@id\":\"https:\\\/\\\/kibrisdakik.com\\\/#website\",\"url\":\"https:\\\/\\\/kibrisdakik.com\\\/\",\"name\":\"\",\"description\":\"Tam vaktinde haber\",\"potentialAction\":[{\"@type\":\"SearchAction\",\"target\":{\"@type\":\"EntryPoint\",\"urlTemplate\":\"https:\\\/\\\/kibrisdakik.com\\\/?s={search_term_string}\"},\"query-input\":{\"@type\":\"PropertyValueSpecification\",\"valueRequired\":true,\"valueName\":\"search_term_string\"}}],\"inLanguage\":\"tr\"},{\"@type\":\"Person\",\"@id\":\"https:\\\/\\\/kibrisdakik.com\\\/#\\\/schema\\\/person\\\/9cd9d437bbb44f72b73ba127e06d8e79\",\"name\":\"admin\",\"image\":{\"@type\":\"ImageObject\",\"inLanguage\":\"tr\",\"@id\":\"https:\\\/\\\/secure.gravatar.com\\\/avatar\\\/ccc17943b9d660506c869530f897617f7cb1c21a4bf30023f252596d83e1f007?s=96&d=mm&r=g\",\"url\":\"https:\\\/\\\/secure.gravatar.com\\\/avatar\\\/ccc17943b9d660506c869530f897617f7cb1c21a4bf30023f252596d83e1f007?s=96&d=mm&r=g\",\"contentUrl\":\"https:\\\/\\\/secure.gravatar.com\\\/avatar\\\/ccc17943b9d660506c869530f897617f7cb1c21a4bf30023f252596d83e1f007?s=96&d=mm&r=g\",\"caption\":\"admin\"},\"sameAs\":[\"https:\\\/\\\/kibrisdakik.com\"],\"url\":\"https:\\\/\\\/kibrisdakik.com\\\/?author=1\"}]}<\/script>\n<!-- \/ Yoast SEO plugin. -->","yoast_head_json":{"title":"K\u0131z\u0131yla verdi\u011fi poz nedeniyle ifadeye \u00e7a\u011fr\u0131lan G\u00f6khan \u00c7\u0131ra konu\u015ftu: Poz yanl\u0131\u015ft\u0131 -","robots":{"index":"index","follow":"follow","max-snippet":"max-snippet:-1","max-image-preview":"max-image-preview:large","max-video-preview":"max-video-preview:-1"},"canonical":"https:\/\/kibrisdakik.com\/?p=56418","og_locale":"tr_TR","og_type":"article","og_title":"K\u0131z\u0131yla verdi\u011fi poz nedeniyle ifadeye \u00e7a\u011fr\u0131lan G\u00f6khan \u00c7\u0131ra konu\u015ftu: Poz yanl\u0131\u015ft\u0131 -","og_description":"Eski futbolcu G\u00f6khan \u00c7\u0131ra&#8217;n\u0131n, 2 ya\u015f\u0131ndaki \u00e7ocukla yapt\u0131\u011f\u0131 sosyal medya payla\u015f\u0131m\u0131 nedeniyle savc\u0131l\u0131k\u00e7a ifadesinin al\u0131nmas\u0131na karar verildi. Soru\u015fturman\u0131n ard\u0131ndan konu\u015fan G\u00f6khan \u00c7\u0131ra, verdi\u011fi pozun yanl\u0131\u015f oldu\u011funu belirterek &#8220;Selenay benim evlad\u0131m, art\u0131k can\u0131m ac\u0131yor&#8221; diyerek isyan etti. &#8220;KUSUR \u0130\u015eLEM\u0130\u015e G\u00d6R\u00dcND\u00dcYSEM AFFOLA&#8221; Instagram hesab\u0131ndan a\u00e7\u0131klama yapan G\u00f6khan \u00c7\u0131ra, \u015fu ifadeleri kulland\u0131: &#8220;O benin k\u0131z\u0131m, d\u00fcnyam, par\u00e7am, ya\u015fama","og_url":"https:\/\/kibrisdakik.com\/?p=56418","article_published_time":"2024-08-23T11:14:57+00:00","og_image":[{"width":640,"height":404,"url":"https:\/\/kibrisdakik.com\/wp-content\/uploads\/2024\/08\/kiziyla-verdigi-poz-nedeniyle-ifadeye-cagrilan-17748444_2749_m.jpg","type":"image\/jpeg"}],"author":"admin","twitter_card":"summary_large_image","twitter_misc":{"Yazan:":"admin","Tahmini okuma s\u00fcresi":"3 dakika"},"schema":{"@context":"https:\/\/schema.org","@graph":[{"@type":"Article","@id":"https:\/\/kibrisdakik.com\/?p=56418#article","isPartOf":{"@id":"https:\/\/kibrisdakik.com\/?p=56418"},"author":{"name":"admin","@id":"https:\/\/kibrisdakik.com\/#\/schema\/person\/9cd9d437bbb44f72b73ba127e06d8e79"},"headline":"K\u0131z\u0131yla verdi\u011fi poz nedeniyle ifadeye \u00e7a\u011fr\u0131lan G\u00f6khan \u00c7\u0131ra konu\u015ftu: Poz yanl\u0131\u015ft\u0131","datePublished":"2024-08-23T11:14:57+00:00","mainEntityOfPage":{"@id":"https:\/\/kibrisdakik.com\/?p=56418"},"wordCount":533,"commentCount":0,"image":{"@id":"https:\/\/kibrisdakik.com\/?p=56418#primaryimage"},"thumbnailUrl":"https:\/\/kibrisdakik.com\/wp-content\/uploads\/2024\/08\/kiziyla-verdigi-poz-nedeniyle-ifadeye-cagrilan-17748444_2749_m.jpg","articleSection":["Magazin"],"inLanguage":"tr","potentialAction":[{"@type":"CommentAction","name":"Comment","target":["https:\/\/kibrisdakik.com\/?p=56418#respond"]}]},{"@type":"WebPage","@id":"https:\/\/kibrisdakik.com\/?p=56418","url":"https:\/\/kibrisdakik.com\/?p=56418","name":"K\u0131z\u0131yla verdi\u011fi poz nedeniyle ifadeye \u00e7a\u011fr\u0131lan G\u00f6khan \u00c7\u0131ra konu\u015ftu: Poz yanl\u0131\u015ft\u0131 -","isPartOf":{"@id":"https:\/\/kibrisdakik.com\/#website"},"primaryImageOfPage":{"@id":"https:\/\/kibrisdakik.com\/?p=56418#primaryimage"},"image":{"@id":"https:\/\/kibrisdakik.com\/?p=56418#primaryimage"},"thumbnailUrl":"https:\/\/kibrisdakik.com\/wp-content\/uploads\/2024\/08\/kiziyla-verdigi-poz-nedeniyle-ifadeye-cagrilan-17748444_2749_m.jpg","datePublished":"2024-08-23T11:14:57+00:00","author":{"@id":"https:\/\/kibrisdakik.com\/#\/schema\/person\/9cd9d437bbb44f72b73ba127e06d8e79"},"breadcrumb":{"@id":"https:\/\/kibrisdakik.com\/?p=56418#breadcrumb"},"inLanguage":"tr","potentialAction":[{"@type":"ReadAction","target":["https:\/\/kibrisdakik.com\/?p=56418"]}]},{"@type":"ImageObject","inLanguage":"tr","@id":"https:\/\/kibrisdakik.com\/?p=56418#primaryimage","url":"https:\/\/kibrisdakik.com\/wp-content\/uploads\/2024\/08\/kiziyla-verdigi-poz-nedeniyle-ifadeye-cagrilan-17748444_2749_m.jpg","contentUrl":"https:\/\/kibrisdakik.com\/wp-content\/uploads\/2024\/08\/kiziyla-verdigi-poz-nedeniyle-ifadeye-cagrilan-17748444_2749_m.jpg","width":640,"height":404},{"@type":"BreadcrumbList","@id":"https:\/\/kibrisdakik.com\/?p=56418#breadcrumb","itemListElement":[{"@type":"ListItem","position":1,"name":"Home","item":"https:\/\/kibrisdakik.com\/"},{"@type":"ListItem","position":2,"name":"K\u0131z\u0131yla verdi\u011fi poz nedeniyle ifadeye \u00e7a\u011fr\u0131lan G\u00f6khan \u00c7\u0131ra konu\u015ftu: Poz yanl\u0131\u015ft\u0131"}]},{"@type":"WebSite","@id":"https:\/\/kibrisdakik.com\/#website","url":"https:\/\/kibrisdakik.com\/","name":"","description":"Tam vaktinde haber","potentialAction":[{"@type":"SearchAction","target":{"@type":"EntryPoint","urlTemplate":"https:\/\/kibrisdakik.com\/?s={search_term_string}"},"query-input":{"@type":"PropertyValueSpecification","valueRequired":true,"valueName":"search_term_string"}}],"inLanguage":"tr"},{"@type":"Person","@id":"https:\/\/kibrisdakik.com\/#\/schema\/person\/9cd9d437bbb44f72b73ba127e06d8e79","name":"admin","image":{"@type":"ImageObject","inLanguage":"tr","@id":"https:\/\/secure.gravatar.com\/avatar\/ccc17943b9d660506c869530f897617f7cb1c21a4bf30023f252596d83e1f007?s=96&d=mm&r=g","url":"https:\/\/secure.gravatar.com\/avatar\/ccc17943b9d660506c869530f897617f7cb1c21a4bf30023f252596d83e1f007?s=96&d=mm&r=g","contentUrl":"https:\/\/secure.gravatar.com\/avatar\/ccc17943b9d660506c869530f897617f7cb1c21a4bf30023f252596d83e1f007?s=96&d=mm&r=g","caption":"admin"},"sameAs":["https:\/\/kibrisdakik.com"],"url":"https:\/\/kibrisdakik.com\/?author=1"}]}},"_links":{"self":[{"href":"https:\/\/kibrisdakik.com\/index.php?rest_route=\/wp\/v2\/posts\/56418","targetHints":{"allow":["GET"]}}],"collection":[{"href":"https:\/\/kibrisdakik.com\/index.php?rest_route=\/wp\/v2\/posts"}],"about":[{"href":"https:\/\/kibrisdakik.com\/index.php?rest_route=\/wp\/v2\/types\/post"}],"author":[{"embeddable":true,"href":"https:\/\/kibrisdakik.com\/index.php?rest_route=\/wp\/v2\/users\/1"}],"replies":[{"embeddable":true,"href":"https:\/\/kibrisdakik.com\/index.php?rest_route=%2Fwp%2Fv2%2Fcomments&post=56418"}],"version-history":[{"count":0,"href":"https:\/\/kibrisdakik.com\/index.php?rest_route=\/wp\/v2\/posts\/56418\/revisions"}],"wp:featuredmedia":[{"embeddable":true,"href":"https:\/\/kibrisdakik.com\/index.php?rest_route=\/wp\/v2\/media\/56419"}],"wp:attachment":[{"href":"https:\/\/kibrisdakik.com\/index.php?rest_route=%2Fwp%2Fv2%2Fmedia&parent=56418"}],"wp:term":[{"taxonomy":"category","embeddable":true,"href":"https:\/\/kibrisdakik.com\/index.php?rest_route=%2Fwp%2Fv2%2Fcategories&post=56418"},{"taxonomy":"post_tag","embeddable":true,"href":"https:\/\/kibrisdakik.com\/index.php?rest_route=%2Fwp%2Fv2%2Ftags&post=56418"}],"curies":[{"name":"wp","href":"https:\/\/api.w.org\/{rel}","templated":true}]}}