{"id":56512,"date":"2024-08-23T20:19:14","date_gmt":"2024-08-23T17:19:14","guid":{"rendered":"https:\/\/kibrisdakik.com\/index.php\/2024\/08\/23\/sanatci-yahya-deniz-denizin-altinda-cura-calip-halay-cekti\/"},"modified":"2024-08-23T20:19:14","modified_gmt":"2024-08-23T17:19:14","slug":"sanatci-yahya-deniz-denizin-altinda-cura-calip-halay-cekti","status":"publish","type":"post","link":"https:\/\/kibrisdakik.com\/?p=56512","title":{"rendered":"Sanat\u00e7\u0131 Yahya Deniz denizin alt\u0131nda cura \u00e7al\u0131p halay \u00e7ekti"},"content":{"rendered":"<p><\/p>\n<div id=\"\">\n<p>M\u00fczik sanat\u00e7\u0131s\u0131 Yahya Deniz, son \u00e7ekmi\u015f oldu\u011fu denizin alt\u0131nda cura (saz) \u00e7ald\u0131\u011f\u0131 videoyla sosyal medya platformlar\u0131nda b\u00fcy\u00fck ilgi g\u00f6rd\u00fc.<\/p>\n<p>\u0130nsanlar\u0131n son zamanlarda g\u00fcl\u00fcmsemeye ihtiyac\u0131 oldu\u011funu s\u00f6yleyen Deniz, bu tarz videolar\u0131 \u00e7ekmeye devam edece\u011fini s\u00f6yledi.<\/p>\n<p><img loading=\"lazy\" decoding=\"async\" class=\"hbptMainImage lazyload ImgDetay\" src=\"https:\/\/foto.haberler.com\/haber\/2024\/08\/23\/sanatci-yahya-deniz-denizin-altinda-cura-calip-17749703_7551_m.jpg\" alt=\"Sanat\u00e7\u0131 Yahya Deniz denizin alt\u0131nda cura \u00e7al\u0131p halay \u00e7ekti\" width=\"640\" height=\"879\"\/><\/p>\n<h3>YAHYA DEN\u0130Z K\u0130MD\u0130R?<\/h3>\n<p>Aslen Erzincan Kemahl\u0131 olan Yahya Deniz \u0130stanbul&#8217;da do\u011fdu. K\u00fc\u00e7\u00fck ya\u015fta m\u00fczikle tan\u0131\u015ft\u0131. Ba\u011flama ve solist olarak \u0130stanbul TRT radyosunda g\u00f6rev ald\u0131. Konservatuvar\u0131 kazan\u0131nca b\u0131rakmak durumunda kald\u0131. Sakarya \u00dcniversitesi Devlet Konservatuvar\u0131n\u0131 bitirdi. <\/p>\n<p><img loading=\"lazy\" decoding=\"async\" class=\"hbptMainImage lazyload ImgDetay\" src=\"https:\/\/foto.haberler.com\/haber\/2024\/08\/23\/sanatci-yahya-deniz-denizin-altinda-cura-calip-17749702_7677_m.jpg\" alt=\"Sanat\u00e7\u0131 Yahya Deniz denizin alt\u0131nda cura \u00e7al\u0131p halay \u00e7ekti\" width=\"640\" height=\"360\"\/><span class=\"figcaption\">Yahya Deniz<\/span><\/p>\n<p>\u00c7e\u015fitli TV programlar\u0131nda, konser ve d\u00fc\u011f\u00fcn gibi yerlerde sahne ald\u0131. Sosyal medyada \u00e7ekmi\u015f oldu\u011fu video i\u00e7erikleriyle k\u0131sa s\u00fcrede geni\u015f bir kitleye hitap etmeye ba\u015flad\u0131.<\/p>\n<h4 id=\"nwsKeywords\"> <a href=\"https:\/\/www.haberler.com\/erzincan\/\" title=\"Erzincan\" class=\"hbptTag\">Erzincan<\/a>  <a href=\"https:\/\/www.haberler.com\/sosyal-medya\/\" title=\"Sosyal Medya\" class=\"hbptTag\">Sosyal Medya<\/a>  <a href=\"https:\/\/www.haberler.com\/muzik\/\" title=\"M\u00fczik\" class=\"hbptTag\">M\u00fczik<\/a>  <a href=\"https:\/\/www.haberler.com\/yasam\/\" title=\"Ya\u015fam\" class=\"hbptTag\">Ya\u015fam<\/a>  <a href=\"https:\/\/www.haberler.com\/kultur-sanat\/\" title=\"K\u00fclt\u00fcr Sanat\" class=\"hbptTag\">K\u00fclt\u00fcr Sanat<\/a>  <a href=\"https:\/\/www.haberler.com\/\" title=\"Haberler\" class=\"hbptTag\">Haberler<\/a> <\/h4>\n<\/div>\n","protected":false},"excerpt":{"rendered":"<p>M\u00fczik sanat\u00e7\u0131s\u0131 Yahya Deniz, son \u00e7ekmi\u015f oldu\u011fu denizin alt\u0131nda cura (saz) \u00e7ald\u0131\u011f\u0131 videoyla sosyal medya platformlar\u0131nda b\u00fcy\u00fck ilgi g\u00f6rd\u00fc. \u0130nsanlar\u0131n son zamanlarda g\u00fcl\u00fcmsemeye ihtiyac\u0131 oldu\u011funu s\u00f6yleyen Deniz, bu tarz videolar\u0131 \u00e7ekmeye devam edece\u011fini s\u00f6yledi. YAHYA DEN\u0130Z K\u0130MD\u0130R? Aslen Erzincan Kemahl\u0131 olan Yahya Deniz \u0130stanbul&#8217;da do\u011fdu. K\u00fc\u00e7\u00fck ya\u015fta m\u00fczikle tan\u0131\u015ft\u0131. Ba\u011flama ve solist olarak \u0130stanbul TRT<\/p>\n","protected":false},"author":1,"featured_media":56513,"comment_status":"open","ping_status":"open","sticky":false,"template":"","format":"standard","meta":{"footnotes":""},"categories":[83],"tags":[],"class_list":["post-56512","post","type-post","status-publish","format-standard","has-post-thumbnail","hentry","category-magazin"],"yoast_head":"<!-- This site is optimized with the Yoast SEO plugin v27.5 - https:\/\/yoast.com\/product\/yoast-seo-wordpress\/ -->\n<title>Sanat\u00e7\u0131 Yahya Deniz denizin alt\u0131nda cura \u00e7al\u0131p halay \u00e7ekti -<\/title>\n<meta name=\"robots\" content=\"index, follow, max-snippet:-1, max-image-preview:large, max-video-preview:-1\" \/>\n<link rel=\"canonical\" href=\"https:\/\/kibrisdakik.com\/?p=56512\" \/>\n<meta property=\"og:locale\" content=\"tr_TR\" \/>\n<meta property=\"og:type\" content=\"article\" \/>\n<meta property=\"og:title\" content=\"Sanat\u00e7\u0131 Yahya Deniz denizin alt\u0131nda cura \u00e7al\u0131p halay \u00e7ekti -\" \/>\n<meta property=\"og:description\" content=\"M\u00fczik sanat\u00e7\u0131s\u0131 Yahya Deniz, son \u00e7ekmi\u015f oldu\u011fu denizin alt\u0131nda cura (saz) \u00e7ald\u0131\u011f\u0131 videoyla sosyal medya platformlar\u0131nda b\u00fcy\u00fck ilgi g\u00f6rd\u00fc. \u0130nsanlar\u0131n son zamanlarda g\u00fcl\u00fcmsemeye ihtiyac\u0131 oldu\u011funu s\u00f6yleyen Deniz, bu tarz videolar\u0131 \u00e7ekmeye devam edece\u011fini s\u00f6yledi. YAHYA DEN\u0130Z K\u0130MD\u0130R? Aslen Erzincan Kemahl\u0131 olan Yahya Deniz \u0130stanbul&#8217;da do\u011fdu. K\u00fc\u00e7\u00fck ya\u015fta m\u00fczikle tan\u0131\u015ft\u0131. Ba\u011flama ve solist olarak \u0130stanbul TRT\" \/>\n<meta property=\"og:url\" content=\"https:\/\/kibrisdakik.com\/?p=56512\" \/>\n<meta property=\"article:published_time\" content=\"2024-08-23T17:19:14+00:00\" \/>\n<meta property=\"og:image\" content=\"https:\/\/kibrisdakik.com\/wp-content\/uploads\/2024\/08\/sanatci-yahya-deniz-denizin-altinda-cura-calip-17749703_7551_m-640x420.jpg\" \/>\n\t<meta property=\"og:image:width\" content=\"640\" \/>\n\t<meta property=\"og:image:height\" content=\"877\" \/>\n\t<meta property=\"og:image:type\" content=\"image\/jpeg\" \/>\n<meta name=\"author\" content=\"admin\" \/>\n<meta name=\"twitter:card\" content=\"summary_large_image\" \/>\n<meta name=\"twitter:label1\" content=\"Yazan:\" \/>\n\t<meta name=\"twitter:data1\" content=\"admin\" \/>\n\t<meta name=\"twitter:label2\" content=\"Tahmini okuma s\u00fcresi\" \/>\n\t<meta name=\"twitter:data2\" content=\"1 dakika\" \/>\n<script type=\"application\/ld+json\" class=\"yoast-schema-graph\">{\"@context\":\"https:\\\/\\\/schema.org\",\"@graph\":[{\"@type\":\"Article\",\"@id\":\"https:\\\/\\\/kibrisdakik.com\\\/?p=56512#article\",\"isPartOf\":{\"@id\":\"https:\\\/\\\/kibrisdakik.com\\\/?p=56512\"},\"author\":{\"name\":\"admin\",\"@id\":\"https:\\\/\\\/kibrisdakik.com\\\/#\\\/schema\\\/person\\\/9cd9d437bbb44f72b73ba127e06d8e79\"},\"headline\":\"Sanat\u00e7\u0131 Yahya Deniz denizin alt\u0131nda cura \u00e7al\u0131p halay \u00e7ekti\",\"datePublished\":\"2024-08-23T17:19:14+00:00\",\"mainEntityOfPage\":{\"@id\":\"https:\\\/\\\/kibrisdakik.com\\\/?p=56512\"},\"wordCount\":153,\"commentCount\":0,\"image\":{\"@id\":\"https:\\\/\\\/kibrisdakik.com\\\/?p=56512#primaryimage\"},\"thumbnailUrl\":\"https:\\\/\\\/kibrisdakik.com\\\/wp-content\\\/uploads\\\/2024\\\/08\\\/sanatci-yahya-deniz-denizin-altinda-cura-calip-17749703_7551_m-640x420.jpg\",\"articleSection\":[\"Magazin\"],\"inLanguage\":\"tr\",\"potentialAction\":[{\"@type\":\"CommentAction\",\"name\":\"Comment\",\"target\":[\"https:\\\/\\\/kibrisdakik.com\\\/?p=56512#respond\"]}]},{\"@type\":\"WebPage\",\"@id\":\"https:\\\/\\\/kibrisdakik.com\\\/?p=56512\",\"url\":\"https:\\\/\\\/kibrisdakik.com\\\/?p=56512\",\"name\":\"Sanat\u00e7\u0131 Yahya Deniz denizin alt\u0131nda cura \u00e7al\u0131p halay \u00e7ekti -\",\"isPartOf\":{\"@id\":\"https:\\\/\\\/kibrisdakik.com\\\/#website\"},\"primaryImageOfPage\":{\"@id\":\"https:\\\/\\\/kibrisdakik.com\\\/?p=56512#primaryimage\"},\"image\":{\"@id\":\"https:\\\/\\\/kibrisdakik.com\\\/?p=56512#primaryimage\"},\"thumbnailUrl\":\"https:\\\/\\\/kibrisdakik.com\\\/wp-content\\\/uploads\\\/2024\\\/08\\\/sanatci-yahya-deniz-denizin-altinda-cura-calip-17749703_7551_m-640x420.jpg\",\"datePublished\":\"2024-08-23T17:19:14+00:00\",\"author\":{\"@id\":\"https:\\\/\\\/kibrisdakik.com\\\/#\\\/schema\\\/person\\\/9cd9d437bbb44f72b73ba127e06d8e79\"},\"breadcrumb\":{\"@id\":\"https:\\\/\\\/kibrisdakik.com\\\/?p=56512#breadcrumb\"},\"inLanguage\":\"tr\",\"potentialAction\":[{\"@type\":\"ReadAction\",\"target\":[\"https:\\\/\\\/kibrisdakik.com\\\/?p=56512\"]}]},{\"@type\":\"ImageObject\",\"inLanguage\":\"tr\",\"@id\":\"https:\\\/\\\/kibrisdakik.com\\\/?p=56512#primaryimage\",\"url\":\"https:\\\/\\\/kibrisdakik.com\\\/wp-content\\\/uploads\\\/2024\\\/08\\\/sanatci-yahya-deniz-denizin-altinda-cura-calip-17749703_7551_m-640x420.jpg\",\"contentUrl\":\"https:\\\/\\\/kibrisdakik.com\\\/wp-content\\\/uploads\\\/2024\\\/08\\\/sanatci-yahya-deniz-denizin-altinda-cura-calip-17749703_7551_m-640x420.jpg\",\"width\":640,\"height\":877},{\"@type\":\"BreadcrumbList\",\"@id\":\"https:\\\/\\\/kibrisdakik.com\\\/?p=56512#breadcrumb\",\"itemListElement\":[{\"@type\":\"ListItem\",\"position\":1,\"name\":\"Home\",\"item\":\"https:\\\/\\\/kibrisdakik.com\\\/\"},{\"@type\":\"ListItem\",\"position\":2,\"name\":\"Sanat\u00e7\u0131 Yahya Deniz denizin alt\u0131nda cura \u00e7al\u0131p halay \u00e7ekti\"}]},{\"@type\":\"WebSite\",\"@id\":\"https:\\\/\\\/kibrisdakik.com\\\/#website\",\"url\":\"https:\\\/\\\/kibrisdakik.com\\\/\",\"name\":\"\",\"description\":\"Tam vaktinde haber\",\"potentialAction\":[{\"@type\":\"SearchAction\",\"target\":{\"@type\":\"EntryPoint\",\"urlTemplate\":\"https:\\\/\\\/kibrisdakik.com\\\/?s={search_term_string}\"},\"query-input\":{\"@type\":\"PropertyValueSpecification\",\"valueRequired\":true,\"valueName\":\"search_term_string\"}}],\"inLanguage\":\"tr\"},{\"@type\":\"Person\",\"@id\":\"https:\\\/\\\/kibrisdakik.com\\\/#\\\/schema\\\/person\\\/9cd9d437bbb44f72b73ba127e06d8e79\",\"name\":\"admin\",\"image\":{\"@type\":\"ImageObject\",\"inLanguage\":\"tr\",\"@id\":\"https:\\\/\\\/secure.gravatar.com\\\/avatar\\\/ccc17943b9d660506c869530f897617f7cb1c21a4bf30023f252596d83e1f007?s=96&d=mm&r=g\",\"url\":\"https:\\\/\\\/secure.gravatar.com\\\/avatar\\\/ccc17943b9d660506c869530f897617f7cb1c21a4bf30023f252596d83e1f007?s=96&d=mm&r=g\",\"contentUrl\":\"https:\\\/\\\/secure.gravatar.com\\\/avatar\\\/ccc17943b9d660506c869530f897617f7cb1c21a4bf30023f252596d83e1f007?s=96&d=mm&r=g\",\"caption\":\"admin\"},\"sameAs\":[\"https:\\\/\\\/kibrisdakik.com\"],\"url\":\"https:\\\/\\\/kibrisdakik.com\\\/?author=1\"}]}<\/script>\n<!-- \/ Yoast SEO plugin. -->","yoast_head_json":{"title":"Sanat\u00e7\u0131 Yahya Deniz denizin alt\u0131nda cura \u00e7al\u0131p halay \u00e7ekti -","robots":{"index":"index","follow":"follow","max-snippet":"max-snippet:-1","max-image-preview":"max-image-preview:large","max-video-preview":"max-video-preview:-1"},"canonical":"https:\/\/kibrisdakik.com\/?p=56512","og_locale":"tr_TR","og_type":"article","og_title":"Sanat\u00e7\u0131 Yahya Deniz denizin alt\u0131nda cura \u00e7al\u0131p halay \u00e7ekti -","og_description":"M\u00fczik sanat\u00e7\u0131s\u0131 Yahya Deniz, son \u00e7ekmi\u015f oldu\u011fu denizin alt\u0131nda cura (saz) \u00e7ald\u0131\u011f\u0131 videoyla sosyal medya platformlar\u0131nda b\u00fcy\u00fck ilgi g\u00f6rd\u00fc. \u0130nsanlar\u0131n son zamanlarda g\u00fcl\u00fcmsemeye ihtiyac\u0131 oldu\u011funu s\u00f6yleyen Deniz, bu tarz videolar\u0131 \u00e7ekmeye devam edece\u011fini s\u00f6yledi. YAHYA DEN\u0130Z K\u0130MD\u0130R? Aslen Erzincan Kemahl\u0131 olan Yahya Deniz \u0130stanbul&#8217;da do\u011fdu. K\u00fc\u00e7\u00fck ya\u015fta m\u00fczikle tan\u0131\u015ft\u0131. Ba\u011flama ve solist olarak \u0130stanbul TRT","og_url":"https:\/\/kibrisdakik.com\/?p=56512","article_published_time":"2024-08-23T17:19:14+00:00","og_image":[{"width":640,"height":877,"url":"https:\/\/kibrisdakik.com\/wp-content\/uploads\/2024\/08\/sanatci-yahya-deniz-denizin-altinda-cura-calip-17749703_7551_m-640x420.jpg","type":"image\/jpeg"}],"author":"admin","twitter_card":"summary_large_image","twitter_misc":{"Yazan:":"admin","Tahmini okuma s\u00fcresi":"1 dakika"},"schema":{"@context":"https:\/\/schema.org","@graph":[{"@type":"Article","@id":"https:\/\/kibrisdakik.com\/?p=56512#article","isPartOf":{"@id":"https:\/\/kibrisdakik.com\/?p=56512"},"author":{"name":"admin","@id":"https:\/\/kibrisdakik.com\/#\/schema\/person\/9cd9d437bbb44f72b73ba127e06d8e79"},"headline":"Sanat\u00e7\u0131 Yahya Deniz denizin alt\u0131nda cura \u00e7al\u0131p halay \u00e7ekti","datePublished":"2024-08-23T17:19:14+00:00","mainEntityOfPage":{"@id":"https:\/\/kibrisdakik.com\/?p=56512"},"wordCount":153,"commentCount":0,"image":{"@id":"https:\/\/kibrisdakik.com\/?p=56512#primaryimage"},"thumbnailUrl":"https:\/\/kibrisdakik.com\/wp-content\/uploads\/2024\/08\/sanatci-yahya-deniz-denizin-altinda-cura-calip-17749703_7551_m-640x420.jpg","articleSection":["Magazin"],"inLanguage":"tr","potentialAction":[{"@type":"CommentAction","name":"Comment","target":["https:\/\/kibrisdakik.com\/?p=56512#respond"]}]},{"@type":"WebPage","@id":"https:\/\/kibrisdakik.com\/?p=56512","url":"https:\/\/kibrisdakik.com\/?p=56512","name":"Sanat\u00e7\u0131 Yahya Deniz denizin alt\u0131nda cura \u00e7al\u0131p halay \u00e7ekti -","isPartOf":{"@id":"https:\/\/kibrisdakik.com\/#website"},"primaryImageOfPage":{"@id":"https:\/\/kibrisdakik.com\/?p=56512#primaryimage"},"image":{"@id":"https:\/\/kibrisdakik.com\/?p=56512#primaryimage"},"thumbnailUrl":"https:\/\/kibrisdakik.com\/wp-content\/uploads\/2024\/08\/sanatci-yahya-deniz-denizin-altinda-cura-calip-17749703_7551_m-640x420.jpg","datePublished":"2024-08-23T17:19:14+00:00","author":{"@id":"https:\/\/kibrisdakik.com\/#\/schema\/person\/9cd9d437bbb44f72b73ba127e06d8e79"},"breadcrumb":{"@id":"https:\/\/kibrisdakik.com\/?p=56512#breadcrumb"},"inLanguage":"tr","potentialAction":[{"@type":"ReadAction","target":["https:\/\/kibrisdakik.com\/?p=56512"]}]},{"@type":"ImageObject","inLanguage":"tr","@id":"https:\/\/kibrisdakik.com\/?p=56512#primaryimage","url":"https:\/\/kibrisdakik.com\/wp-content\/uploads\/2024\/08\/sanatci-yahya-deniz-denizin-altinda-cura-calip-17749703_7551_m-640x420.jpg","contentUrl":"https:\/\/kibrisdakik.com\/wp-content\/uploads\/2024\/08\/sanatci-yahya-deniz-denizin-altinda-cura-calip-17749703_7551_m-640x420.jpg","width":640,"height":877},{"@type":"BreadcrumbList","@id":"https:\/\/kibrisdakik.com\/?p=56512#breadcrumb","itemListElement":[{"@type":"ListItem","position":1,"name":"Home","item":"https:\/\/kibrisdakik.com\/"},{"@type":"ListItem","position":2,"name":"Sanat\u00e7\u0131 Yahya Deniz denizin alt\u0131nda cura \u00e7al\u0131p halay \u00e7ekti"}]},{"@type":"WebSite","@id":"https:\/\/kibrisdakik.com\/#website","url":"https:\/\/kibrisdakik.com\/","name":"","description":"Tam vaktinde haber","potentialAction":[{"@type":"SearchAction","target":{"@type":"EntryPoint","urlTemplate":"https:\/\/kibrisdakik.com\/?s={search_term_string}"},"query-input":{"@type":"PropertyValueSpecification","valueRequired":true,"valueName":"search_term_string"}}],"inLanguage":"tr"},{"@type":"Person","@id":"https:\/\/kibrisdakik.com\/#\/schema\/person\/9cd9d437bbb44f72b73ba127e06d8e79","name":"admin","image":{"@type":"ImageObject","inLanguage":"tr","@id":"https:\/\/secure.gravatar.com\/avatar\/ccc17943b9d660506c869530f897617f7cb1c21a4bf30023f252596d83e1f007?s=96&d=mm&r=g","url":"https:\/\/secure.gravatar.com\/avatar\/ccc17943b9d660506c869530f897617f7cb1c21a4bf30023f252596d83e1f007?s=96&d=mm&r=g","contentUrl":"https:\/\/secure.gravatar.com\/avatar\/ccc17943b9d660506c869530f897617f7cb1c21a4bf30023f252596d83e1f007?s=96&d=mm&r=g","caption":"admin"},"sameAs":["https:\/\/kibrisdakik.com"],"url":"https:\/\/kibrisdakik.com\/?author=1"}]}},"_links":{"self":[{"href":"https:\/\/kibrisdakik.com\/index.php?rest_route=\/wp\/v2\/posts\/56512","targetHints":{"allow":["GET"]}}],"collection":[{"href":"https:\/\/kibrisdakik.com\/index.php?rest_route=\/wp\/v2\/posts"}],"about":[{"href":"https:\/\/kibrisdakik.com\/index.php?rest_route=\/wp\/v2\/types\/post"}],"author":[{"embeddable":true,"href":"https:\/\/kibrisdakik.com\/index.php?rest_route=\/wp\/v2\/users\/1"}],"replies":[{"embeddable":true,"href":"https:\/\/kibrisdakik.com\/index.php?rest_route=%2Fwp%2Fv2%2Fcomments&post=56512"}],"version-history":[{"count":0,"href":"https:\/\/kibrisdakik.com\/index.php?rest_route=\/wp\/v2\/posts\/56512\/revisions"}],"wp:featuredmedia":[{"embeddable":true,"href":"https:\/\/kibrisdakik.com\/index.php?rest_route=\/wp\/v2\/media\/56513"}],"wp:attachment":[{"href":"https:\/\/kibrisdakik.com\/index.php?rest_route=%2Fwp%2Fv2%2Fmedia&parent=56512"}],"wp:term":[{"taxonomy":"category","embeddable":true,"href":"https:\/\/kibrisdakik.com\/index.php?rest_route=%2Fwp%2Fv2%2Fcategories&post=56512"},{"taxonomy":"post_tag","embeddable":true,"href":"https:\/\/kibrisdakik.com\/index.php?rest_route=%2Fwp%2Fv2%2Ftags&post=56512"}],"curies":[{"name":"wp","href":"https:\/\/api.w.org\/{rel}","templated":true}]}}