{"id":56544,"date":"2024-08-24T07:46:10","date_gmt":"2024-08-24T04:46:10","guid":{"rendered":"https:\/\/kibrisdakik.com\/index.php\/2024\/08\/24\/fenerbahce-ve-brighton-ferdi-kadioglu-icin-anlasti\/"},"modified":"2024-08-24T07:46:10","modified_gmt":"2024-08-24T04:46:10","slug":"fenerbahce-ve-brighton-ferdi-kadioglu-icin-anlasti","status":"publish","type":"post","link":"https:\/\/kibrisdakik.com\/?p=56544","title":{"rendered":"Fenerbah\u00e7e ve Brighton, Ferdi Kad\u0131o\u011flu i\u00e7in anla\u015ft\u0131"},"content":{"rendered":"<p><img decoding=\"async\" src=\"https:\/\/foto.haberler.com\/haber\/2024\/08\/24\/fenerbahce-ve-brighton-ferdi-kadioglu-icin-17750367_6594_amp.jpg\" \/><\/p>\n<div id=\"\">\n<p>S\u00fcper Lig devi  <a class=\"keyword\" href=\"https:\/\/www.haberler.com\/fenerbahce\/\" title=\"Fenerbah\u00e7e Haberleri, Fenerbah\u00e7e Haberi, Fenerbah\u00e7e Haber\"><strong>Fenerbah\u00e7e<\/strong><\/a>&#8216;den \u0130ngiliz ekibi Brighton&#8217;a transfer olaca\u011f\u0131 konu\u015fulan milli futbolcu Ferdi Kad\u0131o\u011flu, d\u00fcn gece Brighton ile g\u00f6r\u00fc\u015fmek ve sa\u011fl\u0131k kontrol\u00fcnden ge\u00e7mek \u00fczere \u0130ngiltere&#8217;ye gitti.<\/p>\n<h3>RESM\u0130 A\u00c7IKLAMA GELD\u0130<\/h3>\n<p> <a class=\"keyword\" href=\"https:\/\/www.haberler.com\/fenerbahce\/\" title=\"Fenerbah\u00e7e Haberleri, Fenerbah\u00e7e Haberi, Fenerbah\u00e7e Haber\"><strong>Fenerbah\u00e7e<\/strong><\/a>&#8216;den yap\u0131lan a\u00e7\u0131klamada, &#8220;Futbolcumuz Ferdi Kad\u0131o\u011flu, Premier Lig ekiplerinden Brighton &amp; Hove Albion FC ile transfer g\u00f6r\u00fc\u015fmelerini ilerletmek ve sa\u011fl\u0131k kontrol\u00fcnden ge\u00e7mek \u00fczere kul\u00fcb\u00fcm\u00fcz taraf\u0131ndan izinli bir \u015fekilde \u0130ngiltere&#8217;ye gidecektir&#8221; ifadeleri yer ald\u0131.<\/p>\n<h3>\u0130NG\u0130LTERE&#8217;YE G\u0130TT\u0130<\/h3>\n<p>Oyuncu ile daha \u00f6nce el s\u0131k\u0131\u015fan Brighton, Fenerbah\u00e7e ile anla\u015fmaya vard\u0131. Ferdi Kad\u0131o\u011flu, d\u00fcn ak\u015fam saat 20.30&#8217;da \u0130stanbul Atat\u00fcrk Havaliman\u0131 Genel Havac\u0131l\u0131k Terminali&#8217;nden Londra&#8217;ya gitti. Milli oyuncu, sa\u011fl\u0131k kontrollerinden ge\u00e7tikten sonra \u0130ngiliz ekibiyle 5+1 y\u0131ll\u0131k resmi s\u00f6zle\u015fme imzalayacak. Ferdi, Brighton&#8217;dan y\u0131ll\u0131k 3.5 milyon euro kazanacak.<\/p>\n<h3>30-35 M\u0130LYON EURO<\/h3>\n<p>Fenerbah\u00e7e&#8217;nin bu transferden 30-35 milyon euro bonservis \u00fccreti kazanmas\u0131 bekleniyor.<\/p>\n<h3>PERFORMANSI G\u00d6Z DOLDURUYOR<\/h3>\n<p>G\u00fcncel piyasa de\u011feri 30 milyon euro olarak g\u00f6sterilen 24 ya\u015f\u0131ndaki futbolcunun Fenerbah\u00e7e ile s\u00f6zle\u015fmesi 2026 y\u0131l\u0131na kadar devam ediyor. Fenerbah\u00e7e&#8217;ye 2018 y\u0131l\u0131nda imza atan 24 ya\u015f\u0131ndaki futbolcu, sar\u0131-lacivertli forma alt\u0131nda \u00e7\u0131kt\u0131\u011f\u0131 203 ma\u00e7ta 17 gol att\u0131 ve 22 asist yapt\u0131. <\/p>\n<h4 id=\"nwsKeywords\"> <a href=\"https:\/\/www.haberler.com\/ferdi-kadioglu\/\" title=\"Ferdi Kad\u0131o\u011flu\" class=\"hbptTag\">Ferdi Kad\u0131o\u011flu<\/a>  <a href=\"https:\/\/www.haberler.com\/fenerbahce\/\" title=\"Fenerbah\u00e7e\" class=\"hbptTag\">Fenerbah\u00e7e<\/a>  <a href=\"https:\/\/www.haberler.com\/futbol\/\" title=\"Futbol\" class=\"hbptTag\">Futbol<\/a>  <a href=\"https:\/\/www.haberler.com\/spor\/\" title=\"Spor\" class=\"hbptTag\">Spor<\/a>  <a href=\"https:\/\/www.haberler.com\/futbol\/\" title=\"Futbol\" class=\"hbptTag\">Futbol<\/a>  <a href=\"https:\/\/www.haberler.com\/spor\/\" title=\"Spor\" class=\"hbptTag\">Spor<\/a>  <a href=\"https:\/\/www.haberler.com\/\" title=\"Haberler\" class=\"hbptTag\">Haberler<\/a> <\/h4>\n<\/div>\n","protected":false},"excerpt":{"rendered":"<p>S\u00fcper Lig devi Fenerbah\u00e7e&#8216;den \u0130ngiliz ekibi Brighton&#8217;a transfer olaca\u011f\u0131 konu\u015fulan milli futbolcu Ferdi Kad\u0131o\u011flu, d\u00fcn gece Brighton ile g\u00f6r\u00fc\u015fmek ve sa\u011fl\u0131k kontrol\u00fcnden ge\u00e7mek \u00fczere \u0130ngiltere&#8217;ye gitti. RESM\u0130 A\u00c7IKLAMA GELD\u0130 Fenerbah\u00e7e&#8216;den yap\u0131lan a\u00e7\u0131klamada, &#8220;Futbolcumuz Ferdi Kad\u0131o\u011flu, Premier Lig ekiplerinden Brighton &amp; Hove Albion FC ile transfer g\u00f6r\u00fc\u015fmelerini ilerletmek ve sa\u011fl\u0131k kontrol\u00fcnden ge\u00e7mek \u00fczere kul\u00fcb\u00fcm\u00fcz taraf\u0131ndan izinli<\/p>\n","protected":false},"author":1,"featured_media":56545,"comment_status":"open","ping_status":"open","sticky":false,"template":"","format":"standard","meta":{"footnotes":""},"categories":[83],"tags":[],"class_list":["post-56544","post","type-post","status-publish","format-standard","has-post-thumbnail","hentry","category-magazin"],"yoast_head":"<!-- This site is optimized with the Yoast SEO plugin v27.4 - https:\/\/yoast.com\/product\/yoast-seo-wordpress\/ -->\n<title>Fenerbah\u00e7e ve Brighton, Ferdi Kad\u0131o\u011flu i\u00e7in anla\u015ft\u0131 -<\/title>\n<meta name=\"robots\" content=\"index, follow, max-snippet:-1, max-image-preview:large, max-video-preview:-1\" \/>\n<link rel=\"canonical\" href=\"https:\/\/kibrisdakik.com\/?p=56544\" \/>\n<meta property=\"og:locale\" content=\"tr_TR\" \/>\n<meta property=\"og:type\" content=\"article\" \/>\n<meta property=\"og:title\" content=\"Fenerbah\u00e7e ve Brighton, Ferdi Kad\u0131o\u011flu i\u00e7in anla\u015ft\u0131 -\" \/>\n<meta property=\"og:description\" content=\"S\u00fcper Lig devi Fenerbah\u00e7e&#8216;den \u0130ngiliz ekibi Brighton&#8217;a transfer olaca\u011f\u0131 konu\u015fulan milli futbolcu Ferdi Kad\u0131o\u011flu, d\u00fcn gece Brighton ile g\u00f6r\u00fc\u015fmek ve sa\u011fl\u0131k kontrol\u00fcnden ge\u00e7mek \u00fczere \u0130ngiltere&#8217;ye gitti. RESM\u0130 A\u00c7IKLAMA GELD\u0130 Fenerbah\u00e7e&#8216;den yap\u0131lan a\u00e7\u0131klamada, &#8220;Futbolcumuz Ferdi Kad\u0131o\u011flu, Premier Lig ekiplerinden Brighton &amp; Hove Albion FC ile transfer g\u00f6r\u00fc\u015fmelerini ilerletmek ve sa\u011fl\u0131k kontrol\u00fcnden ge\u00e7mek \u00fczere kul\u00fcb\u00fcm\u00fcz taraf\u0131ndan izinli\" \/>\n<meta property=\"og:url\" content=\"https:\/\/kibrisdakik.com\/?p=56544\" \/>\n<meta property=\"article:published_time\" content=\"2024-08-24T04:46:10+00:00\" \/>\n<meta property=\"og:image\" content=\"https:\/\/kibrisdakik.com\/wp-content\/uploads\/2024\/08\/fenerbahce-ve-brighton-ferdi-kadioglu-icin-17750367_6594_amp.jpg\" \/>\n\t<meta property=\"og:image:width\" content=\"1202\" \/>\n\t<meta property=\"og:image:height\" content=\"675\" \/>\n\t<meta property=\"og:image:type\" content=\"image\/jpeg\" \/>\n<meta name=\"author\" content=\"admin\" \/>\n<meta name=\"twitter:card\" content=\"summary_large_image\" \/>\n<meta name=\"twitter:label1\" content=\"Yazan:\" \/>\n\t<meta name=\"twitter:data1\" content=\"admin\" \/>\n\t<meta name=\"twitter:label2\" content=\"Tahmini okuma s\u00fcresi\" \/>\n\t<meta name=\"twitter:data2\" content=\"1 dakika\" \/>\n<script type=\"application\/ld+json\" class=\"yoast-schema-graph\">{\"@context\":\"https:\\\/\\\/schema.org\",\"@graph\":[{\"@type\":\"Article\",\"@id\":\"https:\\\/\\\/kibrisdakik.com\\\/?p=56544#article\",\"isPartOf\":{\"@id\":\"https:\\\/\\\/kibrisdakik.com\\\/?p=56544\"},\"author\":{\"name\":\"admin\",\"@id\":\"https:\\\/\\\/kibrisdakik.com\\\/#\\\/schema\\\/person\\\/9cd9d437bbb44f72b73ba127e06d8e79\"},\"headline\":\"Fenerbah\u00e7e ve Brighton, Ferdi Kad\u0131o\u011flu i\u00e7in anla\u015ft\u0131\",\"datePublished\":\"2024-08-24T04:46:10+00:00\",\"mainEntityOfPage\":{\"@id\":\"https:\\\/\\\/kibrisdakik.com\\\/?p=56544\"},\"wordCount\":249,\"commentCount\":0,\"image\":{\"@id\":\"https:\\\/\\\/kibrisdakik.com\\\/?p=56544#primaryimage\"},\"thumbnailUrl\":\"https:\\\/\\\/kibrisdakik.com\\\/wp-content\\\/uploads\\\/2024\\\/08\\\/fenerbahce-ve-brighton-ferdi-kadioglu-icin-17750367_6594_amp.jpg\",\"articleSection\":[\"Magazin\"],\"inLanguage\":\"tr\",\"potentialAction\":[{\"@type\":\"CommentAction\",\"name\":\"Comment\",\"target\":[\"https:\\\/\\\/kibrisdakik.com\\\/?p=56544#respond\"]}]},{\"@type\":\"WebPage\",\"@id\":\"https:\\\/\\\/kibrisdakik.com\\\/?p=56544\",\"url\":\"https:\\\/\\\/kibrisdakik.com\\\/?p=56544\",\"name\":\"Fenerbah\u00e7e ve Brighton, Ferdi Kad\u0131o\u011flu i\u00e7in anla\u015ft\u0131 -\",\"isPartOf\":{\"@id\":\"https:\\\/\\\/kibrisdakik.com\\\/#website\"},\"primaryImageOfPage\":{\"@id\":\"https:\\\/\\\/kibrisdakik.com\\\/?p=56544#primaryimage\"},\"image\":{\"@id\":\"https:\\\/\\\/kibrisdakik.com\\\/?p=56544#primaryimage\"},\"thumbnailUrl\":\"https:\\\/\\\/kibrisdakik.com\\\/wp-content\\\/uploads\\\/2024\\\/08\\\/fenerbahce-ve-brighton-ferdi-kadioglu-icin-17750367_6594_amp.jpg\",\"datePublished\":\"2024-08-24T04:46:10+00:00\",\"author\":{\"@id\":\"https:\\\/\\\/kibrisdakik.com\\\/#\\\/schema\\\/person\\\/9cd9d437bbb44f72b73ba127e06d8e79\"},\"breadcrumb\":{\"@id\":\"https:\\\/\\\/kibrisdakik.com\\\/?p=56544#breadcrumb\"},\"inLanguage\":\"tr\",\"potentialAction\":[{\"@type\":\"ReadAction\",\"target\":[\"https:\\\/\\\/kibrisdakik.com\\\/?p=56544\"]}]},{\"@type\":\"ImageObject\",\"inLanguage\":\"tr\",\"@id\":\"https:\\\/\\\/kibrisdakik.com\\\/?p=56544#primaryimage\",\"url\":\"https:\\\/\\\/kibrisdakik.com\\\/wp-content\\\/uploads\\\/2024\\\/08\\\/fenerbahce-ve-brighton-ferdi-kadioglu-icin-17750367_6594_amp.jpg\",\"contentUrl\":\"https:\\\/\\\/kibrisdakik.com\\\/wp-content\\\/uploads\\\/2024\\\/08\\\/fenerbahce-ve-brighton-ferdi-kadioglu-icin-17750367_6594_amp.jpg\",\"width\":1202,\"height\":675},{\"@type\":\"BreadcrumbList\",\"@id\":\"https:\\\/\\\/kibrisdakik.com\\\/?p=56544#breadcrumb\",\"itemListElement\":[{\"@type\":\"ListItem\",\"position\":1,\"name\":\"Home\",\"item\":\"https:\\\/\\\/kibrisdakik.com\\\/\"},{\"@type\":\"ListItem\",\"position\":2,\"name\":\"Fenerbah\u00e7e ve Brighton, Ferdi Kad\u0131o\u011flu i\u00e7in anla\u015ft\u0131\"}]},{\"@type\":\"WebSite\",\"@id\":\"https:\\\/\\\/kibrisdakik.com\\\/#website\",\"url\":\"https:\\\/\\\/kibrisdakik.com\\\/\",\"name\":\"\",\"description\":\"Tam vaktinde haber\",\"potentialAction\":[{\"@type\":\"SearchAction\",\"target\":{\"@type\":\"EntryPoint\",\"urlTemplate\":\"https:\\\/\\\/kibrisdakik.com\\\/?s={search_term_string}\"},\"query-input\":{\"@type\":\"PropertyValueSpecification\",\"valueRequired\":true,\"valueName\":\"search_term_string\"}}],\"inLanguage\":\"tr\"},{\"@type\":\"Person\",\"@id\":\"https:\\\/\\\/kibrisdakik.com\\\/#\\\/schema\\\/person\\\/9cd9d437bbb44f72b73ba127e06d8e79\",\"name\":\"admin\",\"image\":{\"@type\":\"ImageObject\",\"inLanguage\":\"tr\",\"@id\":\"https:\\\/\\\/secure.gravatar.com\\\/avatar\\\/ccc17943b9d660506c869530f897617f7cb1c21a4bf30023f252596d83e1f007?s=96&d=mm&r=g\",\"url\":\"https:\\\/\\\/secure.gravatar.com\\\/avatar\\\/ccc17943b9d660506c869530f897617f7cb1c21a4bf30023f252596d83e1f007?s=96&d=mm&r=g\",\"contentUrl\":\"https:\\\/\\\/secure.gravatar.com\\\/avatar\\\/ccc17943b9d660506c869530f897617f7cb1c21a4bf30023f252596d83e1f007?s=96&d=mm&r=g\",\"caption\":\"admin\"},\"sameAs\":[\"https:\\\/\\\/kibrisdakik.com\"],\"url\":\"https:\\\/\\\/kibrisdakik.com\\\/?author=1\"}]}<\/script>\n<!-- \/ Yoast SEO plugin. -->","yoast_head_json":{"title":"Fenerbah\u00e7e ve Brighton, Ferdi Kad\u0131o\u011flu i\u00e7in anla\u015ft\u0131 -","robots":{"index":"index","follow":"follow","max-snippet":"max-snippet:-1","max-image-preview":"max-image-preview:large","max-video-preview":"max-video-preview:-1"},"canonical":"https:\/\/kibrisdakik.com\/?p=56544","og_locale":"tr_TR","og_type":"article","og_title":"Fenerbah\u00e7e ve Brighton, Ferdi Kad\u0131o\u011flu i\u00e7in anla\u015ft\u0131 -","og_description":"S\u00fcper Lig devi Fenerbah\u00e7e&#8216;den \u0130ngiliz ekibi Brighton&#8217;a transfer olaca\u011f\u0131 konu\u015fulan milli futbolcu Ferdi Kad\u0131o\u011flu, d\u00fcn gece Brighton ile g\u00f6r\u00fc\u015fmek ve sa\u011fl\u0131k kontrol\u00fcnden ge\u00e7mek \u00fczere \u0130ngiltere&#8217;ye gitti. RESM\u0130 A\u00c7IKLAMA GELD\u0130 Fenerbah\u00e7e&#8216;den yap\u0131lan a\u00e7\u0131klamada, &#8220;Futbolcumuz Ferdi Kad\u0131o\u011flu, Premier Lig ekiplerinden Brighton &amp; Hove Albion FC ile transfer g\u00f6r\u00fc\u015fmelerini ilerletmek ve sa\u011fl\u0131k kontrol\u00fcnden ge\u00e7mek \u00fczere kul\u00fcb\u00fcm\u00fcz taraf\u0131ndan izinli","og_url":"https:\/\/kibrisdakik.com\/?p=56544","article_published_time":"2024-08-24T04:46:10+00:00","og_image":[{"width":1202,"height":675,"url":"https:\/\/kibrisdakik.com\/wp-content\/uploads\/2024\/08\/fenerbahce-ve-brighton-ferdi-kadioglu-icin-17750367_6594_amp.jpg","type":"image\/jpeg"}],"author":"admin","twitter_card":"summary_large_image","twitter_misc":{"Yazan:":"admin","Tahmini okuma s\u00fcresi":"1 dakika"},"schema":{"@context":"https:\/\/schema.org","@graph":[{"@type":"Article","@id":"https:\/\/kibrisdakik.com\/?p=56544#article","isPartOf":{"@id":"https:\/\/kibrisdakik.com\/?p=56544"},"author":{"name":"admin","@id":"https:\/\/kibrisdakik.com\/#\/schema\/person\/9cd9d437bbb44f72b73ba127e06d8e79"},"headline":"Fenerbah\u00e7e ve Brighton, Ferdi Kad\u0131o\u011flu i\u00e7in anla\u015ft\u0131","datePublished":"2024-08-24T04:46:10+00:00","mainEntityOfPage":{"@id":"https:\/\/kibrisdakik.com\/?p=56544"},"wordCount":249,"commentCount":0,"image":{"@id":"https:\/\/kibrisdakik.com\/?p=56544#primaryimage"},"thumbnailUrl":"https:\/\/kibrisdakik.com\/wp-content\/uploads\/2024\/08\/fenerbahce-ve-brighton-ferdi-kadioglu-icin-17750367_6594_amp.jpg","articleSection":["Magazin"],"inLanguage":"tr","potentialAction":[{"@type":"CommentAction","name":"Comment","target":["https:\/\/kibrisdakik.com\/?p=56544#respond"]}]},{"@type":"WebPage","@id":"https:\/\/kibrisdakik.com\/?p=56544","url":"https:\/\/kibrisdakik.com\/?p=56544","name":"Fenerbah\u00e7e ve Brighton, Ferdi Kad\u0131o\u011flu i\u00e7in anla\u015ft\u0131 -","isPartOf":{"@id":"https:\/\/kibrisdakik.com\/#website"},"primaryImageOfPage":{"@id":"https:\/\/kibrisdakik.com\/?p=56544#primaryimage"},"image":{"@id":"https:\/\/kibrisdakik.com\/?p=56544#primaryimage"},"thumbnailUrl":"https:\/\/kibrisdakik.com\/wp-content\/uploads\/2024\/08\/fenerbahce-ve-brighton-ferdi-kadioglu-icin-17750367_6594_amp.jpg","datePublished":"2024-08-24T04:46:10+00:00","author":{"@id":"https:\/\/kibrisdakik.com\/#\/schema\/person\/9cd9d437bbb44f72b73ba127e06d8e79"},"breadcrumb":{"@id":"https:\/\/kibrisdakik.com\/?p=56544#breadcrumb"},"inLanguage":"tr","potentialAction":[{"@type":"ReadAction","target":["https:\/\/kibrisdakik.com\/?p=56544"]}]},{"@type":"ImageObject","inLanguage":"tr","@id":"https:\/\/kibrisdakik.com\/?p=56544#primaryimage","url":"https:\/\/kibrisdakik.com\/wp-content\/uploads\/2024\/08\/fenerbahce-ve-brighton-ferdi-kadioglu-icin-17750367_6594_amp.jpg","contentUrl":"https:\/\/kibrisdakik.com\/wp-content\/uploads\/2024\/08\/fenerbahce-ve-brighton-ferdi-kadioglu-icin-17750367_6594_amp.jpg","width":1202,"height":675},{"@type":"BreadcrumbList","@id":"https:\/\/kibrisdakik.com\/?p=56544#breadcrumb","itemListElement":[{"@type":"ListItem","position":1,"name":"Home","item":"https:\/\/kibrisdakik.com\/"},{"@type":"ListItem","position":2,"name":"Fenerbah\u00e7e ve Brighton, Ferdi Kad\u0131o\u011flu i\u00e7in anla\u015ft\u0131"}]},{"@type":"WebSite","@id":"https:\/\/kibrisdakik.com\/#website","url":"https:\/\/kibrisdakik.com\/","name":"","description":"Tam vaktinde haber","potentialAction":[{"@type":"SearchAction","target":{"@type":"EntryPoint","urlTemplate":"https:\/\/kibrisdakik.com\/?s={search_term_string}"},"query-input":{"@type":"PropertyValueSpecification","valueRequired":true,"valueName":"search_term_string"}}],"inLanguage":"tr"},{"@type":"Person","@id":"https:\/\/kibrisdakik.com\/#\/schema\/person\/9cd9d437bbb44f72b73ba127e06d8e79","name":"admin","image":{"@type":"ImageObject","inLanguage":"tr","@id":"https:\/\/secure.gravatar.com\/avatar\/ccc17943b9d660506c869530f897617f7cb1c21a4bf30023f252596d83e1f007?s=96&d=mm&r=g","url":"https:\/\/secure.gravatar.com\/avatar\/ccc17943b9d660506c869530f897617f7cb1c21a4bf30023f252596d83e1f007?s=96&d=mm&r=g","contentUrl":"https:\/\/secure.gravatar.com\/avatar\/ccc17943b9d660506c869530f897617f7cb1c21a4bf30023f252596d83e1f007?s=96&d=mm&r=g","caption":"admin"},"sameAs":["https:\/\/kibrisdakik.com"],"url":"https:\/\/kibrisdakik.com\/?author=1"}]}},"_links":{"self":[{"href":"https:\/\/kibrisdakik.com\/index.php?rest_route=\/wp\/v2\/posts\/56544","targetHints":{"allow":["GET"]}}],"collection":[{"href":"https:\/\/kibrisdakik.com\/index.php?rest_route=\/wp\/v2\/posts"}],"about":[{"href":"https:\/\/kibrisdakik.com\/index.php?rest_route=\/wp\/v2\/types\/post"}],"author":[{"embeddable":true,"href":"https:\/\/kibrisdakik.com\/index.php?rest_route=\/wp\/v2\/users\/1"}],"replies":[{"embeddable":true,"href":"https:\/\/kibrisdakik.com\/index.php?rest_route=%2Fwp%2Fv2%2Fcomments&post=56544"}],"version-history":[{"count":0,"href":"https:\/\/kibrisdakik.com\/index.php?rest_route=\/wp\/v2\/posts\/56544\/revisions"}],"wp:featuredmedia":[{"embeddable":true,"href":"https:\/\/kibrisdakik.com\/index.php?rest_route=\/wp\/v2\/media\/56545"}],"wp:attachment":[{"href":"https:\/\/kibrisdakik.com\/index.php?rest_route=%2Fwp%2Fv2%2Fmedia&parent=56544"}],"wp:term":[{"taxonomy":"category","embeddable":true,"href":"https:\/\/kibrisdakik.com\/index.php?rest_route=%2Fwp%2Fv2%2Fcategories&post=56544"},{"taxonomy":"post_tag","embeddable":true,"href":"https:\/\/kibrisdakik.com\/index.php?rest_route=%2Fwp%2Fv2%2Ftags&post=56544"}],"curies":[{"name":"wp","href":"https:\/\/api.w.org\/{rel}","templated":true}]}}