{"id":56580,"date":"2024-08-24T10:35:13","date_gmt":"2024-08-24T07:35:13","guid":{"rendered":"https:\/\/kibrisdakik.com\/index.php\/2024\/08\/24\/bakan-tunc-simseke-yonelik-istifa-iddiasiyla-ekonomi-hedef-alindi-sorumlular-hakkinda-sorusturma-acildi\/"},"modified":"2024-08-24T10:35:13","modified_gmt":"2024-08-24T07:35:13","slug":"bakan-tunc-simseke-yonelik-istifa-iddiasiyla-ekonomi-hedef-alindi-sorumlular-hakkinda-sorusturma-acildi","status":"publish","type":"post","link":"https:\/\/kibrisdakik.com\/?p=56580","title":{"rendered":"Bakan Tun\u00e7: \u015eim\u015fek&#8217;e y\u00f6nelik istifa iddias\u0131yla ekonomi hedef al\u0131nd\u0131, sorumlular hakk\u0131nda soru\u015fturma a\u00e7\u0131ld\u0131"},"content":{"rendered":"<p><img decoding=\"async\" src=\"https:\/\/foto.haberler.com\/haber\/2024\/08\/24\/bakan-tunc-simsek-e-yonelik-istifa-iddiasiyla-17750648_1727_amp.jpg\" \/><\/p>\n<div id=\"\">\n<p>Adalet Bakan\u0131 Y\u0131lmaz Tun\u00e7, kat\u0131ld\u0131\u011f\u0131 televizyon program\u0131nda yapt\u0131\u011f\u0131 a\u00e7\u0131klamada, Hazine ve Maliye Bakan\u0131 Mehmet \u015eim\u015fek&#8217;in istifa edece\u011fi iddias\u0131n\u0131 ortaya atanlar\u0131n as\u0131l hedefinin &#8220;<a class=\"keyword\" href=\"https:\/\/www.haberler.com\/ekonomi\/\" title=\"Ekonomi, Ekonomi Haberleri, Ekonomi Haber\"><strong>ekonomi<\/strong><\/a> program\u0131&#8221; oldu\u011funu s\u00f6yledi.<\/p>\n<h3>\u015e\u0130M\u015eEK, \u0130ST\u0130FA \u0130DD\u0130ALARINI YALANLADI<\/h3>\n<p>Hazine ve Maliye Bakan\u0131 Mehmet \u015eim\u015fek&#8217;in istifa edece\u011fine dair dedikodular bir anda sosyal medyan\u0131n bir numaral\u0131 g\u00fcndem maddesi haline geldi. \u0130ddiay\u0131 Bakan \u015eim\u015fek dair h\u00fck\u00fcmet kanad\u0131ndan pek \u00e7ok isim yalanlad\u0131.<\/p>\n<h3>SORU\u015eTURMA BA\u015eLATILDI<\/h3>\n<p>SAdalet Bakan\u0131 Y\u0131lmaz Tun\u00e7, CNN T\u00fcrk canl\u0131 yay\u0131n\u0131nda konuya ili\u015fkin dikkat \u00e7eken a\u00e7\u0131klamalarda bulundu. \u0130ddiay\u0131 ortaya atanlarla ilgili soru\u015fturma ba\u015flat\u0131ld\u0131\u011f\u0131n\u0131 s\u00f6yleyen Bakan Tun\u00e7, as\u0131l hedefin  <a class=\"keyword\" href=\"https:\/\/www.haberler.com\/ekonomi\/\" title=\"Ekonomi, Ekonomi Haberleri, Ekonomi Haber\"><strong>ekonomi<\/strong><\/a> oldu\u011funun alt\u0131n\u0131 \u00e7izdi.<\/p>\n<h3>ADALET BAKANI YILMAZ TUN\u00c7: EKONOM\u0130 HEDEFLEND\u0130<\/h3>\n<p>Bakan Tun\u00e7 \u015funlar\u0131 s\u00f6yledi: &#8220;Bunlar kas\u0131tl\u0131 olarak ortaya at\u0131lan iddialar.  <a class=\"keyword\" href=\"https:\/\/www.haberler.com\/ekonomi\/\" title=\"Ekonomi, Ekonomi Haberleri, Ekonomi Haber\"><strong>Ekonomi<\/strong><\/a> hedeflendi. Yeni bir ekonomik program uygulan\u0131yor. B\u00fct\u00fcn \u00e7aba i\u00e7erisindeler. G\u00f6stergeler iyi noktaya gidiyor. Milletimizin ayn\u0131 al\u0131m g\u00fcc\u00fcne eri\u015fmesi ve enflasyonun tek haneye inmesi i\u00e7in b\u00fcy\u00fck bir \u00e7aba var ve bu da ger\u00e7ekle\u015fecek. Ekonominin bu hedeflerinin yakalanamamas\u0131 i\u00e7in manip\u00fclasyon yapan \u00e7eteler var. Siyaset\u00e7iler, akademisyenler var.<\/p>\n<h3>&#8220;EKONOM\u0130 D\u00dcZELMES\u0130N D\u0130YE YAPILAN B\u0130R \u015eEY&#8221;<\/h3>\n<p>Bu \u015fekilde halk\u0131 yan\u0131lt\u0131c\u0131 bilgileri yayanlarla ilgili Ankara Cumhuriyet Ba\u015fsavc\u0131l\u0131\u011f\u0131 bir soru\u015fturma ba\u015flatt\u0131. Say\u0131n Bakan\u0131m\u0131z\u0131n b\u00f6yle bir istifa olmad\u0131\u011f\u0131n\u0131 s\u00f6ylemesine ra\u011fmen yaymaya devam ettiler. Kas\u0131tl\u0131 bir yakla\u015f\u0131m. Ekonomi d\u00fczelmesin, h\u00fck\u00fcmet y\u0131prans\u0131n diye yap\u0131lan bir \u015fey. Bu t\u00fcr kas\u0131tl\u0131 haberleri yapanlar millet nezdinde itibar g\u00f6rmez.&#8221;<\/p>\n<h4 id=\"nwsKeywords\"> <a href=\"https:\/\/www.haberler.com\/mehmet-simsek\/\" title=\"Mehmet \u015eim\u015fek\" class=\"hbptTag\">Mehmet \u015eim\u015fek<\/a>  <a href=\"https:\/\/www.haberler.com\/yilmaz-tunc\/\" title=\"Y\u0131lmaz Tun\u00e7\" class=\"hbptTag\">Y\u0131lmaz Tun\u00e7<\/a>  <a href=\"https:\/\/www.haberler.com\/finans\/\" title=\"Finans\" class=\"hbptTag\">Finans<\/a>  <a href=\"https:\/\/www.haberler.com\/politika\/\" title=\"Politika\" class=\"hbptTag\">Politika<\/a>  <a href=\"https:\/\/www.haberler.com\/ekonomi\/\" title=\"Ekonomi\" class=\"hbptTag\">Ekonomi<\/a>  <a href=\"https:\/\/www.haberler.com\/\" title=\"Haberler\" class=\"hbptTag\">Haberler<\/a> <\/h4>\n<\/div>\n","protected":false},"excerpt":{"rendered":"<p>Adalet Bakan\u0131 Y\u0131lmaz Tun\u00e7, kat\u0131ld\u0131\u011f\u0131 televizyon program\u0131nda yapt\u0131\u011f\u0131 a\u00e7\u0131klamada, Hazine ve Maliye Bakan\u0131 Mehmet \u015eim\u015fek&#8217;in istifa edece\u011fi iddias\u0131n\u0131 ortaya atanlar\u0131n as\u0131l hedefinin &#8220;ekonomi program\u0131&#8221; oldu\u011funu s\u00f6yledi. \u015e\u0130M\u015eEK, \u0130ST\u0130FA \u0130DD\u0130ALARINI YALANLADI Hazine ve Maliye Bakan\u0131 Mehmet \u015eim\u015fek&#8217;in istifa edece\u011fine dair dedikodular bir anda sosyal medyan\u0131n bir numaral\u0131 g\u00fcndem maddesi haline geldi. \u0130ddiay\u0131 Bakan \u015eim\u015fek dair h\u00fck\u00fcmet<\/p>\n","protected":false},"author":1,"featured_media":56581,"comment_status":"open","ping_status":"open","sticky":false,"template":"","format":"standard","meta":{"footnotes":""},"categories":[83],"tags":[],"class_list":["post-56580","post","type-post","status-publish","format-standard","has-post-thumbnail","hentry","category-magazin"],"yoast_head":"<!-- This site is optimized with the Yoast SEO plugin v27.5 - https:\/\/yoast.com\/product\/yoast-seo-wordpress\/ -->\n<title>Bakan Tun\u00e7: \u015eim\u015fek&#039;e y\u00f6nelik istifa iddias\u0131yla ekonomi hedef al\u0131nd\u0131, sorumlular hakk\u0131nda soru\u015fturma a\u00e7\u0131ld\u0131 -<\/title>\n<meta name=\"robots\" content=\"index, follow, max-snippet:-1, max-image-preview:large, max-video-preview:-1\" \/>\n<link rel=\"canonical\" href=\"https:\/\/kibrisdakik.com\/?p=56580\" \/>\n<meta property=\"og:locale\" content=\"tr_TR\" \/>\n<meta property=\"og:type\" content=\"article\" \/>\n<meta property=\"og:title\" content=\"Bakan Tun\u00e7: \u015eim\u015fek&#039;e y\u00f6nelik istifa iddias\u0131yla ekonomi hedef al\u0131nd\u0131, sorumlular hakk\u0131nda soru\u015fturma a\u00e7\u0131ld\u0131 -\" \/>\n<meta property=\"og:description\" content=\"Adalet Bakan\u0131 Y\u0131lmaz Tun\u00e7, kat\u0131ld\u0131\u011f\u0131 televizyon program\u0131nda yapt\u0131\u011f\u0131 a\u00e7\u0131klamada, Hazine ve Maliye Bakan\u0131 Mehmet \u015eim\u015fek&#8217;in istifa edece\u011fi iddias\u0131n\u0131 ortaya atanlar\u0131n as\u0131l hedefinin &#8220;ekonomi program\u0131&#8221; oldu\u011funu s\u00f6yledi. \u015e\u0130M\u015eEK, \u0130ST\u0130FA \u0130DD\u0130ALARINI YALANLADI Hazine ve Maliye Bakan\u0131 Mehmet \u015eim\u015fek&#8217;in istifa edece\u011fine dair dedikodular bir anda sosyal medyan\u0131n bir numaral\u0131 g\u00fcndem maddesi haline geldi. \u0130ddiay\u0131 Bakan \u015eim\u015fek dair h\u00fck\u00fcmet\" \/>\n<meta property=\"og:url\" content=\"https:\/\/kibrisdakik.com\/?p=56580\" \/>\n<meta property=\"article:published_time\" content=\"2024-08-24T07:35:13+00:00\" \/>\n<meta property=\"og:image\" content=\"https:\/\/kibrisdakik.com\/wp-content\/uploads\/2024\/08\/bakan-tunc-simsek-e-yonelik-istifa-iddiasiyla-17750648_1727_amp.jpg\" \/>\n\t<meta property=\"og:image:width\" content=\"1202\" \/>\n\t<meta property=\"og:image:height\" content=\"675\" \/>\n\t<meta property=\"og:image:type\" content=\"image\/jpeg\" \/>\n<meta name=\"author\" content=\"admin\" \/>\n<meta name=\"twitter:card\" content=\"summary_large_image\" \/>\n<meta name=\"twitter:label1\" content=\"Yazan:\" \/>\n\t<meta name=\"twitter:data1\" content=\"admin\" \/>\n\t<meta name=\"twitter:label2\" content=\"Tahmini okuma s\u00fcresi\" \/>\n\t<meta name=\"twitter:data2\" content=\"1 dakika\" \/>\n<script type=\"application\/ld+json\" class=\"yoast-schema-graph\">{\"@context\":\"https:\\\/\\\/schema.org\",\"@graph\":[{\"@type\":\"Article\",\"@id\":\"https:\\\/\\\/kibrisdakik.com\\\/?p=56580#article\",\"isPartOf\":{\"@id\":\"https:\\\/\\\/kibrisdakik.com\\\/?p=56580\"},\"author\":{\"name\":\"admin\",\"@id\":\"https:\\\/\\\/kibrisdakik.com\\\/#\\\/schema\\\/person\\\/9cd9d437bbb44f72b73ba127e06d8e79\"},\"headline\":\"Bakan Tun\u00e7: \u015eim\u015fek&#8217;e y\u00f6nelik istifa iddias\u0131yla ekonomi hedef al\u0131nd\u0131, sorumlular hakk\u0131nda soru\u015fturma a\u00e7\u0131ld\u0131\",\"datePublished\":\"2024-08-24T07:35:13+00:00\",\"mainEntityOfPage\":{\"@id\":\"https:\\\/\\\/kibrisdakik.com\\\/?p=56580\"},\"wordCount\":319,\"commentCount\":0,\"image\":{\"@id\":\"https:\\\/\\\/kibrisdakik.com\\\/?p=56580#primaryimage\"},\"thumbnailUrl\":\"https:\\\/\\\/kibrisdakik.com\\\/wp-content\\\/uploads\\\/2024\\\/08\\\/bakan-tunc-simsek-e-yonelik-istifa-iddiasiyla-17750648_1727_amp.jpg\",\"articleSection\":[\"Magazin\"],\"inLanguage\":\"tr\",\"potentialAction\":[{\"@type\":\"CommentAction\",\"name\":\"Comment\",\"target\":[\"https:\\\/\\\/kibrisdakik.com\\\/?p=56580#respond\"]}]},{\"@type\":\"WebPage\",\"@id\":\"https:\\\/\\\/kibrisdakik.com\\\/?p=56580\",\"url\":\"https:\\\/\\\/kibrisdakik.com\\\/?p=56580\",\"name\":\"Bakan Tun\u00e7: \u015eim\u015fek'e y\u00f6nelik istifa iddias\u0131yla ekonomi hedef al\u0131nd\u0131, sorumlular hakk\u0131nda soru\u015fturma a\u00e7\u0131ld\u0131 -\",\"isPartOf\":{\"@id\":\"https:\\\/\\\/kibrisdakik.com\\\/#website\"},\"primaryImageOfPage\":{\"@id\":\"https:\\\/\\\/kibrisdakik.com\\\/?p=56580#primaryimage\"},\"image\":{\"@id\":\"https:\\\/\\\/kibrisdakik.com\\\/?p=56580#primaryimage\"},\"thumbnailUrl\":\"https:\\\/\\\/kibrisdakik.com\\\/wp-content\\\/uploads\\\/2024\\\/08\\\/bakan-tunc-simsek-e-yonelik-istifa-iddiasiyla-17750648_1727_amp.jpg\",\"datePublished\":\"2024-08-24T07:35:13+00:00\",\"author\":{\"@id\":\"https:\\\/\\\/kibrisdakik.com\\\/#\\\/schema\\\/person\\\/9cd9d437bbb44f72b73ba127e06d8e79\"},\"breadcrumb\":{\"@id\":\"https:\\\/\\\/kibrisdakik.com\\\/?p=56580#breadcrumb\"},\"inLanguage\":\"tr\",\"potentialAction\":[{\"@type\":\"ReadAction\",\"target\":[\"https:\\\/\\\/kibrisdakik.com\\\/?p=56580\"]}]},{\"@type\":\"ImageObject\",\"inLanguage\":\"tr\",\"@id\":\"https:\\\/\\\/kibrisdakik.com\\\/?p=56580#primaryimage\",\"url\":\"https:\\\/\\\/kibrisdakik.com\\\/wp-content\\\/uploads\\\/2024\\\/08\\\/bakan-tunc-simsek-e-yonelik-istifa-iddiasiyla-17750648_1727_amp.jpg\",\"contentUrl\":\"https:\\\/\\\/kibrisdakik.com\\\/wp-content\\\/uploads\\\/2024\\\/08\\\/bakan-tunc-simsek-e-yonelik-istifa-iddiasiyla-17750648_1727_amp.jpg\",\"width\":1202,\"height\":675},{\"@type\":\"BreadcrumbList\",\"@id\":\"https:\\\/\\\/kibrisdakik.com\\\/?p=56580#breadcrumb\",\"itemListElement\":[{\"@type\":\"ListItem\",\"position\":1,\"name\":\"Home\",\"item\":\"https:\\\/\\\/kibrisdakik.com\\\/\"},{\"@type\":\"ListItem\",\"position\":2,\"name\":\"Bakan Tun\u00e7: \u015eim\u015fek&#8217;e y\u00f6nelik istifa iddias\u0131yla ekonomi hedef al\u0131nd\u0131, sorumlular hakk\u0131nda soru\u015fturma a\u00e7\u0131ld\u0131\"}]},{\"@type\":\"WebSite\",\"@id\":\"https:\\\/\\\/kibrisdakik.com\\\/#website\",\"url\":\"https:\\\/\\\/kibrisdakik.com\\\/\",\"name\":\"\",\"description\":\"Tam vaktinde haber\",\"potentialAction\":[{\"@type\":\"SearchAction\",\"target\":{\"@type\":\"EntryPoint\",\"urlTemplate\":\"https:\\\/\\\/kibrisdakik.com\\\/?s={search_term_string}\"},\"query-input\":{\"@type\":\"PropertyValueSpecification\",\"valueRequired\":true,\"valueName\":\"search_term_string\"}}],\"inLanguage\":\"tr\"},{\"@type\":\"Person\",\"@id\":\"https:\\\/\\\/kibrisdakik.com\\\/#\\\/schema\\\/person\\\/9cd9d437bbb44f72b73ba127e06d8e79\",\"name\":\"admin\",\"image\":{\"@type\":\"ImageObject\",\"inLanguage\":\"tr\",\"@id\":\"https:\\\/\\\/secure.gravatar.com\\\/avatar\\\/ccc17943b9d660506c869530f897617f7cb1c21a4bf30023f252596d83e1f007?s=96&d=mm&r=g\",\"url\":\"https:\\\/\\\/secure.gravatar.com\\\/avatar\\\/ccc17943b9d660506c869530f897617f7cb1c21a4bf30023f252596d83e1f007?s=96&d=mm&r=g\",\"contentUrl\":\"https:\\\/\\\/secure.gravatar.com\\\/avatar\\\/ccc17943b9d660506c869530f897617f7cb1c21a4bf30023f252596d83e1f007?s=96&d=mm&r=g\",\"caption\":\"admin\"},\"sameAs\":[\"https:\\\/\\\/kibrisdakik.com\"],\"url\":\"https:\\\/\\\/kibrisdakik.com\\\/?author=1\"}]}<\/script>\n<!-- \/ Yoast SEO plugin. -->","yoast_head_json":{"title":"Bakan Tun\u00e7: \u015eim\u015fek'e y\u00f6nelik istifa iddias\u0131yla ekonomi hedef al\u0131nd\u0131, sorumlular hakk\u0131nda soru\u015fturma a\u00e7\u0131ld\u0131 -","robots":{"index":"index","follow":"follow","max-snippet":"max-snippet:-1","max-image-preview":"max-image-preview:large","max-video-preview":"max-video-preview:-1"},"canonical":"https:\/\/kibrisdakik.com\/?p=56580","og_locale":"tr_TR","og_type":"article","og_title":"Bakan Tun\u00e7: \u015eim\u015fek'e y\u00f6nelik istifa iddias\u0131yla ekonomi hedef al\u0131nd\u0131, sorumlular hakk\u0131nda soru\u015fturma a\u00e7\u0131ld\u0131 -","og_description":"Adalet Bakan\u0131 Y\u0131lmaz Tun\u00e7, kat\u0131ld\u0131\u011f\u0131 televizyon program\u0131nda yapt\u0131\u011f\u0131 a\u00e7\u0131klamada, Hazine ve Maliye Bakan\u0131 Mehmet \u015eim\u015fek&#8217;in istifa edece\u011fi iddias\u0131n\u0131 ortaya atanlar\u0131n as\u0131l hedefinin &#8220;ekonomi program\u0131&#8221; oldu\u011funu s\u00f6yledi. \u015e\u0130M\u015eEK, \u0130ST\u0130FA \u0130DD\u0130ALARINI YALANLADI Hazine ve Maliye Bakan\u0131 Mehmet \u015eim\u015fek&#8217;in istifa edece\u011fine dair dedikodular bir anda sosyal medyan\u0131n bir numaral\u0131 g\u00fcndem maddesi haline geldi. \u0130ddiay\u0131 Bakan \u015eim\u015fek dair h\u00fck\u00fcmet","og_url":"https:\/\/kibrisdakik.com\/?p=56580","article_published_time":"2024-08-24T07:35:13+00:00","og_image":[{"width":1202,"height":675,"url":"https:\/\/kibrisdakik.com\/wp-content\/uploads\/2024\/08\/bakan-tunc-simsek-e-yonelik-istifa-iddiasiyla-17750648_1727_amp.jpg","type":"image\/jpeg"}],"author":"admin","twitter_card":"summary_large_image","twitter_misc":{"Yazan:":"admin","Tahmini okuma s\u00fcresi":"1 dakika"},"schema":{"@context":"https:\/\/schema.org","@graph":[{"@type":"Article","@id":"https:\/\/kibrisdakik.com\/?p=56580#article","isPartOf":{"@id":"https:\/\/kibrisdakik.com\/?p=56580"},"author":{"name":"admin","@id":"https:\/\/kibrisdakik.com\/#\/schema\/person\/9cd9d437bbb44f72b73ba127e06d8e79"},"headline":"Bakan Tun\u00e7: \u015eim\u015fek&#8217;e y\u00f6nelik istifa iddias\u0131yla ekonomi hedef al\u0131nd\u0131, sorumlular hakk\u0131nda soru\u015fturma a\u00e7\u0131ld\u0131","datePublished":"2024-08-24T07:35:13+00:00","mainEntityOfPage":{"@id":"https:\/\/kibrisdakik.com\/?p=56580"},"wordCount":319,"commentCount":0,"image":{"@id":"https:\/\/kibrisdakik.com\/?p=56580#primaryimage"},"thumbnailUrl":"https:\/\/kibrisdakik.com\/wp-content\/uploads\/2024\/08\/bakan-tunc-simsek-e-yonelik-istifa-iddiasiyla-17750648_1727_amp.jpg","articleSection":["Magazin"],"inLanguage":"tr","potentialAction":[{"@type":"CommentAction","name":"Comment","target":["https:\/\/kibrisdakik.com\/?p=56580#respond"]}]},{"@type":"WebPage","@id":"https:\/\/kibrisdakik.com\/?p=56580","url":"https:\/\/kibrisdakik.com\/?p=56580","name":"Bakan Tun\u00e7: \u015eim\u015fek'e y\u00f6nelik istifa iddias\u0131yla ekonomi hedef al\u0131nd\u0131, sorumlular hakk\u0131nda soru\u015fturma a\u00e7\u0131ld\u0131 -","isPartOf":{"@id":"https:\/\/kibrisdakik.com\/#website"},"primaryImageOfPage":{"@id":"https:\/\/kibrisdakik.com\/?p=56580#primaryimage"},"image":{"@id":"https:\/\/kibrisdakik.com\/?p=56580#primaryimage"},"thumbnailUrl":"https:\/\/kibrisdakik.com\/wp-content\/uploads\/2024\/08\/bakan-tunc-simsek-e-yonelik-istifa-iddiasiyla-17750648_1727_amp.jpg","datePublished":"2024-08-24T07:35:13+00:00","author":{"@id":"https:\/\/kibrisdakik.com\/#\/schema\/person\/9cd9d437bbb44f72b73ba127e06d8e79"},"breadcrumb":{"@id":"https:\/\/kibrisdakik.com\/?p=56580#breadcrumb"},"inLanguage":"tr","potentialAction":[{"@type":"ReadAction","target":["https:\/\/kibrisdakik.com\/?p=56580"]}]},{"@type":"ImageObject","inLanguage":"tr","@id":"https:\/\/kibrisdakik.com\/?p=56580#primaryimage","url":"https:\/\/kibrisdakik.com\/wp-content\/uploads\/2024\/08\/bakan-tunc-simsek-e-yonelik-istifa-iddiasiyla-17750648_1727_amp.jpg","contentUrl":"https:\/\/kibrisdakik.com\/wp-content\/uploads\/2024\/08\/bakan-tunc-simsek-e-yonelik-istifa-iddiasiyla-17750648_1727_amp.jpg","width":1202,"height":675},{"@type":"BreadcrumbList","@id":"https:\/\/kibrisdakik.com\/?p=56580#breadcrumb","itemListElement":[{"@type":"ListItem","position":1,"name":"Home","item":"https:\/\/kibrisdakik.com\/"},{"@type":"ListItem","position":2,"name":"Bakan Tun\u00e7: \u015eim\u015fek&#8217;e y\u00f6nelik istifa iddias\u0131yla ekonomi hedef al\u0131nd\u0131, sorumlular hakk\u0131nda soru\u015fturma a\u00e7\u0131ld\u0131"}]},{"@type":"WebSite","@id":"https:\/\/kibrisdakik.com\/#website","url":"https:\/\/kibrisdakik.com\/","name":"","description":"Tam vaktinde haber","potentialAction":[{"@type":"SearchAction","target":{"@type":"EntryPoint","urlTemplate":"https:\/\/kibrisdakik.com\/?s={search_term_string}"},"query-input":{"@type":"PropertyValueSpecification","valueRequired":true,"valueName":"search_term_string"}}],"inLanguage":"tr"},{"@type":"Person","@id":"https:\/\/kibrisdakik.com\/#\/schema\/person\/9cd9d437bbb44f72b73ba127e06d8e79","name":"admin","image":{"@type":"ImageObject","inLanguage":"tr","@id":"https:\/\/secure.gravatar.com\/avatar\/ccc17943b9d660506c869530f897617f7cb1c21a4bf30023f252596d83e1f007?s=96&d=mm&r=g","url":"https:\/\/secure.gravatar.com\/avatar\/ccc17943b9d660506c869530f897617f7cb1c21a4bf30023f252596d83e1f007?s=96&d=mm&r=g","contentUrl":"https:\/\/secure.gravatar.com\/avatar\/ccc17943b9d660506c869530f897617f7cb1c21a4bf30023f252596d83e1f007?s=96&d=mm&r=g","caption":"admin"},"sameAs":["https:\/\/kibrisdakik.com"],"url":"https:\/\/kibrisdakik.com\/?author=1"}]}},"_links":{"self":[{"href":"https:\/\/kibrisdakik.com\/index.php?rest_route=\/wp\/v2\/posts\/56580","targetHints":{"allow":["GET"]}}],"collection":[{"href":"https:\/\/kibrisdakik.com\/index.php?rest_route=\/wp\/v2\/posts"}],"about":[{"href":"https:\/\/kibrisdakik.com\/index.php?rest_route=\/wp\/v2\/types\/post"}],"author":[{"embeddable":true,"href":"https:\/\/kibrisdakik.com\/index.php?rest_route=\/wp\/v2\/users\/1"}],"replies":[{"embeddable":true,"href":"https:\/\/kibrisdakik.com\/index.php?rest_route=%2Fwp%2Fv2%2Fcomments&post=56580"}],"version-history":[{"count":0,"href":"https:\/\/kibrisdakik.com\/index.php?rest_route=\/wp\/v2\/posts\/56580\/revisions"}],"wp:featuredmedia":[{"embeddable":true,"href":"https:\/\/kibrisdakik.com\/index.php?rest_route=\/wp\/v2\/media\/56581"}],"wp:attachment":[{"href":"https:\/\/kibrisdakik.com\/index.php?rest_route=%2Fwp%2Fv2%2Fmedia&parent=56580"}],"wp:term":[{"taxonomy":"category","embeddable":true,"href":"https:\/\/kibrisdakik.com\/index.php?rest_route=%2Fwp%2Fv2%2Fcategories&post=56580"},{"taxonomy":"post_tag","embeddable":true,"href":"https:\/\/kibrisdakik.com\/index.php?rest_route=%2Fwp%2Fv2%2Ftags&post=56580"}],"curies":[{"name":"wp","href":"https:\/\/api.w.org\/{rel}","templated":true}]}}