{"id":56590,"date":"2024-08-24T11:12:49","date_gmt":"2024-08-24T08:12:49","guid":{"rendered":"https:\/\/kibrisdakik.com\/index.php\/2024\/08\/24\/ibb-baskanligina-goz-kirpmisti-ozgur-ozel-sinem-dedetasin-aciklamasi-gereksiz-memnun-olmadim\/"},"modified":"2024-08-24T11:12:49","modified_gmt":"2024-08-24T08:12:49","slug":"ibb-baskanligina-goz-kirpmisti-ozgur-ozel-sinem-dedetasin-aciklamasi-gereksiz-memnun-olmadim","status":"publish","type":"post","link":"https:\/\/kibrisdakik.com\/?p=56590","title":{"rendered":"\u0130BB Ba\u015fkanl\u0131\u011f\u0131&#8217;na g\u00f6z k\u0131rpm\u0131\u015ft\u0131! \u00d6zg\u00fcr \u00d6zel: Sinem Dedeta\u015f&#8217;\u0131n a\u00e7\u0131klamas\u0131 gereksiz, memnun olmad\u0131m"},"content":{"rendered":"<p><img decoding=\"async\" src=\"https:\/\/foto.haberler.com\/haber\/2024\/08\/24\/ibb-baskanligi-na-goz-kirpmisti-ozgur-ozel-17750780_750_amp.jpg\" \/><\/p>\n<div id=\"\">\n<p>\u00dcsk\u00fcdar Belediye Ba\u015fkan\u0131  <a class=\"keyword\" href=\"https:\/\/www.haberler.com\/sinem-dedetas\/\" title=\"Sinem Dedeta\u015f Haberleri, Sinem Dedeta\u015f Haberi, Sinem Dedeta\u015f Haber\"><strong>Sinem Dedeta\u015f<\/strong><\/a>&#8216;\u0131n &#8220;\u0130stanbul&#8217;u y\u00f6netmeye talibim&#8221; a\u00e7\u0131klamas\u0131yla ilgili konu\u015fan CHP Genel Ba\u015fkan\u0131 \u00d6zg\u00fcr \u00d6zel, &#8220;Tamamen hem \u00e7ok erken, hem \u00e7ok gereksiz, hem \u00e7ok faydas\u0131z. Bir daha belediye ba\u015fkanlar\u0131m\u0131z aras\u0131nda b\u00f6yle bir tart\u0131\u015fma duymayacaks\u0131n\u0131z. Ekrem bey de hi\u00e7 memnun olmad\u0131 bu g\u00fcndemden. Ben de memnun olmad\u0131m.&#8221; dedi.<\/p>\n<h3>\u00dcSK\u00dcDAR BELED\u0130YE BA\u015eKANI: \u0130STANBUL&#8217;U Y\u00d6NETMEYE TAL\u0130B\u0130M<\/h3>\n<p>\u0130BB Ba\u015fkan\u0131 Ekrem \u0130mamo\u011flu&#8217;nun CHP&#8217;nin \u00f6n\u00fcm\u00fczdeki genel se\u00e7imlerde Cumhurba\u015fkan\u0131 aday\u0131 olaca\u011f\u0131 tart\u0131\u015fmalar\u0131 devam ederken, ge\u00e7ti\u011fimiz haftalarda \u00dcsk\u00fcdar Belediye Ba\u015fkan\u0131 Sinem Dedeta\u015f dikkat \u00e7eken bir \u00e7\u0131k\u0131\u015f yapt\u0131. Dedeta\u015f, &#8220;\u0130stanbul&#8217;u y\u00f6netmeye talip oldu\u011funu&#8221; s\u00f6yledi.<\/p>\n<h3>\u00d6ZEL: TAMAMEN ERKEN, GEREKS\u0130Z B\u0130R A\u00c7IKLAMA&#8221;<\/h3>\n<p>CHP Genel Ba\u015fkan\u0131 \u00d6zg\u00fcr \u00d6zel, Ger\u00e7ek G\u00fcndem&#8217;e verdi\u011fi r\u00f6portajda Dedeta\u015f&#8217;\u0131n a\u00e7\u0131klamas\u0131na tepki g\u00f6sterdi. Dedeta\u015f&#8217;\u0131n gereksiz bir \u00e7\u0131k\u0131\u015f yapt\u0131\u011f\u0131n\u0131 belirten \u00d6zel, \u015funlar\u0131 s\u00f6yledi: &#8220;Tamamen hem \u00e7ok erken, hem \u00e7ok gereksiz, hem \u00e7ok faydas\u0131z. Orada \u00f6zel verilmi\u015f bir r\u00f6portajdan ziyade belediye ba\u015fkan\u0131 arkada\u015f\u0131m\u0131z Paris Olimpiyatlar\u0131 s\u0131ras\u0131nda gazeteci k\u00f6kenli Paris&#8217;te ya\u015fayan bir karde\u015fimizin herhalde dost\u00e7a bir sohbetine cevap vermi\u015f. &#8216;B\u00f6yle bir g\u00f6rev olsa haz\u0131r m\u0131s\u0131n\u0131z?&#8217; O da &#8216;Haz\u0131r\u0131m&#8217; demi\u015f, o kadar. Bir daha belediye ba\u015fkanlar\u0131m\u0131z aras\u0131nda b\u00f6yle bir tart\u0131\u015fma duymayacaks\u0131n\u0131z.<\/p>\n<h3>&#8220;BO\u015eU BO\u015eUNA B\u00d6YLE B\u0130R G\u00dcNDEM YARATILMASI DO\u011eRU DE\u011e\u0130L&#8221;<\/h3>\n<p>Cumhuriyet Halk Partisi&#8217;nin hem cumhurba\u015fkanl\u0131\u011f\u0131 aday\u0131 ismi a\u00e7\u0131s\u0131ndan hem de &#8216;bir cumhurba\u015fkan\u0131 aday\u0131m\u0131z olursa onun yerine kim gelir&#8217; tart\u0131\u015fmalar\u0131 a\u00e7\u0131s\u0131ndan. Cumhurba\u015fkan\u0131 aday\u0131 kim olursa olsun yerine gelecek isimler konusunda bo\u015fu bo\u015funa b\u00f6yle bir g\u00fcndem yarat\u0131lmas\u0131n\u0131 do\u011fru bulmuyorum.<\/p>\n<h3>&#8220;\u0130MAMO\u011eLU DA BEN DE MEMNUM OLMADIM&#8221;<\/h3>\n<p>Bir daha b\u00f6yle bir \u015fey duymayacaks\u0131n\u0131z. Arkada\u015flar uyar\u0131ld\u0131lar. &#8216;B\u00f6yle bir \u015feye gerek yok&#8217; dedik. Ekrem bey de hi\u00e7 memnun olmad\u0131 bu g\u00fcndemden. Ben de memnun olmad\u0131m. Arkada\u015flar\u0131m\u0131z k\u00f6t\u00fc niyetli de\u011filler. Biraz siyasette yeniler. Ama bir daha kendi kendimize b\u00f6yle bir g\u00fcndem yaratmayaca\u011f\u0131z.&#8221;<\/p>\n<h4 id=\"nwsKeywords\"> <a href=\"https:\/\/www.haberler.com\/ekrem-imamoglu\/\" title=\"Ekrem \u0130mamo\u011flu\" class=\"hbptTag\">Ekrem \u0130mamo\u011flu<\/a>  <a href=\"https:\/\/www.haberler.com\/sinem-dedetas\/\" title=\"Sinem Dedeta\u015f\" class=\"hbptTag\">Sinem Dedeta\u015f<\/a>  <a href=\"https:\/\/www.haberler.com\/ozgur-ozel\/\" title=\"\u00d6zg\u00fcr \u00d6zel\" class=\"hbptTag\">\u00d6zg\u00fcr \u00d6zel<\/a>  <a href=\"https:\/\/www.haberler.com\/politika\/\" title=\"Politika\" class=\"hbptTag\">Politika<\/a>  <a href=\"https:\/\/www.haberler.com\/\" title=\"Haberler\" class=\"hbptTag\">Haberler<\/a> <\/h4>\n<\/div>\n","protected":false},"excerpt":{"rendered":"<p>\u00dcsk\u00fcdar Belediye Ba\u015fkan\u0131 Sinem Dedeta\u015f&#8216;\u0131n &#8220;\u0130stanbul&#8217;u y\u00f6netmeye talibim&#8221; a\u00e7\u0131klamas\u0131yla ilgili konu\u015fan CHP Genel Ba\u015fkan\u0131 \u00d6zg\u00fcr \u00d6zel, &#8220;Tamamen hem \u00e7ok erken, hem \u00e7ok gereksiz, hem \u00e7ok faydas\u0131z. Bir daha belediye ba\u015fkanlar\u0131m\u0131z aras\u0131nda b\u00f6yle bir tart\u0131\u015fma duymayacaks\u0131n\u0131z. Ekrem bey de hi\u00e7 memnun olmad\u0131 bu g\u00fcndemden. Ben de memnun olmad\u0131m.&#8221; dedi. \u00dcSK\u00dcDAR BELED\u0130YE BA\u015eKANI: \u0130STANBUL&#8217;U Y\u00d6NETMEYE TAL\u0130B\u0130M \u0130BB<\/p>\n","protected":false},"author":1,"featured_media":56591,"comment_status":"open","ping_status":"open","sticky":false,"template":"","format":"standard","meta":{"footnotes":""},"categories":[83],"tags":[],"class_list":["post-56590","post","type-post","status-publish","format-standard","has-post-thumbnail","hentry","category-magazin"],"yoast_head":"<!-- This site is optimized with the Yoast SEO plugin v27.4 - https:\/\/yoast.com\/product\/yoast-seo-wordpress\/ -->\n<title>\u0130BB Ba\u015fkanl\u0131\u011f\u0131&#039;na g\u00f6z k\u0131rpm\u0131\u015ft\u0131! \u00d6zg\u00fcr \u00d6zel: Sinem Dedeta\u015f&#039;\u0131n a\u00e7\u0131klamas\u0131 gereksiz, memnun olmad\u0131m -<\/title>\n<meta name=\"robots\" content=\"index, follow, max-snippet:-1, max-image-preview:large, max-video-preview:-1\" \/>\n<link rel=\"canonical\" href=\"https:\/\/kibrisdakik.com\/?p=56590\" \/>\n<meta property=\"og:locale\" content=\"tr_TR\" \/>\n<meta property=\"og:type\" content=\"article\" \/>\n<meta property=\"og:title\" content=\"\u0130BB Ba\u015fkanl\u0131\u011f\u0131&#039;na g\u00f6z k\u0131rpm\u0131\u015ft\u0131! \u00d6zg\u00fcr \u00d6zel: Sinem Dedeta\u015f&#039;\u0131n a\u00e7\u0131klamas\u0131 gereksiz, memnun olmad\u0131m -\" \/>\n<meta property=\"og:description\" content=\"\u00dcsk\u00fcdar Belediye Ba\u015fkan\u0131 Sinem Dedeta\u015f&#8216;\u0131n &#8220;\u0130stanbul&#8217;u y\u00f6netmeye talibim&#8221; a\u00e7\u0131klamas\u0131yla ilgili konu\u015fan CHP Genel Ba\u015fkan\u0131 \u00d6zg\u00fcr \u00d6zel, &#8220;Tamamen hem \u00e7ok erken, hem \u00e7ok gereksiz, hem \u00e7ok faydas\u0131z. Bir daha belediye ba\u015fkanlar\u0131m\u0131z aras\u0131nda b\u00f6yle bir tart\u0131\u015fma duymayacaks\u0131n\u0131z. Ekrem bey de hi\u00e7 memnun olmad\u0131 bu g\u00fcndemden. Ben de memnun olmad\u0131m.&#8221; dedi. \u00dcSK\u00dcDAR BELED\u0130YE BA\u015eKANI: \u0130STANBUL&#8217;U Y\u00d6NETMEYE TAL\u0130B\u0130M \u0130BB\" \/>\n<meta property=\"og:url\" content=\"https:\/\/kibrisdakik.com\/?p=56590\" \/>\n<meta property=\"article:published_time\" content=\"2024-08-24T08:12:49+00:00\" \/>\n<meta property=\"og:image\" content=\"https:\/\/kibrisdakik.com\/wp-content\/uploads\/2024\/08\/ibb-baskanligi-na-goz-kirpmisti-ozgur-ozel-17750780_750_amp.jpg\" \/>\n\t<meta property=\"og:image:width\" content=\"1202\" \/>\n\t<meta property=\"og:image:height\" content=\"675\" \/>\n\t<meta property=\"og:image:type\" content=\"image\/jpeg\" \/>\n<meta name=\"author\" content=\"admin\" \/>\n<meta name=\"twitter:card\" content=\"summary_large_image\" \/>\n<meta name=\"twitter:label1\" content=\"Yazan:\" \/>\n\t<meta name=\"twitter:data1\" content=\"admin\" \/>\n\t<meta name=\"twitter:label2\" content=\"Tahmini okuma s\u00fcresi\" \/>\n\t<meta name=\"twitter:data2\" content=\"2 dakika\" \/>\n<script type=\"application\/ld+json\" class=\"yoast-schema-graph\">{\"@context\":\"https:\\\/\\\/schema.org\",\"@graph\":[{\"@type\":\"Article\",\"@id\":\"https:\\\/\\\/kibrisdakik.com\\\/?p=56590#article\",\"isPartOf\":{\"@id\":\"https:\\\/\\\/kibrisdakik.com\\\/?p=56590\"},\"author\":{\"name\":\"admin\",\"@id\":\"https:\\\/\\\/kibrisdakik.com\\\/#\\\/schema\\\/person\\\/9cd9d437bbb44f72b73ba127e06d8e79\"},\"headline\":\"\u0130BB Ba\u015fkanl\u0131\u011f\u0131&#8217;na g\u00f6z k\u0131rpm\u0131\u015ft\u0131! \u00d6zg\u00fcr \u00d6zel: Sinem Dedeta\u015f&#8217;\u0131n a\u00e7\u0131klamas\u0131 gereksiz, memnun olmad\u0131m\",\"datePublished\":\"2024-08-24T08:12:49+00:00\",\"mainEntityOfPage\":{\"@id\":\"https:\\\/\\\/kibrisdakik.com\\\/?p=56590\"},\"wordCount\":423,\"commentCount\":0,\"image\":{\"@id\":\"https:\\\/\\\/kibrisdakik.com\\\/?p=56590#primaryimage\"},\"thumbnailUrl\":\"https:\\\/\\\/kibrisdakik.com\\\/wp-content\\\/uploads\\\/2024\\\/08\\\/ibb-baskanligi-na-goz-kirpmisti-ozgur-ozel-17750780_750_amp.jpg\",\"articleSection\":[\"Magazin\"],\"inLanguage\":\"tr\",\"potentialAction\":[{\"@type\":\"CommentAction\",\"name\":\"Comment\",\"target\":[\"https:\\\/\\\/kibrisdakik.com\\\/?p=56590#respond\"]}]},{\"@type\":\"WebPage\",\"@id\":\"https:\\\/\\\/kibrisdakik.com\\\/?p=56590\",\"url\":\"https:\\\/\\\/kibrisdakik.com\\\/?p=56590\",\"name\":\"\u0130BB Ba\u015fkanl\u0131\u011f\u0131'na g\u00f6z k\u0131rpm\u0131\u015ft\u0131! \u00d6zg\u00fcr \u00d6zel: Sinem Dedeta\u015f'\u0131n a\u00e7\u0131klamas\u0131 gereksiz, memnun olmad\u0131m -\",\"isPartOf\":{\"@id\":\"https:\\\/\\\/kibrisdakik.com\\\/#website\"},\"primaryImageOfPage\":{\"@id\":\"https:\\\/\\\/kibrisdakik.com\\\/?p=56590#primaryimage\"},\"image\":{\"@id\":\"https:\\\/\\\/kibrisdakik.com\\\/?p=56590#primaryimage\"},\"thumbnailUrl\":\"https:\\\/\\\/kibrisdakik.com\\\/wp-content\\\/uploads\\\/2024\\\/08\\\/ibb-baskanligi-na-goz-kirpmisti-ozgur-ozel-17750780_750_amp.jpg\",\"datePublished\":\"2024-08-24T08:12:49+00:00\",\"author\":{\"@id\":\"https:\\\/\\\/kibrisdakik.com\\\/#\\\/schema\\\/person\\\/9cd9d437bbb44f72b73ba127e06d8e79\"},\"breadcrumb\":{\"@id\":\"https:\\\/\\\/kibrisdakik.com\\\/?p=56590#breadcrumb\"},\"inLanguage\":\"tr\",\"potentialAction\":[{\"@type\":\"ReadAction\",\"target\":[\"https:\\\/\\\/kibrisdakik.com\\\/?p=56590\"]}]},{\"@type\":\"ImageObject\",\"inLanguage\":\"tr\",\"@id\":\"https:\\\/\\\/kibrisdakik.com\\\/?p=56590#primaryimage\",\"url\":\"https:\\\/\\\/kibrisdakik.com\\\/wp-content\\\/uploads\\\/2024\\\/08\\\/ibb-baskanligi-na-goz-kirpmisti-ozgur-ozel-17750780_750_amp.jpg\",\"contentUrl\":\"https:\\\/\\\/kibrisdakik.com\\\/wp-content\\\/uploads\\\/2024\\\/08\\\/ibb-baskanligi-na-goz-kirpmisti-ozgur-ozel-17750780_750_amp.jpg\",\"width\":1202,\"height\":675},{\"@type\":\"BreadcrumbList\",\"@id\":\"https:\\\/\\\/kibrisdakik.com\\\/?p=56590#breadcrumb\",\"itemListElement\":[{\"@type\":\"ListItem\",\"position\":1,\"name\":\"Home\",\"item\":\"https:\\\/\\\/kibrisdakik.com\\\/\"},{\"@type\":\"ListItem\",\"position\":2,\"name\":\"\u0130BB Ba\u015fkanl\u0131\u011f\u0131&#8217;na g\u00f6z k\u0131rpm\u0131\u015ft\u0131! \u00d6zg\u00fcr \u00d6zel: Sinem Dedeta\u015f&#8217;\u0131n a\u00e7\u0131klamas\u0131 gereksiz, memnun olmad\u0131m\"}]},{\"@type\":\"WebSite\",\"@id\":\"https:\\\/\\\/kibrisdakik.com\\\/#website\",\"url\":\"https:\\\/\\\/kibrisdakik.com\\\/\",\"name\":\"\",\"description\":\"Tam vaktinde haber\",\"potentialAction\":[{\"@type\":\"SearchAction\",\"target\":{\"@type\":\"EntryPoint\",\"urlTemplate\":\"https:\\\/\\\/kibrisdakik.com\\\/?s={search_term_string}\"},\"query-input\":{\"@type\":\"PropertyValueSpecification\",\"valueRequired\":true,\"valueName\":\"search_term_string\"}}],\"inLanguage\":\"tr\"},{\"@type\":\"Person\",\"@id\":\"https:\\\/\\\/kibrisdakik.com\\\/#\\\/schema\\\/person\\\/9cd9d437bbb44f72b73ba127e06d8e79\",\"name\":\"admin\",\"image\":{\"@type\":\"ImageObject\",\"inLanguage\":\"tr\",\"@id\":\"https:\\\/\\\/secure.gravatar.com\\\/avatar\\\/ccc17943b9d660506c869530f897617f7cb1c21a4bf30023f252596d83e1f007?s=96&d=mm&r=g\",\"url\":\"https:\\\/\\\/secure.gravatar.com\\\/avatar\\\/ccc17943b9d660506c869530f897617f7cb1c21a4bf30023f252596d83e1f007?s=96&d=mm&r=g\",\"contentUrl\":\"https:\\\/\\\/secure.gravatar.com\\\/avatar\\\/ccc17943b9d660506c869530f897617f7cb1c21a4bf30023f252596d83e1f007?s=96&d=mm&r=g\",\"caption\":\"admin\"},\"sameAs\":[\"https:\\\/\\\/kibrisdakik.com\"],\"url\":\"https:\\\/\\\/kibrisdakik.com\\\/?author=1\"}]}<\/script>\n<!-- \/ Yoast SEO plugin. -->","yoast_head_json":{"title":"\u0130BB Ba\u015fkanl\u0131\u011f\u0131'na g\u00f6z k\u0131rpm\u0131\u015ft\u0131! \u00d6zg\u00fcr \u00d6zel: Sinem Dedeta\u015f'\u0131n a\u00e7\u0131klamas\u0131 gereksiz, memnun olmad\u0131m -","robots":{"index":"index","follow":"follow","max-snippet":"max-snippet:-1","max-image-preview":"max-image-preview:large","max-video-preview":"max-video-preview:-1"},"canonical":"https:\/\/kibrisdakik.com\/?p=56590","og_locale":"tr_TR","og_type":"article","og_title":"\u0130BB Ba\u015fkanl\u0131\u011f\u0131'na g\u00f6z k\u0131rpm\u0131\u015ft\u0131! \u00d6zg\u00fcr \u00d6zel: Sinem Dedeta\u015f'\u0131n a\u00e7\u0131klamas\u0131 gereksiz, memnun olmad\u0131m -","og_description":"\u00dcsk\u00fcdar Belediye Ba\u015fkan\u0131 Sinem Dedeta\u015f&#8216;\u0131n &#8220;\u0130stanbul&#8217;u y\u00f6netmeye talibim&#8221; a\u00e7\u0131klamas\u0131yla ilgili konu\u015fan CHP Genel Ba\u015fkan\u0131 \u00d6zg\u00fcr \u00d6zel, &#8220;Tamamen hem \u00e7ok erken, hem \u00e7ok gereksiz, hem \u00e7ok faydas\u0131z. Bir daha belediye ba\u015fkanlar\u0131m\u0131z aras\u0131nda b\u00f6yle bir tart\u0131\u015fma duymayacaks\u0131n\u0131z. Ekrem bey de hi\u00e7 memnun olmad\u0131 bu g\u00fcndemden. Ben de memnun olmad\u0131m.&#8221; dedi. \u00dcSK\u00dcDAR BELED\u0130YE BA\u015eKANI: \u0130STANBUL&#8217;U Y\u00d6NETMEYE TAL\u0130B\u0130M \u0130BB","og_url":"https:\/\/kibrisdakik.com\/?p=56590","article_published_time":"2024-08-24T08:12:49+00:00","og_image":[{"width":1202,"height":675,"url":"https:\/\/kibrisdakik.com\/wp-content\/uploads\/2024\/08\/ibb-baskanligi-na-goz-kirpmisti-ozgur-ozel-17750780_750_amp.jpg","type":"image\/jpeg"}],"author":"admin","twitter_card":"summary_large_image","twitter_misc":{"Yazan:":"admin","Tahmini okuma s\u00fcresi":"2 dakika"},"schema":{"@context":"https:\/\/schema.org","@graph":[{"@type":"Article","@id":"https:\/\/kibrisdakik.com\/?p=56590#article","isPartOf":{"@id":"https:\/\/kibrisdakik.com\/?p=56590"},"author":{"name":"admin","@id":"https:\/\/kibrisdakik.com\/#\/schema\/person\/9cd9d437bbb44f72b73ba127e06d8e79"},"headline":"\u0130BB Ba\u015fkanl\u0131\u011f\u0131&#8217;na g\u00f6z k\u0131rpm\u0131\u015ft\u0131! \u00d6zg\u00fcr \u00d6zel: Sinem Dedeta\u015f&#8217;\u0131n a\u00e7\u0131klamas\u0131 gereksiz, memnun olmad\u0131m","datePublished":"2024-08-24T08:12:49+00:00","mainEntityOfPage":{"@id":"https:\/\/kibrisdakik.com\/?p=56590"},"wordCount":423,"commentCount":0,"image":{"@id":"https:\/\/kibrisdakik.com\/?p=56590#primaryimage"},"thumbnailUrl":"https:\/\/kibrisdakik.com\/wp-content\/uploads\/2024\/08\/ibb-baskanligi-na-goz-kirpmisti-ozgur-ozel-17750780_750_amp.jpg","articleSection":["Magazin"],"inLanguage":"tr","potentialAction":[{"@type":"CommentAction","name":"Comment","target":["https:\/\/kibrisdakik.com\/?p=56590#respond"]}]},{"@type":"WebPage","@id":"https:\/\/kibrisdakik.com\/?p=56590","url":"https:\/\/kibrisdakik.com\/?p=56590","name":"\u0130BB Ba\u015fkanl\u0131\u011f\u0131'na g\u00f6z k\u0131rpm\u0131\u015ft\u0131! \u00d6zg\u00fcr \u00d6zel: Sinem Dedeta\u015f'\u0131n a\u00e7\u0131klamas\u0131 gereksiz, memnun olmad\u0131m -","isPartOf":{"@id":"https:\/\/kibrisdakik.com\/#website"},"primaryImageOfPage":{"@id":"https:\/\/kibrisdakik.com\/?p=56590#primaryimage"},"image":{"@id":"https:\/\/kibrisdakik.com\/?p=56590#primaryimage"},"thumbnailUrl":"https:\/\/kibrisdakik.com\/wp-content\/uploads\/2024\/08\/ibb-baskanligi-na-goz-kirpmisti-ozgur-ozel-17750780_750_amp.jpg","datePublished":"2024-08-24T08:12:49+00:00","author":{"@id":"https:\/\/kibrisdakik.com\/#\/schema\/person\/9cd9d437bbb44f72b73ba127e06d8e79"},"breadcrumb":{"@id":"https:\/\/kibrisdakik.com\/?p=56590#breadcrumb"},"inLanguage":"tr","potentialAction":[{"@type":"ReadAction","target":["https:\/\/kibrisdakik.com\/?p=56590"]}]},{"@type":"ImageObject","inLanguage":"tr","@id":"https:\/\/kibrisdakik.com\/?p=56590#primaryimage","url":"https:\/\/kibrisdakik.com\/wp-content\/uploads\/2024\/08\/ibb-baskanligi-na-goz-kirpmisti-ozgur-ozel-17750780_750_amp.jpg","contentUrl":"https:\/\/kibrisdakik.com\/wp-content\/uploads\/2024\/08\/ibb-baskanligi-na-goz-kirpmisti-ozgur-ozel-17750780_750_amp.jpg","width":1202,"height":675},{"@type":"BreadcrumbList","@id":"https:\/\/kibrisdakik.com\/?p=56590#breadcrumb","itemListElement":[{"@type":"ListItem","position":1,"name":"Home","item":"https:\/\/kibrisdakik.com\/"},{"@type":"ListItem","position":2,"name":"\u0130BB Ba\u015fkanl\u0131\u011f\u0131&#8217;na g\u00f6z k\u0131rpm\u0131\u015ft\u0131! \u00d6zg\u00fcr \u00d6zel: Sinem Dedeta\u015f&#8217;\u0131n a\u00e7\u0131klamas\u0131 gereksiz, memnun olmad\u0131m"}]},{"@type":"WebSite","@id":"https:\/\/kibrisdakik.com\/#website","url":"https:\/\/kibrisdakik.com\/","name":"","description":"Tam vaktinde haber","potentialAction":[{"@type":"SearchAction","target":{"@type":"EntryPoint","urlTemplate":"https:\/\/kibrisdakik.com\/?s={search_term_string}"},"query-input":{"@type":"PropertyValueSpecification","valueRequired":true,"valueName":"search_term_string"}}],"inLanguage":"tr"},{"@type":"Person","@id":"https:\/\/kibrisdakik.com\/#\/schema\/person\/9cd9d437bbb44f72b73ba127e06d8e79","name":"admin","image":{"@type":"ImageObject","inLanguage":"tr","@id":"https:\/\/secure.gravatar.com\/avatar\/ccc17943b9d660506c869530f897617f7cb1c21a4bf30023f252596d83e1f007?s=96&d=mm&r=g","url":"https:\/\/secure.gravatar.com\/avatar\/ccc17943b9d660506c869530f897617f7cb1c21a4bf30023f252596d83e1f007?s=96&d=mm&r=g","contentUrl":"https:\/\/secure.gravatar.com\/avatar\/ccc17943b9d660506c869530f897617f7cb1c21a4bf30023f252596d83e1f007?s=96&d=mm&r=g","caption":"admin"},"sameAs":["https:\/\/kibrisdakik.com"],"url":"https:\/\/kibrisdakik.com\/?author=1"}]}},"_links":{"self":[{"href":"https:\/\/kibrisdakik.com\/index.php?rest_route=\/wp\/v2\/posts\/56590","targetHints":{"allow":["GET"]}}],"collection":[{"href":"https:\/\/kibrisdakik.com\/index.php?rest_route=\/wp\/v2\/posts"}],"about":[{"href":"https:\/\/kibrisdakik.com\/index.php?rest_route=\/wp\/v2\/types\/post"}],"author":[{"embeddable":true,"href":"https:\/\/kibrisdakik.com\/index.php?rest_route=\/wp\/v2\/users\/1"}],"replies":[{"embeddable":true,"href":"https:\/\/kibrisdakik.com\/index.php?rest_route=%2Fwp%2Fv2%2Fcomments&post=56590"}],"version-history":[{"count":0,"href":"https:\/\/kibrisdakik.com\/index.php?rest_route=\/wp\/v2\/posts\/56590\/revisions"}],"wp:featuredmedia":[{"embeddable":true,"href":"https:\/\/kibrisdakik.com\/index.php?rest_route=\/wp\/v2\/media\/56591"}],"wp:attachment":[{"href":"https:\/\/kibrisdakik.com\/index.php?rest_route=%2Fwp%2Fv2%2Fmedia&parent=56590"}],"wp:term":[{"taxonomy":"category","embeddable":true,"href":"https:\/\/kibrisdakik.com\/index.php?rest_route=%2Fwp%2Fv2%2Fcategories&post=56590"},{"taxonomy":"post_tag","embeddable":true,"href":"https:\/\/kibrisdakik.com\/index.php?rest_route=%2Fwp%2Fv2%2Ftags&post=56590"}],"curies":[{"name":"wp","href":"https:\/\/api.w.org\/{rel}","templated":true}]}}