{"id":56608,"date":"2024-08-24T12:06:43","date_gmt":"2024-08-24T09:06:43","guid":{"rendered":"https:\/\/kibrisdakik.com\/index.php\/2024\/08\/24\/almanyada-bicakli-saldirida-3-kisi-oldu\/"},"modified":"2024-08-24T12:06:43","modified_gmt":"2024-08-24T09:06:43","slug":"almanyada-bicakli-saldirida-3-kisi-oldu","status":"publish","type":"post","link":"https:\/\/kibrisdakik.com\/?p=56608","title":{"rendered":"Almanya\u2019da b\u0131\u00e7akl\u0131 sald\u0131r\u0131da 3 ki\u015fi \u00f6ld\u00fc"},"content":{"rendered":"<p><\/p>\n<div>\n<div class=\"mariselle-image-container center\">\n                <img loading=\"lazy\" decoding=\"async\" width=\"864\" height=\"486\" class=\"lazy-image\" alt=\"\" sizes=\"auto, (max-width: 864px) 100vw, 864px\" src=\"https:\/\/brtk.net\/wp-content\/uploads\/2024\/08\/24\/a5.jpg?ver=00b02e9ad88b517edbc1e8b069ed1a8d\" srcset=\"https:\/\/brtk.net\/wp-content\/uploads\/2024\/08\/24\/a5.jpg?ver=00b02e9ad88b517edbc1e8b069ed1a8d 864w, https:\/\/brtk.net\/wp-content\/uploads\/2024\/08\/24\/a5-300x169.jpg?ver=77d2aa099a69985af1171bf67261c8d5 300w, https:\/\/brtk.net\/wp-content\/uploads\/2024\/08\/24\/a5-768x432.jpg?ver=77d2aa099a69985af1171bf67261c8d5 768w\"\/>                            <\/div>\n<p>\nAlmanya\u2019n\u0131n Kuzey Ren Vestfalya eyaletinin Solingen kentindeki bir etkinlikte d\u00fczenlenen b\u0131\u00e7akl\u0131 sald\u0131r\u0131da 3 ki\u015finin \u00f6ld\u00fc\u011f\u00fc bildirildi.<\/p>\n<p>Alman bas\u0131n\u0131nda yer alan haberlere g\u00f6re, Solingen\u2019deki \u015fehir festivalinde bir ki\u015fi, insanlar\u0131 rastgele b\u0131\u00e7aklad\u0131.<\/p>\n<p>Sald\u0131rgan\u0131n olay yerinden ka\u00e7t\u0131\u011f\u0131 ifade edildi. B\u00f6lgeye \u00e7ok say\u0131da polis ve sa\u011fl\u0131k ekibinin sevk edildi\u011fi kaydedildi.<\/p>\n<p>Wuppertal Polis S\u00f6zc\u00fcs\u00fc Alexander Kresta, gazetecilere yapt\u0131\u011f\u0131 a\u00e7\u0131klamada, yerel saatle 21.37\u2019de \u00e7ok say\u0131da tan\u0131\u011f\u0131n telefonla polis merkezini arayarak bir ki\u015finin insanlara b\u0131\u00e7akla sald\u0131rd\u0131\u011f\u0131 ihbar\u0131nda bulundu\u011funu s\u00f6yledi.<\/p>\n<p>Kresta sald\u0131r\u0131da 3 ki\u015finin \u00f6ld\u00fc\u011f\u00fc bilgisini payla\u015ft\u0131.<\/p>\n<p>Polis s\u00f6zc\u00fcs\u00fc ayr\u0131ca sald\u0131rgan\u0131n arand\u0131\u011f\u0131n\u0131, sald\u0131rgana ili\u015fkin \u00e7ok fazla bilgiye sahip olmad\u0131klar\u0131n\u0131, \u00e7o\u011fu \u015fok i\u00e7inde olan tan\u0131klar\u0131n dinlenerek sald\u0131rgan hakk\u0131nda bilgi al\u0131naca\u011f\u0131n\u0131 kaydetti.<\/p>\n<p>Alman Haber Ajans\u0131 DPA\u2019n\u0131n haberine g\u00f6re a\u011f\u0131r yaral\u0131 say\u0131s\u0131 5\u2019e y\u00fckseldi.<\/p>\n<p>-Kuzey Ren Vestfalya Eyaleti \u0130\u00e7i\u015fleri Bakan\u0131 Reul: \u00d6lenlerin 1\u2019i kad\u0131n<\/p>\n<p>Olay yerinde incelemelerde bulunan Kuzey Ren Vestfalya Eyaleti \u0130\u00e7i\u015fleri Bakan\u0131 Herbert Reul, burada yapt\u0131\u011f\u0131 a\u00e7\u0131klamada, \u00e7ok k\u00f6t\u00fc bir olay\u0131n ger\u00e7ekle\u015fti\u011fini s\u00f6yledi.<\/p>\n<p>D\u00fc\u015f\u00fcncelerinin kurbanlar\u0131n ve yaralananlar\u0131n yak\u0131nlar\u0131nda oldu\u011funu ifade eden Reul, \u015fu anda a\u011f\u0131r yaral\u0131lar\u0131n iyile\u015fmeleri i\u00e7in dua edilebilece\u011fini belirtti.<\/p>\n<p>Sald\u0131rgan\u0131n durup dururken rasgele insanlar\u0131 b\u0131\u00e7aklad\u0131\u011f\u0131n\u0131 ve \u00f6ld\u00fcrd\u00fc\u011f\u00fcn\u00fc aktaran Reul, \u201cNeden, ni\u00e7in, niye? Kimse bilmiyor. \u015eu an motivasyonu ve ki\u015fi hakk\u0131nda bir \u015fey s\u00f6yleyemeyiz, Kim oldu\u011fu dahi bilinmiyor.\u201d ifadesini kulland\u0131.<\/p>\n<p>Reul, polisin soru\u015fturma yapt\u0131\u011f\u0131n\u0131 belirterek, spek\u00fclasyonlara yer verilmemesini istedi.<\/p>\n<p>Sald\u0131r\u0131da 3 ki\u015finin hayat\u0131n\u0131 kaybetti\u011fine i\u015faret ederek \u00f6lenlerin 1\u2019nin kad\u0131n, 2\u2019sinin erkek oldu\u011fu bilgisini payla\u015ft\u0131.<\/p>\n<p>\u015e\u00fcphelinin do\u011frudan insanlara sald\u0131rd\u0131\u011f\u0131n\u0131, v\u00fccutta etkili olacak yerleri hedef ald\u0131\u011f\u0131n\u0131 ve ard\u0131ndan ortadan kayboldu\u011funu aktaran Reul, \u201cSpek\u00fclasyon yapmamaya dikkat etmemiz laz\u0131m. \u015eu an bunu bir erke\u011fin yapt\u0131\u011f\u0131n\u0131 biliyoruz. Daha fazlas\u0131n\u0131 bilmiyoruz. Nereden geldi\u011fini, ne s\u00f6yledi\u011fini, neden yapt\u0131\u011f\u0131n\u0131 bilmiyoruz.\u201d dedi.<\/p>\n<p>Solinger Tageblatt gazetesinin haberine g\u00f6re, sald\u0131r\u0131 Solingen \u015fehrinin 650. y\u0131l d\u00f6n\u00fcm\u00fc vesilesiyle d\u00fczenlenen festivalde ger\u00e7ekle\u015fti.<\/p>\n<p>Haberde, sald\u0131r\u0131n\u0131n ard\u0131ndan polisin halktan \u015fehir merkezini terk etmelerini istedi\u011fi kaydedildi.<\/p>\n<p>Solingen Belediyesinden yap\u0131lan a\u00e7\u0131klamada, \u201c\u00c7e\u015fitlilik Festivali\u201d ismini ta\u015f\u0131yan ve 25 A\u011fustos Pazar g\u00fcn\u00fcne kadar s\u00fcrmesi planlanan festivalde 24 ve 25 A\u011fustos\u2019ta yap\u0131lacak etkinliklerin iptal edildi\u011fi aktar\u0131ld\u0131.<\/p>\n<\/p><\/div>\n<p><script async\n                    defer\n                    crossorigin=\"anonymous\"\n                    src=\"https:\/\/connect.facebook.net\/tr_TR\/sdk.js#xfbml=1&#038;version=v3.3\"\n            ><\/script><\/p>\n","protected":false},"excerpt":{"rendered":"<p>Almanya\u2019n\u0131n Kuzey Ren Vestfalya eyaletinin Solingen kentindeki bir etkinlikte d\u00fczenlenen b\u0131\u00e7akl\u0131 sald\u0131r\u0131da 3 ki\u015finin \u00f6ld\u00fc\u011f\u00fc bildirildi. Alman bas\u0131n\u0131nda yer alan haberlere g\u00f6re, Solingen\u2019deki \u015fehir festivalinde bir ki\u015fi, insanlar\u0131 rastgele b\u0131\u00e7aklad\u0131. Sald\u0131rgan\u0131n olay yerinden ka\u00e7t\u0131\u011f\u0131 ifade edildi. B\u00f6lgeye \u00e7ok say\u0131da polis ve sa\u011fl\u0131k ekibinin sevk edildi\u011fi kaydedildi. Wuppertal Polis S\u00f6zc\u00fcs\u00fc Alexander Kresta, gazetecilere yapt\u0131\u011f\u0131 a\u00e7\u0131klamada, yerel<\/p>\n","protected":false},"author":1,"featured_media":56609,"comment_status":"open","ping_status":"open","sticky":false,"template":"","format":"standard","meta":{"footnotes":""},"categories":[1],"tags":[],"class_list":["post-56608","post","type-post","status-publish","format-standard","has-post-thumbnail","hentry","category-gundem"],"yoast_head":"<!-- This site is optimized with the Yoast SEO plugin v27.4 - https:\/\/yoast.com\/product\/yoast-seo-wordpress\/ -->\n<title>Almanya\u2019da b\u0131\u00e7akl\u0131 sald\u0131r\u0131da 3 ki\u015fi \u00f6ld\u00fc -<\/title>\n<meta name=\"robots\" content=\"index, follow, max-snippet:-1, max-image-preview:large, max-video-preview:-1\" \/>\n<link rel=\"canonical\" href=\"https:\/\/kibrisdakik.com\/?p=56608\" \/>\n<meta property=\"og:locale\" content=\"tr_TR\" \/>\n<meta property=\"og:type\" content=\"article\" \/>\n<meta property=\"og:title\" content=\"Almanya\u2019da b\u0131\u00e7akl\u0131 sald\u0131r\u0131da 3 ki\u015fi \u00f6ld\u00fc -\" \/>\n<meta property=\"og:description\" content=\"Almanya\u2019n\u0131n Kuzey Ren Vestfalya eyaletinin Solingen kentindeki bir etkinlikte d\u00fczenlenen b\u0131\u00e7akl\u0131 sald\u0131r\u0131da 3 ki\u015finin \u00f6ld\u00fc\u011f\u00fc bildirildi. Alman bas\u0131n\u0131nda yer alan haberlere g\u00f6re, Solingen\u2019deki \u015fehir festivalinde bir ki\u015fi, insanlar\u0131 rastgele b\u0131\u00e7aklad\u0131. Sald\u0131rgan\u0131n olay yerinden ka\u00e7t\u0131\u011f\u0131 ifade edildi. B\u00f6lgeye \u00e7ok say\u0131da polis ve sa\u011fl\u0131k ekibinin sevk edildi\u011fi kaydedildi. Wuppertal Polis S\u00f6zc\u00fcs\u00fc Alexander Kresta, gazetecilere yapt\u0131\u011f\u0131 a\u00e7\u0131klamada, yerel\" \/>\n<meta property=\"og:url\" content=\"https:\/\/kibrisdakik.com\/?p=56608\" \/>\n<meta property=\"article:published_time\" content=\"2024-08-24T09:06:43+00:00\" \/>\n<meta property=\"og:image\" content=\"https:\/\/kibrisdakik.com\/wp-content\/uploads\/2024\/08\/a5-740x420.jpg\" \/>\n\t<meta property=\"og:image:width\" content=\"864\" \/>\n\t<meta property=\"og:image:height\" content=\"486\" \/>\n\t<meta property=\"og:image:type\" content=\"image\/jpeg\" \/>\n<meta name=\"author\" content=\"admin\" \/>\n<meta name=\"twitter:card\" content=\"summary_large_image\" \/>\n<meta name=\"twitter:label1\" content=\"Yazan:\" \/>\n\t<meta name=\"twitter:data1\" content=\"admin\" \/>\n\t<meta name=\"twitter:label2\" content=\"Tahmini okuma s\u00fcresi\" \/>\n\t<meta name=\"twitter:data2\" content=\"2 dakika\" \/>\n<script type=\"application\/ld+json\" class=\"yoast-schema-graph\">{\"@context\":\"https:\\\/\\\/schema.org\",\"@graph\":[{\"@type\":\"Article\",\"@id\":\"https:\\\/\\\/kibrisdakik.com\\\/?p=56608#article\",\"isPartOf\":{\"@id\":\"https:\\\/\\\/kibrisdakik.com\\\/?p=56608\"},\"author\":{\"name\":\"admin\",\"@id\":\"https:\\\/\\\/kibrisdakik.com\\\/#\\\/schema\\\/person\\\/9cd9d437bbb44f72b73ba127e06d8e79\"},\"headline\":\"Almanya\u2019da b\u0131\u00e7akl\u0131 sald\u0131r\u0131da 3 ki\u015fi \u00f6ld\u00fc\",\"datePublished\":\"2024-08-24T09:06:43+00:00\",\"mainEntityOfPage\":{\"@id\":\"https:\\\/\\\/kibrisdakik.com\\\/?p=56608\"},\"wordCount\":457,\"commentCount\":0,\"image\":{\"@id\":\"https:\\\/\\\/kibrisdakik.com\\\/?p=56608#primaryimage\"},\"thumbnailUrl\":\"https:\\\/\\\/kibrisdakik.com\\\/wp-content\\\/uploads\\\/2024\\\/08\\\/a5-740x420.jpg\",\"articleSection\":[\"G\u00fcndem\"],\"inLanguage\":\"tr\",\"potentialAction\":[{\"@type\":\"CommentAction\",\"name\":\"Comment\",\"target\":[\"https:\\\/\\\/kibrisdakik.com\\\/?p=56608#respond\"]}]},{\"@type\":\"WebPage\",\"@id\":\"https:\\\/\\\/kibrisdakik.com\\\/?p=56608\",\"url\":\"https:\\\/\\\/kibrisdakik.com\\\/?p=56608\",\"name\":\"Almanya\u2019da b\u0131\u00e7akl\u0131 sald\u0131r\u0131da 3 ki\u015fi \u00f6ld\u00fc -\",\"isPartOf\":{\"@id\":\"https:\\\/\\\/kibrisdakik.com\\\/#website\"},\"primaryImageOfPage\":{\"@id\":\"https:\\\/\\\/kibrisdakik.com\\\/?p=56608#primaryimage\"},\"image\":{\"@id\":\"https:\\\/\\\/kibrisdakik.com\\\/?p=56608#primaryimage\"},\"thumbnailUrl\":\"https:\\\/\\\/kibrisdakik.com\\\/wp-content\\\/uploads\\\/2024\\\/08\\\/a5-740x420.jpg\",\"datePublished\":\"2024-08-24T09:06:43+00:00\",\"author\":{\"@id\":\"https:\\\/\\\/kibrisdakik.com\\\/#\\\/schema\\\/person\\\/9cd9d437bbb44f72b73ba127e06d8e79\"},\"breadcrumb\":{\"@id\":\"https:\\\/\\\/kibrisdakik.com\\\/?p=56608#breadcrumb\"},\"inLanguage\":\"tr\",\"potentialAction\":[{\"@type\":\"ReadAction\",\"target\":[\"https:\\\/\\\/kibrisdakik.com\\\/?p=56608\"]}]},{\"@type\":\"ImageObject\",\"inLanguage\":\"tr\",\"@id\":\"https:\\\/\\\/kibrisdakik.com\\\/?p=56608#primaryimage\",\"url\":\"https:\\\/\\\/kibrisdakik.com\\\/wp-content\\\/uploads\\\/2024\\\/08\\\/a5-740x420.jpg\",\"contentUrl\":\"https:\\\/\\\/kibrisdakik.com\\\/wp-content\\\/uploads\\\/2024\\\/08\\\/a5-740x420.jpg\",\"width\":864,\"height\":486},{\"@type\":\"BreadcrumbList\",\"@id\":\"https:\\\/\\\/kibrisdakik.com\\\/?p=56608#breadcrumb\",\"itemListElement\":[{\"@type\":\"ListItem\",\"position\":1,\"name\":\"Home\",\"item\":\"https:\\\/\\\/kibrisdakik.com\\\/\"},{\"@type\":\"ListItem\",\"position\":2,\"name\":\"Almanya\u2019da b\u0131\u00e7akl\u0131 sald\u0131r\u0131da 3 ki\u015fi \u00f6ld\u00fc\"}]},{\"@type\":\"WebSite\",\"@id\":\"https:\\\/\\\/kibrisdakik.com\\\/#website\",\"url\":\"https:\\\/\\\/kibrisdakik.com\\\/\",\"name\":\"\",\"description\":\"Tam vaktinde haber\",\"potentialAction\":[{\"@type\":\"SearchAction\",\"target\":{\"@type\":\"EntryPoint\",\"urlTemplate\":\"https:\\\/\\\/kibrisdakik.com\\\/?s={search_term_string}\"},\"query-input\":{\"@type\":\"PropertyValueSpecification\",\"valueRequired\":true,\"valueName\":\"search_term_string\"}}],\"inLanguage\":\"tr\"},{\"@type\":\"Person\",\"@id\":\"https:\\\/\\\/kibrisdakik.com\\\/#\\\/schema\\\/person\\\/9cd9d437bbb44f72b73ba127e06d8e79\",\"name\":\"admin\",\"image\":{\"@type\":\"ImageObject\",\"inLanguage\":\"tr\",\"@id\":\"https:\\\/\\\/secure.gravatar.com\\\/avatar\\\/ccc17943b9d660506c869530f897617f7cb1c21a4bf30023f252596d83e1f007?s=96&d=mm&r=g\",\"url\":\"https:\\\/\\\/secure.gravatar.com\\\/avatar\\\/ccc17943b9d660506c869530f897617f7cb1c21a4bf30023f252596d83e1f007?s=96&d=mm&r=g\",\"contentUrl\":\"https:\\\/\\\/secure.gravatar.com\\\/avatar\\\/ccc17943b9d660506c869530f897617f7cb1c21a4bf30023f252596d83e1f007?s=96&d=mm&r=g\",\"caption\":\"admin\"},\"sameAs\":[\"https:\\\/\\\/kibrisdakik.com\"],\"url\":\"https:\\\/\\\/kibrisdakik.com\\\/?author=1\"}]}<\/script>\n<!-- \/ Yoast SEO plugin. -->","yoast_head_json":{"title":"Almanya\u2019da b\u0131\u00e7akl\u0131 sald\u0131r\u0131da 3 ki\u015fi \u00f6ld\u00fc -","robots":{"index":"index","follow":"follow","max-snippet":"max-snippet:-1","max-image-preview":"max-image-preview:large","max-video-preview":"max-video-preview:-1"},"canonical":"https:\/\/kibrisdakik.com\/?p=56608","og_locale":"tr_TR","og_type":"article","og_title":"Almanya\u2019da b\u0131\u00e7akl\u0131 sald\u0131r\u0131da 3 ki\u015fi \u00f6ld\u00fc -","og_description":"Almanya\u2019n\u0131n Kuzey Ren Vestfalya eyaletinin Solingen kentindeki bir etkinlikte d\u00fczenlenen b\u0131\u00e7akl\u0131 sald\u0131r\u0131da 3 ki\u015finin \u00f6ld\u00fc\u011f\u00fc bildirildi. Alman bas\u0131n\u0131nda yer alan haberlere g\u00f6re, Solingen\u2019deki \u015fehir festivalinde bir ki\u015fi, insanlar\u0131 rastgele b\u0131\u00e7aklad\u0131. Sald\u0131rgan\u0131n olay yerinden ka\u00e7t\u0131\u011f\u0131 ifade edildi. B\u00f6lgeye \u00e7ok say\u0131da polis ve sa\u011fl\u0131k ekibinin sevk edildi\u011fi kaydedildi. Wuppertal Polis S\u00f6zc\u00fcs\u00fc Alexander Kresta, gazetecilere yapt\u0131\u011f\u0131 a\u00e7\u0131klamada, yerel","og_url":"https:\/\/kibrisdakik.com\/?p=56608","article_published_time":"2024-08-24T09:06:43+00:00","og_image":[{"width":864,"height":486,"url":"https:\/\/kibrisdakik.com\/wp-content\/uploads\/2024\/08\/a5-740x420.jpg","type":"image\/jpeg"}],"author":"admin","twitter_card":"summary_large_image","twitter_misc":{"Yazan:":"admin","Tahmini okuma s\u00fcresi":"2 dakika"},"schema":{"@context":"https:\/\/schema.org","@graph":[{"@type":"Article","@id":"https:\/\/kibrisdakik.com\/?p=56608#article","isPartOf":{"@id":"https:\/\/kibrisdakik.com\/?p=56608"},"author":{"name":"admin","@id":"https:\/\/kibrisdakik.com\/#\/schema\/person\/9cd9d437bbb44f72b73ba127e06d8e79"},"headline":"Almanya\u2019da b\u0131\u00e7akl\u0131 sald\u0131r\u0131da 3 ki\u015fi \u00f6ld\u00fc","datePublished":"2024-08-24T09:06:43+00:00","mainEntityOfPage":{"@id":"https:\/\/kibrisdakik.com\/?p=56608"},"wordCount":457,"commentCount":0,"image":{"@id":"https:\/\/kibrisdakik.com\/?p=56608#primaryimage"},"thumbnailUrl":"https:\/\/kibrisdakik.com\/wp-content\/uploads\/2024\/08\/a5-740x420.jpg","articleSection":["G\u00fcndem"],"inLanguage":"tr","potentialAction":[{"@type":"CommentAction","name":"Comment","target":["https:\/\/kibrisdakik.com\/?p=56608#respond"]}]},{"@type":"WebPage","@id":"https:\/\/kibrisdakik.com\/?p=56608","url":"https:\/\/kibrisdakik.com\/?p=56608","name":"Almanya\u2019da b\u0131\u00e7akl\u0131 sald\u0131r\u0131da 3 ki\u015fi \u00f6ld\u00fc -","isPartOf":{"@id":"https:\/\/kibrisdakik.com\/#website"},"primaryImageOfPage":{"@id":"https:\/\/kibrisdakik.com\/?p=56608#primaryimage"},"image":{"@id":"https:\/\/kibrisdakik.com\/?p=56608#primaryimage"},"thumbnailUrl":"https:\/\/kibrisdakik.com\/wp-content\/uploads\/2024\/08\/a5-740x420.jpg","datePublished":"2024-08-24T09:06:43+00:00","author":{"@id":"https:\/\/kibrisdakik.com\/#\/schema\/person\/9cd9d437bbb44f72b73ba127e06d8e79"},"breadcrumb":{"@id":"https:\/\/kibrisdakik.com\/?p=56608#breadcrumb"},"inLanguage":"tr","potentialAction":[{"@type":"ReadAction","target":["https:\/\/kibrisdakik.com\/?p=56608"]}]},{"@type":"ImageObject","inLanguage":"tr","@id":"https:\/\/kibrisdakik.com\/?p=56608#primaryimage","url":"https:\/\/kibrisdakik.com\/wp-content\/uploads\/2024\/08\/a5-740x420.jpg","contentUrl":"https:\/\/kibrisdakik.com\/wp-content\/uploads\/2024\/08\/a5-740x420.jpg","width":864,"height":486},{"@type":"BreadcrumbList","@id":"https:\/\/kibrisdakik.com\/?p=56608#breadcrumb","itemListElement":[{"@type":"ListItem","position":1,"name":"Home","item":"https:\/\/kibrisdakik.com\/"},{"@type":"ListItem","position":2,"name":"Almanya\u2019da b\u0131\u00e7akl\u0131 sald\u0131r\u0131da 3 ki\u015fi \u00f6ld\u00fc"}]},{"@type":"WebSite","@id":"https:\/\/kibrisdakik.com\/#website","url":"https:\/\/kibrisdakik.com\/","name":"","description":"Tam vaktinde haber","potentialAction":[{"@type":"SearchAction","target":{"@type":"EntryPoint","urlTemplate":"https:\/\/kibrisdakik.com\/?s={search_term_string}"},"query-input":{"@type":"PropertyValueSpecification","valueRequired":true,"valueName":"search_term_string"}}],"inLanguage":"tr"},{"@type":"Person","@id":"https:\/\/kibrisdakik.com\/#\/schema\/person\/9cd9d437bbb44f72b73ba127e06d8e79","name":"admin","image":{"@type":"ImageObject","inLanguage":"tr","@id":"https:\/\/secure.gravatar.com\/avatar\/ccc17943b9d660506c869530f897617f7cb1c21a4bf30023f252596d83e1f007?s=96&d=mm&r=g","url":"https:\/\/secure.gravatar.com\/avatar\/ccc17943b9d660506c869530f897617f7cb1c21a4bf30023f252596d83e1f007?s=96&d=mm&r=g","contentUrl":"https:\/\/secure.gravatar.com\/avatar\/ccc17943b9d660506c869530f897617f7cb1c21a4bf30023f252596d83e1f007?s=96&d=mm&r=g","caption":"admin"},"sameAs":["https:\/\/kibrisdakik.com"],"url":"https:\/\/kibrisdakik.com\/?author=1"}]}},"_links":{"self":[{"href":"https:\/\/kibrisdakik.com\/index.php?rest_route=\/wp\/v2\/posts\/56608","targetHints":{"allow":["GET"]}}],"collection":[{"href":"https:\/\/kibrisdakik.com\/index.php?rest_route=\/wp\/v2\/posts"}],"about":[{"href":"https:\/\/kibrisdakik.com\/index.php?rest_route=\/wp\/v2\/types\/post"}],"author":[{"embeddable":true,"href":"https:\/\/kibrisdakik.com\/index.php?rest_route=\/wp\/v2\/users\/1"}],"replies":[{"embeddable":true,"href":"https:\/\/kibrisdakik.com\/index.php?rest_route=%2Fwp%2Fv2%2Fcomments&post=56608"}],"version-history":[{"count":0,"href":"https:\/\/kibrisdakik.com\/index.php?rest_route=\/wp\/v2\/posts\/56608\/revisions"}],"wp:featuredmedia":[{"embeddable":true,"href":"https:\/\/kibrisdakik.com\/index.php?rest_route=\/wp\/v2\/media\/56609"}],"wp:attachment":[{"href":"https:\/\/kibrisdakik.com\/index.php?rest_route=%2Fwp%2Fv2%2Fmedia&parent=56608"}],"wp:term":[{"taxonomy":"category","embeddable":true,"href":"https:\/\/kibrisdakik.com\/index.php?rest_route=%2Fwp%2Fv2%2Fcategories&post=56608"},{"taxonomy":"post_tag","embeddable":true,"href":"https:\/\/kibrisdakik.com\/index.php?rest_route=%2Fwp%2Fv2%2Ftags&post=56608"}],"curies":[{"name":"wp","href":"https:\/\/api.w.org\/{rel}","templated":true}]}}