{"id":56653,"date":"2024-08-24T15:36:38","date_gmt":"2024-08-24T12:36:38","guid":{"rendered":"https:\/\/kibrisdakik.com\/index.php\/2024\/08\/24\/amasyanin-10-gunluk-suyu-kaldi\/"},"modified":"2024-08-24T15:36:38","modified_gmt":"2024-08-24T12:36:38","slug":"amasyanin-10-gunluk-suyu-kaldi","status":"publish","type":"post","link":"https:\/\/kibrisdakik.com\/?p=56653","title":{"rendered":"Amasya&#8217;n\u0131n 10 g\u00fcnl\u00fck suyu kald\u0131"},"content":{"rendered":"<p><\/p>\n<div id=\"\">\n<p> <a class=\"keyword\" href=\"https:\/\/www.haberler.com\/amasya\/\" title=\"Amasya Haberleri, Amasya Haberi, Amasya Haber\"><strong>Amasya<\/strong><\/a>&#8216;da sadece 10 g\u00fcnl\u00fck su kald\u0131\u011f\u0131 \u00f6\u011frenildi.<\/p>\n<h3>AMASYA&#8217;DA KURAKLIK ALARM VER\u0130YOR<\/h3>\n<p> <a class=\"keyword\" href=\"https:\/\/www.haberler.com\/amasya\/\" title=\"Amasya Haberleri, Amasya Haberi, Amasya Haber\"><strong>Amasya<\/strong><\/a>&#8216;da i\u00e7me sular\u0131n\u0131n yetersiz olmas\u0131 nedeniyle 2 haftad\u0131r gece saatlerinde farkl\u0131 mahallelerde su kesintileri ba\u015flad\u0131. Alarm gibi a\u00e7\u0131klama yapan Amasya Belediye Ba\u015fkan\u0131 Turgay Sevindi, &#8220;S\u00fcrekli su verdi\u011fimizde 10 g\u00fcn yetecek kadar suyumuz var&#8221; dedi.<\/p>\n<p><img loading=\"lazy\" decoding=\"async\" class=\"hbptMainImage lazyload ImgDetay\" src=\"https:\/\/foto.haberler.com\/haber\/2024\/08\/24\/amasya-nin-10-gunluk-suyu-kaldi-17751329_3260_m.jpg\" alt=\"Amasya'n\u0131n 10 g\u00fcnl\u00fck suyu kald\u0131\" width=\"640\" height=\"358\"\/><span class=\"figcaption\">Amasya Belediye Ba\u015fkan\u0131 Turgay Sevindi<\/span><\/p>\n<h3>SADECE 10 G\u00dcNL\u00dcK SU KALDI<\/h3>\n<p>T\u00fcrkiye kurak ve ya\u011f\u0131\u015fs\u0131z bir d\u00f6nemden ge\u00e7erken belediyeler kendi inisiyatifleriyle baz\u0131 \u00e7\u00f6z\u00fcmlere ba\u015fvuruyor. Yapt\u0131\u011f\u0131 esnaf gezisinin g\u00f6r\u00fcnt\u00fclerini payla\u015f\u0131p g\u00fcnl\u00fck kullan\u0131lan suyla depoya gelen su aras\u0131nda fark olu\u015fmaya ba\u015flad\u0131\u011f\u0131 i\u00e7in yapt\u0131klar\u0131 su kesintilerine de\u011finen Ba\u015fkan Sevindi, &#8220;Ya\u011f\u0131\u015f olmamas\u0131 sebebiyle suyumuz az. S\u00fcrekli su verdi\u011fimizde de 10 g\u00fcn yetecek kadar suyumuz var. O y\u00fczden insanlar\u0131n en az su kulland\u0131\u011f\u0131 vakitte gece keserek vatanda\u015f\u0131 da \u00e7ok ma\u011fdur etmeden depolardaki eksi\u011fi gidermeye \u00e7al\u0131\u015f\u0131yoruz&#8221; diye konu\u015ftu.<\/p>\n<h3>HER G\u00dcN SU KES\u0130NT\u0130LER\u0130 YA\u015eANIYOR<\/h3>\n<p>Belediye,  <i>\u00f6nceden <\/i> \u00f6nlem al\u0131nmas\u0131 amac\u0131yla 00.00 &#8211; 07.00 saatleri aras\u0131nda kesinti olacak mahalleleri sosyal medya hesab\u0131ndan duyuruyor.<\/p>\n<div class=\"editorSade\">Kaynak: \u0130hlas Haber Ajans\u0131 \/  <a href=\"https:\/\/www.haberler.com\/yasam\/\" title=\"Ya\u015fam Haberleri\">Ya\u015fam<\/a> <\/div>\n<h4 id=\"nwsKeywords\"> <a href=\"https:\/\/www.haberler.com\/turgay-sevindi\/\" title=\"Turgay Sevindi\" class=\"hbptTag\">Turgay Sevindi<\/a>  <a href=\"https:\/\/www.haberler.com\/amasya\/\" title=\"Amasya\" class=\"hbptTag\">Amasya<\/a>  <a href=\"https:\/\/www.haberler.com\/cevre\/\" title=\"\u00c7evre\" class=\"hbptTag\">\u00c7evre<\/a>  <a href=\"https:\/\/www.haberler.com\/3-sayfa\/\" title=\"3.Sayfa\" class=\"hbptTag\">3.Sayfa<\/a>  <a href=\"https:\/\/www.haberler.com\/yasam\/\" title=\"Ya\u015fam\" class=\"hbptTag\">Ya\u015fam<\/a>  <a href=\"https:\/\/www.haberler.com\/\" title=\"Haberler\" class=\"hbptTag\">Haberler<\/a> <\/h4>\n<\/div>\n","protected":false},"excerpt":{"rendered":"<p>Amasya&#8216;da sadece 10 g\u00fcnl\u00fck su kald\u0131\u011f\u0131 \u00f6\u011frenildi. AMASYA&#8217;DA KURAKLIK ALARM VER\u0130YOR Amasya&#8216;da i\u00e7me sular\u0131n\u0131n yetersiz olmas\u0131 nedeniyle 2 haftad\u0131r gece saatlerinde farkl\u0131 mahallelerde su kesintileri ba\u015flad\u0131. Alarm gibi a\u00e7\u0131klama yapan Amasya Belediye Ba\u015fkan\u0131 Turgay Sevindi, &#8220;S\u00fcrekli su verdi\u011fimizde 10 g\u00fcn yetecek kadar suyumuz var&#8221; dedi. Amasya Belediye Ba\u015fkan\u0131 Turgay Sevindi SADECE 10 G\u00dcNL\u00dcK SU KALDI<\/p>\n","protected":false},"author":1,"featured_media":56654,"comment_status":"open","ping_status":"open","sticky":false,"template":"","format":"standard","meta":{"footnotes":""},"categories":[83],"tags":[],"class_list":["post-56653","post","type-post","status-publish","format-standard","has-post-thumbnail","hentry","category-magazin"],"yoast_head":"<!-- This site is optimized with the Yoast SEO plugin v27.4 - https:\/\/yoast.com\/product\/yoast-seo-wordpress\/ -->\n<title>Amasya&#039;n\u0131n 10 g\u00fcnl\u00fck suyu kald\u0131 -<\/title>\n<meta name=\"robots\" content=\"index, follow, max-snippet:-1, max-image-preview:large, max-video-preview:-1\" \/>\n<link rel=\"canonical\" href=\"https:\/\/kibrisdakik.com\/?p=56653\" \/>\n<meta property=\"og:locale\" content=\"tr_TR\" \/>\n<meta property=\"og:type\" content=\"article\" \/>\n<meta property=\"og:title\" content=\"Amasya&#039;n\u0131n 10 g\u00fcnl\u00fck suyu kald\u0131 -\" \/>\n<meta property=\"og:description\" content=\"Amasya&#8216;da sadece 10 g\u00fcnl\u00fck su kald\u0131\u011f\u0131 \u00f6\u011frenildi. AMASYA&#8217;DA KURAKLIK ALARM VER\u0130YOR Amasya&#8216;da i\u00e7me sular\u0131n\u0131n yetersiz olmas\u0131 nedeniyle 2 haftad\u0131r gece saatlerinde farkl\u0131 mahallelerde su kesintileri ba\u015flad\u0131. Alarm gibi a\u00e7\u0131klama yapan Amasya Belediye Ba\u015fkan\u0131 Turgay Sevindi, &#8220;S\u00fcrekli su verdi\u011fimizde 10 g\u00fcn yetecek kadar suyumuz var&#8221; dedi. Amasya Belediye Ba\u015fkan\u0131 Turgay Sevindi SADECE 10 G\u00dcNL\u00dcK SU KALDI\" \/>\n<meta property=\"og:url\" content=\"https:\/\/kibrisdakik.com\/?p=56653\" \/>\n<meta property=\"article:published_time\" content=\"2024-08-24T12:36:38+00:00\" \/>\n<meta property=\"og:image\" content=\"https:\/\/kibrisdakik.com\/wp-content\/uploads\/2024\/08\/amasya-nin-10-gunluk-suyu-kaldi-17751329_3260_m.jpg\" \/>\n\t<meta property=\"og:image:width\" content=\"640\" \/>\n\t<meta property=\"og:image:height\" content=\"358\" \/>\n\t<meta property=\"og:image:type\" content=\"image\/jpeg\" \/>\n<meta name=\"author\" content=\"admin\" \/>\n<meta name=\"twitter:card\" content=\"summary_large_image\" \/>\n<meta name=\"twitter:label1\" content=\"Yazan:\" \/>\n\t<meta name=\"twitter:data1\" content=\"admin\" \/>\n\t<meta name=\"twitter:label2\" content=\"Tahmini okuma s\u00fcresi\" \/>\n\t<meta name=\"twitter:data2\" content=\"1 dakika\" \/>\n<script type=\"application\/ld+json\" class=\"yoast-schema-graph\">{\"@context\":\"https:\\\/\\\/schema.org\",\"@graph\":[{\"@type\":\"Article\",\"@id\":\"https:\\\/\\\/kibrisdakik.com\\\/?p=56653#article\",\"isPartOf\":{\"@id\":\"https:\\\/\\\/kibrisdakik.com\\\/?p=56653\"},\"author\":{\"name\":\"admin\",\"@id\":\"https:\\\/\\\/kibrisdakik.com\\\/#\\\/schema\\\/person\\\/9cd9d437bbb44f72b73ba127e06d8e79\"},\"headline\":\"Amasya&#8217;n\u0131n 10 g\u00fcnl\u00fck suyu kald\u0131\",\"datePublished\":\"2024-08-24T12:36:38+00:00\",\"mainEntityOfPage\":{\"@id\":\"https:\\\/\\\/kibrisdakik.com\\\/?p=56653\"},\"wordCount\":218,\"commentCount\":0,\"image\":{\"@id\":\"https:\\\/\\\/kibrisdakik.com\\\/?p=56653#primaryimage\"},\"thumbnailUrl\":\"https:\\\/\\\/kibrisdakik.com\\\/wp-content\\\/uploads\\\/2024\\\/08\\\/amasya-nin-10-gunluk-suyu-kaldi-17751329_3260_m.jpg\",\"articleSection\":[\"Magazin\"],\"inLanguage\":\"tr\",\"potentialAction\":[{\"@type\":\"CommentAction\",\"name\":\"Comment\",\"target\":[\"https:\\\/\\\/kibrisdakik.com\\\/?p=56653#respond\"]}]},{\"@type\":\"WebPage\",\"@id\":\"https:\\\/\\\/kibrisdakik.com\\\/?p=56653\",\"url\":\"https:\\\/\\\/kibrisdakik.com\\\/?p=56653\",\"name\":\"Amasya'n\u0131n 10 g\u00fcnl\u00fck suyu kald\u0131 -\",\"isPartOf\":{\"@id\":\"https:\\\/\\\/kibrisdakik.com\\\/#website\"},\"primaryImageOfPage\":{\"@id\":\"https:\\\/\\\/kibrisdakik.com\\\/?p=56653#primaryimage\"},\"image\":{\"@id\":\"https:\\\/\\\/kibrisdakik.com\\\/?p=56653#primaryimage\"},\"thumbnailUrl\":\"https:\\\/\\\/kibrisdakik.com\\\/wp-content\\\/uploads\\\/2024\\\/08\\\/amasya-nin-10-gunluk-suyu-kaldi-17751329_3260_m.jpg\",\"datePublished\":\"2024-08-24T12:36:38+00:00\",\"author\":{\"@id\":\"https:\\\/\\\/kibrisdakik.com\\\/#\\\/schema\\\/person\\\/9cd9d437bbb44f72b73ba127e06d8e79\"},\"breadcrumb\":{\"@id\":\"https:\\\/\\\/kibrisdakik.com\\\/?p=56653#breadcrumb\"},\"inLanguage\":\"tr\",\"potentialAction\":[{\"@type\":\"ReadAction\",\"target\":[\"https:\\\/\\\/kibrisdakik.com\\\/?p=56653\"]}]},{\"@type\":\"ImageObject\",\"inLanguage\":\"tr\",\"@id\":\"https:\\\/\\\/kibrisdakik.com\\\/?p=56653#primaryimage\",\"url\":\"https:\\\/\\\/kibrisdakik.com\\\/wp-content\\\/uploads\\\/2024\\\/08\\\/amasya-nin-10-gunluk-suyu-kaldi-17751329_3260_m.jpg\",\"contentUrl\":\"https:\\\/\\\/kibrisdakik.com\\\/wp-content\\\/uploads\\\/2024\\\/08\\\/amasya-nin-10-gunluk-suyu-kaldi-17751329_3260_m.jpg\",\"width\":640,\"height\":358},{\"@type\":\"BreadcrumbList\",\"@id\":\"https:\\\/\\\/kibrisdakik.com\\\/?p=56653#breadcrumb\",\"itemListElement\":[{\"@type\":\"ListItem\",\"position\":1,\"name\":\"Home\",\"item\":\"https:\\\/\\\/kibrisdakik.com\\\/\"},{\"@type\":\"ListItem\",\"position\":2,\"name\":\"Amasya&#8217;n\u0131n 10 g\u00fcnl\u00fck suyu kald\u0131\"}]},{\"@type\":\"WebSite\",\"@id\":\"https:\\\/\\\/kibrisdakik.com\\\/#website\",\"url\":\"https:\\\/\\\/kibrisdakik.com\\\/\",\"name\":\"\",\"description\":\"Tam vaktinde haber\",\"potentialAction\":[{\"@type\":\"SearchAction\",\"target\":{\"@type\":\"EntryPoint\",\"urlTemplate\":\"https:\\\/\\\/kibrisdakik.com\\\/?s={search_term_string}\"},\"query-input\":{\"@type\":\"PropertyValueSpecification\",\"valueRequired\":true,\"valueName\":\"search_term_string\"}}],\"inLanguage\":\"tr\"},{\"@type\":\"Person\",\"@id\":\"https:\\\/\\\/kibrisdakik.com\\\/#\\\/schema\\\/person\\\/9cd9d437bbb44f72b73ba127e06d8e79\",\"name\":\"admin\",\"image\":{\"@type\":\"ImageObject\",\"inLanguage\":\"tr\",\"@id\":\"https:\\\/\\\/secure.gravatar.com\\\/avatar\\\/ccc17943b9d660506c869530f897617f7cb1c21a4bf30023f252596d83e1f007?s=96&d=mm&r=g\",\"url\":\"https:\\\/\\\/secure.gravatar.com\\\/avatar\\\/ccc17943b9d660506c869530f897617f7cb1c21a4bf30023f252596d83e1f007?s=96&d=mm&r=g\",\"contentUrl\":\"https:\\\/\\\/secure.gravatar.com\\\/avatar\\\/ccc17943b9d660506c869530f897617f7cb1c21a4bf30023f252596d83e1f007?s=96&d=mm&r=g\",\"caption\":\"admin\"},\"sameAs\":[\"https:\\\/\\\/kibrisdakik.com\"],\"url\":\"https:\\\/\\\/kibrisdakik.com\\\/?author=1\"}]}<\/script>\n<!-- \/ Yoast SEO plugin. -->","yoast_head_json":{"title":"Amasya'n\u0131n 10 g\u00fcnl\u00fck suyu kald\u0131 -","robots":{"index":"index","follow":"follow","max-snippet":"max-snippet:-1","max-image-preview":"max-image-preview:large","max-video-preview":"max-video-preview:-1"},"canonical":"https:\/\/kibrisdakik.com\/?p=56653","og_locale":"tr_TR","og_type":"article","og_title":"Amasya'n\u0131n 10 g\u00fcnl\u00fck suyu kald\u0131 -","og_description":"Amasya&#8216;da sadece 10 g\u00fcnl\u00fck su kald\u0131\u011f\u0131 \u00f6\u011frenildi. AMASYA&#8217;DA KURAKLIK ALARM VER\u0130YOR Amasya&#8216;da i\u00e7me sular\u0131n\u0131n yetersiz olmas\u0131 nedeniyle 2 haftad\u0131r gece saatlerinde farkl\u0131 mahallelerde su kesintileri ba\u015flad\u0131. Alarm gibi a\u00e7\u0131klama yapan Amasya Belediye Ba\u015fkan\u0131 Turgay Sevindi, &#8220;S\u00fcrekli su verdi\u011fimizde 10 g\u00fcn yetecek kadar suyumuz var&#8221; dedi. Amasya Belediye Ba\u015fkan\u0131 Turgay Sevindi SADECE 10 G\u00dcNL\u00dcK SU KALDI","og_url":"https:\/\/kibrisdakik.com\/?p=56653","article_published_time":"2024-08-24T12:36:38+00:00","og_image":[{"width":640,"height":358,"url":"https:\/\/kibrisdakik.com\/wp-content\/uploads\/2024\/08\/amasya-nin-10-gunluk-suyu-kaldi-17751329_3260_m.jpg","type":"image\/jpeg"}],"author":"admin","twitter_card":"summary_large_image","twitter_misc":{"Yazan:":"admin","Tahmini okuma s\u00fcresi":"1 dakika"},"schema":{"@context":"https:\/\/schema.org","@graph":[{"@type":"Article","@id":"https:\/\/kibrisdakik.com\/?p=56653#article","isPartOf":{"@id":"https:\/\/kibrisdakik.com\/?p=56653"},"author":{"name":"admin","@id":"https:\/\/kibrisdakik.com\/#\/schema\/person\/9cd9d437bbb44f72b73ba127e06d8e79"},"headline":"Amasya&#8217;n\u0131n 10 g\u00fcnl\u00fck suyu kald\u0131","datePublished":"2024-08-24T12:36:38+00:00","mainEntityOfPage":{"@id":"https:\/\/kibrisdakik.com\/?p=56653"},"wordCount":218,"commentCount":0,"image":{"@id":"https:\/\/kibrisdakik.com\/?p=56653#primaryimage"},"thumbnailUrl":"https:\/\/kibrisdakik.com\/wp-content\/uploads\/2024\/08\/amasya-nin-10-gunluk-suyu-kaldi-17751329_3260_m.jpg","articleSection":["Magazin"],"inLanguage":"tr","potentialAction":[{"@type":"CommentAction","name":"Comment","target":["https:\/\/kibrisdakik.com\/?p=56653#respond"]}]},{"@type":"WebPage","@id":"https:\/\/kibrisdakik.com\/?p=56653","url":"https:\/\/kibrisdakik.com\/?p=56653","name":"Amasya'n\u0131n 10 g\u00fcnl\u00fck suyu kald\u0131 -","isPartOf":{"@id":"https:\/\/kibrisdakik.com\/#website"},"primaryImageOfPage":{"@id":"https:\/\/kibrisdakik.com\/?p=56653#primaryimage"},"image":{"@id":"https:\/\/kibrisdakik.com\/?p=56653#primaryimage"},"thumbnailUrl":"https:\/\/kibrisdakik.com\/wp-content\/uploads\/2024\/08\/amasya-nin-10-gunluk-suyu-kaldi-17751329_3260_m.jpg","datePublished":"2024-08-24T12:36:38+00:00","author":{"@id":"https:\/\/kibrisdakik.com\/#\/schema\/person\/9cd9d437bbb44f72b73ba127e06d8e79"},"breadcrumb":{"@id":"https:\/\/kibrisdakik.com\/?p=56653#breadcrumb"},"inLanguage":"tr","potentialAction":[{"@type":"ReadAction","target":["https:\/\/kibrisdakik.com\/?p=56653"]}]},{"@type":"ImageObject","inLanguage":"tr","@id":"https:\/\/kibrisdakik.com\/?p=56653#primaryimage","url":"https:\/\/kibrisdakik.com\/wp-content\/uploads\/2024\/08\/amasya-nin-10-gunluk-suyu-kaldi-17751329_3260_m.jpg","contentUrl":"https:\/\/kibrisdakik.com\/wp-content\/uploads\/2024\/08\/amasya-nin-10-gunluk-suyu-kaldi-17751329_3260_m.jpg","width":640,"height":358},{"@type":"BreadcrumbList","@id":"https:\/\/kibrisdakik.com\/?p=56653#breadcrumb","itemListElement":[{"@type":"ListItem","position":1,"name":"Home","item":"https:\/\/kibrisdakik.com\/"},{"@type":"ListItem","position":2,"name":"Amasya&#8217;n\u0131n 10 g\u00fcnl\u00fck suyu kald\u0131"}]},{"@type":"WebSite","@id":"https:\/\/kibrisdakik.com\/#website","url":"https:\/\/kibrisdakik.com\/","name":"","description":"Tam vaktinde haber","potentialAction":[{"@type":"SearchAction","target":{"@type":"EntryPoint","urlTemplate":"https:\/\/kibrisdakik.com\/?s={search_term_string}"},"query-input":{"@type":"PropertyValueSpecification","valueRequired":true,"valueName":"search_term_string"}}],"inLanguage":"tr"},{"@type":"Person","@id":"https:\/\/kibrisdakik.com\/#\/schema\/person\/9cd9d437bbb44f72b73ba127e06d8e79","name":"admin","image":{"@type":"ImageObject","inLanguage":"tr","@id":"https:\/\/secure.gravatar.com\/avatar\/ccc17943b9d660506c869530f897617f7cb1c21a4bf30023f252596d83e1f007?s=96&d=mm&r=g","url":"https:\/\/secure.gravatar.com\/avatar\/ccc17943b9d660506c869530f897617f7cb1c21a4bf30023f252596d83e1f007?s=96&d=mm&r=g","contentUrl":"https:\/\/secure.gravatar.com\/avatar\/ccc17943b9d660506c869530f897617f7cb1c21a4bf30023f252596d83e1f007?s=96&d=mm&r=g","caption":"admin"},"sameAs":["https:\/\/kibrisdakik.com"],"url":"https:\/\/kibrisdakik.com\/?author=1"}]}},"_links":{"self":[{"href":"https:\/\/kibrisdakik.com\/index.php?rest_route=\/wp\/v2\/posts\/56653","targetHints":{"allow":["GET"]}}],"collection":[{"href":"https:\/\/kibrisdakik.com\/index.php?rest_route=\/wp\/v2\/posts"}],"about":[{"href":"https:\/\/kibrisdakik.com\/index.php?rest_route=\/wp\/v2\/types\/post"}],"author":[{"embeddable":true,"href":"https:\/\/kibrisdakik.com\/index.php?rest_route=\/wp\/v2\/users\/1"}],"replies":[{"embeddable":true,"href":"https:\/\/kibrisdakik.com\/index.php?rest_route=%2Fwp%2Fv2%2Fcomments&post=56653"}],"version-history":[{"count":0,"href":"https:\/\/kibrisdakik.com\/index.php?rest_route=\/wp\/v2\/posts\/56653\/revisions"}],"wp:featuredmedia":[{"embeddable":true,"href":"https:\/\/kibrisdakik.com\/index.php?rest_route=\/wp\/v2\/media\/56654"}],"wp:attachment":[{"href":"https:\/\/kibrisdakik.com\/index.php?rest_route=%2Fwp%2Fv2%2Fmedia&parent=56653"}],"wp:term":[{"taxonomy":"category","embeddable":true,"href":"https:\/\/kibrisdakik.com\/index.php?rest_route=%2Fwp%2Fv2%2Fcategories&post=56653"},{"taxonomy":"post_tag","embeddable":true,"href":"https:\/\/kibrisdakik.com\/index.php?rest_route=%2Fwp%2Fv2%2Ftags&post=56653"}],"curies":[{"name":"wp","href":"https:\/\/api.w.org\/{rel}","templated":true}]}}