{"id":56698,"date":"2024-08-24T21:38:08","date_gmt":"2024-08-24T18:38:08","guid":{"rendered":"https:\/\/kibrisdakik.com\/index.php\/2024\/08\/24\/cumhurbaskani-tatardan-galip-mendi-icin-bassagligi-mesaji\/"},"modified":"2024-08-24T21:38:08","modified_gmt":"2024-08-24T18:38:08","slug":"cumhurbaskani-tatardan-galip-mendi-icin-bassagligi-mesaji","status":"publish","type":"post","link":"https:\/\/kibrisdakik.com\/?p=56698","title":{"rendered":"Cumhurba\u015fkan\u0131 Tatar\u2019dan Galip Mendi i\u00e7in ba\u015fsa\u011fl\u0131\u011f\u0131 mesaj\u0131"},"content":{"rendered":"<div>\n<div class=\"mariselle-image-container center\">\n                                            <\/div>\n<p>Cumhurba\u015fkan\u0131 Ersin Tatar, eski GKK komutanlar\u0131ndan Galip Mendi\u2019nin vefat\u0131 dolay\u0131s\u0131yla sosyal medya hesab\u0131 \u00fczerinden bir taziye mesaj\u0131 yay\u0131mlad\u0131.<\/p>\n<p>Cumhurba\u015fkan\u0131 Tatar, mesaj\u0131nda \u015fu ifadeleri kulland\u0131:<\/p>\n<p>\u201cT\u00fcrk Silahl\u0131 Kuvvetleri Jandarma Genel Komutanl\u0131\u011f\u0131 , KKTC G\u00fcvenlik Kuvvetleri Komutanl\u0131\u011f\u0131 eski komutanlar\u0131ndan KKTC Sivil Savunma Te\u015fkilat\u0131 eski ba\u015fkanlar\u0131ndan Orgeneral Galip Mendi\u2019nin vefat\u0131n\u0131 b\u00fcy\u00fck bir \u00fcz\u00fcnt\u00fc ile \u00f6\u011frenmi\u015f bulunuyorum. Hizmetleri asla unutulmayacakt\u0131r. Kendisine Allahtan rahmet, T\u00fcrk Silahl\u0131 Kuvvetleri\u2019ne, ac\u0131l\u0131 ailesine ve sevenlerinin ba\u015f\u0131 sa\u011f olsun. Mekan\u0131 cennet olsun.\u201d<\/p>\n<div class=\"mariselle-image-container center\">\n                <img loading=\"lazy\" decoding=\"async\" width=\"1012\" height=\"1600\" class=\"lazy-image\" alt=\"\" sizes=\"auto, (max-width: 1012px) 100vw, 1012px\" src=\"https:\/\/brtk.net\/wp-content\/uploads\/2024\/08\/24\/IMG-20240824-WA0029.jpg?ver=2c5a4cf8797ddeac4a7dd676c0e6d4d5\" srcset=\"https:\/\/brtk.net\/wp-content\/uploads\/2024\/08\/24\/IMG-20240824-WA0029.jpg?ver=2c5a4cf8797ddeac4a7dd676c0e6d4d5 1012w, https:\/\/brtk.net\/wp-content\/uploads\/2024\/08\/24\/IMG-20240824-WA0029-190x300.jpg?ver=073984baa356af2b4e1831fddae9b4a0 190w, https:\/\/brtk.net\/wp-content\/uploads\/2024\/08\/24\/IMG-20240824-WA0029-648x1024.jpg?ver=073984baa356af2b4e1831fddae9b4a0 648w, https:\/\/brtk.net\/wp-content\/uploads\/2024\/08\/24\/IMG-20240824-WA0029-768x1214.jpg?ver=073984baa356af2b4e1831fddae9b4a0 768w, https:\/\/brtk.net\/wp-content\/uploads\/2024\/08\/24\/IMG-20240824-WA0029-972x1536.jpg?ver=01b5b6a72421143ab31720cf996b84e1 972w\"\/>                            <\/div>\n<\/p><\/div>\n<p><script async\n                    defer\n                    crossorigin=\"anonymous\"\n                    src=\"https:\/\/connect.facebook.net\/tr_TR\/sdk.js#xfbml=1&#038;version=v3.3\"\n            ><\/script><\/p>\n","protected":false},"excerpt":{"rendered":"<p>Cumhurba\u015fkan\u0131 Ersin Tatar, eski GKK komutanlar\u0131ndan Galip Mendi\u2019nin vefat\u0131 dolay\u0131s\u0131yla sosyal medya hesab\u0131 \u00fczerinden bir taziye mesaj\u0131 yay\u0131mlad\u0131. Cumhurba\u015fkan\u0131 Tatar, mesaj\u0131nda \u015fu ifadeleri kulland\u0131: \u201cT\u00fcrk Silahl\u0131 Kuvvetleri Jandarma Genel Komutanl\u0131\u011f\u0131 , KKTC G\u00fcvenlik Kuvvetleri Komutanl\u0131\u011f\u0131 eski komutanlar\u0131ndan KKTC Sivil Savunma Te\u015fkilat\u0131 eski ba\u015fkanlar\u0131ndan Orgeneral Galip Mendi\u2019nin vefat\u0131n\u0131 b\u00fcy\u00fck bir \u00fcz\u00fcnt\u00fc ile \u00f6\u011frenmi\u015f bulunuyorum. Hizmetleri asla<\/p>\n","protected":false},"author":1,"featured_media":2895,"comment_status":"open","ping_status":"open","sticky":false,"template":"","format":"standard","meta":{"footnotes":""},"categories":[81],"tags":[],"class_list":["post-56698","post","type-post","status-publish","format-standard","has-post-thumbnail","hentry","category-kibris"],"yoast_head":"<!-- This site is optimized with the Yoast SEO plugin v27.4 - https:\/\/yoast.com\/product\/yoast-seo-wordpress\/ -->\n<title>Cumhurba\u015fkan\u0131 Tatar\u2019dan Galip Mendi i\u00e7in ba\u015fsa\u011fl\u0131\u011f\u0131 mesaj\u0131 -<\/title>\n<meta name=\"robots\" content=\"index, follow, max-snippet:-1, max-image-preview:large, max-video-preview:-1\" \/>\n<link rel=\"canonical\" href=\"https:\/\/kibrisdakik.com\/?p=56698\" \/>\n<meta property=\"og:locale\" content=\"tr_TR\" \/>\n<meta property=\"og:type\" content=\"article\" \/>\n<meta property=\"og:title\" content=\"Cumhurba\u015fkan\u0131 Tatar\u2019dan Galip Mendi i\u00e7in ba\u015fsa\u011fl\u0131\u011f\u0131 mesaj\u0131 -\" \/>\n<meta property=\"og:description\" content=\"Cumhurba\u015fkan\u0131 Ersin Tatar, eski GKK komutanlar\u0131ndan Galip Mendi\u2019nin vefat\u0131 dolay\u0131s\u0131yla sosyal medya hesab\u0131 \u00fczerinden bir taziye mesaj\u0131 yay\u0131mlad\u0131. Cumhurba\u015fkan\u0131 Tatar, mesaj\u0131nda \u015fu ifadeleri kulland\u0131: \u201cT\u00fcrk Silahl\u0131 Kuvvetleri Jandarma Genel Komutanl\u0131\u011f\u0131 , KKTC G\u00fcvenlik Kuvvetleri Komutanl\u0131\u011f\u0131 eski komutanlar\u0131ndan KKTC Sivil Savunma Te\u015fkilat\u0131 eski ba\u015fkanlar\u0131ndan Orgeneral Galip Mendi\u2019nin vefat\u0131n\u0131 b\u00fcy\u00fck bir \u00fcz\u00fcnt\u00fc ile \u00f6\u011frenmi\u015f bulunuyorum. Hizmetleri asla\" \/>\n<meta property=\"og:url\" content=\"https:\/\/kibrisdakik.com\/?p=56698\" \/>\n<meta property=\"article:published_time\" content=\"2024-08-24T18:38:08+00:00\" \/>\n<meta property=\"og:image\" content=\"https:\/\/kibrisdakik.com\/wp-content\/uploads\/2023\/03\/ersin-tatar-YAZI-YAZARKEN-1536x900-1-696x408-1.jpeg\" \/>\n\t<meta property=\"og:image:width\" content=\"696\" \/>\n\t<meta property=\"og:image:height\" content=\"408\" \/>\n\t<meta property=\"og:image:type\" content=\"image\/jpeg\" \/>\n<meta name=\"author\" content=\"admin\" \/>\n<meta name=\"twitter:card\" content=\"summary_large_image\" \/>\n<meta name=\"twitter:label1\" content=\"Yazan:\" \/>\n\t<meta name=\"twitter:data1\" content=\"admin\" \/>\n<script type=\"application\/ld+json\" class=\"yoast-schema-graph\">{\"@context\":\"https:\\\/\\\/schema.org\",\"@graph\":[{\"@type\":\"Article\",\"@id\":\"https:\\\/\\\/kibrisdakik.com\\\/?p=56698#article\",\"isPartOf\":{\"@id\":\"https:\\\/\\\/kibrisdakik.com\\\/?p=56698\"},\"author\":{\"name\":\"admin\",\"@id\":\"https:\\\/\\\/kibrisdakik.com\\\/#\\\/schema\\\/person\\\/9cd9d437bbb44f72b73ba127e06d8e79\"},\"headline\":\"Cumhurba\u015fkan\u0131 Tatar\u2019dan Galip Mendi i\u00e7in ba\u015fsa\u011fl\u0131\u011f\u0131 mesaj\u0131\",\"datePublished\":\"2024-08-24T18:38:08+00:00\",\"mainEntityOfPage\":{\"@id\":\"https:\\\/\\\/kibrisdakik.com\\\/?p=56698\"},\"wordCount\":106,\"commentCount\":0,\"image\":{\"@id\":\"https:\\\/\\\/kibrisdakik.com\\\/?p=56698#primaryimage\"},\"thumbnailUrl\":\"https:\\\/\\\/kibrisdakik.com\\\/wp-content\\\/uploads\\\/2023\\\/03\\\/ersin-tatar-YAZI-YAZARKEN-1536x900-1-696x408-1.jpeg\",\"articleSection\":[\"K\u0131br\u0131s\"],\"inLanguage\":\"tr\",\"potentialAction\":[{\"@type\":\"CommentAction\",\"name\":\"Comment\",\"target\":[\"https:\\\/\\\/kibrisdakik.com\\\/?p=56698#respond\"]}]},{\"@type\":\"WebPage\",\"@id\":\"https:\\\/\\\/kibrisdakik.com\\\/?p=56698\",\"url\":\"https:\\\/\\\/kibrisdakik.com\\\/?p=56698\",\"name\":\"Cumhurba\u015fkan\u0131 Tatar\u2019dan Galip Mendi i\u00e7in ba\u015fsa\u011fl\u0131\u011f\u0131 mesaj\u0131 -\",\"isPartOf\":{\"@id\":\"https:\\\/\\\/kibrisdakik.com\\\/#website\"},\"primaryImageOfPage\":{\"@id\":\"https:\\\/\\\/kibrisdakik.com\\\/?p=56698#primaryimage\"},\"image\":{\"@id\":\"https:\\\/\\\/kibrisdakik.com\\\/?p=56698#primaryimage\"},\"thumbnailUrl\":\"https:\\\/\\\/kibrisdakik.com\\\/wp-content\\\/uploads\\\/2023\\\/03\\\/ersin-tatar-YAZI-YAZARKEN-1536x900-1-696x408-1.jpeg\",\"datePublished\":\"2024-08-24T18:38:08+00:00\",\"author\":{\"@id\":\"https:\\\/\\\/kibrisdakik.com\\\/#\\\/schema\\\/person\\\/9cd9d437bbb44f72b73ba127e06d8e79\"},\"breadcrumb\":{\"@id\":\"https:\\\/\\\/kibrisdakik.com\\\/?p=56698#breadcrumb\"},\"inLanguage\":\"tr\",\"potentialAction\":[{\"@type\":\"ReadAction\",\"target\":[\"https:\\\/\\\/kibrisdakik.com\\\/?p=56698\"]}]},{\"@type\":\"ImageObject\",\"inLanguage\":\"tr\",\"@id\":\"https:\\\/\\\/kibrisdakik.com\\\/?p=56698#primaryimage\",\"url\":\"https:\\\/\\\/kibrisdakik.com\\\/wp-content\\\/uploads\\\/2023\\\/03\\\/ersin-tatar-YAZI-YAZARKEN-1536x900-1-696x408-1.jpeg\",\"contentUrl\":\"https:\\\/\\\/kibrisdakik.com\\\/wp-content\\\/uploads\\\/2023\\\/03\\\/ersin-tatar-YAZI-YAZARKEN-1536x900-1-696x408-1.jpeg\",\"width\":696,\"height\":408},{\"@type\":\"BreadcrumbList\",\"@id\":\"https:\\\/\\\/kibrisdakik.com\\\/?p=56698#breadcrumb\",\"itemListElement\":[{\"@type\":\"ListItem\",\"position\":1,\"name\":\"Home\",\"item\":\"https:\\\/\\\/kibrisdakik.com\\\/\"},{\"@type\":\"ListItem\",\"position\":2,\"name\":\"Cumhurba\u015fkan\u0131 Tatar\u2019dan Galip Mendi i\u00e7in ba\u015fsa\u011fl\u0131\u011f\u0131 mesaj\u0131\"}]},{\"@type\":\"WebSite\",\"@id\":\"https:\\\/\\\/kibrisdakik.com\\\/#website\",\"url\":\"https:\\\/\\\/kibrisdakik.com\\\/\",\"name\":\"\",\"description\":\"Tam vaktinde haber\",\"potentialAction\":[{\"@type\":\"SearchAction\",\"target\":{\"@type\":\"EntryPoint\",\"urlTemplate\":\"https:\\\/\\\/kibrisdakik.com\\\/?s={search_term_string}\"},\"query-input\":{\"@type\":\"PropertyValueSpecification\",\"valueRequired\":true,\"valueName\":\"search_term_string\"}}],\"inLanguage\":\"tr\"},{\"@type\":\"Person\",\"@id\":\"https:\\\/\\\/kibrisdakik.com\\\/#\\\/schema\\\/person\\\/9cd9d437bbb44f72b73ba127e06d8e79\",\"name\":\"admin\",\"image\":{\"@type\":\"ImageObject\",\"inLanguage\":\"tr\",\"@id\":\"https:\\\/\\\/secure.gravatar.com\\\/avatar\\\/ccc17943b9d660506c869530f897617f7cb1c21a4bf30023f252596d83e1f007?s=96&d=mm&r=g\",\"url\":\"https:\\\/\\\/secure.gravatar.com\\\/avatar\\\/ccc17943b9d660506c869530f897617f7cb1c21a4bf30023f252596d83e1f007?s=96&d=mm&r=g\",\"contentUrl\":\"https:\\\/\\\/secure.gravatar.com\\\/avatar\\\/ccc17943b9d660506c869530f897617f7cb1c21a4bf30023f252596d83e1f007?s=96&d=mm&r=g\",\"caption\":\"admin\"},\"sameAs\":[\"https:\\\/\\\/kibrisdakik.com\"],\"url\":\"https:\\\/\\\/kibrisdakik.com\\\/?author=1\"}]}<\/script>\n<!-- \/ Yoast SEO plugin. -->","yoast_head_json":{"title":"Cumhurba\u015fkan\u0131 Tatar\u2019dan Galip Mendi i\u00e7in ba\u015fsa\u011fl\u0131\u011f\u0131 mesaj\u0131 -","robots":{"index":"index","follow":"follow","max-snippet":"max-snippet:-1","max-image-preview":"max-image-preview:large","max-video-preview":"max-video-preview:-1"},"canonical":"https:\/\/kibrisdakik.com\/?p=56698","og_locale":"tr_TR","og_type":"article","og_title":"Cumhurba\u015fkan\u0131 Tatar\u2019dan Galip Mendi i\u00e7in ba\u015fsa\u011fl\u0131\u011f\u0131 mesaj\u0131 -","og_description":"Cumhurba\u015fkan\u0131 Ersin Tatar, eski GKK komutanlar\u0131ndan Galip Mendi\u2019nin vefat\u0131 dolay\u0131s\u0131yla sosyal medya hesab\u0131 \u00fczerinden bir taziye mesaj\u0131 yay\u0131mlad\u0131. Cumhurba\u015fkan\u0131 Tatar, mesaj\u0131nda \u015fu ifadeleri kulland\u0131: \u201cT\u00fcrk Silahl\u0131 Kuvvetleri Jandarma Genel Komutanl\u0131\u011f\u0131 , KKTC G\u00fcvenlik Kuvvetleri Komutanl\u0131\u011f\u0131 eski komutanlar\u0131ndan KKTC Sivil Savunma Te\u015fkilat\u0131 eski ba\u015fkanlar\u0131ndan Orgeneral Galip Mendi\u2019nin vefat\u0131n\u0131 b\u00fcy\u00fck bir \u00fcz\u00fcnt\u00fc ile \u00f6\u011frenmi\u015f bulunuyorum. Hizmetleri asla","og_url":"https:\/\/kibrisdakik.com\/?p=56698","article_published_time":"2024-08-24T18:38:08+00:00","og_image":[{"width":696,"height":408,"url":"https:\/\/kibrisdakik.com\/wp-content\/uploads\/2023\/03\/ersin-tatar-YAZI-YAZARKEN-1536x900-1-696x408-1.jpeg","type":"image\/jpeg"}],"author":"admin","twitter_card":"summary_large_image","twitter_misc":{"Yazan:":"admin"},"schema":{"@context":"https:\/\/schema.org","@graph":[{"@type":"Article","@id":"https:\/\/kibrisdakik.com\/?p=56698#article","isPartOf":{"@id":"https:\/\/kibrisdakik.com\/?p=56698"},"author":{"name":"admin","@id":"https:\/\/kibrisdakik.com\/#\/schema\/person\/9cd9d437bbb44f72b73ba127e06d8e79"},"headline":"Cumhurba\u015fkan\u0131 Tatar\u2019dan Galip Mendi i\u00e7in ba\u015fsa\u011fl\u0131\u011f\u0131 mesaj\u0131","datePublished":"2024-08-24T18:38:08+00:00","mainEntityOfPage":{"@id":"https:\/\/kibrisdakik.com\/?p=56698"},"wordCount":106,"commentCount":0,"image":{"@id":"https:\/\/kibrisdakik.com\/?p=56698#primaryimage"},"thumbnailUrl":"https:\/\/kibrisdakik.com\/wp-content\/uploads\/2023\/03\/ersin-tatar-YAZI-YAZARKEN-1536x900-1-696x408-1.jpeg","articleSection":["K\u0131br\u0131s"],"inLanguage":"tr","potentialAction":[{"@type":"CommentAction","name":"Comment","target":["https:\/\/kibrisdakik.com\/?p=56698#respond"]}]},{"@type":"WebPage","@id":"https:\/\/kibrisdakik.com\/?p=56698","url":"https:\/\/kibrisdakik.com\/?p=56698","name":"Cumhurba\u015fkan\u0131 Tatar\u2019dan Galip Mendi i\u00e7in ba\u015fsa\u011fl\u0131\u011f\u0131 mesaj\u0131 -","isPartOf":{"@id":"https:\/\/kibrisdakik.com\/#website"},"primaryImageOfPage":{"@id":"https:\/\/kibrisdakik.com\/?p=56698#primaryimage"},"image":{"@id":"https:\/\/kibrisdakik.com\/?p=56698#primaryimage"},"thumbnailUrl":"https:\/\/kibrisdakik.com\/wp-content\/uploads\/2023\/03\/ersin-tatar-YAZI-YAZARKEN-1536x900-1-696x408-1.jpeg","datePublished":"2024-08-24T18:38:08+00:00","author":{"@id":"https:\/\/kibrisdakik.com\/#\/schema\/person\/9cd9d437bbb44f72b73ba127e06d8e79"},"breadcrumb":{"@id":"https:\/\/kibrisdakik.com\/?p=56698#breadcrumb"},"inLanguage":"tr","potentialAction":[{"@type":"ReadAction","target":["https:\/\/kibrisdakik.com\/?p=56698"]}]},{"@type":"ImageObject","inLanguage":"tr","@id":"https:\/\/kibrisdakik.com\/?p=56698#primaryimage","url":"https:\/\/kibrisdakik.com\/wp-content\/uploads\/2023\/03\/ersin-tatar-YAZI-YAZARKEN-1536x900-1-696x408-1.jpeg","contentUrl":"https:\/\/kibrisdakik.com\/wp-content\/uploads\/2023\/03\/ersin-tatar-YAZI-YAZARKEN-1536x900-1-696x408-1.jpeg","width":696,"height":408},{"@type":"BreadcrumbList","@id":"https:\/\/kibrisdakik.com\/?p=56698#breadcrumb","itemListElement":[{"@type":"ListItem","position":1,"name":"Home","item":"https:\/\/kibrisdakik.com\/"},{"@type":"ListItem","position":2,"name":"Cumhurba\u015fkan\u0131 Tatar\u2019dan Galip Mendi i\u00e7in ba\u015fsa\u011fl\u0131\u011f\u0131 mesaj\u0131"}]},{"@type":"WebSite","@id":"https:\/\/kibrisdakik.com\/#website","url":"https:\/\/kibrisdakik.com\/","name":"","description":"Tam vaktinde haber","potentialAction":[{"@type":"SearchAction","target":{"@type":"EntryPoint","urlTemplate":"https:\/\/kibrisdakik.com\/?s={search_term_string}"},"query-input":{"@type":"PropertyValueSpecification","valueRequired":true,"valueName":"search_term_string"}}],"inLanguage":"tr"},{"@type":"Person","@id":"https:\/\/kibrisdakik.com\/#\/schema\/person\/9cd9d437bbb44f72b73ba127e06d8e79","name":"admin","image":{"@type":"ImageObject","inLanguage":"tr","@id":"https:\/\/secure.gravatar.com\/avatar\/ccc17943b9d660506c869530f897617f7cb1c21a4bf30023f252596d83e1f007?s=96&d=mm&r=g","url":"https:\/\/secure.gravatar.com\/avatar\/ccc17943b9d660506c869530f897617f7cb1c21a4bf30023f252596d83e1f007?s=96&d=mm&r=g","contentUrl":"https:\/\/secure.gravatar.com\/avatar\/ccc17943b9d660506c869530f897617f7cb1c21a4bf30023f252596d83e1f007?s=96&d=mm&r=g","caption":"admin"},"sameAs":["https:\/\/kibrisdakik.com"],"url":"https:\/\/kibrisdakik.com\/?author=1"}]}},"_links":{"self":[{"href":"https:\/\/kibrisdakik.com\/index.php?rest_route=\/wp\/v2\/posts\/56698","targetHints":{"allow":["GET"]}}],"collection":[{"href":"https:\/\/kibrisdakik.com\/index.php?rest_route=\/wp\/v2\/posts"}],"about":[{"href":"https:\/\/kibrisdakik.com\/index.php?rest_route=\/wp\/v2\/types\/post"}],"author":[{"embeddable":true,"href":"https:\/\/kibrisdakik.com\/index.php?rest_route=\/wp\/v2\/users\/1"}],"replies":[{"embeddable":true,"href":"https:\/\/kibrisdakik.com\/index.php?rest_route=%2Fwp%2Fv2%2Fcomments&post=56698"}],"version-history":[{"count":0,"href":"https:\/\/kibrisdakik.com\/index.php?rest_route=\/wp\/v2\/posts\/56698\/revisions"}],"wp:featuredmedia":[{"embeddable":true,"href":"https:\/\/kibrisdakik.com\/index.php?rest_route=\/wp\/v2\/media\/2895"}],"wp:attachment":[{"href":"https:\/\/kibrisdakik.com\/index.php?rest_route=%2Fwp%2Fv2%2Fmedia&parent=56698"}],"wp:term":[{"taxonomy":"category","embeddable":true,"href":"https:\/\/kibrisdakik.com\/index.php?rest_route=%2Fwp%2Fv2%2Fcategories&post=56698"},{"taxonomy":"post_tag","embeddable":true,"href":"https:\/\/kibrisdakik.com\/index.php?rest_route=%2Fwp%2Fv2%2Ftags&post=56698"}],"curies":[{"name":"wp","href":"https:\/\/api.w.org\/{rel}","templated":true}]}}