{"id":56714,"date":"2024-08-24T14:20:04","date_gmt":"2024-08-24T11:20:04","guid":{"rendered":"https:\/\/kibrisdakik.com\/index.php\/2024\/08\/24\/ucm-savcisi-netanyahu-ve-gallantin-yakalanmasi-talebinin-karara-baglanmasini-istedi\/"},"modified":"2024-08-24T14:20:04","modified_gmt":"2024-08-24T11:20:04","slug":"ucm-savcisi-netanyahu-ve-gallantin-yakalanmasi-talebinin-karara-baglanmasini-istedi","status":"publish","type":"post","link":"https:\/\/kibrisdakik.com\/?p=56714","title":{"rendered":"UCM Savc\u0131s\u0131, Netanyahu ve Gallant\u2019\u0131n yakalanmas\u0131 talebinin karara ba\u011flanmas\u0131n\u0131 istedi"},"content":{"rendered":"<p><\/p>\n<div>\n<div class=\"mariselle-image-container center\">\n                <img loading=\"lazy\" decoding=\"async\" width=\"1280\" height=\"720\" class=\"lazy-image\" alt=\"\" sizes=\"auto, (max-width: 1280px) 100vw, 1280px\" src=\"https:\/\/brtk.net\/wp-content\/uploads\/2024\/08\/24\/ucm-savci.jpg?ver=503a3e9f05c4df66f36cfd2b6881a5b2\" srcset=\"https:\/\/brtk.net\/wp-content\/uploads\/2024\/08\/24\/ucm-savci.jpg?ver=503a3e9f05c4df66f36cfd2b6881a5b2 1280w, https:\/\/brtk.net\/wp-content\/uploads\/2024\/08\/24\/ucm-savci-300x169.jpg?ver=629419d6025adeb5a9b9398c009a6cc5 300w, https:\/\/brtk.net\/wp-content\/uploads\/2024\/08\/24\/ucm-savci-1024x576.jpg?ver=629419d6025adeb5a9b9398c009a6cc5 1024w, https:\/\/brtk.net\/wp-content\/uploads\/2024\/08\/24\/ucm-savci-768x432.jpg?ver=629419d6025adeb5a9b9398c009a6cc5 768w\"\/>                            <\/div>\n<p>\nUCM Ba\u015fsavc\u0131s\u0131 Kerim Han, Mahkemeden, \u0130srail Ba\u015fbakan\u0131 Binyamin Netanyahu ve Savunma Bakan\u0131 Yoav Gallant hakk\u0131nda \u201cyakalama karar\u0131\u201d \u00e7\u0131kart\u0131lmas\u0131 i\u00e7in yapt\u0131\u011f\u0131 ba\u015fvurusunu bir an \u00f6nce karara ba\u011flamas\u0131n\u0131 istedi.<\/p>\n<p>UCM Ba\u015fsavc\u0131s\u0131 Han, Netanyahu ve Gallant hakk\u0131nda \u201cyakalama karar\u0131\u201d \u00e7\u0131kart\u0131lmas\u0131 talebini de\u011ferlendiren UCM\u2019nin ilgili \u00f6n inceleme dairesine 64 ki\u015fi, \u00fclke ve kurum taraf\u0131ndan yap\u0131lan yaz\u0131l\u0131 beyanlara topluca yan\u0131t verdi.<\/p>\n<p>Han, UCM\u2019nin Filistin topraklar\u0131nda su\u00e7 i\u015fleyen \u0130srailli yetkililer hakk\u0131nda yarg\u0131 yetkisine sahip oldu\u011funu belirterek, Mahkemeden Netanyahu ve Gallant hakk\u0131ndaki yakalama talebini \u201civedilikle\u201d karara ba\u011flamas\u0131n\u0131 talep etti.<\/p>\n<p>\u2013 Han, UCM\u2019nin yarg\u0131 yetkisi oldu\u011funu savunuyor<\/p>\n<p>UCM\u2019den, \u0130srailli yetkililer hakk\u0131nda yarg\u0131lama yetkisi oldu\u011funa h\u00fckmetmesini isteyen Han, \u201cOslo Anla\u015fmalar\u0131, Filistin topraklar\u0131nda i\u015fledikleri su\u00e7lar nedeniyle \u0130srail vatanda\u015flar\u0131 \u00fczerinde Mahkeme\u2019nin yarg\u0131 yetkisini kullanmas\u0131n\u0131 engellemez.\u201d ifadesini kulland\u0131.<\/p>\n<p>\u0130srail\u2019in ve \u0130srail\u2019i destekleyen \u00fclkelerin ileri s\u00fcrd\u00fc\u011f\u00fc gibi Oslo anla\u015fmalar\u0131n\u0131n UCM\u2019nin \u0130srailli yetkilileri yarg\u0131lamas\u0131na engel te\u015fkil etmedi\u011fini savunan Han, \u201cOslo Anla\u015fmas\u0131 \u00fczerinden yap\u0131lan itiraz dayanaktan yoksundur.\u201d de\u011ferlendirmesinde bulundu.<\/p>\n<p>Han, \u0130srail\u2019in 1967\u2019den beri Bat\u0131 \u015eeria ve Gazze\u2019yi i\u015fgal alt\u0131nda tuttu\u011funu ve Do\u011fu Kud\u00fcs\u2019\u00fc ilhak etti\u011fini anlatarak \u201cMa\u011fdurlar\u0131n uluslararas\u0131 d\u00fczeyde tan\u0131nan haklar\u0131na, \u00f6zellikle de ma\u011fdurlar\u0131n ger\u00e7e\u011fi bilme, adalete eri\u015fim ve tazminat talep etme haklar\u0131na sayg\u0131 g\u00f6stermesi gerekti\u011finin\u201d alt\u0131n\u0131 \u00e7izdi.<\/p>\n<p>\u2013 \u0130srail kendi vatanda\u015flar\u0131n\u0131n i\u015fledi\u011fi su\u00e7lar\u0131 soru\u015fturmuyor<\/p>\n<p>\u0130srail\u2019in, \u00f6zellikle Netanyahu ve Gallant\u2019\u0131n kar\u0131\u015ft\u0131\u011f\u0131 su\u00e7lara ili\u015fkin herhangi bir soru\u015fturma ba\u015flatmad\u0131\u011f\u0131na i\u015faret eden Han, bu sebeple Mahkemenin harekete ge\u00e7me yetkisi ve sorumlulu\u011fu oldu\u011funu hat\u0131rlatt\u0131.<\/p>\n<p>Han, \u0130srail yerel mahkemelerinde, UCM\u2019nin \u0130srailli yetkililer hakk\u0131nda soru\u015fturma yapmas\u0131n\u0131 engelleyecek d\u00fczeyde etkili ve samimi bir i\u00e7 soru\u015fturma bulunmad\u0131\u011f\u0131n\u0131 kaydederek Mahkemenin beklemesini gerektiren \u201cg\u00f6r\u00fcn\u00fcrde bir neden\u201d olmad\u0131\u011f\u0131n\u0131 vurgulad\u0131.<\/p>\n<p>Netanyahu ve Gallant hakk\u0131nda a\u00e7\u0131lan soru\u015fturman\u0131n kabul edilebilirlik \u015fartlar\u0131n\u0131 ta\u015f\u0131d\u0131\u011f\u0131n\u0131 ileri s\u00fcren Han, Netanyahu ve Gallant hakk\u0131ndaki yakalama talebinin \u201civedilikle\u201d karara ba\u011flanmas\u0131n\u0131 talep etti.<\/p>\n<p>\u2013 \u0130ngiltere\u2019nin giri\u015fimi ele\u015ftirilmi\u015fti<\/p>\n<p>\u0130ngiltere, 10 Haziran 2024\u2019te \u201cFilistin\u2019in Oslo Anla\u015fmalar\u0131 uyar\u0131nca \u0130srail vatanda\u015flar\u0131 \u00fczerinde cezai yarg\u0131 yetkisi kullanamad\u0131\u011f\u0131 durumlarda, UCM\u2019nin \u0130srail vatanda\u015flar\u0131 \u00fczerinde yarg\u0131 yetkisi kullan\u0131p kullanamayaca\u011f\u0131\u201d konusunda yaz\u0131l\u0131 beyanla g\u00f6zlemlerini sunma talebinde bulunmu\u015ftu.<\/p>\n<p>UCM \u00d6n \u0130nceleme Dairesi, 27 Haziran 2024\u2019teki karar\u0131nda \u0130ngiltere\u2019nin talebini kabul ederek 12 Temmuz 2024\u2019e kadar yaz\u0131l\u0131 g\u00f6r\u00fc\u015flerini sunmas\u0131 talimat\u0131n\u0131 vermi\u015fti. \u0130ngiltere\u2019nin bu giri\u015fiminin ard\u0131ndan UCM, 64 ki\u015fi, kurulu\u015f ve \u00fclkeden gelen beyanda bulunma talebini de kabul etmi\u015fti.<\/p>\n<p>UCM Savc\u0131s\u0131 Han, 64 ki\u015fi, kurulu\u015f ve \u00fclkeden, Netanyahu ve Gallant hakk\u0131ndaki yakalama karar\u0131na ili\u015fkin beyanlara topluca yan\u0131t vermi\u015f oldu.<\/p>\n<p>\u0130ngiltere\u2019nin g\u00f6r\u00fc\u015f sunma giri\u015fiminin, halihaz\u0131rda yava\u015f ilerleyen UCM\u2019deki Filistin soru\u015fturmas\u0131n\u0131 yava\u015flataca\u011f\u0131 y\u00f6n\u00fcnde ele\u015ftiriler gelmi\u015fti.<\/p>\n<\/p><\/div>\n<p><script async\n                    defer\n                    crossorigin=\"anonymous\"\n                    src=\"https:\/\/connect.facebook.net\/tr_TR\/sdk.js#xfbml=1&#038;version=v3.3\"\n            ><\/script><\/p>\n","protected":false},"excerpt":{"rendered":"<p>UCM Ba\u015fsavc\u0131s\u0131 Kerim Han, Mahkemeden, \u0130srail Ba\u015fbakan\u0131 Binyamin Netanyahu ve Savunma Bakan\u0131 Yoav Gallant hakk\u0131nda \u201cyakalama karar\u0131\u201d \u00e7\u0131kart\u0131lmas\u0131 i\u00e7in yapt\u0131\u011f\u0131 ba\u015fvurusunu bir an \u00f6nce karara ba\u011flamas\u0131n\u0131 istedi. UCM Ba\u015fsavc\u0131s\u0131 Han, Netanyahu ve Gallant hakk\u0131nda \u201cyakalama karar\u0131\u201d \u00e7\u0131kart\u0131lmas\u0131 talebini de\u011ferlendiren UCM\u2019nin ilgili \u00f6n inceleme dairesine 64 ki\u015fi, \u00fclke ve kurum taraf\u0131ndan yap\u0131lan yaz\u0131l\u0131 beyanlara topluca yan\u0131t<\/p>\n","protected":false},"author":1,"featured_media":56715,"comment_status":"open","ping_status":"open","sticky":false,"template":"","format":"standard","meta":{"footnotes":""},"categories":[1],"tags":[],"class_list":["post-56714","post","type-post","status-publish","format-standard","has-post-thumbnail","hentry","category-gundem"],"yoast_head":"<!-- This site is optimized with the Yoast SEO plugin v27.5 - https:\/\/yoast.com\/product\/yoast-seo-wordpress\/ -->\n<title>UCM Savc\u0131s\u0131, Netanyahu ve Gallant\u2019\u0131n yakalanmas\u0131 talebinin karara ba\u011flanmas\u0131n\u0131 istedi -<\/title>\n<meta name=\"robots\" content=\"index, follow, max-snippet:-1, max-image-preview:large, max-video-preview:-1\" \/>\n<link rel=\"canonical\" href=\"https:\/\/kibrisdakik.com\/?p=56714\" \/>\n<meta property=\"og:locale\" content=\"tr_TR\" \/>\n<meta property=\"og:type\" content=\"article\" \/>\n<meta property=\"og:title\" content=\"UCM Savc\u0131s\u0131, Netanyahu ve Gallant\u2019\u0131n yakalanmas\u0131 talebinin karara ba\u011flanmas\u0131n\u0131 istedi -\" \/>\n<meta property=\"og:description\" content=\"UCM Ba\u015fsavc\u0131s\u0131 Kerim Han, Mahkemeden, \u0130srail Ba\u015fbakan\u0131 Binyamin Netanyahu ve Savunma Bakan\u0131 Yoav Gallant hakk\u0131nda \u201cyakalama karar\u0131\u201d \u00e7\u0131kart\u0131lmas\u0131 i\u00e7in yapt\u0131\u011f\u0131 ba\u015fvurusunu bir an \u00f6nce karara ba\u011flamas\u0131n\u0131 istedi. UCM Ba\u015fsavc\u0131s\u0131 Han, Netanyahu ve Gallant hakk\u0131nda \u201cyakalama karar\u0131\u201d \u00e7\u0131kart\u0131lmas\u0131 talebini de\u011ferlendiren UCM\u2019nin ilgili \u00f6n inceleme dairesine 64 ki\u015fi, \u00fclke ve kurum taraf\u0131ndan yap\u0131lan yaz\u0131l\u0131 beyanlara topluca yan\u0131t\" \/>\n<meta property=\"og:url\" content=\"https:\/\/kibrisdakik.com\/?p=56714\" \/>\n<meta property=\"article:published_time\" content=\"2024-08-24T11:20:04+00:00\" \/>\n<meta property=\"og:image\" content=\"https:\/\/kibrisdakik.com\/wp-content\/uploads\/2024\/08\/ucm-savci-740x420.jpg\" \/>\n\t<meta property=\"og:image:width\" content=\"1280\" \/>\n\t<meta property=\"og:image:height\" content=\"720\" \/>\n\t<meta property=\"og:image:type\" content=\"image\/jpeg\" \/>\n<meta name=\"author\" content=\"admin\" \/>\n<meta name=\"twitter:card\" content=\"summary_large_image\" \/>\n<meta name=\"twitter:label1\" content=\"Yazan:\" \/>\n\t<meta name=\"twitter:data1\" content=\"admin\" \/>\n\t<meta name=\"twitter:label2\" content=\"Tahmini okuma s\u00fcresi\" \/>\n\t<meta name=\"twitter:data2\" content=\"3 dakika\" \/>\n<script type=\"application\/ld+json\" class=\"yoast-schema-graph\">{\"@context\":\"https:\\\/\\\/schema.org\",\"@graph\":[{\"@type\":\"Article\",\"@id\":\"https:\\\/\\\/kibrisdakik.com\\\/?p=56714#article\",\"isPartOf\":{\"@id\":\"https:\\\/\\\/kibrisdakik.com\\\/?p=56714\"},\"author\":{\"name\":\"admin\",\"@id\":\"https:\\\/\\\/kibrisdakik.com\\\/#\\\/schema\\\/person\\\/9cd9d437bbb44f72b73ba127e06d8e79\"},\"headline\":\"UCM Savc\u0131s\u0131, Netanyahu ve Gallant\u2019\u0131n yakalanmas\u0131 talebinin karara ba\u011flanmas\u0131n\u0131 istedi\",\"datePublished\":\"2024-08-24T11:20:04+00:00\",\"mainEntityOfPage\":{\"@id\":\"https:\\\/\\\/kibrisdakik.com\\\/?p=56714\"},\"wordCount\":543,\"commentCount\":0,\"image\":{\"@id\":\"https:\\\/\\\/kibrisdakik.com\\\/?p=56714#primaryimage\"},\"thumbnailUrl\":\"https:\\\/\\\/kibrisdakik.com\\\/wp-content\\\/uploads\\\/2024\\\/08\\\/ucm-savci-740x420.jpg\",\"articleSection\":[\"G\u00fcndem\"],\"inLanguage\":\"tr\",\"potentialAction\":[{\"@type\":\"CommentAction\",\"name\":\"Comment\",\"target\":[\"https:\\\/\\\/kibrisdakik.com\\\/?p=56714#respond\"]}]},{\"@type\":\"WebPage\",\"@id\":\"https:\\\/\\\/kibrisdakik.com\\\/?p=56714\",\"url\":\"https:\\\/\\\/kibrisdakik.com\\\/?p=56714\",\"name\":\"UCM Savc\u0131s\u0131, Netanyahu ve Gallant\u2019\u0131n yakalanmas\u0131 talebinin karara ba\u011flanmas\u0131n\u0131 istedi -\",\"isPartOf\":{\"@id\":\"https:\\\/\\\/kibrisdakik.com\\\/#website\"},\"primaryImageOfPage\":{\"@id\":\"https:\\\/\\\/kibrisdakik.com\\\/?p=56714#primaryimage\"},\"image\":{\"@id\":\"https:\\\/\\\/kibrisdakik.com\\\/?p=56714#primaryimage\"},\"thumbnailUrl\":\"https:\\\/\\\/kibrisdakik.com\\\/wp-content\\\/uploads\\\/2024\\\/08\\\/ucm-savci-740x420.jpg\",\"datePublished\":\"2024-08-24T11:20:04+00:00\",\"author\":{\"@id\":\"https:\\\/\\\/kibrisdakik.com\\\/#\\\/schema\\\/person\\\/9cd9d437bbb44f72b73ba127e06d8e79\"},\"breadcrumb\":{\"@id\":\"https:\\\/\\\/kibrisdakik.com\\\/?p=56714#breadcrumb\"},\"inLanguage\":\"tr\",\"potentialAction\":[{\"@type\":\"ReadAction\",\"target\":[\"https:\\\/\\\/kibrisdakik.com\\\/?p=56714\"]}]},{\"@type\":\"ImageObject\",\"inLanguage\":\"tr\",\"@id\":\"https:\\\/\\\/kibrisdakik.com\\\/?p=56714#primaryimage\",\"url\":\"https:\\\/\\\/kibrisdakik.com\\\/wp-content\\\/uploads\\\/2024\\\/08\\\/ucm-savci-740x420.jpg\",\"contentUrl\":\"https:\\\/\\\/kibrisdakik.com\\\/wp-content\\\/uploads\\\/2024\\\/08\\\/ucm-savci-740x420.jpg\",\"width\":1280,\"height\":720},{\"@type\":\"BreadcrumbList\",\"@id\":\"https:\\\/\\\/kibrisdakik.com\\\/?p=56714#breadcrumb\",\"itemListElement\":[{\"@type\":\"ListItem\",\"position\":1,\"name\":\"Home\",\"item\":\"https:\\\/\\\/kibrisdakik.com\\\/\"},{\"@type\":\"ListItem\",\"position\":2,\"name\":\"UCM Savc\u0131s\u0131, Netanyahu ve Gallant\u2019\u0131n yakalanmas\u0131 talebinin karara ba\u011flanmas\u0131n\u0131 istedi\"}]},{\"@type\":\"WebSite\",\"@id\":\"https:\\\/\\\/kibrisdakik.com\\\/#website\",\"url\":\"https:\\\/\\\/kibrisdakik.com\\\/\",\"name\":\"\",\"description\":\"Tam vaktinde haber\",\"potentialAction\":[{\"@type\":\"SearchAction\",\"target\":{\"@type\":\"EntryPoint\",\"urlTemplate\":\"https:\\\/\\\/kibrisdakik.com\\\/?s={search_term_string}\"},\"query-input\":{\"@type\":\"PropertyValueSpecification\",\"valueRequired\":true,\"valueName\":\"search_term_string\"}}],\"inLanguage\":\"tr\"},{\"@type\":\"Person\",\"@id\":\"https:\\\/\\\/kibrisdakik.com\\\/#\\\/schema\\\/person\\\/9cd9d437bbb44f72b73ba127e06d8e79\",\"name\":\"admin\",\"image\":{\"@type\":\"ImageObject\",\"inLanguage\":\"tr\",\"@id\":\"https:\\\/\\\/secure.gravatar.com\\\/avatar\\\/ccc17943b9d660506c869530f897617f7cb1c21a4bf30023f252596d83e1f007?s=96&d=mm&r=g\",\"url\":\"https:\\\/\\\/secure.gravatar.com\\\/avatar\\\/ccc17943b9d660506c869530f897617f7cb1c21a4bf30023f252596d83e1f007?s=96&d=mm&r=g\",\"contentUrl\":\"https:\\\/\\\/secure.gravatar.com\\\/avatar\\\/ccc17943b9d660506c869530f897617f7cb1c21a4bf30023f252596d83e1f007?s=96&d=mm&r=g\",\"caption\":\"admin\"},\"sameAs\":[\"https:\\\/\\\/kibrisdakik.com\"],\"url\":\"https:\\\/\\\/kibrisdakik.com\\\/?author=1\"}]}<\/script>\n<!-- \/ Yoast SEO plugin. -->","yoast_head_json":{"title":"UCM Savc\u0131s\u0131, Netanyahu ve Gallant\u2019\u0131n yakalanmas\u0131 talebinin karara ba\u011flanmas\u0131n\u0131 istedi -","robots":{"index":"index","follow":"follow","max-snippet":"max-snippet:-1","max-image-preview":"max-image-preview:large","max-video-preview":"max-video-preview:-1"},"canonical":"https:\/\/kibrisdakik.com\/?p=56714","og_locale":"tr_TR","og_type":"article","og_title":"UCM Savc\u0131s\u0131, Netanyahu ve Gallant\u2019\u0131n yakalanmas\u0131 talebinin karara ba\u011flanmas\u0131n\u0131 istedi -","og_description":"UCM Ba\u015fsavc\u0131s\u0131 Kerim Han, Mahkemeden, \u0130srail Ba\u015fbakan\u0131 Binyamin Netanyahu ve Savunma Bakan\u0131 Yoav Gallant hakk\u0131nda \u201cyakalama karar\u0131\u201d \u00e7\u0131kart\u0131lmas\u0131 i\u00e7in yapt\u0131\u011f\u0131 ba\u015fvurusunu bir an \u00f6nce karara ba\u011flamas\u0131n\u0131 istedi. UCM Ba\u015fsavc\u0131s\u0131 Han, Netanyahu ve Gallant hakk\u0131nda \u201cyakalama karar\u0131\u201d \u00e7\u0131kart\u0131lmas\u0131 talebini de\u011ferlendiren UCM\u2019nin ilgili \u00f6n inceleme dairesine 64 ki\u015fi, \u00fclke ve kurum taraf\u0131ndan yap\u0131lan yaz\u0131l\u0131 beyanlara topluca yan\u0131t","og_url":"https:\/\/kibrisdakik.com\/?p=56714","article_published_time":"2024-08-24T11:20:04+00:00","og_image":[{"width":1280,"height":720,"url":"https:\/\/kibrisdakik.com\/wp-content\/uploads\/2024\/08\/ucm-savci-740x420.jpg","type":"image\/jpeg"}],"author":"admin","twitter_card":"summary_large_image","twitter_misc":{"Yazan:":"admin","Tahmini okuma s\u00fcresi":"3 dakika"},"schema":{"@context":"https:\/\/schema.org","@graph":[{"@type":"Article","@id":"https:\/\/kibrisdakik.com\/?p=56714#article","isPartOf":{"@id":"https:\/\/kibrisdakik.com\/?p=56714"},"author":{"name":"admin","@id":"https:\/\/kibrisdakik.com\/#\/schema\/person\/9cd9d437bbb44f72b73ba127e06d8e79"},"headline":"UCM Savc\u0131s\u0131, Netanyahu ve Gallant\u2019\u0131n yakalanmas\u0131 talebinin karara ba\u011flanmas\u0131n\u0131 istedi","datePublished":"2024-08-24T11:20:04+00:00","mainEntityOfPage":{"@id":"https:\/\/kibrisdakik.com\/?p=56714"},"wordCount":543,"commentCount":0,"image":{"@id":"https:\/\/kibrisdakik.com\/?p=56714#primaryimage"},"thumbnailUrl":"https:\/\/kibrisdakik.com\/wp-content\/uploads\/2024\/08\/ucm-savci-740x420.jpg","articleSection":["G\u00fcndem"],"inLanguage":"tr","potentialAction":[{"@type":"CommentAction","name":"Comment","target":["https:\/\/kibrisdakik.com\/?p=56714#respond"]}]},{"@type":"WebPage","@id":"https:\/\/kibrisdakik.com\/?p=56714","url":"https:\/\/kibrisdakik.com\/?p=56714","name":"UCM Savc\u0131s\u0131, Netanyahu ve Gallant\u2019\u0131n yakalanmas\u0131 talebinin karara ba\u011flanmas\u0131n\u0131 istedi -","isPartOf":{"@id":"https:\/\/kibrisdakik.com\/#website"},"primaryImageOfPage":{"@id":"https:\/\/kibrisdakik.com\/?p=56714#primaryimage"},"image":{"@id":"https:\/\/kibrisdakik.com\/?p=56714#primaryimage"},"thumbnailUrl":"https:\/\/kibrisdakik.com\/wp-content\/uploads\/2024\/08\/ucm-savci-740x420.jpg","datePublished":"2024-08-24T11:20:04+00:00","author":{"@id":"https:\/\/kibrisdakik.com\/#\/schema\/person\/9cd9d437bbb44f72b73ba127e06d8e79"},"breadcrumb":{"@id":"https:\/\/kibrisdakik.com\/?p=56714#breadcrumb"},"inLanguage":"tr","potentialAction":[{"@type":"ReadAction","target":["https:\/\/kibrisdakik.com\/?p=56714"]}]},{"@type":"ImageObject","inLanguage":"tr","@id":"https:\/\/kibrisdakik.com\/?p=56714#primaryimage","url":"https:\/\/kibrisdakik.com\/wp-content\/uploads\/2024\/08\/ucm-savci-740x420.jpg","contentUrl":"https:\/\/kibrisdakik.com\/wp-content\/uploads\/2024\/08\/ucm-savci-740x420.jpg","width":1280,"height":720},{"@type":"BreadcrumbList","@id":"https:\/\/kibrisdakik.com\/?p=56714#breadcrumb","itemListElement":[{"@type":"ListItem","position":1,"name":"Home","item":"https:\/\/kibrisdakik.com\/"},{"@type":"ListItem","position":2,"name":"UCM Savc\u0131s\u0131, Netanyahu ve Gallant\u2019\u0131n yakalanmas\u0131 talebinin karara ba\u011flanmas\u0131n\u0131 istedi"}]},{"@type":"WebSite","@id":"https:\/\/kibrisdakik.com\/#website","url":"https:\/\/kibrisdakik.com\/","name":"","description":"Tam vaktinde haber","potentialAction":[{"@type":"SearchAction","target":{"@type":"EntryPoint","urlTemplate":"https:\/\/kibrisdakik.com\/?s={search_term_string}"},"query-input":{"@type":"PropertyValueSpecification","valueRequired":true,"valueName":"search_term_string"}}],"inLanguage":"tr"},{"@type":"Person","@id":"https:\/\/kibrisdakik.com\/#\/schema\/person\/9cd9d437bbb44f72b73ba127e06d8e79","name":"admin","image":{"@type":"ImageObject","inLanguage":"tr","@id":"https:\/\/secure.gravatar.com\/avatar\/ccc17943b9d660506c869530f897617f7cb1c21a4bf30023f252596d83e1f007?s=96&d=mm&r=g","url":"https:\/\/secure.gravatar.com\/avatar\/ccc17943b9d660506c869530f897617f7cb1c21a4bf30023f252596d83e1f007?s=96&d=mm&r=g","contentUrl":"https:\/\/secure.gravatar.com\/avatar\/ccc17943b9d660506c869530f897617f7cb1c21a4bf30023f252596d83e1f007?s=96&d=mm&r=g","caption":"admin"},"sameAs":["https:\/\/kibrisdakik.com"],"url":"https:\/\/kibrisdakik.com\/?author=1"}]}},"_links":{"self":[{"href":"https:\/\/kibrisdakik.com\/index.php?rest_route=\/wp\/v2\/posts\/56714","targetHints":{"allow":["GET"]}}],"collection":[{"href":"https:\/\/kibrisdakik.com\/index.php?rest_route=\/wp\/v2\/posts"}],"about":[{"href":"https:\/\/kibrisdakik.com\/index.php?rest_route=\/wp\/v2\/types\/post"}],"author":[{"embeddable":true,"href":"https:\/\/kibrisdakik.com\/index.php?rest_route=\/wp\/v2\/users\/1"}],"replies":[{"embeddable":true,"href":"https:\/\/kibrisdakik.com\/index.php?rest_route=%2Fwp%2Fv2%2Fcomments&post=56714"}],"version-history":[{"count":0,"href":"https:\/\/kibrisdakik.com\/index.php?rest_route=\/wp\/v2\/posts\/56714\/revisions"}],"wp:featuredmedia":[{"embeddable":true,"href":"https:\/\/kibrisdakik.com\/index.php?rest_route=\/wp\/v2\/media\/56715"}],"wp:attachment":[{"href":"https:\/\/kibrisdakik.com\/index.php?rest_route=%2Fwp%2Fv2%2Fmedia&parent=56714"}],"wp:term":[{"taxonomy":"category","embeddable":true,"href":"https:\/\/kibrisdakik.com\/index.php?rest_route=%2Fwp%2Fv2%2Fcategories&post=56714"},{"taxonomy":"post_tag","embeddable":true,"href":"https:\/\/kibrisdakik.com\/index.php?rest_route=%2Fwp%2Fv2%2Ftags&post=56714"}],"curies":[{"name":"wp","href":"https:\/\/api.w.org\/{rel}","templated":true}]}}