{"id":56734,"date":"2024-08-25T11:47:49","date_gmt":"2024-08-25T08:47:49","guid":{"rendered":"https:\/\/kibrisdakik.com\/?p=56734"},"modified":"2024-08-25T11:47:49","modified_gmt":"2024-08-25T08:47:49","slug":"erdal-besikcioglundan-skandal-karar-cocugu-isiran-kopegi-yakalandigi-yere-birakacak","status":"publish","type":"post","link":"https:\/\/kibrisdakik.com\/?p=56734","title":{"rendered":"Erdal Be\u015fik\u00e7io\u011flu&#8217;ndan skandal karar! \u00c7ocu\u011fu \u0131s\u0131ran k\u00f6pe\u011fi, yakaland\u0131\u011f\u0131 yere b\u0131rakacak"},"content":{"rendered":"<p><img decoding=\"async\" src=\"https:\/\/foto.haberler.com\/haber\/2024\/08\/25\/erdal-besikcioglu-ndan-skandal-karar-cocugu-17752383_7619_amp.jpg\" \/><\/p>\n<div id=\"\">\n<p> <a class=\"keyword\" href=\"https:\/\/www.haberler.com\/etimesgut\/\" title=\"Etimesgut Haberleri, Etimesgut Haberi, Etimesgut Haber\"><strong>Etimesgut<\/strong><\/a> Belediye Ba\u015fkan\u0131 Erdal Be\u015fik\u00e7io\u011flu, il\u00e7ede bir \u00e7ocu\u011fu \u0131s\u0131ran sokak k\u00f6pe\u011finin 10 g\u00fcnl\u00fck g\u00f6zetimden sonra al\u0131nd\u0131\u011f\u0131 yere b\u0131rak\u0131laca\u011f\u0131n\u0131 s\u00f6yledi. Be\u015fik\u00e7io\u011flu, sosyal medya hesab\u0131ndan yapt\u0131\u011f\u0131 a\u00e7\u0131klamada, Ankara&#8217;n\u0131n Etimesgut il\u00e7esi Yaprac\u0131k Mahallesi&#8217;nde ya\u015fanan k\u00f6pek \u0131s\u0131rma vakas\u0131n\u0131 b\u00fcy\u00fck bir hassasiyetle takip etti\u011fini ifade etti. <\/p>\n<h3>&#8220;ALINDI\u011eI YERE GER\u0130 BIRAKILACAKTIR&#8221;<\/h3>\n<p>Sokak k\u00f6pe\u011finin Y.K. isimli bir \u00e7ocu\u011fu \u0131s\u0131rmas\u0131n\u0131n ard\u0131ndan gerekli ad\u0131mlar\u0131 att\u0131klar\u0131n\u0131 s\u00f6yleyen Be\u015fik\u00e7io\u011flu, &#8220;Bahsi ge\u00e7en k\u00f6pe\u011fin ye\u015fil k\u00fcpesi, Sincan Belediyesi&#8217;ne kay\u0131tl\u0131 bir sokak hayvan\u0131 oldu\u011funu g\u00f6stermektedir. Gerekli sa\u011fl\u0131k kontrolleri i\u00e7in Ankara B\u00fcy\u00fck\u015fehir Belediyesi&#8217;ne ait Ge\u00e7ici Hayvan Bak\u0131m Evi&#8217;ne g\u00f6t\u00fcr\u00fclen can dostlar\u0131m\u0131zdan bir tanesi sahiplendirilmi\u015f olup di\u011feri ise 10 g\u00fcnl\u00fck g\u00f6zetimden sonra al\u0131nd\u0131\u011f\u0131 yere b\u0131rak\u0131lacakt\u0131r&#8221; dedi.<\/p>\n<h3>&#8220;SOKAK HAYVANLARININ CAN G\u00dcVENL\u0130\u011e\u0130N\u0130&#8230;&#8221;<\/h3>\n<p>\u0130l\u00e7enin s\u0131n\u0131rlar\u0131na di\u011fer il\u00e7elerden b\u0131rak\u0131lan k\u00f6pek say\u0131s\u0131nda art\u0131\u015f g\u00f6zlemlediklerini kaydeden Be\u015fik\u00e7io\u011flu, \u015fu ifadeleri kulland\u0131: &#8220;Bu durum, can dostlar\u0131m\u0131z\u0131 korumak i\u00e7in g\u00f6sterdi\u011fimiz titiz \u00e7al\u0131\u015fmalara g\u00f6lge d\u00fc\u015f\u00fcrebilir. Bu nedenle, il\u00e7emizde hem sokak hayvanlar\u0131m\u0131z\u0131n hem de vatanda\u015flar\u0131m\u0131z\u0131n g\u00fcvenli\u011fi i\u00e7in gerekli \u00f6nlemleri almaya devam edece\u011fiz. Her bir \u00e7ocu\u011fun ve vatanda\u015f\u0131n sa\u011fl\u0131\u011f\u0131n\u0131 ve ya\u015fam hakk\u0131n\u0131 nas\u0131l \u00f6nemsiyorsak, her sokak hayvan\u0131n\u0131n da can g\u00fcvenli\u011fini en az o kadar \u00f6nemsiyoruz. <\/p>\n<h3>&#8220;HAYVANSEVERLER\u0130M\u0130ZDEN ANLAYI\u015e BEKL\u0130YORUZ&#8221;<\/h3>\n<p>K\u00fcpeli ya da k\u00fcpesiz, sokak hayvanlar\u0131ndan gelen her \u015fikayet ciddiyetle ele al\u0131nmakta ve gereken i\u015flemler yap\u0131lmaktad\u0131r. Bu s\u00fcre\u00e7te, \u0131s\u0131r\u0131lan \u00e7ocu\u011fumuzun sa\u011fl\u0131k durumu titizlikle incelenmi\u015f ve a\u015f\u0131 kart\u0131 ile sa\u011fl\u0131k raporu kamuoyuyla payla\u015f\u0131lm\u0131\u015ft\u0131r. Hem k\u00f6pe\u011fin zarar g\u00f6rmemesi hem de \u0131s\u0131r\u0131lan \u00e7ocu\u011fun do\u011fru bir \u015fekilde tedavi edilmesi ad\u0131na bu s\u00fcreci dikkatle y\u00fcr\u00fctmekteyiz. Bu konuda hayvanseverlerimizden de anlay\u0131\u015f ve i\u015fbirli\u011fi bekliyoruz. Sokak hayvanlar\u0131m\u0131z\u0131 korurken, vatanda\u015flar\u0131m\u0131z\u0131n can g\u00fcvenli\u011fini sa\u011flamak en b\u00fcy\u00fck sorumlulu\u011fumuzdur.&#8221; <\/p>\n<h3>&#8220;BU ADAMI NASIL BA\u015eKAN SE\u00c7T\u0130LER?&#8221;<\/h3>\n<p>Bu karar sosyal medyada b\u00fcy\u00fck tepki \u00e7ekti. Be\u015fik\u00e7io\u011flu&#8217;nun g\u00f6nderisinin alt\u0131na &#8220;K\u00f6pe\u011fi al\u0131nd\u0131\u011f\u0131 yere b\u0131rakaca\u011f\u0131z derken yasalardan haberiniz yok galiba?&#8221;, &#8220;Hi\u00e7bir vaadiniz olmadan se\u00e7ildiniz zaten. Kim ne diyebilir ki?&#8221;, &#8220;Hangi kanuna g\u00f6re ald\u0131\u011f\u0131n yere b\u0131rakacaks\u0131n k\u00f6pe\u011fi, okumuyor musun kanunlar\u0131?&#8221;, &#8220;Bu adam\u0131 nas\u0131l ba\u015fkan se\u00e7tiler Etimesgut&#8217;ta?&#8221;, &#8220;Siz ger\u00e7ekten delirmi\u015fsiniz. 10 g\u00fcnde ne yasayacak da bu hayvan k\u00f6pekli\u011fini b\u0131rakacak? Bu sefer \u0131s\u0131rmakla kalmas\u0131n par\u00e7alas\u0131n diye mi yerine b\u0131rakacaks\u0131n\u0131z?&#8221; \u015feklinde yorumlar yap\u0131ld\u0131. <\/p>\n<div class=\"editorSade\">Kaynak: \u0130hlas Haber Ajans\u0131 \/  <a href=\"https:\/\/www.haberler.com\/yerel\/\" title=\"Yerel Haberleri\">Yerel<\/a> <\/div>\n<h4 id=\"nwsKeywords\"> <a href=\"https:\/\/www.haberler.com\/erdal-besikcioglu\/\" title=\"Erdal Be\u015fik\u00e7io\u011flu\" class=\"hbptTag\">Erdal Be\u015fik\u00e7io\u011flu<\/a>  <a href=\"https:\/\/www.haberler.com\/etimesgut\/\" title=\"Etimesgut\" class=\"hbptTag\">Etimesgut<\/a>  <a href=\"https:\/\/www.haberler.com\/ankara\/\" title=\"ankara\" class=\"hbptTag\">ankara<\/a>  <a href=\"https:\/\/www.haberler.com\/yerel\/\" title=\"Yerel\" class=\"hbptTag\">Yerel<\/a>  <a href=\"https:\/\/www.haberler.com\/politika\/\" title=\"Politika\" class=\"hbptTag\">Politika<\/a>  <a href=\"https:\/\/www.haberler.com\/guncel\/\" title=\"G\u00fcncel\" class=\"hbptTag\">G\u00fcncel<\/a>  <a href=\"https:\/\/www.haberler.com\/\" title=\"Haberler\" class=\"hbptTag\">Haberler<\/a> <\/h4>\n<\/div>\n","protected":false},"excerpt":{"rendered":"<p>Etimesgut Belediye Ba\u015fkan\u0131 Erdal Be\u015fik\u00e7io\u011flu, il\u00e7ede bir \u00e7ocu\u011fu \u0131s\u0131ran sokak k\u00f6pe\u011finin 10 g\u00fcnl\u00fck g\u00f6zetimden sonra al\u0131nd\u0131\u011f\u0131 yere b\u0131rak\u0131laca\u011f\u0131n\u0131 s\u00f6yledi. Be\u015fik\u00e7io\u011flu, sosyal medya hesab\u0131ndan yapt\u0131\u011f\u0131 a\u00e7\u0131klamada, Ankara&#8217;n\u0131n Etimesgut il\u00e7esi Yaprac\u0131k Mahallesi&#8217;nde ya\u015fanan k\u00f6pek \u0131s\u0131rma vakas\u0131n\u0131 b\u00fcy\u00fck bir hassasiyetle takip etti\u011fini ifade etti. &#8220;ALINDI\u011eI YERE GER\u0130 BIRAKILACAKTIR&#8221; Sokak k\u00f6pe\u011finin Y.K. isimli bir \u00e7ocu\u011fu \u0131s\u0131rmas\u0131n\u0131n ard\u0131ndan gerekli ad\u0131mlar\u0131<\/p>\n","protected":false},"author":1,"featured_media":56735,"comment_status":"open","ping_status":"open","sticky":false,"template":"","format":"standard","meta":{"footnotes":""},"categories":[83],"tags":[],"class_list":["post-56734","post","type-post","status-publish","format-standard","has-post-thumbnail","hentry","category-magazin"],"yoast_head":"<!-- This site is optimized with the Yoast SEO plugin v27.5 - https:\/\/yoast.com\/product\/yoast-seo-wordpress\/ -->\n<title>Erdal Be\u015fik\u00e7io\u011flu&#039;ndan skandal karar! \u00c7ocu\u011fu \u0131s\u0131ran k\u00f6pe\u011fi, yakaland\u0131\u011f\u0131 yere b\u0131rakacak -<\/title>\n<meta name=\"robots\" content=\"index, follow, max-snippet:-1, max-image-preview:large, max-video-preview:-1\" \/>\n<link rel=\"canonical\" href=\"https:\/\/kibrisdakik.com\/?p=56734\" \/>\n<meta property=\"og:locale\" content=\"tr_TR\" \/>\n<meta property=\"og:type\" content=\"article\" \/>\n<meta property=\"og:title\" content=\"Erdal Be\u015fik\u00e7io\u011flu&#039;ndan skandal karar! \u00c7ocu\u011fu \u0131s\u0131ran k\u00f6pe\u011fi, yakaland\u0131\u011f\u0131 yere b\u0131rakacak -\" \/>\n<meta property=\"og:description\" content=\"Etimesgut Belediye Ba\u015fkan\u0131 Erdal Be\u015fik\u00e7io\u011flu, il\u00e7ede bir \u00e7ocu\u011fu \u0131s\u0131ran sokak k\u00f6pe\u011finin 10 g\u00fcnl\u00fck g\u00f6zetimden sonra al\u0131nd\u0131\u011f\u0131 yere b\u0131rak\u0131laca\u011f\u0131n\u0131 s\u00f6yledi. Be\u015fik\u00e7io\u011flu, sosyal medya hesab\u0131ndan yapt\u0131\u011f\u0131 a\u00e7\u0131klamada, Ankara&#8217;n\u0131n Etimesgut il\u00e7esi Yaprac\u0131k Mahallesi&#8217;nde ya\u015fanan k\u00f6pek \u0131s\u0131rma vakas\u0131n\u0131 b\u00fcy\u00fck bir hassasiyetle takip etti\u011fini ifade etti. &#8220;ALINDI\u011eI YERE GER\u0130 BIRAKILACAKTIR&#8221; Sokak k\u00f6pe\u011finin Y.K. isimli bir \u00e7ocu\u011fu \u0131s\u0131rmas\u0131n\u0131n ard\u0131ndan gerekli ad\u0131mlar\u0131\" \/>\n<meta property=\"og:url\" content=\"https:\/\/kibrisdakik.com\/?p=56734\" \/>\n<meta property=\"article:published_time\" content=\"2024-08-25T08:47:49+00:00\" \/>\n<meta property=\"og:image\" content=\"https:\/\/kibrisdakik.com\/wp-content\/uploads\/2024\/08\/erdal-besikcioglu-ndan-skandal-karar-cocugu-17752383_7619_amp.jpg\" \/>\n\t<meta property=\"og:image:width\" content=\"1202\" \/>\n\t<meta property=\"og:image:height\" content=\"675\" \/>\n\t<meta property=\"og:image:type\" content=\"image\/jpeg\" \/>\n<meta name=\"author\" content=\"admin\" \/>\n<meta name=\"twitter:card\" content=\"summary_large_image\" \/>\n<meta name=\"twitter:label1\" content=\"Yazan:\" \/>\n\t<meta name=\"twitter:data1\" content=\"admin\" \/>\n\t<meta name=\"twitter:label2\" content=\"Tahmini okuma s\u00fcresi\" \/>\n\t<meta name=\"twitter:data2\" content=\"3 dakika\" \/>\n<script type=\"application\/ld+json\" class=\"yoast-schema-graph\">{\"@context\":\"https:\\\/\\\/schema.org\",\"@graph\":[{\"@type\":\"Article\",\"@id\":\"https:\\\/\\\/kibrisdakik.com\\\/?p=56734#article\",\"isPartOf\":{\"@id\":\"https:\\\/\\\/kibrisdakik.com\\\/?p=56734\"},\"author\":{\"name\":\"admin\",\"@id\":\"https:\\\/\\\/kibrisdakik.com\\\/#\\\/schema\\\/person\\\/9cd9d437bbb44f72b73ba127e06d8e79\"},\"headline\":\"Erdal Be\u015fik\u00e7io\u011flu&#8217;ndan skandal karar! \u00c7ocu\u011fu \u0131s\u0131ran k\u00f6pe\u011fi, yakaland\u0131\u011f\u0131 yere b\u0131rakacak\",\"datePublished\":\"2024-08-25T08:47:49+00:00\",\"mainEntityOfPage\":{\"@id\":\"https:\\\/\\\/kibrisdakik.com\\\/?p=56734\"},\"wordCount\":555,\"commentCount\":0,\"image\":{\"@id\":\"https:\\\/\\\/kibrisdakik.com\\\/?p=56734#primaryimage\"},\"thumbnailUrl\":\"https:\\\/\\\/kibrisdakik.com\\\/wp-content\\\/uploads\\\/2024\\\/08\\\/erdal-besikcioglu-ndan-skandal-karar-cocugu-17752383_7619_amp.jpg\",\"articleSection\":[\"Magazin\"],\"inLanguage\":\"tr\",\"potentialAction\":[{\"@type\":\"CommentAction\",\"name\":\"Comment\",\"target\":[\"https:\\\/\\\/kibrisdakik.com\\\/?p=56734#respond\"]}]},{\"@type\":\"WebPage\",\"@id\":\"https:\\\/\\\/kibrisdakik.com\\\/?p=56734\",\"url\":\"https:\\\/\\\/kibrisdakik.com\\\/?p=56734\",\"name\":\"Erdal Be\u015fik\u00e7io\u011flu'ndan skandal karar! \u00c7ocu\u011fu \u0131s\u0131ran k\u00f6pe\u011fi, yakaland\u0131\u011f\u0131 yere b\u0131rakacak -\",\"isPartOf\":{\"@id\":\"https:\\\/\\\/kibrisdakik.com\\\/#website\"},\"primaryImageOfPage\":{\"@id\":\"https:\\\/\\\/kibrisdakik.com\\\/?p=56734#primaryimage\"},\"image\":{\"@id\":\"https:\\\/\\\/kibrisdakik.com\\\/?p=56734#primaryimage\"},\"thumbnailUrl\":\"https:\\\/\\\/kibrisdakik.com\\\/wp-content\\\/uploads\\\/2024\\\/08\\\/erdal-besikcioglu-ndan-skandal-karar-cocugu-17752383_7619_amp.jpg\",\"datePublished\":\"2024-08-25T08:47:49+00:00\",\"author\":{\"@id\":\"https:\\\/\\\/kibrisdakik.com\\\/#\\\/schema\\\/person\\\/9cd9d437bbb44f72b73ba127e06d8e79\"},\"breadcrumb\":{\"@id\":\"https:\\\/\\\/kibrisdakik.com\\\/?p=56734#breadcrumb\"},\"inLanguage\":\"tr\",\"potentialAction\":[{\"@type\":\"ReadAction\",\"target\":[\"https:\\\/\\\/kibrisdakik.com\\\/?p=56734\"]}]},{\"@type\":\"ImageObject\",\"inLanguage\":\"tr\",\"@id\":\"https:\\\/\\\/kibrisdakik.com\\\/?p=56734#primaryimage\",\"url\":\"https:\\\/\\\/kibrisdakik.com\\\/wp-content\\\/uploads\\\/2024\\\/08\\\/erdal-besikcioglu-ndan-skandal-karar-cocugu-17752383_7619_amp.jpg\",\"contentUrl\":\"https:\\\/\\\/kibrisdakik.com\\\/wp-content\\\/uploads\\\/2024\\\/08\\\/erdal-besikcioglu-ndan-skandal-karar-cocugu-17752383_7619_amp.jpg\",\"width\":1202,\"height\":675},{\"@type\":\"BreadcrumbList\",\"@id\":\"https:\\\/\\\/kibrisdakik.com\\\/?p=56734#breadcrumb\",\"itemListElement\":[{\"@type\":\"ListItem\",\"position\":1,\"name\":\"Home\",\"item\":\"https:\\\/\\\/kibrisdakik.com\\\/\"},{\"@type\":\"ListItem\",\"position\":2,\"name\":\"Erdal Be\u015fik\u00e7io\u011flu&#8217;ndan skandal karar! \u00c7ocu\u011fu \u0131s\u0131ran k\u00f6pe\u011fi, yakaland\u0131\u011f\u0131 yere b\u0131rakacak\"}]},{\"@type\":\"WebSite\",\"@id\":\"https:\\\/\\\/kibrisdakik.com\\\/#website\",\"url\":\"https:\\\/\\\/kibrisdakik.com\\\/\",\"name\":\"\",\"description\":\"Tam vaktinde haber\",\"potentialAction\":[{\"@type\":\"SearchAction\",\"target\":{\"@type\":\"EntryPoint\",\"urlTemplate\":\"https:\\\/\\\/kibrisdakik.com\\\/?s={search_term_string}\"},\"query-input\":{\"@type\":\"PropertyValueSpecification\",\"valueRequired\":true,\"valueName\":\"search_term_string\"}}],\"inLanguage\":\"tr\"},{\"@type\":\"Person\",\"@id\":\"https:\\\/\\\/kibrisdakik.com\\\/#\\\/schema\\\/person\\\/9cd9d437bbb44f72b73ba127e06d8e79\",\"name\":\"admin\",\"image\":{\"@type\":\"ImageObject\",\"inLanguage\":\"tr\",\"@id\":\"https:\\\/\\\/secure.gravatar.com\\\/avatar\\\/ccc17943b9d660506c869530f897617f7cb1c21a4bf30023f252596d83e1f007?s=96&d=mm&r=g\",\"url\":\"https:\\\/\\\/secure.gravatar.com\\\/avatar\\\/ccc17943b9d660506c869530f897617f7cb1c21a4bf30023f252596d83e1f007?s=96&d=mm&r=g\",\"contentUrl\":\"https:\\\/\\\/secure.gravatar.com\\\/avatar\\\/ccc17943b9d660506c869530f897617f7cb1c21a4bf30023f252596d83e1f007?s=96&d=mm&r=g\",\"caption\":\"admin\"},\"sameAs\":[\"https:\\\/\\\/kibrisdakik.com\"],\"url\":\"https:\\\/\\\/kibrisdakik.com\\\/?author=1\"}]}<\/script>\n<!-- \/ Yoast SEO plugin. -->","yoast_head_json":{"title":"Erdal Be\u015fik\u00e7io\u011flu'ndan skandal karar! \u00c7ocu\u011fu \u0131s\u0131ran k\u00f6pe\u011fi, yakaland\u0131\u011f\u0131 yere b\u0131rakacak -","robots":{"index":"index","follow":"follow","max-snippet":"max-snippet:-1","max-image-preview":"max-image-preview:large","max-video-preview":"max-video-preview:-1"},"canonical":"https:\/\/kibrisdakik.com\/?p=56734","og_locale":"tr_TR","og_type":"article","og_title":"Erdal Be\u015fik\u00e7io\u011flu'ndan skandal karar! \u00c7ocu\u011fu \u0131s\u0131ran k\u00f6pe\u011fi, yakaland\u0131\u011f\u0131 yere b\u0131rakacak -","og_description":"Etimesgut Belediye Ba\u015fkan\u0131 Erdal Be\u015fik\u00e7io\u011flu, il\u00e7ede bir \u00e7ocu\u011fu \u0131s\u0131ran sokak k\u00f6pe\u011finin 10 g\u00fcnl\u00fck g\u00f6zetimden sonra al\u0131nd\u0131\u011f\u0131 yere b\u0131rak\u0131laca\u011f\u0131n\u0131 s\u00f6yledi. Be\u015fik\u00e7io\u011flu, sosyal medya hesab\u0131ndan yapt\u0131\u011f\u0131 a\u00e7\u0131klamada, Ankara&#8217;n\u0131n Etimesgut il\u00e7esi Yaprac\u0131k Mahallesi&#8217;nde ya\u015fanan k\u00f6pek \u0131s\u0131rma vakas\u0131n\u0131 b\u00fcy\u00fck bir hassasiyetle takip etti\u011fini ifade etti. &#8220;ALINDI\u011eI YERE GER\u0130 BIRAKILACAKTIR&#8221; Sokak k\u00f6pe\u011finin Y.K. isimli bir \u00e7ocu\u011fu \u0131s\u0131rmas\u0131n\u0131n ard\u0131ndan gerekli ad\u0131mlar\u0131","og_url":"https:\/\/kibrisdakik.com\/?p=56734","article_published_time":"2024-08-25T08:47:49+00:00","og_image":[{"width":1202,"height":675,"url":"https:\/\/kibrisdakik.com\/wp-content\/uploads\/2024\/08\/erdal-besikcioglu-ndan-skandal-karar-cocugu-17752383_7619_amp.jpg","type":"image\/jpeg"}],"author":"admin","twitter_card":"summary_large_image","twitter_misc":{"Yazan:":"admin","Tahmini okuma s\u00fcresi":"3 dakika"},"schema":{"@context":"https:\/\/schema.org","@graph":[{"@type":"Article","@id":"https:\/\/kibrisdakik.com\/?p=56734#article","isPartOf":{"@id":"https:\/\/kibrisdakik.com\/?p=56734"},"author":{"name":"admin","@id":"https:\/\/kibrisdakik.com\/#\/schema\/person\/9cd9d437bbb44f72b73ba127e06d8e79"},"headline":"Erdal Be\u015fik\u00e7io\u011flu&#8217;ndan skandal karar! \u00c7ocu\u011fu \u0131s\u0131ran k\u00f6pe\u011fi, yakaland\u0131\u011f\u0131 yere b\u0131rakacak","datePublished":"2024-08-25T08:47:49+00:00","mainEntityOfPage":{"@id":"https:\/\/kibrisdakik.com\/?p=56734"},"wordCount":555,"commentCount":0,"image":{"@id":"https:\/\/kibrisdakik.com\/?p=56734#primaryimage"},"thumbnailUrl":"https:\/\/kibrisdakik.com\/wp-content\/uploads\/2024\/08\/erdal-besikcioglu-ndan-skandal-karar-cocugu-17752383_7619_amp.jpg","articleSection":["Magazin"],"inLanguage":"tr","potentialAction":[{"@type":"CommentAction","name":"Comment","target":["https:\/\/kibrisdakik.com\/?p=56734#respond"]}]},{"@type":"WebPage","@id":"https:\/\/kibrisdakik.com\/?p=56734","url":"https:\/\/kibrisdakik.com\/?p=56734","name":"Erdal Be\u015fik\u00e7io\u011flu'ndan skandal karar! \u00c7ocu\u011fu \u0131s\u0131ran k\u00f6pe\u011fi, yakaland\u0131\u011f\u0131 yere b\u0131rakacak -","isPartOf":{"@id":"https:\/\/kibrisdakik.com\/#website"},"primaryImageOfPage":{"@id":"https:\/\/kibrisdakik.com\/?p=56734#primaryimage"},"image":{"@id":"https:\/\/kibrisdakik.com\/?p=56734#primaryimage"},"thumbnailUrl":"https:\/\/kibrisdakik.com\/wp-content\/uploads\/2024\/08\/erdal-besikcioglu-ndan-skandal-karar-cocugu-17752383_7619_amp.jpg","datePublished":"2024-08-25T08:47:49+00:00","author":{"@id":"https:\/\/kibrisdakik.com\/#\/schema\/person\/9cd9d437bbb44f72b73ba127e06d8e79"},"breadcrumb":{"@id":"https:\/\/kibrisdakik.com\/?p=56734#breadcrumb"},"inLanguage":"tr","potentialAction":[{"@type":"ReadAction","target":["https:\/\/kibrisdakik.com\/?p=56734"]}]},{"@type":"ImageObject","inLanguage":"tr","@id":"https:\/\/kibrisdakik.com\/?p=56734#primaryimage","url":"https:\/\/kibrisdakik.com\/wp-content\/uploads\/2024\/08\/erdal-besikcioglu-ndan-skandal-karar-cocugu-17752383_7619_amp.jpg","contentUrl":"https:\/\/kibrisdakik.com\/wp-content\/uploads\/2024\/08\/erdal-besikcioglu-ndan-skandal-karar-cocugu-17752383_7619_amp.jpg","width":1202,"height":675},{"@type":"BreadcrumbList","@id":"https:\/\/kibrisdakik.com\/?p=56734#breadcrumb","itemListElement":[{"@type":"ListItem","position":1,"name":"Home","item":"https:\/\/kibrisdakik.com\/"},{"@type":"ListItem","position":2,"name":"Erdal Be\u015fik\u00e7io\u011flu&#8217;ndan skandal karar! \u00c7ocu\u011fu \u0131s\u0131ran k\u00f6pe\u011fi, yakaland\u0131\u011f\u0131 yere b\u0131rakacak"}]},{"@type":"WebSite","@id":"https:\/\/kibrisdakik.com\/#website","url":"https:\/\/kibrisdakik.com\/","name":"","description":"Tam vaktinde haber","potentialAction":[{"@type":"SearchAction","target":{"@type":"EntryPoint","urlTemplate":"https:\/\/kibrisdakik.com\/?s={search_term_string}"},"query-input":{"@type":"PropertyValueSpecification","valueRequired":true,"valueName":"search_term_string"}}],"inLanguage":"tr"},{"@type":"Person","@id":"https:\/\/kibrisdakik.com\/#\/schema\/person\/9cd9d437bbb44f72b73ba127e06d8e79","name":"admin","image":{"@type":"ImageObject","inLanguage":"tr","@id":"https:\/\/secure.gravatar.com\/avatar\/ccc17943b9d660506c869530f897617f7cb1c21a4bf30023f252596d83e1f007?s=96&d=mm&r=g","url":"https:\/\/secure.gravatar.com\/avatar\/ccc17943b9d660506c869530f897617f7cb1c21a4bf30023f252596d83e1f007?s=96&d=mm&r=g","contentUrl":"https:\/\/secure.gravatar.com\/avatar\/ccc17943b9d660506c869530f897617f7cb1c21a4bf30023f252596d83e1f007?s=96&d=mm&r=g","caption":"admin"},"sameAs":["https:\/\/kibrisdakik.com"],"url":"https:\/\/kibrisdakik.com\/?author=1"}]}},"_links":{"self":[{"href":"https:\/\/kibrisdakik.com\/index.php?rest_route=\/wp\/v2\/posts\/56734","targetHints":{"allow":["GET"]}}],"collection":[{"href":"https:\/\/kibrisdakik.com\/index.php?rest_route=\/wp\/v2\/posts"}],"about":[{"href":"https:\/\/kibrisdakik.com\/index.php?rest_route=\/wp\/v2\/types\/post"}],"author":[{"embeddable":true,"href":"https:\/\/kibrisdakik.com\/index.php?rest_route=\/wp\/v2\/users\/1"}],"replies":[{"embeddable":true,"href":"https:\/\/kibrisdakik.com\/index.php?rest_route=%2Fwp%2Fv2%2Fcomments&post=56734"}],"version-history":[{"count":1,"href":"https:\/\/kibrisdakik.com\/index.php?rest_route=\/wp\/v2\/posts\/56734\/revisions"}],"predecessor-version":[{"id":56768,"href":"https:\/\/kibrisdakik.com\/index.php?rest_route=\/wp\/v2\/posts\/56734\/revisions\/56768"}],"wp:featuredmedia":[{"embeddable":true,"href":"https:\/\/kibrisdakik.com\/index.php?rest_route=\/wp\/v2\/media\/56735"}],"wp:attachment":[{"href":"https:\/\/kibrisdakik.com\/index.php?rest_route=%2Fwp%2Fv2%2Fmedia&parent=56734"}],"wp:term":[{"taxonomy":"category","embeddable":true,"href":"https:\/\/kibrisdakik.com\/index.php?rest_route=%2Fwp%2Fv2%2Fcategories&post=56734"},{"taxonomy":"post_tag","embeddable":true,"href":"https:\/\/kibrisdakik.com\/index.php?rest_route=%2Fwp%2Fv2%2Ftags&post=56734"}],"curies":[{"name":"wp","href":"https:\/\/api.w.org\/{rel}","templated":true}]}}