{"id":56810,"date":"2024-08-25T14:41:42","date_gmt":"2024-08-25T11:41:42","guid":{"rendered":"https:\/\/kibrisdakik.com\/index.php\/2024\/08\/25\/is-bankasi-genel-muduru-hakan-arandan-faiz-enflasyon-ve-dolar-tl-tahmini\/"},"modified":"2024-08-25T14:41:42","modified_gmt":"2024-08-25T11:41:42","slug":"is-bankasi-genel-muduru-hakan-arandan-faiz-enflasyon-ve-dolar-tl-tahmini","status":"publish","type":"post","link":"https:\/\/kibrisdakik.com\/?p=56810","title":{"rendered":"\u0130\u015f Bankas\u0131 Genel M\u00fcd\u00fcr\u00fc Hakan Aran&#8217;dan faiz, enflasyon ve dolar\/TL tahmini"},"content":{"rendered":"<p><img decoding=\"async\" src=\"https:\/\/foto.haberler.com\/haber\/2024\/08\/25\/is-bankasi-genel-muduru-hakan-aran-dan-faiz-17753079_4364_amp.jpg\" \/><\/p>\n<div id=\"\">\n<p> <a class=\"keyword\" href=\"https:\/\/www.haberler.com\/is-bankasi\/\" title=\"\u0130\u015f Bankas\u0131 Haberleri, \u0130\u015f Bankas\u0131 Haberi, \u0130\u015f Bankas\u0131 Haber\"><strong>\u0130\u015f Bankas\u0131<\/strong><\/a> Genel M\u00fcd\u00fcr\u00fc Hakan Aran,Reuters ile yapt\u0131\u011f\u0131 s\u00f6yle\u015fide \u00f6nemli a\u00e7\u0131klamalarda bulundu. Aran, ekonomideki zorlu ortam\u0131n \u00e7abuk bitmeyece\u011fini ve normalle\u015fmenin hemen olmayaca\u011f\u0131n\u0131 belirtti.<\/p>\n<h3>&#8220;BEDEL \u00d6DEMEYE DEVAM EDECE\u011e\u0130Z&#8221;<\/h3>\n<p>Aran, &#8220;2025 y\u0131l\u0131 boyunca zorluklar\u0131n azalarak da olsa devam edece\u011fini d\u00fc\u015f\u00fcn\u00fcyorum. Bedel \u00f6demeye devam edece\u011fiz. \u00c7\u00fcnk\u00fc fiyat istikrar\u0131n\u0131n sa\u011flanmas\u0131, enflasyonun d\u00fc\u015fmesi pahas\u0131na o bedel \u00f6denecek. Bunu bankalar da \u00f6deyecek ve aktif kalitesinde bozulma olacak. Bu y\u0131l net faiz marj\u0131ndaki bozulma, seneye de aktif kalitesindeki bozulmayla biz bu s\u00fcreci a\u015faca\u011f\u0131z&#8221; diye konu\u015ftu.<\/p>\n<p>Sekt\u00f6rde aktif kalitesindeki bozulman\u0131n temmuzda belirgin bir \u015fekilde ba\u015flad\u0131\u011f\u0131n\u0131 ifade eden Aran, bunun \u015fu anda a\u011f\u0131rl\u0131kl\u0131 olarak bireyselde g\u00f6r\u00fcld\u00fc\u011f\u00fcn\u00fc vurgulad\u0131. Aran, ticari tarafta da bozulman\u0131n ilk ad\u0131mlar\u0131n\u0131n gelmeye ba\u015flad\u0131\u011f\u0131n\u0131 kaydetti. Sekt\u00f6r genelinde donuk alacaklar\u0131n 30 Haziran itibariyle 216,5 milyar lira oldu\u011funu ve bunun 147,9 milyar liras\u0131n\u0131n ticari, 68,8 milyar liras\u0131n\u0131n da bireyselden geldi\u011fini kaydeden Aran, &#8220;Bireyseldeki tutar\u0131n 31,2 milyar liras\u0131 kredi kart\u0131ndan geliyor. Y\u0131lba\u015f\u0131nda bu rakam 15 milyar lira idi&#8221; diyerek kredi kartlar\u0131ndaki donuk alacaklardaki art\u0131\u015fa dikkat \u00e7ekti.<\/p>\n<p>Bankalar\u0131n net faiz marj\u0131n\u0131n \u00e7ok ciddi bask\u0131land\u0131\u011f\u0131na dikkat \u00e7eken Aran, &#8220;\u00d6zkaynak k\u00e2rl\u0131l\u0131\u011f\u0131m\u0131z d\u00fc\u015f\u00fcyor. Enflasyon muhasebesi yapabiliyor olsayd\u0131k pek \u00e7ok banka belki zarar a\u00e7\u0131kl\u0131yor olacakt\u0131. Enflasyon muhasebesi olmad\u0131\u011f\u0131 i\u00e7in k\u00e2rl\u0131 g\u00f6r\u00fcn\u00fcyor \u015fu anda&#8221; dedi.<\/p>\n<h3>&#8220;FA\u0130Z \u0130ND\u0130R\u0130M\u0130 KASIMDA BA\u015eLAR&#8221;<\/h3>\n<p>Enflasyonda sene sonunda y\u00fczde 42, 2025&#8217;te de y\u00fczde 20 seviyelerini bekledi\u011fini kaydeden Aran, bu konuda hane halk\u0131n\u0131n beklentisinin de 2025 y\u0131l\u0131 i\u00e7erisinde Merkez Bankas\u0131&#8217;n\u0131n piyasa kat\u0131l\u0131mc\u0131lar\u0131 anketi beklentisine yak\u0131nsayaca\u011f\u0131n\u0131 d\u00fc\u015f\u00fcnd\u00fc\u011f\u00fcn\u00fc ifade etti. Seri faiz art\u0131r\u0131mlar\u0131n\u0131n ard\u0131ndan politika faizini mart ay\u0131ndan bu yana y\u00fczde 50&#8217;de tutan TCMB&#8217;nin ilk faiz indirimine kas\u0131mda 250 baz puan ile ba\u015flamas\u0131n\u0131 bekleyen Aran bu beklentisinin nedenini \u015f\u00f6yle anlatt\u0131: &#8220;\u00c7\u00fcnk\u00fc TCMB ilk olarak ekimde enflasyonun, politika faizinin alt\u0131na d\u00fc\u015ft\u00fc\u011f\u00fcn\u00fc g\u00f6recek. Ekim&#8217;in 3&#8217;\u00fcnde eyl\u00fcl enflasyonu a\u00e7\u0131kland\u0131\u011f\u0131nda muhtemelen y\u00fczde 50&#8217;nin alt\u0131na inen bir y\u0131ll\u0131k enflasyon rakam\u0131 g\u00f6r\u00fclecek ve politika faizi enflasyonun \u00fcst\u00fcnde kalacak. Ekimde h\u0131zl\u0131 bir karar al\u0131naca\u011f\u0131n\u0131 sanm\u0131yorum, Ama kas\u0131m toplant\u0131s\u0131ndan itibaren kademeli faiz indirim s\u00fcrecine girilebilece\u011fini ve politika faizinin 2024 sonunda y\u00fczde 45, 2025 sonunda da y\u00fczde 25&#8217;e kadar inebilece\u011fini d\u00fc\u015f\u00fcn\u00fcyorum.&#8221;<\/p>\n<h3>DOLAR\/TL BEKLENT\u0130S\u0130N\u0130 A\u00c7IKLADI<\/h3>\n<p>Ola\u011fan\u00fcst\u00fc bir risk g\u00fcndeme gelmez, tekrar bir dolarizasyon trendi ba\u015flamaz, liraya olan g\u00fcven devam ederse, Merkez Bankas\u0131&#8217;n\u0131n bu duru\u015funu devam ettirmesini bekledi\u011fini s\u00f6yleyen Aran, ancak arada bir yerde dolarizasyon riski g\u00f6r\u00fcl\u00fcrse bu s\u00fcrecin kesintiye u\u011frayabilece\u011fine dikkat \u00e7ekti. Aran \u015fu anda yakla\u015f\u0131k 34 seviyesinde bulunan dolar\/TL&#8217;yi ise sene sonunda 38 civar\u0131nda beklediklerini belirtti.<\/p>\n<h3>&#8220;R\u0130SK A\u011eIRLI\u011eI D\u00dcZENLEMES\u0130 G\u00d6ZDEN GE\u00c7\u0130R\u0130LS\u0130N \u0130STED\u0130K&#8221;<\/h3>\n<p>Bankalar\u0131n, fiyat istikrar\u0131 ve enflasyonla m\u00fccadelenin ba\u015far\u0131l\u0131 olmas\u0131 i\u00e7in getirilen reg\u00fclasyonlara katland\u0131\u011f\u0131na ve \u00e7ok talepkar olmad\u0131\u011f\u0131na dikkat \u00e7eken Aran, &#8220;\u015eu anda en b\u00fcy\u00fck beklentimiz BDDK taraf\u0131ndan risk a\u011f\u0131rl\u0131kl\u0131 varl\u0131k d\u00fczenlemeleri ile ilgili bir geli\u015fme olmas\u0131. Bankalar Birli\u011fi olarak talebimizi ilettik&#8221; dedi.<\/p>\n<p>D\u00f6vizin kontrol alt\u0131na al\u0131nmak istendi\u011fi d\u00f6nemde verilen kredilerin risk a\u011f\u0131rl\u0131\u011f\u0131n\u0131n art\u0131r\u0131larak kredi b\u00fcy\u00fcmesinin s\u0131n\u0131rland\u0131rmaya \u00e7al\u0131\u015f\u0131ld\u0131\u011f\u0131n\u0131 hat\u0131rlatan Aran, \u015fu anda zaten kredi b\u00fcy\u00fcmesine s\u0131n\u0131r getirildi\u011fi i\u00e7in bu d\u00fczenlemeye gerek kalmad\u0131\u011f\u0131n\u0131 ifade etti.<\/p>\n<h3>KKM&#8217;DE YIL SONU BEKLENT\u0130S\u0130<\/h3>\n<p>Sekt\u00f6rde kur korumal\u0131 mevduat\u0131n (KKM) bakiyesinin 51,6 milyar dolara d\u00fc\u015ft\u00fc\u011f\u00fcn\u00fc ifade eden Aran, &#8220;KKM&#8217;den \u00e7\u0131k\u0131\u015f stratejisi konu\u015fulurken, sekt\u00f6r bakiyesinin 122 milyar dolarlar seviyesinde oldu\u011funu d\u00fc\u015f\u00fcn\u00fcrseniz bug\u00fcn olduk\u00e7a makul y\u00f6netilebilir bir seviyeye geldi KKM. Bu y\u0131l sonunda da KKM bakiyesinin 20 milyar dolar seviyelerinde olu\u015faca\u011f\u0131n\u0131 bekliyoruz&#8230; (bu durumda) mevduatta TL a\u011f\u0131rl\u0131kl\u0131 yap\u0131 \u00f6n plana \u00e7\u0131kacakt\u0131r&#8221; diye konu\u015ftu.<\/p>\n<h4 id=\"nwsKeywords\"> <a href=\"https:\/\/www.haberler.com\/is-bankasi\/\" title=\"\u0130\u015f Bankas\u0131\" class=\"hbptTag\">\u0130\u015f Bankas\u0131<\/a>  <a href=\"https:\/\/www.haberler.com\/finans\/\" title=\"Finans\" class=\"hbptTag\">Finans<\/a>  <a href=\"https:\/\/www.haberler.com\/ekonomi\/\" title=\"Ekonomi\" class=\"hbptTag\">Ekonomi<\/a>  <a href=\"https:\/\/www.haberler.com\/guncel\/\" title=\"G\u00fcncel\" class=\"hbptTag\">G\u00fcncel<\/a>  <a href=\"https:\/\/www.haberler.com\/\" title=\"Haberler\" class=\"hbptTag\">Haberler<\/a> <\/h4>\n<\/div>\n","protected":false},"excerpt":{"rendered":"<p>\u0130\u015f Bankas\u0131 Genel M\u00fcd\u00fcr\u00fc Hakan Aran,Reuters ile yapt\u0131\u011f\u0131 s\u00f6yle\u015fide \u00f6nemli a\u00e7\u0131klamalarda bulundu. Aran, ekonomideki zorlu ortam\u0131n \u00e7abuk bitmeyece\u011fini ve normalle\u015fmenin hemen olmayaca\u011f\u0131n\u0131 belirtti. &#8220;BEDEL \u00d6DEMEYE DEVAM EDECE\u011e\u0130Z&#8221; Aran, &#8220;2025 y\u0131l\u0131 boyunca zorluklar\u0131n azalarak da olsa devam edece\u011fini d\u00fc\u015f\u00fcn\u00fcyorum. Bedel \u00f6demeye devam edece\u011fiz. \u00c7\u00fcnk\u00fc fiyat istikrar\u0131n\u0131n sa\u011flanmas\u0131, enflasyonun d\u00fc\u015fmesi pahas\u0131na o bedel \u00f6denecek. Bunu bankalar da<\/p>\n","protected":false},"author":1,"featured_media":56811,"comment_status":"open","ping_status":"open","sticky":false,"template":"","format":"standard","meta":{"footnotes":""},"categories":[83],"tags":[],"class_list":["post-56810","post","type-post","status-publish","format-standard","has-post-thumbnail","hentry","category-magazin"],"yoast_head":"<!-- This site is optimized with the Yoast SEO plugin v27.5 - https:\/\/yoast.com\/product\/yoast-seo-wordpress\/ -->\n<title>\u0130\u015f Bankas\u0131 Genel M\u00fcd\u00fcr\u00fc Hakan Aran&#039;dan faiz, enflasyon ve dolar\/TL tahmini -<\/title>\n<meta name=\"robots\" content=\"index, follow, max-snippet:-1, max-image-preview:large, max-video-preview:-1\" \/>\n<link rel=\"canonical\" href=\"https:\/\/kibrisdakik.com\/?p=56810\" \/>\n<meta property=\"og:locale\" content=\"tr_TR\" \/>\n<meta property=\"og:type\" content=\"article\" \/>\n<meta property=\"og:title\" content=\"\u0130\u015f Bankas\u0131 Genel M\u00fcd\u00fcr\u00fc Hakan Aran&#039;dan faiz, enflasyon ve dolar\/TL tahmini -\" \/>\n<meta property=\"og:description\" content=\"\u0130\u015f Bankas\u0131 Genel M\u00fcd\u00fcr\u00fc Hakan Aran,Reuters ile yapt\u0131\u011f\u0131 s\u00f6yle\u015fide \u00f6nemli a\u00e7\u0131klamalarda bulundu. Aran, ekonomideki zorlu ortam\u0131n \u00e7abuk bitmeyece\u011fini ve normalle\u015fmenin hemen olmayaca\u011f\u0131n\u0131 belirtti. &#8220;BEDEL \u00d6DEMEYE DEVAM EDECE\u011e\u0130Z&#8221; Aran, &#8220;2025 y\u0131l\u0131 boyunca zorluklar\u0131n azalarak da olsa devam edece\u011fini d\u00fc\u015f\u00fcn\u00fcyorum. Bedel \u00f6demeye devam edece\u011fiz. \u00c7\u00fcnk\u00fc fiyat istikrar\u0131n\u0131n sa\u011flanmas\u0131, enflasyonun d\u00fc\u015fmesi pahas\u0131na o bedel \u00f6denecek. Bunu bankalar da\" \/>\n<meta property=\"og:url\" content=\"https:\/\/kibrisdakik.com\/?p=56810\" \/>\n<meta property=\"article:published_time\" content=\"2024-08-25T11:41:42+00:00\" \/>\n<meta property=\"og:image\" content=\"https:\/\/kibrisdakik.com\/wp-content\/uploads\/2024\/08\/is-bankasi-genel-muduru-hakan-aran-dan-faiz-17753079_4364_amp.jpg\" \/>\n\t<meta property=\"og:image:width\" content=\"1202\" \/>\n\t<meta property=\"og:image:height\" content=\"675\" \/>\n\t<meta property=\"og:image:type\" content=\"image\/jpeg\" \/>\n<meta name=\"author\" content=\"admin\" \/>\n<meta name=\"twitter:card\" content=\"summary_large_image\" \/>\n<meta name=\"twitter:label1\" content=\"Yazan:\" \/>\n\t<meta name=\"twitter:data1\" content=\"admin\" \/>\n\t<meta name=\"twitter:label2\" content=\"Tahmini okuma s\u00fcresi\" \/>\n\t<meta name=\"twitter:data2\" content=\"4 dakika\" \/>\n<script type=\"application\/ld+json\" class=\"yoast-schema-graph\">{\"@context\":\"https:\\\/\\\/schema.org\",\"@graph\":[{\"@type\":\"Article\",\"@id\":\"https:\\\/\\\/kibrisdakik.com\\\/?p=56810#article\",\"isPartOf\":{\"@id\":\"https:\\\/\\\/kibrisdakik.com\\\/?p=56810\"},\"author\":{\"name\":\"admin\",\"@id\":\"https:\\\/\\\/kibrisdakik.com\\\/#\\\/schema\\\/person\\\/9cd9d437bbb44f72b73ba127e06d8e79\"},\"headline\":\"\u0130\u015f Bankas\u0131 Genel M\u00fcd\u00fcr\u00fc Hakan Aran&#8217;dan faiz, enflasyon ve dolar\\\/TL tahmini\",\"datePublished\":\"2024-08-25T11:41:42+00:00\",\"mainEntityOfPage\":{\"@id\":\"https:\\\/\\\/kibrisdakik.com\\\/?p=56810\"},\"wordCount\":738,\"commentCount\":0,\"image\":{\"@id\":\"https:\\\/\\\/kibrisdakik.com\\\/?p=56810#primaryimage\"},\"thumbnailUrl\":\"https:\\\/\\\/kibrisdakik.com\\\/wp-content\\\/uploads\\\/2024\\\/08\\\/is-bankasi-genel-muduru-hakan-aran-dan-faiz-17753079_4364_amp.jpg\",\"articleSection\":[\"Magazin\"],\"inLanguage\":\"tr\",\"potentialAction\":[{\"@type\":\"CommentAction\",\"name\":\"Comment\",\"target\":[\"https:\\\/\\\/kibrisdakik.com\\\/?p=56810#respond\"]}]},{\"@type\":\"WebPage\",\"@id\":\"https:\\\/\\\/kibrisdakik.com\\\/?p=56810\",\"url\":\"https:\\\/\\\/kibrisdakik.com\\\/?p=56810\",\"name\":\"\u0130\u015f Bankas\u0131 Genel M\u00fcd\u00fcr\u00fc Hakan Aran'dan faiz, enflasyon ve dolar\\\/TL tahmini -\",\"isPartOf\":{\"@id\":\"https:\\\/\\\/kibrisdakik.com\\\/#website\"},\"primaryImageOfPage\":{\"@id\":\"https:\\\/\\\/kibrisdakik.com\\\/?p=56810#primaryimage\"},\"image\":{\"@id\":\"https:\\\/\\\/kibrisdakik.com\\\/?p=56810#primaryimage\"},\"thumbnailUrl\":\"https:\\\/\\\/kibrisdakik.com\\\/wp-content\\\/uploads\\\/2024\\\/08\\\/is-bankasi-genel-muduru-hakan-aran-dan-faiz-17753079_4364_amp.jpg\",\"datePublished\":\"2024-08-25T11:41:42+00:00\",\"author\":{\"@id\":\"https:\\\/\\\/kibrisdakik.com\\\/#\\\/schema\\\/person\\\/9cd9d437bbb44f72b73ba127e06d8e79\"},\"breadcrumb\":{\"@id\":\"https:\\\/\\\/kibrisdakik.com\\\/?p=56810#breadcrumb\"},\"inLanguage\":\"tr\",\"potentialAction\":[{\"@type\":\"ReadAction\",\"target\":[\"https:\\\/\\\/kibrisdakik.com\\\/?p=56810\"]}]},{\"@type\":\"ImageObject\",\"inLanguage\":\"tr\",\"@id\":\"https:\\\/\\\/kibrisdakik.com\\\/?p=56810#primaryimage\",\"url\":\"https:\\\/\\\/kibrisdakik.com\\\/wp-content\\\/uploads\\\/2024\\\/08\\\/is-bankasi-genel-muduru-hakan-aran-dan-faiz-17753079_4364_amp.jpg\",\"contentUrl\":\"https:\\\/\\\/kibrisdakik.com\\\/wp-content\\\/uploads\\\/2024\\\/08\\\/is-bankasi-genel-muduru-hakan-aran-dan-faiz-17753079_4364_amp.jpg\",\"width\":1202,\"height\":675},{\"@type\":\"BreadcrumbList\",\"@id\":\"https:\\\/\\\/kibrisdakik.com\\\/?p=56810#breadcrumb\",\"itemListElement\":[{\"@type\":\"ListItem\",\"position\":1,\"name\":\"Home\",\"item\":\"https:\\\/\\\/kibrisdakik.com\\\/\"},{\"@type\":\"ListItem\",\"position\":2,\"name\":\"\u0130\u015f Bankas\u0131 Genel M\u00fcd\u00fcr\u00fc Hakan Aran&#8217;dan faiz, enflasyon ve dolar\\\/TL tahmini\"}]},{\"@type\":\"WebSite\",\"@id\":\"https:\\\/\\\/kibrisdakik.com\\\/#website\",\"url\":\"https:\\\/\\\/kibrisdakik.com\\\/\",\"name\":\"\",\"description\":\"Tam vaktinde haber\",\"potentialAction\":[{\"@type\":\"SearchAction\",\"target\":{\"@type\":\"EntryPoint\",\"urlTemplate\":\"https:\\\/\\\/kibrisdakik.com\\\/?s={search_term_string}\"},\"query-input\":{\"@type\":\"PropertyValueSpecification\",\"valueRequired\":true,\"valueName\":\"search_term_string\"}}],\"inLanguage\":\"tr\"},{\"@type\":\"Person\",\"@id\":\"https:\\\/\\\/kibrisdakik.com\\\/#\\\/schema\\\/person\\\/9cd9d437bbb44f72b73ba127e06d8e79\",\"name\":\"admin\",\"image\":{\"@type\":\"ImageObject\",\"inLanguage\":\"tr\",\"@id\":\"https:\\\/\\\/secure.gravatar.com\\\/avatar\\\/ccc17943b9d660506c869530f897617f7cb1c21a4bf30023f252596d83e1f007?s=96&d=mm&r=g\",\"url\":\"https:\\\/\\\/secure.gravatar.com\\\/avatar\\\/ccc17943b9d660506c869530f897617f7cb1c21a4bf30023f252596d83e1f007?s=96&d=mm&r=g\",\"contentUrl\":\"https:\\\/\\\/secure.gravatar.com\\\/avatar\\\/ccc17943b9d660506c869530f897617f7cb1c21a4bf30023f252596d83e1f007?s=96&d=mm&r=g\",\"caption\":\"admin\"},\"sameAs\":[\"https:\\\/\\\/kibrisdakik.com\"],\"url\":\"https:\\\/\\\/kibrisdakik.com\\\/?author=1\"}]}<\/script>\n<!-- \/ Yoast SEO plugin. -->","yoast_head_json":{"title":"\u0130\u015f Bankas\u0131 Genel M\u00fcd\u00fcr\u00fc Hakan Aran'dan faiz, enflasyon ve dolar\/TL tahmini -","robots":{"index":"index","follow":"follow","max-snippet":"max-snippet:-1","max-image-preview":"max-image-preview:large","max-video-preview":"max-video-preview:-1"},"canonical":"https:\/\/kibrisdakik.com\/?p=56810","og_locale":"tr_TR","og_type":"article","og_title":"\u0130\u015f Bankas\u0131 Genel M\u00fcd\u00fcr\u00fc Hakan Aran'dan faiz, enflasyon ve dolar\/TL tahmini -","og_description":"\u0130\u015f Bankas\u0131 Genel M\u00fcd\u00fcr\u00fc Hakan Aran,Reuters ile yapt\u0131\u011f\u0131 s\u00f6yle\u015fide \u00f6nemli a\u00e7\u0131klamalarda bulundu. Aran, ekonomideki zorlu ortam\u0131n \u00e7abuk bitmeyece\u011fini ve normalle\u015fmenin hemen olmayaca\u011f\u0131n\u0131 belirtti. &#8220;BEDEL \u00d6DEMEYE DEVAM EDECE\u011e\u0130Z&#8221; Aran, &#8220;2025 y\u0131l\u0131 boyunca zorluklar\u0131n azalarak da olsa devam edece\u011fini d\u00fc\u015f\u00fcn\u00fcyorum. Bedel \u00f6demeye devam edece\u011fiz. \u00c7\u00fcnk\u00fc fiyat istikrar\u0131n\u0131n sa\u011flanmas\u0131, enflasyonun d\u00fc\u015fmesi pahas\u0131na o bedel \u00f6denecek. Bunu bankalar da","og_url":"https:\/\/kibrisdakik.com\/?p=56810","article_published_time":"2024-08-25T11:41:42+00:00","og_image":[{"width":1202,"height":675,"url":"https:\/\/kibrisdakik.com\/wp-content\/uploads\/2024\/08\/is-bankasi-genel-muduru-hakan-aran-dan-faiz-17753079_4364_amp.jpg","type":"image\/jpeg"}],"author":"admin","twitter_card":"summary_large_image","twitter_misc":{"Yazan:":"admin","Tahmini okuma s\u00fcresi":"4 dakika"},"schema":{"@context":"https:\/\/schema.org","@graph":[{"@type":"Article","@id":"https:\/\/kibrisdakik.com\/?p=56810#article","isPartOf":{"@id":"https:\/\/kibrisdakik.com\/?p=56810"},"author":{"name":"admin","@id":"https:\/\/kibrisdakik.com\/#\/schema\/person\/9cd9d437bbb44f72b73ba127e06d8e79"},"headline":"\u0130\u015f Bankas\u0131 Genel M\u00fcd\u00fcr\u00fc Hakan Aran&#8217;dan faiz, enflasyon ve dolar\/TL tahmini","datePublished":"2024-08-25T11:41:42+00:00","mainEntityOfPage":{"@id":"https:\/\/kibrisdakik.com\/?p=56810"},"wordCount":738,"commentCount":0,"image":{"@id":"https:\/\/kibrisdakik.com\/?p=56810#primaryimage"},"thumbnailUrl":"https:\/\/kibrisdakik.com\/wp-content\/uploads\/2024\/08\/is-bankasi-genel-muduru-hakan-aran-dan-faiz-17753079_4364_amp.jpg","articleSection":["Magazin"],"inLanguage":"tr","potentialAction":[{"@type":"CommentAction","name":"Comment","target":["https:\/\/kibrisdakik.com\/?p=56810#respond"]}]},{"@type":"WebPage","@id":"https:\/\/kibrisdakik.com\/?p=56810","url":"https:\/\/kibrisdakik.com\/?p=56810","name":"\u0130\u015f Bankas\u0131 Genel M\u00fcd\u00fcr\u00fc Hakan Aran'dan faiz, enflasyon ve dolar\/TL tahmini -","isPartOf":{"@id":"https:\/\/kibrisdakik.com\/#website"},"primaryImageOfPage":{"@id":"https:\/\/kibrisdakik.com\/?p=56810#primaryimage"},"image":{"@id":"https:\/\/kibrisdakik.com\/?p=56810#primaryimage"},"thumbnailUrl":"https:\/\/kibrisdakik.com\/wp-content\/uploads\/2024\/08\/is-bankasi-genel-muduru-hakan-aran-dan-faiz-17753079_4364_amp.jpg","datePublished":"2024-08-25T11:41:42+00:00","author":{"@id":"https:\/\/kibrisdakik.com\/#\/schema\/person\/9cd9d437bbb44f72b73ba127e06d8e79"},"breadcrumb":{"@id":"https:\/\/kibrisdakik.com\/?p=56810#breadcrumb"},"inLanguage":"tr","potentialAction":[{"@type":"ReadAction","target":["https:\/\/kibrisdakik.com\/?p=56810"]}]},{"@type":"ImageObject","inLanguage":"tr","@id":"https:\/\/kibrisdakik.com\/?p=56810#primaryimage","url":"https:\/\/kibrisdakik.com\/wp-content\/uploads\/2024\/08\/is-bankasi-genel-muduru-hakan-aran-dan-faiz-17753079_4364_amp.jpg","contentUrl":"https:\/\/kibrisdakik.com\/wp-content\/uploads\/2024\/08\/is-bankasi-genel-muduru-hakan-aran-dan-faiz-17753079_4364_amp.jpg","width":1202,"height":675},{"@type":"BreadcrumbList","@id":"https:\/\/kibrisdakik.com\/?p=56810#breadcrumb","itemListElement":[{"@type":"ListItem","position":1,"name":"Home","item":"https:\/\/kibrisdakik.com\/"},{"@type":"ListItem","position":2,"name":"\u0130\u015f Bankas\u0131 Genel M\u00fcd\u00fcr\u00fc Hakan Aran&#8217;dan faiz, enflasyon ve dolar\/TL tahmini"}]},{"@type":"WebSite","@id":"https:\/\/kibrisdakik.com\/#website","url":"https:\/\/kibrisdakik.com\/","name":"","description":"Tam vaktinde haber","potentialAction":[{"@type":"SearchAction","target":{"@type":"EntryPoint","urlTemplate":"https:\/\/kibrisdakik.com\/?s={search_term_string}"},"query-input":{"@type":"PropertyValueSpecification","valueRequired":true,"valueName":"search_term_string"}}],"inLanguage":"tr"},{"@type":"Person","@id":"https:\/\/kibrisdakik.com\/#\/schema\/person\/9cd9d437bbb44f72b73ba127e06d8e79","name":"admin","image":{"@type":"ImageObject","inLanguage":"tr","@id":"https:\/\/secure.gravatar.com\/avatar\/ccc17943b9d660506c869530f897617f7cb1c21a4bf30023f252596d83e1f007?s=96&d=mm&r=g","url":"https:\/\/secure.gravatar.com\/avatar\/ccc17943b9d660506c869530f897617f7cb1c21a4bf30023f252596d83e1f007?s=96&d=mm&r=g","contentUrl":"https:\/\/secure.gravatar.com\/avatar\/ccc17943b9d660506c869530f897617f7cb1c21a4bf30023f252596d83e1f007?s=96&d=mm&r=g","caption":"admin"},"sameAs":["https:\/\/kibrisdakik.com"],"url":"https:\/\/kibrisdakik.com\/?author=1"}]}},"_links":{"self":[{"href":"https:\/\/kibrisdakik.com\/index.php?rest_route=\/wp\/v2\/posts\/56810","targetHints":{"allow":["GET"]}}],"collection":[{"href":"https:\/\/kibrisdakik.com\/index.php?rest_route=\/wp\/v2\/posts"}],"about":[{"href":"https:\/\/kibrisdakik.com\/index.php?rest_route=\/wp\/v2\/types\/post"}],"author":[{"embeddable":true,"href":"https:\/\/kibrisdakik.com\/index.php?rest_route=\/wp\/v2\/users\/1"}],"replies":[{"embeddable":true,"href":"https:\/\/kibrisdakik.com\/index.php?rest_route=%2Fwp%2Fv2%2Fcomments&post=56810"}],"version-history":[{"count":0,"href":"https:\/\/kibrisdakik.com\/index.php?rest_route=\/wp\/v2\/posts\/56810\/revisions"}],"wp:featuredmedia":[{"embeddable":true,"href":"https:\/\/kibrisdakik.com\/index.php?rest_route=\/wp\/v2\/media\/56811"}],"wp:attachment":[{"href":"https:\/\/kibrisdakik.com\/index.php?rest_route=%2Fwp%2Fv2%2Fmedia&parent=56810"}],"wp:term":[{"taxonomy":"category","embeddable":true,"href":"https:\/\/kibrisdakik.com\/index.php?rest_route=%2Fwp%2Fv2%2Fcategories&post=56810"},{"taxonomy":"post_tag","embeddable":true,"href":"https:\/\/kibrisdakik.com\/index.php?rest_route=%2Fwp%2Fv2%2Ftags&post=56810"}],"curies":[{"name":"wp","href":"https:\/\/api.w.org\/{rel}","templated":true}]}}