{"id":5687,"date":"2023-04-25T10:38:30","date_gmt":"2023-04-25T10:38:30","guid":{"rendered":"https:\/\/kibrisdakik.com\/index.php\/2023\/04\/25\/kibris-ipek-kozasi-festivali-basliyor\/"},"modified":"2023-04-25T10:38:30","modified_gmt":"2023-04-25T10:38:30","slug":"kibris-ipek-kozasi-festivali-basliyor","status":"publish","type":"post","link":"https:\/\/kibrisdakik.com\/?p=5687","title":{"rendered":"K\u0131br\u0131s \u0130pek Kozas\u0131 Festivali ba\u015fl\u0131yor"},"content":{"rendered":"<p><\/p>\n<div>\n<div class=\"mariselle-image-container center\">\n                <img width=\"1693\" height=\"749\" class=\"lazy-image\" alt=\"\" decoding=\"async\" loading=\"lazy\" sizes=\"auto, (max-width: 1693px) 100vw, 1693px\" src=\"https:\/\/brtk.net\/wp-content\/uploads\/2023\/04\/25\/ipek-koza-fest.jpg?ver=d3ca1e4f6b02028f3540b88a5b43db75\" srcset=\"https:\/\/brtk.net\/wp-content\/uploads\/2023\/04\/25\/ipek-koza-fest.jpg?ver=d3ca1e4f6b02028f3540b88a5b43db75 1693w, https:\/\/brtk.net\/wp-content\/uploads\/2023\/04\/25\/ipek-koza-fest-300x133.jpg?ver=d3ca1e4f6b02028f3540b88a5b43db75 300w, https:\/\/brtk.net\/wp-content\/uploads\/2023\/04\/25\/ipek-koza-fest-1024x453.jpg?ver=d3ca1e4f6b02028f3540b88a5b43db75 1024w, https:\/\/brtk.net\/wp-content\/uploads\/2023\/04\/25\/ipek-koza-fest-768x340.jpg?ver=d3ca1e4f6b02028f3540b88a5b43db75 768w, https:\/\/brtk.net\/wp-content\/uploads\/2023\/04\/25\/ipek-koza-fest-1536x680.jpg?ver=321e9839d82de0bdd968e2a9ca7880fe 1536w\"\/>                            <\/div>\n<p>K\u0131br\u0131s \u0130pek Koza G\u00fcnleri\u2019nin 18\u2019incisi i\u00e7in geri say\u0131m ba\u015flad\u0131.<br \/>Girne Belediyesi\u2019nin , Beylerbeyi Muhtarl\u0131\u011f\u0131 ve Ye\u015fil Bar\u0131\u015f Hareketi i\u015fbirli\u011finde d\u00fczenledi\u011fi   K\u0131br\u0131s \u0130pek Koza G\u00fcnleri ,  6-7 May\u0131s tarihlerinde ger\u00e7ekle\u015ftirilecek.<\/p>\n<p>\t18\u2019inci K\u0131br\u0131s \u0130pek Koza G\u00fcnleri\u2019nin program\u0131 bas\u0131n toplant\u0131s\u0131 ile payla\u015f\u0131ld\u0131.<br \/>Bellapais Manast\u0131r\u0131\u2019nda d\u00fczenlenen bas\u0131n toplant\u0131s\u0131nda konu\u015fan  Girne Belediye Ba\u015fkan\u0131 Murat \u015eenkul,  K\u0131br\u0131s \u0130pek Koza G\u00fcnleri\u2019nin 18incisinin d\u00fczenlenmesinin gurur verici oldu\u011funu ifade etti.<br \/>\u015eenkul,  vatanda\u015flar\u0131n  etkinli\u011fe kat\u0131l\u0131m\u0131n\u0131 kolayla\u015ft\u0131rmak i\u00e7in , bu y\u0131l 10.00-20.00 saatleri aras\u0131nda Bald\u00f6ken Otopark\u0131\u2019yla Beylerbeyi aras\u0131nda  toplu ta\u015f\u0131ma  olana\u011f\u0131 sa\u011flanaca\u011f\u0131n\u0131 belirtti.<br \/>Beylerbeyi Muhtar\u0131 Niyazi Engin de , bu y\u0131lki etkinli\u011fin 6 \u015eubat\u2019ta meydana gelen deprem felaketi nedeniyle  farkl\u0131 bir formatla ger\u00e7ekle\u015fece\u011fini anlatt\u0131.<br \/>Engin, etkinlikle birlikte , \u00fclkede ipek koza i\u015f\u00e7ili\u011fine  ilginin artmas\u0131  ve bu k\u00fclt\u00fcr\u00fcn gelece\u011fe aktar\u0131lmas\u0131na katk\u0131 sa\u011flanmas\u0131n\u0131n  sevindirici oldu\u011funu  belirtti.<br \/>Girne Belediye Meclisi  K\u00fclt\u00fcr Sanat Komite Ba\u015fkan\u0131 Ziya Egemen Sencer de konu\u015fmas\u0131nda bu y\u0131l deprem felaketi nedeniyle sahne perforanslar\u0131na yer verilmeyece\u011fini ifade etti.<\/p>\n<div class=\"mariselle-image-container center\">\n                <img width=\"2016\" height=\"1134\" class=\"lazy-image\" alt=\"\" decoding=\"async\" loading=\"lazy\" sizes=\"auto, (max-width: 2016px) 100vw, 2016px\" src=\"https:\/\/brtk.net\/wp-content\/uploads\/2023\/04\/25\/WhatsApp-Image-2023-04-25-at-11.37.37.jpeg?ver=7b5e580dc0e458e1c8358063fbc0e6f2\" srcset=\"https:\/\/brtk.net\/wp-content\/uploads\/2023\/04\/25\/WhatsApp-Image-2023-04-25-at-11.37.37.jpeg?ver=7b5e580dc0e458e1c8358063fbc0e6f2 2016w, https:\/\/brtk.net\/wp-content\/uploads\/2023\/04\/25\/WhatsApp-Image-2023-04-25-at-11.37.37-300x169.jpeg?ver=8264f07150be16a123528cbf7ee4dcd7 300w, https:\/\/brtk.net\/wp-content\/uploads\/2023\/04\/25\/WhatsApp-Image-2023-04-25-at-11.37.37-1024x576.jpeg?ver=8264f07150be16a123528cbf7ee4dcd7 1024w, https:\/\/brtk.net\/wp-content\/uploads\/2023\/04\/25\/WhatsApp-Image-2023-04-25-at-11.37.37-768x432.jpeg?ver=8264f07150be16a123528cbf7ee4dcd7 768w, https:\/\/brtk.net\/wp-content\/uploads\/2023\/04\/25\/WhatsApp-Image-2023-04-25-at-11.37.37-1536x864.jpeg?ver=cdaa9a6e46bbfcda5f1884109da4d014 1536w\"\/>                            <\/div>\n<p>\n\tEtkinlikte, ipek  b\u00f6ce\u011fi yeti\u015ftiricili\u011fi  ve  koza el sanatlar\u0131  ilgili sunum ve s\u00f6yle\u015filer , at\u00f6lye \u00e7al\u0131\u015famalar\u0131 , dut fidan\u0131 dikimi, \u00e7ocuklara y\u00f6nelik  sanatsal aktiviteler , \u015fiir ve m\u00fczik dinletileri , \u00fclke sanat\u00e7\u0131lar\u0131n\u0131n karma resim  sergisinin yer alaca\u011f\u0131n\u0131 s\u00f6yleyen Sencer, kurulacak  standlarda \u00e7e\u015fitli el sanatlar\u0131 ve yiyecek i\u00e7ecek sat\u0131\u015flar\u0131n\u0131n yap\u0131laca\u011f\u0131n\u0131  kaydetti.<br \/>\n\tYe\u015fil Bar\u0131\u015f  Hareketi  Genel Sekreteri  Do\u011fan Sahir de, \u0130pek koza i\u015f\u00e7ili\u011finin, K\u0131br\u0131s\u2019tan ba\u015flad\u0131\u011f\u0131n\u0131 ancak bug\u00fcn farkl\u0131 \u00fclkelerin bu el sanat\u0131n\u0131 sahiplenme yar\u0131\u015f\u0131 i\u00e7ine girdi\u011fini dile getirdi.<br \/>\n\tSahir, k\u00fclt\u00fcr\u00fcm\u00fcze ait bu de\u011ferin  sahiplenilmesi ve organizasyonun  uluslararas\u0131 boyuta ta\u015f\u0131nmas\u0131 gerekti\u011fine dikkat \u00e7ekti.<br \/>\n\tK\u0131br\u0131s Koza G\u00fcnleri\u2019nde ipek  b\u00f6cek\u00e7ili\u011fi, ipek  koza el sanatlar\u0131n\u0131n  ya\u015fat\u0131lmas\u0131,  yayg\u0131nla\u015ft\u0131r\u0131lmas\u0131, ,dut a\u011fa\u00e7lar\u0131n\u0131n  korunmas\u0131  yeni fidanlar\u0131n hayat bulmas\u0131na y\u00f6nelik bilin\u00e7  geli\u015ftirilmesi ama\u00e7lan\u0131yor.<\/p>\n<p><a href=\"https:\/\/brtk.net\/\">BRT<\/a><\/p>\n<\/p><\/div>\n<p><script async\n                    defer\n                    crossorigin=\"anonymous\"\n                    src=\"https:\/\/connect.facebook.net\/tr_TR\/sdk.js#xfbml=1&#038;version=v3.3\"\n            ><\/script><\/p>\n","protected":false},"excerpt":{"rendered":"<p>K\u0131br\u0131s \u0130pek Koza G\u00fcnleri\u2019nin 18\u2019incisi i\u00e7in geri say\u0131m ba\u015flad\u0131.Girne Belediyesi\u2019nin , Beylerbeyi Muhtarl\u0131\u011f\u0131 ve Ye\u015fil Bar\u0131\u015f Hareketi i\u015fbirli\u011finde d\u00fczenledi\u011fi K\u0131br\u0131s \u0130pek Koza G\u00fcnleri , 6-7 May\u0131s tarihlerinde ger\u00e7ekle\u015ftirilecek. 18\u2019inci K\u0131br\u0131s \u0130pek Koza G\u00fcnleri\u2019nin program\u0131 bas\u0131n toplant\u0131s\u0131 ile payla\u015f\u0131ld\u0131.Bellapais Manast\u0131r\u0131\u2019nda d\u00fczenlenen bas\u0131n toplant\u0131s\u0131nda konu\u015fan Girne Belediye Ba\u015fkan\u0131 Murat \u015eenkul, K\u0131br\u0131s \u0130pek Koza G\u00fcnleri\u2019nin 18incisinin d\u00fczenlenmesinin gurur<\/p>\n","protected":false},"author":1,"featured_media":5688,"comment_status":"open","ping_status":"open","sticky":false,"template":"","format":"standard","meta":{"footnotes":""},"categories":[1],"tags":[],"class_list":["post-5687","post","type-post","status-publish","format-standard","has-post-thumbnail","hentry","category-gundem"],"yoast_head":"<!-- This site is optimized with the Yoast SEO plugin v27.4 - https:\/\/yoast.com\/product\/yoast-seo-wordpress\/ -->\n<title>K\u0131br\u0131s \u0130pek Kozas\u0131 Festivali ba\u015fl\u0131yor -<\/title>\n<meta name=\"robots\" content=\"index, follow, max-snippet:-1, max-image-preview:large, max-video-preview:-1\" \/>\n<link rel=\"canonical\" href=\"https:\/\/kibrisdakik.com\/?p=5687\" \/>\n<meta property=\"og:locale\" content=\"tr_TR\" \/>\n<meta property=\"og:type\" content=\"article\" \/>\n<meta property=\"og:title\" content=\"K\u0131br\u0131s \u0130pek Kozas\u0131 Festivali ba\u015fl\u0131yor -\" \/>\n<meta property=\"og:description\" content=\"K\u0131br\u0131s \u0130pek Koza G\u00fcnleri\u2019nin 18\u2019incisi i\u00e7in geri say\u0131m ba\u015flad\u0131.Girne Belediyesi\u2019nin , Beylerbeyi Muhtarl\u0131\u011f\u0131 ve Ye\u015fil Bar\u0131\u015f Hareketi i\u015fbirli\u011finde d\u00fczenledi\u011fi K\u0131br\u0131s \u0130pek Koza G\u00fcnleri , 6-7 May\u0131s tarihlerinde ger\u00e7ekle\u015ftirilecek. 18\u2019inci K\u0131br\u0131s \u0130pek Koza G\u00fcnleri\u2019nin program\u0131 bas\u0131n toplant\u0131s\u0131 ile payla\u015f\u0131ld\u0131.Bellapais Manast\u0131r\u0131\u2019nda d\u00fczenlenen bas\u0131n toplant\u0131s\u0131nda konu\u015fan Girne Belediye Ba\u015fkan\u0131 Murat \u015eenkul, K\u0131br\u0131s \u0130pek Koza G\u00fcnleri\u2019nin 18incisinin d\u00fczenlenmesinin gurur\" \/>\n<meta property=\"og:url\" content=\"https:\/\/kibrisdakik.com\/?p=5687\" \/>\n<meta property=\"article:published_time\" content=\"2023-04-25T10:38:30+00:00\" \/>\n<meta property=\"og:image\" content=\"https:\/\/kibrisdakik.com\/wp-content\/uploads\/2023\/04\/WhatsApp-Image-2023-04-25-at-11.37.37-740x420.jpeg\" \/>\n\t<meta property=\"og:image:width\" content=\"2016\" \/>\n\t<meta property=\"og:image:height\" content=\"1134\" \/>\n\t<meta property=\"og:image:type\" content=\"image\/jpeg\" \/>\n<meta name=\"author\" content=\"admin\" \/>\n<meta name=\"twitter:card\" content=\"summary_large_image\" \/>\n<meta name=\"twitter:label1\" content=\"Yazan:\" \/>\n\t<meta name=\"twitter:data1\" content=\"admin\" \/>\n\t<meta name=\"twitter:label2\" content=\"Tahmini okuma s\u00fcresi\" \/>\n\t<meta name=\"twitter:data2\" content=\"2 dakika\" \/>\n<script type=\"application\/ld+json\" class=\"yoast-schema-graph\">{\"@context\":\"https:\\\/\\\/schema.org\",\"@graph\":[{\"@type\":\"Article\",\"@id\":\"https:\\\/\\\/kibrisdakik.com\\\/?p=5687#article\",\"isPartOf\":{\"@id\":\"https:\\\/\\\/kibrisdakik.com\\\/?p=5687\"},\"author\":{\"name\":\"admin\",\"@id\":\"https:\\\/\\\/kibrisdakik.com\\\/#\\\/schema\\\/person\\\/9cd9d437bbb44f72b73ba127e06d8e79\"},\"headline\":\"K\u0131br\u0131s \u0130pek Kozas\u0131 Festivali ba\u015fl\u0131yor\",\"datePublished\":\"2023-04-25T10:38:30+00:00\",\"mainEntityOfPage\":{\"@id\":\"https:\\\/\\\/kibrisdakik.com\\\/?p=5687\"},\"wordCount\":407,\"commentCount\":0,\"image\":{\"@id\":\"https:\\\/\\\/kibrisdakik.com\\\/?p=5687#primaryimage\"},\"thumbnailUrl\":\"https:\\\/\\\/kibrisdakik.com\\\/wp-content\\\/uploads\\\/2023\\\/04\\\/WhatsApp-Image-2023-04-25-at-11.37.37-740x420.jpeg\",\"articleSection\":[\"G\u00fcndem\"],\"inLanguage\":\"tr\",\"potentialAction\":[{\"@type\":\"CommentAction\",\"name\":\"Comment\",\"target\":[\"https:\\\/\\\/kibrisdakik.com\\\/?p=5687#respond\"]}]},{\"@type\":\"WebPage\",\"@id\":\"https:\\\/\\\/kibrisdakik.com\\\/?p=5687\",\"url\":\"https:\\\/\\\/kibrisdakik.com\\\/?p=5687\",\"name\":\"K\u0131br\u0131s \u0130pek Kozas\u0131 Festivali ba\u015fl\u0131yor -\",\"isPartOf\":{\"@id\":\"https:\\\/\\\/kibrisdakik.com\\\/#website\"},\"primaryImageOfPage\":{\"@id\":\"https:\\\/\\\/kibrisdakik.com\\\/?p=5687#primaryimage\"},\"image\":{\"@id\":\"https:\\\/\\\/kibrisdakik.com\\\/?p=5687#primaryimage\"},\"thumbnailUrl\":\"https:\\\/\\\/kibrisdakik.com\\\/wp-content\\\/uploads\\\/2023\\\/04\\\/WhatsApp-Image-2023-04-25-at-11.37.37-740x420.jpeg\",\"datePublished\":\"2023-04-25T10:38:30+00:00\",\"author\":{\"@id\":\"https:\\\/\\\/kibrisdakik.com\\\/#\\\/schema\\\/person\\\/9cd9d437bbb44f72b73ba127e06d8e79\"},\"breadcrumb\":{\"@id\":\"https:\\\/\\\/kibrisdakik.com\\\/?p=5687#breadcrumb\"},\"inLanguage\":\"tr\",\"potentialAction\":[{\"@type\":\"ReadAction\",\"target\":[\"https:\\\/\\\/kibrisdakik.com\\\/?p=5687\"]}]},{\"@type\":\"ImageObject\",\"inLanguage\":\"tr\",\"@id\":\"https:\\\/\\\/kibrisdakik.com\\\/?p=5687#primaryimage\",\"url\":\"https:\\\/\\\/kibrisdakik.com\\\/wp-content\\\/uploads\\\/2023\\\/04\\\/WhatsApp-Image-2023-04-25-at-11.37.37-740x420.jpeg\",\"contentUrl\":\"https:\\\/\\\/kibrisdakik.com\\\/wp-content\\\/uploads\\\/2023\\\/04\\\/WhatsApp-Image-2023-04-25-at-11.37.37-740x420.jpeg\",\"width\":2016,\"height\":1134},{\"@type\":\"BreadcrumbList\",\"@id\":\"https:\\\/\\\/kibrisdakik.com\\\/?p=5687#breadcrumb\",\"itemListElement\":[{\"@type\":\"ListItem\",\"position\":1,\"name\":\"Home\",\"item\":\"https:\\\/\\\/kibrisdakik.com\\\/\"},{\"@type\":\"ListItem\",\"position\":2,\"name\":\"K\u0131br\u0131s \u0130pek Kozas\u0131 Festivali ba\u015fl\u0131yor\"}]},{\"@type\":\"WebSite\",\"@id\":\"https:\\\/\\\/kibrisdakik.com\\\/#website\",\"url\":\"https:\\\/\\\/kibrisdakik.com\\\/\",\"name\":\"\",\"description\":\"Tam vaktinde haber\",\"potentialAction\":[{\"@type\":\"SearchAction\",\"target\":{\"@type\":\"EntryPoint\",\"urlTemplate\":\"https:\\\/\\\/kibrisdakik.com\\\/?s={search_term_string}\"},\"query-input\":{\"@type\":\"PropertyValueSpecification\",\"valueRequired\":true,\"valueName\":\"search_term_string\"}}],\"inLanguage\":\"tr\"},{\"@type\":\"Person\",\"@id\":\"https:\\\/\\\/kibrisdakik.com\\\/#\\\/schema\\\/person\\\/9cd9d437bbb44f72b73ba127e06d8e79\",\"name\":\"admin\",\"image\":{\"@type\":\"ImageObject\",\"inLanguage\":\"tr\",\"@id\":\"https:\\\/\\\/secure.gravatar.com\\\/avatar\\\/ccc17943b9d660506c869530f897617f7cb1c21a4bf30023f252596d83e1f007?s=96&d=mm&r=g\",\"url\":\"https:\\\/\\\/secure.gravatar.com\\\/avatar\\\/ccc17943b9d660506c869530f897617f7cb1c21a4bf30023f252596d83e1f007?s=96&d=mm&r=g\",\"contentUrl\":\"https:\\\/\\\/secure.gravatar.com\\\/avatar\\\/ccc17943b9d660506c869530f897617f7cb1c21a4bf30023f252596d83e1f007?s=96&d=mm&r=g\",\"caption\":\"admin\"},\"sameAs\":[\"https:\\\/\\\/kibrisdakik.com\"],\"url\":\"https:\\\/\\\/kibrisdakik.com\\\/?author=1\"}]}<\/script>\n<!-- \/ Yoast SEO plugin. -->","yoast_head_json":{"title":"K\u0131br\u0131s \u0130pek Kozas\u0131 Festivali ba\u015fl\u0131yor -","robots":{"index":"index","follow":"follow","max-snippet":"max-snippet:-1","max-image-preview":"max-image-preview:large","max-video-preview":"max-video-preview:-1"},"canonical":"https:\/\/kibrisdakik.com\/?p=5687","og_locale":"tr_TR","og_type":"article","og_title":"K\u0131br\u0131s \u0130pek Kozas\u0131 Festivali ba\u015fl\u0131yor -","og_description":"K\u0131br\u0131s \u0130pek Koza G\u00fcnleri\u2019nin 18\u2019incisi i\u00e7in geri say\u0131m ba\u015flad\u0131.Girne Belediyesi\u2019nin , Beylerbeyi Muhtarl\u0131\u011f\u0131 ve Ye\u015fil Bar\u0131\u015f Hareketi i\u015fbirli\u011finde d\u00fczenledi\u011fi K\u0131br\u0131s \u0130pek Koza G\u00fcnleri , 6-7 May\u0131s tarihlerinde ger\u00e7ekle\u015ftirilecek. 18\u2019inci K\u0131br\u0131s \u0130pek Koza G\u00fcnleri\u2019nin program\u0131 bas\u0131n toplant\u0131s\u0131 ile payla\u015f\u0131ld\u0131.Bellapais Manast\u0131r\u0131\u2019nda d\u00fczenlenen bas\u0131n toplant\u0131s\u0131nda konu\u015fan Girne Belediye Ba\u015fkan\u0131 Murat \u015eenkul, K\u0131br\u0131s \u0130pek Koza G\u00fcnleri\u2019nin 18incisinin d\u00fczenlenmesinin gurur","og_url":"https:\/\/kibrisdakik.com\/?p=5687","article_published_time":"2023-04-25T10:38:30+00:00","og_image":[{"width":2016,"height":1134,"url":"https:\/\/kibrisdakik.com\/wp-content\/uploads\/2023\/04\/WhatsApp-Image-2023-04-25-at-11.37.37-740x420.jpeg","type":"image\/jpeg"}],"author":"admin","twitter_card":"summary_large_image","twitter_misc":{"Yazan:":"admin","Tahmini okuma s\u00fcresi":"2 dakika"},"schema":{"@context":"https:\/\/schema.org","@graph":[{"@type":"Article","@id":"https:\/\/kibrisdakik.com\/?p=5687#article","isPartOf":{"@id":"https:\/\/kibrisdakik.com\/?p=5687"},"author":{"name":"admin","@id":"https:\/\/kibrisdakik.com\/#\/schema\/person\/9cd9d437bbb44f72b73ba127e06d8e79"},"headline":"K\u0131br\u0131s \u0130pek Kozas\u0131 Festivali ba\u015fl\u0131yor","datePublished":"2023-04-25T10:38:30+00:00","mainEntityOfPage":{"@id":"https:\/\/kibrisdakik.com\/?p=5687"},"wordCount":407,"commentCount":0,"image":{"@id":"https:\/\/kibrisdakik.com\/?p=5687#primaryimage"},"thumbnailUrl":"https:\/\/kibrisdakik.com\/wp-content\/uploads\/2023\/04\/WhatsApp-Image-2023-04-25-at-11.37.37-740x420.jpeg","articleSection":["G\u00fcndem"],"inLanguage":"tr","potentialAction":[{"@type":"CommentAction","name":"Comment","target":["https:\/\/kibrisdakik.com\/?p=5687#respond"]}]},{"@type":"WebPage","@id":"https:\/\/kibrisdakik.com\/?p=5687","url":"https:\/\/kibrisdakik.com\/?p=5687","name":"K\u0131br\u0131s \u0130pek Kozas\u0131 Festivali ba\u015fl\u0131yor -","isPartOf":{"@id":"https:\/\/kibrisdakik.com\/#website"},"primaryImageOfPage":{"@id":"https:\/\/kibrisdakik.com\/?p=5687#primaryimage"},"image":{"@id":"https:\/\/kibrisdakik.com\/?p=5687#primaryimage"},"thumbnailUrl":"https:\/\/kibrisdakik.com\/wp-content\/uploads\/2023\/04\/WhatsApp-Image-2023-04-25-at-11.37.37-740x420.jpeg","datePublished":"2023-04-25T10:38:30+00:00","author":{"@id":"https:\/\/kibrisdakik.com\/#\/schema\/person\/9cd9d437bbb44f72b73ba127e06d8e79"},"breadcrumb":{"@id":"https:\/\/kibrisdakik.com\/?p=5687#breadcrumb"},"inLanguage":"tr","potentialAction":[{"@type":"ReadAction","target":["https:\/\/kibrisdakik.com\/?p=5687"]}]},{"@type":"ImageObject","inLanguage":"tr","@id":"https:\/\/kibrisdakik.com\/?p=5687#primaryimage","url":"https:\/\/kibrisdakik.com\/wp-content\/uploads\/2023\/04\/WhatsApp-Image-2023-04-25-at-11.37.37-740x420.jpeg","contentUrl":"https:\/\/kibrisdakik.com\/wp-content\/uploads\/2023\/04\/WhatsApp-Image-2023-04-25-at-11.37.37-740x420.jpeg","width":2016,"height":1134},{"@type":"BreadcrumbList","@id":"https:\/\/kibrisdakik.com\/?p=5687#breadcrumb","itemListElement":[{"@type":"ListItem","position":1,"name":"Home","item":"https:\/\/kibrisdakik.com\/"},{"@type":"ListItem","position":2,"name":"K\u0131br\u0131s \u0130pek Kozas\u0131 Festivali ba\u015fl\u0131yor"}]},{"@type":"WebSite","@id":"https:\/\/kibrisdakik.com\/#website","url":"https:\/\/kibrisdakik.com\/","name":"","description":"Tam vaktinde haber","potentialAction":[{"@type":"SearchAction","target":{"@type":"EntryPoint","urlTemplate":"https:\/\/kibrisdakik.com\/?s={search_term_string}"},"query-input":{"@type":"PropertyValueSpecification","valueRequired":true,"valueName":"search_term_string"}}],"inLanguage":"tr"},{"@type":"Person","@id":"https:\/\/kibrisdakik.com\/#\/schema\/person\/9cd9d437bbb44f72b73ba127e06d8e79","name":"admin","image":{"@type":"ImageObject","inLanguage":"tr","@id":"https:\/\/secure.gravatar.com\/avatar\/ccc17943b9d660506c869530f897617f7cb1c21a4bf30023f252596d83e1f007?s=96&d=mm&r=g","url":"https:\/\/secure.gravatar.com\/avatar\/ccc17943b9d660506c869530f897617f7cb1c21a4bf30023f252596d83e1f007?s=96&d=mm&r=g","contentUrl":"https:\/\/secure.gravatar.com\/avatar\/ccc17943b9d660506c869530f897617f7cb1c21a4bf30023f252596d83e1f007?s=96&d=mm&r=g","caption":"admin"},"sameAs":["https:\/\/kibrisdakik.com"],"url":"https:\/\/kibrisdakik.com\/?author=1"}]}},"_links":{"self":[{"href":"https:\/\/kibrisdakik.com\/index.php?rest_route=\/wp\/v2\/posts\/5687","targetHints":{"allow":["GET"]}}],"collection":[{"href":"https:\/\/kibrisdakik.com\/index.php?rest_route=\/wp\/v2\/posts"}],"about":[{"href":"https:\/\/kibrisdakik.com\/index.php?rest_route=\/wp\/v2\/types\/post"}],"author":[{"embeddable":true,"href":"https:\/\/kibrisdakik.com\/index.php?rest_route=\/wp\/v2\/users\/1"}],"replies":[{"embeddable":true,"href":"https:\/\/kibrisdakik.com\/index.php?rest_route=%2Fwp%2Fv2%2Fcomments&post=5687"}],"version-history":[{"count":0,"href":"https:\/\/kibrisdakik.com\/index.php?rest_route=\/wp\/v2\/posts\/5687\/revisions"}],"wp:featuredmedia":[{"embeddable":true,"href":"https:\/\/kibrisdakik.com\/index.php?rest_route=\/wp\/v2\/media\/5688"}],"wp:attachment":[{"href":"https:\/\/kibrisdakik.com\/index.php?rest_route=%2Fwp%2Fv2%2Fmedia&parent=5687"}],"wp:term":[{"taxonomy":"category","embeddable":true,"href":"https:\/\/kibrisdakik.com\/index.php?rest_route=%2Fwp%2Fv2%2Fcategories&post=5687"},{"taxonomy":"post_tag","embeddable":true,"href":"https:\/\/kibrisdakik.com\/index.php?rest_route=%2Fwp%2Fv2%2Ftags&post=5687"}],"curies":[{"name":"wp","href":"https:\/\/api.w.org\/{rel}","templated":true}]}}