{"id":56891,"date":"2024-08-25T23:29:58","date_gmt":"2024-08-25T20:29:58","guid":{"rendered":"https:\/\/kibrisdakik.com\/index.php\/2024\/08\/25\/fenerbahce-caykur-rizesporu-deplasmanda-5-0-yendi\/"},"modified":"2024-08-25T23:29:58","modified_gmt":"2024-08-25T20:29:58","slug":"fenerbahce-caykur-rizesporu-deplasmanda-5-0-yendi","status":"publish","type":"post","link":"https:\/\/kibrisdakik.com\/?p=56891","title":{"rendered":"Fenerbah\u00e7e, \u00c7aykur Rizespor&#8217;u deplasmanda 5-0 yendi"},"content":{"rendered":"<p><img decoding=\"async\" src=\"https:\/\/foto.haberler.com\/haber\/2024\/08\/25\/fenerbahce-caykur-rizespor-u-deplasmanda-5-0-17754187_363_amp.jpg\" \/><\/p>\n<div id=\"\">\n<p> <a class=\"keyword\" href=\"https:\/\/www.haberler.com\/fenerbahce\/\" title=\"Fenerbah\u00e7e Haberleri, Fenerbah\u00e7e Haberi, Fenerbah\u00e7e Haber\"><strong>Fenerbah\u00e7e<\/strong><\/a>, Trendyol S\u00fcper Lig&#8217;in 3. haftas\u0131nda \u00c7aykur Rizespor ile deplasmanda kar\u015f\u0131la\u015ft\u0131. Sar\u0131-lacivertli tak\u0131m, Fred&#8217;in y\u0131ld\u0131zla\u015ft\u0131\u011f\u0131 ma\u00e7ta rakibini 5-0 ma\u011flup etti.<\/p>\n<h3>FRED GOLLE D\u00d6ND\u00dc<\/h3>\n<p> <a class=\"keyword\" href=\"https:\/\/www.haberler.com\/fenerbahce\/\" title=\"Fenerbah\u00e7e Haberleri, Fenerbah\u00e7e Haberi, Fenerbah\u00e7e Haber\"><strong>Fenerbah\u00e7e<\/strong><\/a>, sakatl\u0131ktan d\u00f6nerek formas\u0131na kavu\u015fan Fred ile 15. dakikada 1-0 \u00f6ne ge\u00e7ti. Sa\u011f kanattan gelen Tadic, topu Brezilyal\u0131 y\u0131ld\u0131z\u0131n \u00f6n\u00fcne b\u0131rakt\u0131. Tecr\u00fcbeli orta saha, driblingle topu s\u00fcrerek uzaktan harika bir \u015futla topu a\u011flara g\u00f6nderdi. Bu gol ayn\u0131 zamanda ilk yar\u0131n\u0131n skorunu belirledi.<\/p>\n<h3>FENERBAH\u00c7E 2 KEZ PENALTI BEKLED\u0130<\/h3>\n<p>Sar\u0131-lacivertli tak\u0131m 18. dakikada Oosterwolde&#8217;nin, 39. dakikada ise Fred&#8217;in yerde kalmas\u0131n\u0131n ard\u0131ndan penalt\u0131 bekledi. Futbolcular, kar\u015f\u0131la\u015fman\u0131n hakemi Turgut Doman&#8217;a yo\u011fun itirazda bulundu. Ancak Doman, her 2 pozisyonda da oyunu devam ettirdi.<\/p>\n<h3>DZEKO FARKI 2&#8217;YE \u00c7IKARDI<\/h3>\n<p>Mert M\u00fcld\u00fcr&#8217;\u00fcn savunma arkas\u0131na att\u0131\u011f\u0131 pasta topla bulu\u015fan ve sa\u011f kanattan ceza sahas\u0131na giren Dzeko, dar a\u00e7\u0131dan yapt\u0131\u011f\u0131 d\u00fczg\u00fcn vuru\u015fla fileleri buldu ve tak\u0131m\u0131n\u0131 2 farkl\u0131 \u00fcst\u00fcnl\u00fc\u011fe ta\u015f\u0131d\u0131. Sar\u0131-lacivertlilerin en golc\u00fc ismi olan Bo\u015fnak forvet, bu sezondaki 7. ma\u00e7\u0131nda 7. kez gol sevinci ya\u015fad\u0131.<\/p>\n<h3>FRED HAT-TRICK YAPTI<\/h3>\n<p>60. dakikada Maximin, sa\u011f kanattan getirdi\u011fi topu arka direkteki Fred&#8217;e g\u00f6nderdi ve Brezilyal\u0131 y\u0131ld\u0131z topu filelere g\u00f6ndererek skoru 3-0&#8217;a getirdi. 64. dakikada bir kez daha sahneye \u00e7\u0131kan 31 ya\u015f\u0131ndaki futbolcu, Dzeko&#8217;nun kaleciden seken topunu filelere g\u00f6nderdi ve hat-trick yaparak Fenerbah\u00e7e&#8217;yi 4-0 \u00f6ne ge\u00e7irdi.<\/p>\n<h3>FRED&#8217;\u0130N KAR\u0130YER\u0130NDE B\u0130R \u0130LK<\/h3>\n<p>Fenerbah\u00e7e&#8217;nin Brezilyal\u0131 y\u0131ld\u0131z\u0131 Fred, sakatl\u0131\u011f\u0131n\u0131 atlatarak \u00c7aykur Rizespor ma\u00e7\u0131yla formas\u0131na kavu\u015ftu. Deplasmandaki kar\u015f\u0131la\u015fmada 15, 60 ve 64. dakikalarda goller bularak kariyerinde ilk kez hat-trick yapmay\u0131 ba\u015fard\u0131.<\/p>\n<h3>ALIKULOV KEND\u0130 KALES\u0130NE ATTI<\/h3>\n<p>Fenerbah\u00e7e, bu golden yaln\u0131zca 2 dakika sonra 5. gol\u00fc buldu. 66. dakikada Tadic&#8217;in ceza sahas\u0131na \u00e7evirdi\u011fi top, Rizesporlu Alikulov&#8217;a \u00e7arparak filelere gitti ve fark b\u00f6ylelikle 5&#8217;e y\u00fckseldi. Kalan dakikalarda ba\u015fka gol olmay\u0131nca sar\u0131-lacivertli tak\u0131m bu 5-0&#8217;l\u0131k skorla sahadan ayr\u0131larak hanesine 3 puan yazd\u0131rd\u0131.<\/p>\n<div class=\"editorSade\">Kaynak: Haberler.com \/  <a href=\"https:\/\/www.haberler.com\/spor\/\" title=\"Spor Haberleri\">Spor<\/a> <\/div>\n<h4 id=\"nwsKeywords\"> <a href=\"https:\/\/www.haberler.com\/fenerbahce\/\" title=\"Fenerbah\u00e7e\" class=\"hbptTag\">Fenerbah\u00e7e<\/a>  <a href=\"https:\/\/www.haberler.com\/edin-dzeko\/\" title=\"Edin Dzeko\" class=\"hbptTag\">Edin Dzeko<\/a>  <a href=\"https:\/\/www.haberler.com\/rizespor\/\" title=\"Rizespor\" class=\"hbptTag\">Rizespor<\/a>  <a href=\"https:\/\/www.haberler.com\/super-lig\/\" title=\"S\u00fcper Lig\" class=\"hbptTag\">S\u00fcper Lig<\/a>  <a href=\"https:\/\/www.haberler.com\/futbol\/\" title=\"Futbol\" class=\"hbptTag\">Futbol<\/a>  <a href=\"https:\/\/www.haberler.com\/spor\/\" title=\"Spor\" class=\"hbptTag\">Spor<\/a>  <a href=\"https:\/\/www.haberler.com\/\" title=\"Haberler\" class=\"hbptTag\">Haberler<\/a> <\/h4>\n<\/div>\n","protected":false},"excerpt":{"rendered":"<p>Fenerbah\u00e7e, Trendyol S\u00fcper Lig&#8217;in 3. haftas\u0131nda \u00c7aykur Rizespor ile deplasmanda kar\u015f\u0131la\u015ft\u0131. Sar\u0131-lacivertli tak\u0131m, Fred&#8217;in y\u0131ld\u0131zla\u015ft\u0131\u011f\u0131 ma\u00e7ta rakibini 5-0 ma\u011flup etti. FRED GOLLE D\u00d6ND\u00dc Fenerbah\u00e7e, sakatl\u0131ktan d\u00f6nerek formas\u0131na kavu\u015fan Fred ile 15. dakikada 1-0 \u00f6ne ge\u00e7ti. Sa\u011f kanattan gelen Tadic, topu Brezilyal\u0131 y\u0131ld\u0131z\u0131n \u00f6n\u00fcne b\u0131rakt\u0131. Tecr\u00fcbeli orta saha, driblingle topu s\u00fcrerek uzaktan harika bir \u015futla topu<\/p>\n","protected":false},"author":1,"featured_media":56892,"comment_status":"open","ping_status":"open","sticky":false,"template":"","format":"standard","meta":{"footnotes":""},"categories":[83],"tags":[],"class_list":["post-56891","post","type-post","status-publish","format-standard","has-post-thumbnail","hentry","category-magazin"],"yoast_head":"<!-- This site is optimized with the Yoast SEO plugin v27.5 - https:\/\/yoast.com\/product\/yoast-seo-wordpress\/ -->\n<title>Fenerbah\u00e7e, \u00c7aykur Rizespor&#039;u deplasmanda 5-0 yendi -<\/title>\n<meta name=\"robots\" content=\"index, follow, max-snippet:-1, max-image-preview:large, max-video-preview:-1\" \/>\n<link rel=\"canonical\" href=\"https:\/\/kibrisdakik.com\/?p=56891\" \/>\n<meta property=\"og:locale\" content=\"tr_TR\" \/>\n<meta property=\"og:type\" content=\"article\" \/>\n<meta property=\"og:title\" content=\"Fenerbah\u00e7e, \u00c7aykur Rizespor&#039;u deplasmanda 5-0 yendi -\" \/>\n<meta property=\"og:description\" content=\"Fenerbah\u00e7e, Trendyol S\u00fcper Lig&#8217;in 3. haftas\u0131nda \u00c7aykur Rizespor ile deplasmanda kar\u015f\u0131la\u015ft\u0131. Sar\u0131-lacivertli tak\u0131m, Fred&#8217;in y\u0131ld\u0131zla\u015ft\u0131\u011f\u0131 ma\u00e7ta rakibini 5-0 ma\u011flup etti. FRED GOLLE D\u00d6ND\u00dc Fenerbah\u00e7e, sakatl\u0131ktan d\u00f6nerek formas\u0131na kavu\u015fan Fred ile 15. dakikada 1-0 \u00f6ne ge\u00e7ti. Sa\u011f kanattan gelen Tadic, topu Brezilyal\u0131 y\u0131ld\u0131z\u0131n \u00f6n\u00fcne b\u0131rakt\u0131. Tecr\u00fcbeli orta saha, driblingle topu s\u00fcrerek uzaktan harika bir \u015futla topu\" \/>\n<meta property=\"og:url\" content=\"https:\/\/kibrisdakik.com\/?p=56891\" \/>\n<meta property=\"article:published_time\" content=\"2024-08-25T20:29:58+00:00\" \/>\n<meta property=\"og:image\" content=\"https:\/\/kibrisdakik.com\/wp-content\/uploads\/2024\/08\/fenerbahce-caykur-rizespor-u-deplasmanda-5-0-17754187_363_amp.jpg\" \/>\n\t<meta property=\"og:image:width\" content=\"1200\" \/>\n\t<meta property=\"og:image:height\" content=\"685\" \/>\n\t<meta property=\"og:image:type\" content=\"image\/jpeg\" \/>\n<meta name=\"author\" content=\"admin\" \/>\n<meta name=\"twitter:card\" content=\"summary_large_image\" \/>\n<meta name=\"twitter:label1\" content=\"Yazan:\" \/>\n\t<meta name=\"twitter:data1\" content=\"admin\" \/>\n\t<meta name=\"twitter:label2\" content=\"Tahmini okuma s\u00fcresi\" \/>\n\t<meta name=\"twitter:data2\" content=\"2 dakika\" \/>\n<script type=\"application\/ld+json\" class=\"yoast-schema-graph\">{\"@context\":\"https:\\\/\\\/schema.org\",\"@graph\":[{\"@type\":\"Article\",\"@id\":\"https:\\\/\\\/kibrisdakik.com\\\/?p=56891#article\",\"isPartOf\":{\"@id\":\"https:\\\/\\\/kibrisdakik.com\\\/?p=56891\"},\"author\":{\"name\":\"admin\",\"@id\":\"https:\\\/\\\/kibrisdakik.com\\\/#\\\/schema\\\/person\\\/9cd9d437bbb44f72b73ba127e06d8e79\"},\"headline\":\"Fenerbah\u00e7e, \u00c7aykur Rizespor&#8217;u deplasmanda 5-0 yendi\",\"datePublished\":\"2024-08-25T20:29:58+00:00\",\"mainEntityOfPage\":{\"@id\":\"https:\\\/\\\/kibrisdakik.com\\\/?p=56891\"},\"wordCount\":373,\"commentCount\":0,\"image\":{\"@id\":\"https:\\\/\\\/kibrisdakik.com\\\/?p=56891#primaryimage\"},\"thumbnailUrl\":\"https:\\\/\\\/kibrisdakik.com\\\/wp-content\\\/uploads\\\/2024\\\/08\\\/fenerbahce-caykur-rizespor-u-deplasmanda-5-0-17754187_363_amp.jpg\",\"articleSection\":[\"Magazin\"],\"inLanguage\":\"tr\",\"potentialAction\":[{\"@type\":\"CommentAction\",\"name\":\"Comment\",\"target\":[\"https:\\\/\\\/kibrisdakik.com\\\/?p=56891#respond\"]}]},{\"@type\":\"WebPage\",\"@id\":\"https:\\\/\\\/kibrisdakik.com\\\/?p=56891\",\"url\":\"https:\\\/\\\/kibrisdakik.com\\\/?p=56891\",\"name\":\"Fenerbah\u00e7e, \u00c7aykur Rizespor'u deplasmanda 5-0 yendi -\",\"isPartOf\":{\"@id\":\"https:\\\/\\\/kibrisdakik.com\\\/#website\"},\"primaryImageOfPage\":{\"@id\":\"https:\\\/\\\/kibrisdakik.com\\\/?p=56891#primaryimage\"},\"image\":{\"@id\":\"https:\\\/\\\/kibrisdakik.com\\\/?p=56891#primaryimage\"},\"thumbnailUrl\":\"https:\\\/\\\/kibrisdakik.com\\\/wp-content\\\/uploads\\\/2024\\\/08\\\/fenerbahce-caykur-rizespor-u-deplasmanda-5-0-17754187_363_amp.jpg\",\"datePublished\":\"2024-08-25T20:29:58+00:00\",\"author\":{\"@id\":\"https:\\\/\\\/kibrisdakik.com\\\/#\\\/schema\\\/person\\\/9cd9d437bbb44f72b73ba127e06d8e79\"},\"breadcrumb\":{\"@id\":\"https:\\\/\\\/kibrisdakik.com\\\/?p=56891#breadcrumb\"},\"inLanguage\":\"tr\",\"potentialAction\":[{\"@type\":\"ReadAction\",\"target\":[\"https:\\\/\\\/kibrisdakik.com\\\/?p=56891\"]}]},{\"@type\":\"ImageObject\",\"inLanguage\":\"tr\",\"@id\":\"https:\\\/\\\/kibrisdakik.com\\\/?p=56891#primaryimage\",\"url\":\"https:\\\/\\\/kibrisdakik.com\\\/wp-content\\\/uploads\\\/2024\\\/08\\\/fenerbahce-caykur-rizespor-u-deplasmanda-5-0-17754187_363_amp.jpg\",\"contentUrl\":\"https:\\\/\\\/kibrisdakik.com\\\/wp-content\\\/uploads\\\/2024\\\/08\\\/fenerbahce-caykur-rizespor-u-deplasmanda-5-0-17754187_363_amp.jpg\",\"width\":1200,\"height\":685},{\"@type\":\"BreadcrumbList\",\"@id\":\"https:\\\/\\\/kibrisdakik.com\\\/?p=56891#breadcrumb\",\"itemListElement\":[{\"@type\":\"ListItem\",\"position\":1,\"name\":\"Home\",\"item\":\"https:\\\/\\\/kibrisdakik.com\\\/\"},{\"@type\":\"ListItem\",\"position\":2,\"name\":\"Fenerbah\u00e7e, \u00c7aykur Rizespor&#8217;u deplasmanda 5-0 yendi\"}]},{\"@type\":\"WebSite\",\"@id\":\"https:\\\/\\\/kibrisdakik.com\\\/#website\",\"url\":\"https:\\\/\\\/kibrisdakik.com\\\/\",\"name\":\"\",\"description\":\"Tam vaktinde haber\",\"potentialAction\":[{\"@type\":\"SearchAction\",\"target\":{\"@type\":\"EntryPoint\",\"urlTemplate\":\"https:\\\/\\\/kibrisdakik.com\\\/?s={search_term_string}\"},\"query-input\":{\"@type\":\"PropertyValueSpecification\",\"valueRequired\":true,\"valueName\":\"search_term_string\"}}],\"inLanguage\":\"tr\"},{\"@type\":\"Person\",\"@id\":\"https:\\\/\\\/kibrisdakik.com\\\/#\\\/schema\\\/person\\\/9cd9d437bbb44f72b73ba127e06d8e79\",\"name\":\"admin\",\"image\":{\"@type\":\"ImageObject\",\"inLanguage\":\"tr\",\"@id\":\"https:\\\/\\\/secure.gravatar.com\\\/avatar\\\/ccc17943b9d660506c869530f897617f7cb1c21a4bf30023f252596d83e1f007?s=96&d=mm&r=g\",\"url\":\"https:\\\/\\\/secure.gravatar.com\\\/avatar\\\/ccc17943b9d660506c869530f897617f7cb1c21a4bf30023f252596d83e1f007?s=96&d=mm&r=g\",\"contentUrl\":\"https:\\\/\\\/secure.gravatar.com\\\/avatar\\\/ccc17943b9d660506c869530f897617f7cb1c21a4bf30023f252596d83e1f007?s=96&d=mm&r=g\",\"caption\":\"admin\"},\"sameAs\":[\"https:\\\/\\\/kibrisdakik.com\"],\"url\":\"https:\\\/\\\/kibrisdakik.com\\\/?author=1\"}]}<\/script>\n<!-- \/ Yoast SEO plugin. -->","yoast_head_json":{"title":"Fenerbah\u00e7e, \u00c7aykur Rizespor'u deplasmanda 5-0 yendi -","robots":{"index":"index","follow":"follow","max-snippet":"max-snippet:-1","max-image-preview":"max-image-preview:large","max-video-preview":"max-video-preview:-1"},"canonical":"https:\/\/kibrisdakik.com\/?p=56891","og_locale":"tr_TR","og_type":"article","og_title":"Fenerbah\u00e7e, \u00c7aykur Rizespor'u deplasmanda 5-0 yendi -","og_description":"Fenerbah\u00e7e, Trendyol S\u00fcper Lig&#8217;in 3. haftas\u0131nda \u00c7aykur Rizespor ile deplasmanda kar\u015f\u0131la\u015ft\u0131. Sar\u0131-lacivertli tak\u0131m, Fred&#8217;in y\u0131ld\u0131zla\u015ft\u0131\u011f\u0131 ma\u00e7ta rakibini 5-0 ma\u011flup etti. FRED GOLLE D\u00d6ND\u00dc Fenerbah\u00e7e, sakatl\u0131ktan d\u00f6nerek formas\u0131na kavu\u015fan Fred ile 15. dakikada 1-0 \u00f6ne ge\u00e7ti. Sa\u011f kanattan gelen Tadic, topu Brezilyal\u0131 y\u0131ld\u0131z\u0131n \u00f6n\u00fcne b\u0131rakt\u0131. Tecr\u00fcbeli orta saha, driblingle topu s\u00fcrerek uzaktan harika bir \u015futla topu","og_url":"https:\/\/kibrisdakik.com\/?p=56891","article_published_time":"2024-08-25T20:29:58+00:00","og_image":[{"width":1200,"height":685,"url":"https:\/\/kibrisdakik.com\/wp-content\/uploads\/2024\/08\/fenerbahce-caykur-rizespor-u-deplasmanda-5-0-17754187_363_amp.jpg","type":"image\/jpeg"}],"author":"admin","twitter_card":"summary_large_image","twitter_misc":{"Yazan:":"admin","Tahmini okuma s\u00fcresi":"2 dakika"},"schema":{"@context":"https:\/\/schema.org","@graph":[{"@type":"Article","@id":"https:\/\/kibrisdakik.com\/?p=56891#article","isPartOf":{"@id":"https:\/\/kibrisdakik.com\/?p=56891"},"author":{"name":"admin","@id":"https:\/\/kibrisdakik.com\/#\/schema\/person\/9cd9d437bbb44f72b73ba127e06d8e79"},"headline":"Fenerbah\u00e7e, \u00c7aykur Rizespor&#8217;u deplasmanda 5-0 yendi","datePublished":"2024-08-25T20:29:58+00:00","mainEntityOfPage":{"@id":"https:\/\/kibrisdakik.com\/?p=56891"},"wordCount":373,"commentCount":0,"image":{"@id":"https:\/\/kibrisdakik.com\/?p=56891#primaryimage"},"thumbnailUrl":"https:\/\/kibrisdakik.com\/wp-content\/uploads\/2024\/08\/fenerbahce-caykur-rizespor-u-deplasmanda-5-0-17754187_363_amp.jpg","articleSection":["Magazin"],"inLanguage":"tr","potentialAction":[{"@type":"CommentAction","name":"Comment","target":["https:\/\/kibrisdakik.com\/?p=56891#respond"]}]},{"@type":"WebPage","@id":"https:\/\/kibrisdakik.com\/?p=56891","url":"https:\/\/kibrisdakik.com\/?p=56891","name":"Fenerbah\u00e7e, \u00c7aykur Rizespor'u deplasmanda 5-0 yendi -","isPartOf":{"@id":"https:\/\/kibrisdakik.com\/#website"},"primaryImageOfPage":{"@id":"https:\/\/kibrisdakik.com\/?p=56891#primaryimage"},"image":{"@id":"https:\/\/kibrisdakik.com\/?p=56891#primaryimage"},"thumbnailUrl":"https:\/\/kibrisdakik.com\/wp-content\/uploads\/2024\/08\/fenerbahce-caykur-rizespor-u-deplasmanda-5-0-17754187_363_amp.jpg","datePublished":"2024-08-25T20:29:58+00:00","author":{"@id":"https:\/\/kibrisdakik.com\/#\/schema\/person\/9cd9d437bbb44f72b73ba127e06d8e79"},"breadcrumb":{"@id":"https:\/\/kibrisdakik.com\/?p=56891#breadcrumb"},"inLanguage":"tr","potentialAction":[{"@type":"ReadAction","target":["https:\/\/kibrisdakik.com\/?p=56891"]}]},{"@type":"ImageObject","inLanguage":"tr","@id":"https:\/\/kibrisdakik.com\/?p=56891#primaryimage","url":"https:\/\/kibrisdakik.com\/wp-content\/uploads\/2024\/08\/fenerbahce-caykur-rizespor-u-deplasmanda-5-0-17754187_363_amp.jpg","contentUrl":"https:\/\/kibrisdakik.com\/wp-content\/uploads\/2024\/08\/fenerbahce-caykur-rizespor-u-deplasmanda-5-0-17754187_363_amp.jpg","width":1200,"height":685},{"@type":"BreadcrumbList","@id":"https:\/\/kibrisdakik.com\/?p=56891#breadcrumb","itemListElement":[{"@type":"ListItem","position":1,"name":"Home","item":"https:\/\/kibrisdakik.com\/"},{"@type":"ListItem","position":2,"name":"Fenerbah\u00e7e, \u00c7aykur Rizespor&#8217;u deplasmanda 5-0 yendi"}]},{"@type":"WebSite","@id":"https:\/\/kibrisdakik.com\/#website","url":"https:\/\/kibrisdakik.com\/","name":"","description":"Tam vaktinde haber","potentialAction":[{"@type":"SearchAction","target":{"@type":"EntryPoint","urlTemplate":"https:\/\/kibrisdakik.com\/?s={search_term_string}"},"query-input":{"@type":"PropertyValueSpecification","valueRequired":true,"valueName":"search_term_string"}}],"inLanguage":"tr"},{"@type":"Person","@id":"https:\/\/kibrisdakik.com\/#\/schema\/person\/9cd9d437bbb44f72b73ba127e06d8e79","name":"admin","image":{"@type":"ImageObject","inLanguage":"tr","@id":"https:\/\/secure.gravatar.com\/avatar\/ccc17943b9d660506c869530f897617f7cb1c21a4bf30023f252596d83e1f007?s=96&d=mm&r=g","url":"https:\/\/secure.gravatar.com\/avatar\/ccc17943b9d660506c869530f897617f7cb1c21a4bf30023f252596d83e1f007?s=96&d=mm&r=g","contentUrl":"https:\/\/secure.gravatar.com\/avatar\/ccc17943b9d660506c869530f897617f7cb1c21a4bf30023f252596d83e1f007?s=96&d=mm&r=g","caption":"admin"},"sameAs":["https:\/\/kibrisdakik.com"],"url":"https:\/\/kibrisdakik.com\/?author=1"}]}},"_links":{"self":[{"href":"https:\/\/kibrisdakik.com\/index.php?rest_route=\/wp\/v2\/posts\/56891","targetHints":{"allow":["GET"]}}],"collection":[{"href":"https:\/\/kibrisdakik.com\/index.php?rest_route=\/wp\/v2\/posts"}],"about":[{"href":"https:\/\/kibrisdakik.com\/index.php?rest_route=\/wp\/v2\/types\/post"}],"author":[{"embeddable":true,"href":"https:\/\/kibrisdakik.com\/index.php?rest_route=\/wp\/v2\/users\/1"}],"replies":[{"embeddable":true,"href":"https:\/\/kibrisdakik.com\/index.php?rest_route=%2Fwp%2Fv2%2Fcomments&post=56891"}],"version-history":[{"count":0,"href":"https:\/\/kibrisdakik.com\/index.php?rest_route=\/wp\/v2\/posts\/56891\/revisions"}],"wp:featuredmedia":[{"embeddable":true,"href":"https:\/\/kibrisdakik.com\/index.php?rest_route=\/wp\/v2\/media\/56892"}],"wp:attachment":[{"href":"https:\/\/kibrisdakik.com\/index.php?rest_route=%2Fwp%2Fv2%2Fmedia&parent=56891"}],"wp:term":[{"taxonomy":"category","embeddable":true,"href":"https:\/\/kibrisdakik.com\/index.php?rest_route=%2Fwp%2Fv2%2Fcategories&post=56891"},{"taxonomy":"post_tag","embeddable":true,"href":"https:\/\/kibrisdakik.com\/index.php?rest_route=%2Fwp%2Fv2%2Ftags&post=56891"}],"curies":[{"name":"wp","href":"https:\/\/api.w.org\/{rel}","templated":true}]}}