{"id":56893,"date":"2024-08-25T21:51:48","date_gmt":"2024-08-25T18:51:48","guid":{"rendered":"https:\/\/kibrisdakik.com\/index.php\/2024\/08\/25\/sanliurfada-itfaiye-erinin-yangin-mudahalesi-sirasinda-alevlerin-arasina-dusmesi\/"},"modified":"2024-08-25T21:51:48","modified_gmt":"2024-08-25T18:51:48","slug":"sanliurfada-itfaiye-erinin-yangin-mudahalesi-sirasinda-alevlerin-arasina-dusmesi","status":"publish","type":"post","link":"https:\/\/kibrisdakik.com\/?p=56893","title":{"rendered":"\u015eanl\u0131urfa&#8217;da \u0130tfaiye Erinin Yang\u0131n M\u00fcdahalesi S\u0131ras\u0131nda Alevlerin Aras\u0131na D\u00fc\u015fmesi"},"content":{"rendered":"<p><img decoding=\"async\" src=\"https:\/\/foto.haberler.com\/haber\/2024\/08\/25\/alevlerin-arasina-dusen-itfaiye-eri-agir-yaralandi-17754022_3396_amp.jpg\" \/><\/p>\n<div id=\"\">\n<p>\u015eanl\u0131urfa&#8217;n\u0131n Siverek il\u00e7esinde, itfaiye arac\u0131ndan yang\u0131na m\u00fcdahale ederken dengesini kaybedip alevlerin aras\u0131na d\u00fc\u015fen itfaiye eri, a\u011f\u0131r yaraland\u0131.<\/p>\n<p>Olay, il\u00e7eye ba\u011fl\u0131 Ger\u00e7ek Mahallesi&#8217;nde meydana geldi. Al\u0131nan bilgilere g\u00f6re, gelen ihbar \u00fczerine yang\u0131na m\u00fcdahale etmek i\u00e7in b\u00f6lgeye giden itfaiye ekipleri, yang\u0131n\u0131 kontrol alt\u0131na almak i\u00e7in \u00e7al\u0131\u015fma ba\u015flatt\u0131. \u0130tfaiye arac\u0131n\u0131n \u00fczerinden yang\u0131na m\u00fcdahale eden H\u00fcseyin A. (33), dengesini kaybederek alevlerin aras\u0131na d\u00fc\u015ft\u00fc.<\/p>\n<p>Durumu fark eden di\u011fer itfaiye ekipleri, H\u00fcseyin A.&#8217;y\u0131 alevlerin aras\u0131ndan \u00e7\u0131kararak olay yerine 112 Acil Sa\u011fl\u0131k ekiplerini \u00e7a\u011f\u0131rd\u0131. \u0130lk m\u00fcdahalenin ard\u0131ndan Siverek Devlet Hastanesi&#8217;ne kald\u0131r\u0131lan H\u00fcseyin A., hayati tehlikesi bulunmas\u0131 nedeniyle \u015eanl\u0131urfa E\u011fitim ve Ara\u015ft\u0131rma Hastanesi&#8217;ne sevk edildi. &#8211; \u015eANLIURFA<\/p>\n<div class=\"editorSade\">Kaynak: \u0130hlas Haber Ajans\u0131 \/  <a href=\"https:\/\/www.haberler.com\/3-sayfa\/\" title=\"3.Sayfa Haberleri\">3.Sayfa<\/a> <\/div>\n<h4 id=\"nwsKeywords\"> <a href=\"https:\/\/www.haberler.com\/3-sayfa\/\" title=\"3-sayfa\" class=\"hbptTag\">3-sayfa<\/a>  <a href=\"https:\/\/www.haberler.com\/siverek\/\" title=\"Siverek\" class=\"hbptTag\">Siverek<\/a>  <a href=\"https:\/\/www.haberler.com\/itfaiye\/\" title=\"\u0130tfaiye\" class=\"hbptTag\">\u0130tfaiye<\/a>  <a href=\"https:\/\/www.haberler.com\/itfaiye\/\" title=\"\u0130tfaiye\" class=\"hbptTag\">\u0130tfaiye<\/a>  <a href=\"https:\/\/www.haberler.com\/acil-durum\/\" title=\"Acil Durum\" class=\"hbptTag\">Acil Durum<\/a>  <a href=\"https:\/\/www.haberler.com\/kaza\/\" title=\"Kaza\" class=\"hbptTag\">Kaza<\/a>  <a href=\"https:\/\/www.haberler.com\/3-sayfa\/\" title=\"3.Sayfa\" class=\"hbptTag\">3.Sayfa<\/a>  <a href=\"https:\/\/www.haberler.com\/yasam\/\" title=\"Ya\u015fam\" class=\"hbptTag\">Ya\u015fam<\/a>  <a href=\"https:\/\/www.haberler.com\/guncel\/\" title=\"G\u00fcncel\" class=\"hbptTag\">G\u00fcncel<\/a>  <a href=\"https:\/\/www.haberler.com\/\" title=\"Haberler\" class=\"hbptTag\">Haberler<\/a> <\/h4>\n<\/div>\n","protected":false},"excerpt":{"rendered":"<p>\u015eanl\u0131urfa&#8217;n\u0131n Siverek il\u00e7esinde, itfaiye arac\u0131ndan yang\u0131na m\u00fcdahale ederken dengesini kaybedip alevlerin aras\u0131na d\u00fc\u015fen itfaiye eri, a\u011f\u0131r yaraland\u0131. Olay, il\u00e7eye ba\u011fl\u0131 Ger\u00e7ek Mahallesi&#8217;nde meydana geldi. Al\u0131nan bilgilere g\u00f6re, gelen ihbar \u00fczerine yang\u0131na m\u00fcdahale etmek i\u00e7in b\u00f6lgeye giden itfaiye ekipleri, yang\u0131n\u0131 kontrol alt\u0131na almak i\u00e7in \u00e7al\u0131\u015fma ba\u015flatt\u0131. \u0130tfaiye arac\u0131n\u0131n \u00fczerinden yang\u0131na m\u00fcdahale eden H\u00fcseyin A. (33), dengesini<\/p>\n","protected":false},"author":1,"featured_media":56894,"comment_status":"open","ping_status":"open","sticky":false,"template":"","format":"standard","meta":{"footnotes":""},"categories":[83],"tags":[],"class_list":["post-56893","post","type-post","status-publish","format-standard","has-post-thumbnail","hentry","category-magazin"],"yoast_head":"<!-- This site is optimized with the Yoast SEO plugin v27.4 - https:\/\/yoast.com\/product\/yoast-seo-wordpress\/ -->\n<title>\u015eanl\u0131urfa&#039;da \u0130tfaiye Erinin Yang\u0131n M\u00fcdahalesi S\u0131ras\u0131nda Alevlerin Aras\u0131na D\u00fc\u015fmesi -<\/title>\n<meta name=\"robots\" content=\"index, follow, max-snippet:-1, max-image-preview:large, max-video-preview:-1\" \/>\n<link rel=\"canonical\" href=\"https:\/\/kibrisdakik.com\/?p=56893\" \/>\n<meta property=\"og:locale\" content=\"tr_TR\" \/>\n<meta property=\"og:type\" content=\"article\" \/>\n<meta property=\"og:title\" content=\"\u015eanl\u0131urfa&#039;da \u0130tfaiye Erinin Yang\u0131n M\u00fcdahalesi S\u0131ras\u0131nda Alevlerin Aras\u0131na D\u00fc\u015fmesi -\" \/>\n<meta property=\"og:description\" content=\"\u015eanl\u0131urfa&#8217;n\u0131n Siverek il\u00e7esinde, itfaiye arac\u0131ndan yang\u0131na m\u00fcdahale ederken dengesini kaybedip alevlerin aras\u0131na d\u00fc\u015fen itfaiye eri, a\u011f\u0131r yaraland\u0131. Olay, il\u00e7eye ba\u011fl\u0131 Ger\u00e7ek Mahallesi&#8217;nde meydana geldi. Al\u0131nan bilgilere g\u00f6re, gelen ihbar \u00fczerine yang\u0131na m\u00fcdahale etmek i\u00e7in b\u00f6lgeye giden itfaiye ekipleri, yang\u0131n\u0131 kontrol alt\u0131na almak i\u00e7in \u00e7al\u0131\u015fma ba\u015flatt\u0131. \u0130tfaiye arac\u0131n\u0131n \u00fczerinden yang\u0131na m\u00fcdahale eden H\u00fcseyin A. (33), dengesini\" \/>\n<meta property=\"og:url\" content=\"https:\/\/kibrisdakik.com\/?p=56893\" \/>\n<meta property=\"article:published_time\" content=\"2024-08-25T18:51:48+00:00\" \/>\n<meta property=\"og:image\" content=\"https:\/\/kibrisdakik.com\/wp-content\/uploads\/2024\/08\/alevlerin-arasina-dusen-itfaiye-eri-agir-yaralandi-17754022_3396_amp.jpg\" \/>\n\t<meta property=\"og:image:width\" content=\"1202\" \/>\n\t<meta property=\"og:image:height\" content=\"675\" \/>\n\t<meta property=\"og:image:type\" content=\"image\/jpeg\" \/>\n<meta name=\"author\" content=\"admin\" \/>\n<meta name=\"twitter:card\" content=\"summary_large_image\" \/>\n<meta name=\"twitter:label1\" content=\"Yazan:\" \/>\n\t<meta name=\"twitter:data1\" content=\"admin\" \/>\n\t<meta name=\"twitter:label2\" content=\"Tahmini okuma s\u00fcresi\" \/>\n\t<meta name=\"twitter:data2\" content=\"1 dakika\" \/>\n<script type=\"application\/ld+json\" class=\"yoast-schema-graph\">{\"@context\":\"https:\\\/\\\/schema.org\",\"@graph\":[{\"@type\":\"Article\",\"@id\":\"https:\\\/\\\/kibrisdakik.com\\\/?p=56893#article\",\"isPartOf\":{\"@id\":\"https:\\\/\\\/kibrisdakik.com\\\/?p=56893\"},\"author\":{\"name\":\"admin\",\"@id\":\"https:\\\/\\\/kibrisdakik.com\\\/#\\\/schema\\\/person\\\/9cd9d437bbb44f72b73ba127e06d8e79\"},\"headline\":\"\u015eanl\u0131urfa&#8217;da \u0130tfaiye Erinin Yang\u0131n M\u00fcdahalesi S\u0131ras\u0131nda Alevlerin Aras\u0131na D\u00fc\u015fmesi\",\"datePublished\":\"2024-08-25T18:51:48+00:00\",\"mainEntityOfPage\":{\"@id\":\"https:\\\/\\\/kibrisdakik.com\\\/?p=56893\"},\"wordCount\":177,\"commentCount\":0,\"image\":{\"@id\":\"https:\\\/\\\/kibrisdakik.com\\\/?p=56893#primaryimage\"},\"thumbnailUrl\":\"https:\\\/\\\/kibrisdakik.com\\\/wp-content\\\/uploads\\\/2024\\\/08\\\/alevlerin-arasina-dusen-itfaiye-eri-agir-yaralandi-17754022_3396_amp.jpg\",\"articleSection\":[\"Magazin\"],\"inLanguage\":\"tr\",\"potentialAction\":[{\"@type\":\"CommentAction\",\"name\":\"Comment\",\"target\":[\"https:\\\/\\\/kibrisdakik.com\\\/?p=56893#respond\"]}]},{\"@type\":\"WebPage\",\"@id\":\"https:\\\/\\\/kibrisdakik.com\\\/?p=56893\",\"url\":\"https:\\\/\\\/kibrisdakik.com\\\/?p=56893\",\"name\":\"\u015eanl\u0131urfa'da \u0130tfaiye Erinin Yang\u0131n M\u00fcdahalesi S\u0131ras\u0131nda Alevlerin Aras\u0131na D\u00fc\u015fmesi -\",\"isPartOf\":{\"@id\":\"https:\\\/\\\/kibrisdakik.com\\\/#website\"},\"primaryImageOfPage\":{\"@id\":\"https:\\\/\\\/kibrisdakik.com\\\/?p=56893#primaryimage\"},\"image\":{\"@id\":\"https:\\\/\\\/kibrisdakik.com\\\/?p=56893#primaryimage\"},\"thumbnailUrl\":\"https:\\\/\\\/kibrisdakik.com\\\/wp-content\\\/uploads\\\/2024\\\/08\\\/alevlerin-arasina-dusen-itfaiye-eri-agir-yaralandi-17754022_3396_amp.jpg\",\"datePublished\":\"2024-08-25T18:51:48+00:00\",\"author\":{\"@id\":\"https:\\\/\\\/kibrisdakik.com\\\/#\\\/schema\\\/person\\\/9cd9d437bbb44f72b73ba127e06d8e79\"},\"breadcrumb\":{\"@id\":\"https:\\\/\\\/kibrisdakik.com\\\/?p=56893#breadcrumb\"},\"inLanguage\":\"tr\",\"potentialAction\":[{\"@type\":\"ReadAction\",\"target\":[\"https:\\\/\\\/kibrisdakik.com\\\/?p=56893\"]}]},{\"@type\":\"ImageObject\",\"inLanguage\":\"tr\",\"@id\":\"https:\\\/\\\/kibrisdakik.com\\\/?p=56893#primaryimage\",\"url\":\"https:\\\/\\\/kibrisdakik.com\\\/wp-content\\\/uploads\\\/2024\\\/08\\\/alevlerin-arasina-dusen-itfaiye-eri-agir-yaralandi-17754022_3396_amp.jpg\",\"contentUrl\":\"https:\\\/\\\/kibrisdakik.com\\\/wp-content\\\/uploads\\\/2024\\\/08\\\/alevlerin-arasina-dusen-itfaiye-eri-agir-yaralandi-17754022_3396_amp.jpg\",\"width\":1202,\"height\":675},{\"@type\":\"BreadcrumbList\",\"@id\":\"https:\\\/\\\/kibrisdakik.com\\\/?p=56893#breadcrumb\",\"itemListElement\":[{\"@type\":\"ListItem\",\"position\":1,\"name\":\"Home\",\"item\":\"https:\\\/\\\/kibrisdakik.com\\\/\"},{\"@type\":\"ListItem\",\"position\":2,\"name\":\"\u015eanl\u0131urfa&#8217;da \u0130tfaiye Erinin Yang\u0131n M\u00fcdahalesi S\u0131ras\u0131nda Alevlerin Aras\u0131na D\u00fc\u015fmesi\"}]},{\"@type\":\"WebSite\",\"@id\":\"https:\\\/\\\/kibrisdakik.com\\\/#website\",\"url\":\"https:\\\/\\\/kibrisdakik.com\\\/\",\"name\":\"\",\"description\":\"Tam vaktinde haber\",\"potentialAction\":[{\"@type\":\"SearchAction\",\"target\":{\"@type\":\"EntryPoint\",\"urlTemplate\":\"https:\\\/\\\/kibrisdakik.com\\\/?s={search_term_string}\"},\"query-input\":{\"@type\":\"PropertyValueSpecification\",\"valueRequired\":true,\"valueName\":\"search_term_string\"}}],\"inLanguage\":\"tr\"},{\"@type\":\"Person\",\"@id\":\"https:\\\/\\\/kibrisdakik.com\\\/#\\\/schema\\\/person\\\/9cd9d437bbb44f72b73ba127e06d8e79\",\"name\":\"admin\",\"image\":{\"@type\":\"ImageObject\",\"inLanguage\":\"tr\",\"@id\":\"https:\\\/\\\/secure.gravatar.com\\\/avatar\\\/ccc17943b9d660506c869530f897617f7cb1c21a4bf30023f252596d83e1f007?s=96&d=mm&r=g\",\"url\":\"https:\\\/\\\/secure.gravatar.com\\\/avatar\\\/ccc17943b9d660506c869530f897617f7cb1c21a4bf30023f252596d83e1f007?s=96&d=mm&r=g\",\"contentUrl\":\"https:\\\/\\\/secure.gravatar.com\\\/avatar\\\/ccc17943b9d660506c869530f897617f7cb1c21a4bf30023f252596d83e1f007?s=96&d=mm&r=g\",\"caption\":\"admin\"},\"sameAs\":[\"https:\\\/\\\/kibrisdakik.com\"],\"url\":\"https:\\\/\\\/kibrisdakik.com\\\/?author=1\"}]}<\/script>\n<!-- \/ Yoast SEO plugin. -->","yoast_head_json":{"title":"\u015eanl\u0131urfa'da \u0130tfaiye Erinin Yang\u0131n M\u00fcdahalesi S\u0131ras\u0131nda Alevlerin Aras\u0131na D\u00fc\u015fmesi -","robots":{"index":"index","follow":"follow","max-snippet":"max-snippet:-1","max-image-preview":"max-image-preview:large","max-video-preview":"max-video-preview:-1"},"canonical":"https:\/\/kibrisdakik.com\/?p=56893","og_locale":"tr_TR","og_type":"article","og_title":"\u015eanl\u0131urfa'da \u0130tfaiye Erinin Yang\u0131n M\u00fcdahalesi S\u0131ras\u0131nda Alevlerin Aras\u0131na D\u00fc\u015fmesi -","og_description":"\u015eanl\u0131urfa&#8217;n\u0131n Siverek il\u00e7esinde, itfaiye arac\u0131ndan yang\u0131na m\u00fcdahale ederken dengesini kaybedip alevlerin aras\u0131na d\u00fc\u015fen itfaiye eri, a\u011f\u0131r yaraland\u0131. Olay, il\u00e7eye ba\u011fl\u0131 Ger\u00e7ek Mahallesi&#8217;nde meydana geldi. Al\u0131nan bilgilere g\u00f6re, gelen ihbar \u00fczerine yang\u0131na m\u00fcdahale etmek i\u00e7in b\u00f6lgeye giden itfaiye ekipleri, yang\u0131n\u0131 kontrol alt\u0131na almak i\u00e7in \u00e7al\u0131\u015fma ba\u015flatt\u0131. \u0130tfaiye arac\u0131n\u0131n \u00fczerinden yang\u0131na m\u00fcdahale eden H\u00fcseyin A. (33), dengesini","og_url":"https:\/\/kibrisdakik.com\/?p=56893","article_published_time":"2024-08-25T18:51:48+00:00","og_image":[{"width":1202,"height":675,"url":"https:\/\/kibrisdakik.com\/wp-content\/uploads\/2024\/08\/alevlerin-arasina-dusen-itfaiye-eri-agir-yaralandi-17754022_3396_amp.jpg","type":"image\/jpeg"}],"author":"admin","twitter_card":"summary_large_image","twitter_misc":{"Yazan:":"admin","Tahmini okuma s\u00fcresi":"1 dakika"},"schema":{"@context":"https:\/\/schema.org","@graph":[{"@type":"Article","@id":"https:\/\/kibrisdakik.com\/?p=56893#article","isPartOf":{"@id":"https:\/\/kibrisdakik.com\/?p=56893"},"author":{"name":"admin","@id":"https:\/\/kibrisdakik.com\/#\/schema\/person\/9cd9d437bbb44f72b73ba127e06d8e79"},"headline":"\u015eanl\u0131urfa&#8217;da \u0130tfaiye Erinin Yang\u0131n M\u00fcdahalesi S\u0131ras\u0131nda Alevlerin Aras\u0131na D\u00fc\u015fmesi","datePublished":"2024-08-25T18:51:48+00:00","mainEntityOfPage":{"@id":"https:\/\/kibrisdakik.com\/?p=56893"},"wordCount":177,"commentCount":0,"image":{"@id":"https:\/\/kibrisdakik.com\/?p=56893#primaryimage"},"thumbnailUrl":"https:\/\/kibrisdakik.com\/wp-content\/uploads\/2024\/08\/alevlerin-arasina-dusen-itfaiye-eri-agir-yaralandi-17754022_3396_amp.jpg","articleSection":["Magazin"],"inLanguage":"tr","potentialAction":[{"@type":"CommentAction","name":"Comment","target":["https:\/\/kibrisdakik.com\/?p=56893#respond"]}]},{"@type":"WebPage","@id":"https:\/\/kibrisdakik.com\/?p=56893","url":"https:\/\/kibrisdakik.com\/?p=56893","name":"\u015eanl\u0131urfa'da \u0130tfaiye Erinin Yang\u0131n M\u00fcdahalesi S\u0131ras\u0131nda Alevlerin Aras\u0131na D\u00fc\u015fmesi -","isPartOf":{"@id":"https:\/\/kibrisdakik.com\/#website"},"primaryImageOfPage":{"@id":"https:\/\/kibrisdakik.com\/?p=56893#primaryimage"},"image":{"@id":"https:\/\/kibrisdakik.com\/?p=56893#primaryimage"},"thumbnailUrl":"https:\/\/kibrisdakik.com\/wp-content\/uploads\/2024\/08\/alevlerin-arasina-dusen-itfaiye-eri-agir-yaralandi-17754022_3396_amp.jpg","datePublished":"2024-08-25T18:51:48+00:00","author":{"@id":"https:\/\/kibrisdakik.com\/#\/schema\/person\/9cd9d437bbb44f72b73ba127e06d8e79"},"breadcrumb":{"@id":"https:\/\/kibrisdakik.com\/?p=56893#breadcrumb"},"inLanguage":"tr","potentialAction":[{"@type":"ReadAction","target":["https:\/\/kibrisdakik.com\/?p=56893"]}]},{"@type":"ImageObject","inLanguage":"tr","@id":"https:\/\/kibrisdakik.com\/?p=56893#primaryimage","url":"https:\/\/kibrisdakik.com\/wp-content\/uploads\/2024\/08\/alevlerin-arasina-dusen-itfaiye-eri-agir-yaralandi-17754022_3396_amp.jpg","contentUrl":"https:\/\/kibrisdakik.com\/wp-content\/uploads\/2024\/08\/alevlerin-arasina-dusen-itfaiye-eri-agir-yaralandi-17754022_3396_amp.jpg","width":1202,"height":675},{"@type":"BreadcrumbList","@id":"https:\/\/kibrisdakik.com\/?p=56893#breadcrumb","itemListElement":[{"@type":"ListItem","position":1,"name":"Home","item":"https:\/\/kibrisdakik.com\/"},{"@type":"ListItem","position":2,"name":"\u015eanl\u0131urfa&#8217;da \u0130tfaiye Erinin Yang\u0131n M\u00fcdahalesi S\u0131ras\u0131nda Alevlerin Aras\u0131na D\u00fc\u015fmesi"}]},{"@type":"WebSite","@id":"https:\/\/kibrisdakik.com\/#website","url":"https:\/\/kibrisdakik.com\/","name":"","description":"Tam vaktinde haber","potentialAction":[{"@type":"SearchAction","target":{"@type":"EntryPoint","urlTemplate":"https:\/\/kibrisdakik.com\/?s={search_term_string}"},"query-input":{"@type":"PropertyValueSpecification","valueRequired":true,"valueName":"search_term_string"}}],"inLanguage":"tr"},{"@type":"Person","@id":"https:\/\/kibrisdakik.com\/#\/schema\/person\/9cd9d437bbb44f72b73ba127e06d8e79","name":"admin","image":{"@type":"ImageObject","inLanguage":"tr","@id":"https:\/\/secure.gravatar.com\/avatar\/ccc17943b9d660506c869530f897617f7cb1c21a4bf30023f252596d83e1f007?s=96&d=mm&r=g","url":"https:\/\/secure.gravatar.com\/avatar\/ccc17943b9d660506c869530f897617f7cb1c21a4bf30023f252596d83e1f007?s=96&d=mm&r=g","contentUrl":"https:\/\/secure.gravatar.com\/avatar\/ccc17943b9d660506c869530f897617f7cb1c21a4bf30023f252596d83e1f007?s=96&d=mm&r=g","caption":"admin"},"sameAs":["https:\/\/kibrisdakik.com"],"url":"https:\/\/kibrisdakik.com\/?author=1"}]}},"_links":{"self":[{"href":"https:\/\/kibrisdakik.com\/index.php?rest_route=\/wp\/v2\/posts\/56893","targetHints":{"allow":["GET"]}}],"collection":[{"href":"https:\/\/kibrisdakik.com\/index.php?rest_route=\/wp\/v2\/posts"}],"about":[{"href":"https:\/\/kibrisdakik.com\/index.php?rest_route=\/wp\/v2\/types\/post"}],"author":[{"embeddable":true,"href":"https:\/\/kibrisdakik.com\/index.php?rest_route=\/wp\/v2\/users\/1"}],"replies":[{"embeddable":true,"href":"https:\/\/kibrisdakik.com\/index.php?rest_route=%2Fwp%2Fv2%2Fcomments&post=56893"}],"version-history":[{"count":0,"href":"https:\/\/kibrisdakik.com\/index.php?rest_route=\/wp\/v2\/posts\/56893\/revisions"}],"wp:featuredmedia":[{"embeddable":true,"href":"https:\/\/kibrisdakik.com\/index.php?rest_route=\/wp\/v2\/media\/56894"}],"wp:attachment":[{"href":"https:\/\/kibrisdakik.com\/index.php?rest_route=%2Fwp%2Fv2%2Fmedia&parent=56893"}],"wp:term":[{"taxonomy":"category","embeddable":true,"href":"https:\/\/kibrisdakik.com\/index.php?rest_route=%2Fwp%2Fv2%2Fcategories&post=56893"},{"taxonomy":"post_tag","embeddable":true,"href":"https:\/\/kibrisdakik.com\/index.php?rest_route=%2Fwp%2Fv2%2Ftags&post=56893"}],"curies":[{"name":"wp","href":"https:\/\/api.w.org\/{rel}","templated":true}]}}