{"id":56925,"date":"2024-08-26T08:05:00","date_gmt":"2024-08-26T05:05:00","guid":{"rendered":"https:\/\/kibrisdakik.com\/index.php\/2024\/08\/26\/gencecik-kizini-bogan-cani-babanin-ilk-ifadesi-ortaya-cikti\/"},"modified":"2024-08-26T08:05:00","modified_gmt":"2024-08-26T05:05:00","slug":"gencecik-kizini-bogan-cani-babanin-ilk-ifadesi-ortaya-cikti","status":"publish","type":"post","link":"https:\/\/kibrisdakik.com\/?p=56925","title":{"rendered":"Gencecik k\u0131z\u0131n\u0131 bo\u011fan cani baban\u0131n ilk ifadesi ortaya \u00e7\u0131kt\u0131"},"content":{"rendered":"<p><\/p>\n<div id=\"\">\n<p> <a class=\"keyword\" href=\"https:\/\/www.haberler.com\/balikesir\/\" title=\"Bal\u0131kesir Haberleri, Bal\u0131kesir Haberi, Bal\u0131kesir Haber\"><strong>Bal\u0131kesir<\/strong><\/a>&#8216;in G\u00f6nen il\u00e7esinde 18 ya\u015f\u0131ndaki Eylem Sevilen, tart\u0131\u015ft\u0131\u011f\u0131 babas\u0131 Murat Sevilen taraf\u0131ndan bo\u011fularak \u00f6ld\u00fcr\u00fclm\u00fc\u015ft\u00fc. Olayla ilgili itirafta bulunan ve tutuklanan cani baban\u0131n ilk ifadesi ortaya \u00e7\u0131kt\u0131.<\/p>\n<p>Al\u0131nan bilgiye g\u00f6re, polis ekipleri, Kar\u015f\u0131yaka Mahallesi 4016 Sokak&#8217;ta ya\u015fayan Hafize Sevilen&#8217;in, k\u0131z\u0131 Eylem Sevilen&#8217;in (18) g\u00fcn i\u00e7inde eve gelmedi\u011fi ihbar\u0131 \u00fczerine ara\u015ft\u0131rmaya ba\u015flad\u0131. Ard\u0131ndan ba\u015fka bir aile yak\u0131n\u0131n\u0131n Sevilen&#8217;in evindeki kanepenin i\u00e7inde hareketsiz yatt\u0131\u011f\u0131 bilgisini vermesi \u00fczerine, ekipler Sevilen&#8217;i burada buldu. Sa\u011fl\u0131k ekiplerince yap\u0131lan kontrollerde ya\u015fam\u0131n\u0131 yitirdi\u011fi belirlenen Eylem Sevilen&#8217;in cenazesi, incelemelerin ard\u0131ndan G\u00f6nen Devlet Hastanesi morguna g\u00f6nderildi.<\/p>\n<h3>ERKEK ARKADA\u015eI OLDU\u011eU \u0130\u00c7\u0130N \u00d6LD\u00dcRM\u00dc\u015e<\/h3>\n<p>Konuyla ilgili \u015f\u00fcpheli baba Murat Sevilen (44), g\u00f6zalt\u0131na al\u0131nd\u0131. Baba Sevilen&#8217;in emniyetteki ilk ifadesinde, k\u0131z\u0131n\u0131 arkada\u015f\u0131n\u0131n do\u011fum g\u00fcn\u00fcne gitmek istedi\u011fi ve bir erkek arkada\u015f\u0131 oldu\u011fundan \u015f\u00fcphelendi\u011fi i\u00e7in elleriyle bo\u011farak \u00f6ld\u00fcrd\u00fc\u011f\u00fcn\u00fc itiraf etti\u011fi \u00f6\u011frenildi. \u0130\u015flemlerinin ard\u0131ndan adliyeye sevk edilen zanl\u0131 Sevilen, \u00e7\u0131kar\u0131ld\u0131\u011f\u0131 n\u00f6bet\u00e7i hakimlik\u00e7e tutukland\u0131.<\/p>\n<figure class=\"type:primaryimage hbhOrder\" style=\"margin-bottom: 20px;\"><img loading=\"lazy\" decoding=\"async\" width=\"1202\" height=\"675\" class=\"hbptMainImage\" id=\"HaberImage\" src=\"https:\/\/foto.haberler.com\/resize\/601x337\/haber\/2024\/08\/26\/gencecik-kizini-bogan-cani-babanin-ilk-ifadesi-17754513_4961_amp.jpg\"\/><\/figure>\n<h4 id=\"nwsKeywords\"> <a href=\"https:\/\/www.haberler.com\/balikesir\/\" title=\"Bal\u0131kesir\" class=\"hbptTag\">Bal\u0131kesir<\/a>  <a href=\"https:\/\/www.haberler.com\/3-sayfa\/\" title=\"3-sayfa\" class=\"hbptTag\">3-sayfa<\/a>  <a href=\"https:\/\/www.haberler.com\/gonen\/\" title=\"G\u00f6nen\" class=\"hbptTag\">G\u00f6nen<\/a>  <a href=\"https:\/\/www.haberler.com\/baba\/\" title=\"Baba\" class=\"hbptTag\">Baba<\/a>  <a href=\"https:\/\/www.haberler.com\/polisiye\/\" title=\"Polisiye\" class=\"hbptTag\">Polisiye<\/a>  <a href=\"https:\/\/www.haberler.com\/hukuk\/\" title=\"Hukuk\" class=\"hbptTag\">Hukuk<\/a>  <a href=\"https:\/\/www.haberler.com\/3-sayfa\/\" title=\"3.Sayfa\" class=\"hbptTag\">3.Sayfa<\/a>  <a href=\"https:\/\/www.haberler.com\/guncel\/\" title=\"G\u00fcncel\" class=\"hbptTag\">G\u00fcncel<\/a>  <a href=\"https:\/\/www.haberler.com\/\" title=\"Haberler\" class=\"hbptTag\">Haberler<\/a> <\/h4>\n<\/div>\n","protected":false},"excerpt":{"rendered":"<p>Bal\u0131kesir&#8216;in G\u00f6nen il\u00e7esinde 18 ya\u015f\u0131ndaki Eylem Sevilen, tart\u0131\u015ft\u0131\u011f\u0131 babas\u0131 Murat Sevilen taraf\u0131ndan bo\u011fularak \u00f6ld\u00fcr\u00fclm\u00fc\u015ft\u00fc. Olayla ilgili itirafta bulunan ve tutuklanan cani baban\u0131n ilk ifadesi ortaya \u00e7\u0131kt\u0131. Al\u0131nan bilgiye g\u00f6re, polis ekipleri, Kar\u015f\u0131yaka Mahallesi 4016 Sokak&#8217;ta ya\u015fayan Hafize Sevilen&#8217;in, k\u0131z\u0131 Eylem Sevilen&#8217;in (18) g\u00fcn i\u00e7inde eve gelmedi\u011fi ihbar\u0131 \u00fczerine ara\u015ft\u0131rmaya ba\u015flad\u0131. Ard\u0131ndan ba\u015fka bir aile yak\u0131n\u0131n\u0131n<\/p>\n","protected":false},"author":1,"featured_media":56926,"comment_status":"open","ping_status":"open","sticky":false,"template":"","format":"standard","meta":{"footnotes":""},"categories":[83],"tags":[],"class_list":["post-56925","post","type-post","status-publish","format-standard","has-post-thumbnail","hentry","category-magazin"],"yoast_head":"<!-- This site is optimized with the Yoast SEO plugin v27.4 - https:\/\/yoast.com\/product\/yoast-seo-wordpress\/ -->\n<title>Gencecik k\u0131z\u0131n\u0131 bo\u011fan cani baban\u0131n ilk ifadesi ortaya \u00e7\u0131kt\u0131 -<\/title>\n<meta name=\"robots\" content=\"index, follow, max-snippet:-1, max-image-preview:large, max-video-preview:-1\" \/>\n<link rel=\"canonical\" href=\"https:\/\/kibrisdakik.com\/?p=56925\" \/>\n<meta property=\"og:locale\" content=\"tr_TR\" \/>\n<meta property=\"og:type\" content=\"article\" \/>\n<meta property=\"og:title\" content=\"Gencecik k\u0131z\u0131n\u0131 bo\u011fan cani baban\u0131n ilk ifadesi ortaya \u00e7\u0131kt\u0131 -\" \/>\n<meta property=\"og:description\" content=\"Bal\u0131kesir&#8216;in G\u00f6nen il\u00e7esinde 18 ya\u015f\u0131ndaki Eylem Sevilen, tart\u0131\u015ft\u0131\u011f\u0131 babas\u0131 Murat Sevilen taraf\u0131ndan bo\u011fularak \u00f6ld\u00fcr\u00fclm\u00fc\u015ft\u00fc. Olayla ilgili itirafta bulunan ve tutuklanan cani baban\u0131n ilk ifadesi ortaya \u00e7\u0131kt\u0131. Al\u0131nan bilgiye g\u00f6re, polis ekipleri, Kar\u015f\u0131yaka Mahallesi 4016 Sokak&#8217;ta ya\u015fayan Hafize Sevilen&#8217;in, k\u0131z\u0131 Eylem Sevilen&#8217;in (18) g\u00fcn i\u00e7inde eve gelmedi\u011fi ihbar\u0131 \u00fczerine ara\u015ft\u0131rmaya ba\u015flad\u0131. Ard\u0131ndan ba\u015fka bir aile yak\u0131n\u0131n\u0131n\" \/>\n<meta property=\"og:url\" content=\"https:\/\/kibrisdakik.com\/?p=56925\" \/>\n<meta property=\"article:published_time\" content=\"2024-08-26T05:05:00+00:00\" \/>\n<meta property=\"og:image\" content=\"https:\/\/kibrisdakik.com\/wp-content\/uploads\/2024\/08\/gencecik-kizini-bogan-cani-babanin-ilk-ifadesi-17754513_4961_amp.jpg\" \/>\n\t<meta property=\"og:image:width\" content=\"601\" \/>\n\t<meta property=\"og:image:height\" content=\"337\" \/>\n\t<meta property=\"og:image:type\" content=\"image\/jpeg\" \/>\n<meta name=\"author\" content=\"admin\" \/>\n<meta name=\"twitter:card\" content=\"summary_large_image\" \/>\n<meta name=\"twitter:label1\" content=\"Yazan:\" \/>\n\t<meta name=\"twitter:data1\" content=\"admin\" \/>\n\t<meta name=\"twitter:label2\" content=\"Tahmini okuma s\u00fcresi\" \/>\n\t<meta name=\"twitter:data2\" content=\"1 dakika\" \/>\n<script type=\"application\/ld+json\" class=\"yoast-schema-graph\">{\"@context\":\"https:\\\/\\\/schema.org\",\"@graph\":[{\"@type\":\"Article\",\"@id\":\"https:\\\/\\\/kibrisdakik.com\\\/?p=56925#article\",\"isPartOf\":{\"@id\":\"https:\\\/\\\/kibrisdakik.com\\\/?p=56925\"},\"author\":{\"name\":\"admin\",\"@id\":\"https:\\\/\\\/kibrisdakik.com\\\/#\\\/schema\\\/person\\\/9cd9d437bbb44f72b73ba127e06d8e79\"},\"headline\":\"Gencecik k\u0131z\u0131n\u0131 bo\u011fan cani baban\u0131n ilk ifadesi ortaya \u00e7\u0131kt\u0131\",\"datePublished\":\"2024-08-26T05:05:00+00:00\",\"mainEntityOfPage\":{\"@id\":\"https:\\\/\\\/kibrisdakik.com\\\/?p=56925\"},\"wordCount\":219,\"commentCount\":0,\"image\":{\"@id\":\"https:\\\/\\\/kibrisdakik.com\\\/?p=56925#primaryimage\"},\"thumbnailUrl\":\"https:\\\/\\\/kibrisdakik.com\\\/wp-content\\\/uploads\\\/2024\\\/08\\\/gencecik-kizini-bogan-cani-babanin-ilk-ifadesi-17754513_4961_amp.jpg\",\"articleSection\":[\"Magazin\"],\"inLanguage\":\"tr\",\"potentialAction\":[{\"@type\":\"CommentAction\",\"name\":\"Comment\",\"target\":[\"https:\\\/\\\/kibrisdakik.com\\\/?p=56925#respond\"]}]},{\"@type\":\"WebPage\",\"@id\":\"https:\\\/\\\/kibrisdakik.com\\\/?p=56925\",\"url\":\"https:\\\/\\\/kibrisdakik.com\\\/?p=56925\",\"name\":\"Gencecik k\u0131z\u0131n\u0131 bo\u011fan cani baban\u0131n ilk ifadesi ortaya \u00e7\u0131kt\u0131 -\",\"isPartOf\":{\"@id\":\"https:\\\/\\\/kibrisdakik.com\\\/#website\"},\"primaryImageOfPage\":{\"@id\":\"https:\\\/\\\/kibrisdakik.com\\\/?p=56925#primaryimage\"},\"image\":{\"@id\":\"https:\\\/\\\/kibrisdakik.com\\\/?p=56925#primaryimage\"},\"thumbnailUrl\":\"https:\\\/\\\/kibrisdakik.com\\\/wp-content\\\/uploads\\\/2024\\\/08\\\/gencecik-kizini-bogan-cani-babanin-ilk-ifadesi-17754513_4961_amp.jpg\",\"datePublished\":\"2024-08-26T05:05:00+00:00\",\"author\":{\"@id\":\"https:\\\/\\\/kibrisdakik.com\\\/#\\\/schema\\\/person\\\/9cd9d437bbb44f72b73ba127e06d8e79\"},\"breadcrumb\":{\"@id\":\"https:\\\/\\\/kibrisdakik.com\\\/?p=56925#breadcrumb\"},\"inLanguage\":\"tr\",\"potentialAction\":[{\"@type\":\"ReadAction\",\"target\":[\"https:\\\/\\\/kibrisdakik.com\\\/?p=56925\"]}]},{\"@type\":\"ImageObject\",\"inLanguage\":\"tr\",\"@id\":\"https:\\\/\\\/kibrisdakik.com\\\/?p=56925#primaryimage\",\"url\":\"https:\\\/\\\/kibrisdakik.com\\\/wp-content\\\/uploads\\\/2024\\\/08\\\/gencecik-kizini-bogan-cani-babanin-ilk-ifadesi-17754513_4961_amp.jpg\",\"contentUrl\":\"https:\\\/\\\/kibrisdakik.com\\\/wp-content\\\/uploads\\\/2024\\\/08\\\/gencecik-kizini-bogan-cani-babanin-ilk-ifadesi-17754513_4961_amp.jpg\",\"width\":601,\"height\":337},{\"@type\":\"BreadcrumbList\",\"@id\":\"https:\\\/\\\/kibrisdakik.com\\\/?p=56925#breadcrumb\",\"itemListElement\":[{\"@type\":\"ListItem\",\"position\":1,\"name\":\"Home\",\"item\":\"https:\\\/\\\/kibrisdakik.com\\\/\"},{\"@type\":\"ListItem\",\"position\":2,\"name\":\"Gencecik k\u0131z\u0131n\u0131 bo\u011fan cani baban\u0131n ilk ifadesi ortaya \u00e7\u0131kt\u0131\"}]},{\"@type\":\"WebSite\",\"@id\":\"https:\\\/\\\/kibrisdakik.com\\\/#website\",\"url\":\"https:\\\/\\\/kibrisdakik.com\\\/\",\"name\":\"\",\"description\":\"Tam vaktinde haber\",\"potentialAction\":[{\"@type\":\"SearchAction\",\"target\":{\"@type\":\"EntryPoint\",\"urlTemplate\":\"https:\\\/\\\/kibrisdakik.com\\\/?s={search_term_string}\"},\"query-input\":{\"@type\":\"PropertyValueSpecification\",\"valueRequired\":true,\"valueName\":\"search_term_string\"}}],\"inLanguage\":\"tr\"},{\"@type\":\"Person\",\"@id\":\"https:\\\/\\\/kibrisdakik.com\\\/#\\\/schema\\\/person\\\/9cd9d437bbb44f72b73ba127e06d8e79\",\"name\":\"admin\",\"image\":{\"@type\":\"ImageObject\",\"inLanguage\":\"tr\",\"@id\":\"https:\\\/\\\/secure.gravatar.com\\\/avatar\\\/ccc17943b9d660506c869530f897617f7cb1c21a4bf30023f252596d83e1f007?s=96&d=mm&r=g\",\"url\":\"https:\\\/\\\/secure.gravatar.com\\\/avatar\\\/ccc17943b9d660506c869530f897617f7cb1c21a4bf30023f252596d83e1f007?s=96&d=mm&r=g\",\"contentUrl\":\"https:\\\/\\\/secure.gravatar.com\\\/avatar\\\/ccc17943b9d660506c869530f897617f7cb1c21a4bf30023f252596d83e1f007?s=96&d=mm&r=g\",\"caption\":\"admin\"},\"sameAs\":[\"https:\\\/\\\/kibrisdakik.com\"],\"url\":\"https:\\\/\\\/kibrisdakik.com\\\/?author=1\"}]}<\/script>\n<!-- \/ Yoast SEO plugin. -->","yoast_head_json":{"title":"Gencecik k\u0131z\u0131n\u0131 bo\u011fan cani baban\u0131n ilk ifadesi ortaya \u00e7\u0131kt\u0131 -","robots":{"index":"index","follow":"follow","max-snippet":"max-snippet:-1","max-image-preview":"max-image-preview:large","max-video-preview":"max-video-preview:-1"},"canonical":"https:\/\/kibrisdakik.com\/?p=56925","og_locale":"tr_TR","og_type":"article","og_title":"Gencecik k\u0131z\u0131n\u0131 bo\u011fan cani baban\u0131n ilk ifadesi ortaya \u00e7\u0131kt\u0131 -","og_description":"Bal\u0131kesir&#8216;in G\u00f6nen il\u00e7esinde 18 ya\u015f\u0131ndaki Eylem Sevilen, tart\u0131\u015ft\u0131\u011f\u0131 babas\u0131 Murat Sevilen taraf\u0131ndan bo\u011fularak \u00f6ld\u00fcr\u00fclm\u00fc\u015ft\u00fc. Olayla ilgili itirafta bulunan ve tutuklanan cani baban\u0131n ilk ifadesi ortaya \u00e7\u0131kt\u0131. Al\u0131nan bilgiye g\u00f6re, polis ekipleri, Kar\u015f\u0131yaka Mahallesi 4016 Sokak&#8217;ta ya\u015fayan Hafize Sevilen&#8217;in, k\u0131z\u0131 Eylem Sevilen&#8217;in (18) g\u00fcn i\u00e7inde eve gelmedi\u011fi ihbar\u0131 \u00fczerine ara\u015ft\u0131rmaya ba\u015flad\u0131. Ard\u0131ndan ba\u015fka bir aile yak\u0131n\u0131n\u0131n","og_url":"https:\/\/kibrisdakik.com\/?p=56925","article_published_time":"2024-08-26T05:05:00+00:00","og_image":[{"width":601,"height":337,"url":"https:\/\/kibrisdakik.com\/wp-content\/uploads\/2024\/08\/gencecik-kizini-bogan-cani-babanin-ilk-ifadesi-17754513_4961_amp.jpg","type":"image\/jpeg"}],"author":"admin","twitter_card":"summary_large_image","twitter_misc":{"Yazan:":"admin","Tahmini okuma s\u00fcresi":"1 dakika"},"schema":{"@context":"https:\/\/schema.org","@graph":[{"@type":"Article","@id":"https:\/\/kibrisdakik.com\/?p=56925#article","isPartOf":{"@id":"https:\/\/kibrisdakik.com\/?p=56925"},"author":{"name":"admin","@id":"https:\/\/kibrisdakik.com\/#\/schema\/person\/9cd9d437bbb44f72b73ba127e06d8e79"},"headline":"Gencecik k\u0131z\u0131n\u0131 bo\u011fan cani baban\u0131n ilk ifadesi ortaya \u00e7\u0131kt\u0131","datePublished":"2024-08-26T05:05:00+00:00","mainEntityOfPage":{"@id":"https:\/\/kibrisdakik.com\/?p=56925"},"wordCount":219,"commentCount":0,"image":{"@id":"https:\/\/kibrisdakik.com\/?p=56925#primaryimage"},"thumbnailUrl":"https:\/\/kibrisdakik.com\/wp-content\/uploads\/2024\/08\/gencecik-kizini-bogan-cani-babanin-ilk-ifadesi-17754513_4961_amp.jpg","articleSection":["Magazin"],"inLanguage":"tr","potentialAction":[{"@type":"CommentAction","name":"Comment","target":["https:\/\/kibrisdakik.com\/?p=56925#respond"]}]},{"@type":"WebPage","@id":"https:\/\/kibrisdakik.com\/?p=56925","url":"https:\/\/kibrisdakik.com\/?p=56925","name":"Gencecik k\u0131z\u0131n\u0131 bo\u011fan cani baban\u0131n ilk ifadesi ortaya \u00e7\u0131kt\u0131 -","isPartOf":{"@id":"https:\/\/kibrisdakik.com\/#website"},"primaryImageOfPage":{"@id":"https:\/\/kibrisdakik.com\/?p=56925#primaryimage"},"image":{"@id":"https:\/\/kibrisdakik.com\/?p=56925#primaryimage"},"thumbnailUrl":"https:\/\/kibrisdakik.com\/wp-content\/uploads\/2024\/08\/gencecik-kizini-bogan-cani-babanin-ilk-ifadesi-17754513_4961_amp.jpg","datePublished":"2024-08-26T05:05:00+00:00","author":{"@id":"https:\/\/kibrisdakik.com\/#\/schema\/person\/9cd9d437bbb44f72b73ba127e06d8e79"},"breadcrumb":{"@id":"https:\/\/kibrisdakik.com\/?p=56925#breadcrumb"},"inLanguage":"tr","potentialAction":[{"@type":"ReadAction","target":["https:\/\/kibrisdakik.com\/?p=56925"]}]},{"@type":"ImageObject","inLanguage":"tr","@id":"https:\/\/kibrisdakik.com\/?p=56925#primaryimage","url":"https:\/\/kibrisdakik.com\/wp-content\/uploads\/2024\/08\/gencecik-kizini-bogan-cani-babanin-ilk-ifadesi-17754513_4961_amp.jpg","contentUrl":"https:\/\/kibrisdakik.com\/wp-content\/uploads\/2024\/08\/gencecik-kizini-bogan-cani-babanin-ilk-ifadesi-17754513_4961_amp.jpg","width":601,"height":337},{"@type":"BreadcrumbList","@id":"https:\/\/kibrisdakik.com\/?p=56925#breadcrumb","itemListElement":[{"@type":"ListItem","position":1,"name":"Home","item":"https:\/\/kibrisdakik.com\/"},{"@type":"ListItem","position":2,"name":"Gencecik k\u0131z\u0131n\u0131 bo\u011fan cani baban\u0131n ilk ifadesi ortaya \u00e7\u0131kt\u0131"}]},{"@type":"WebSite","@id":"https:\/\/kibrisdakik.com\/#website","url":"https:\/\/kibrisdakik.com\/","name":"","description":"Tam vaktinde haber","potentialAction":[{"@type":"SearchAction","target":{"@type":"EntryPoint","urlTemplate":"https:\/\/kibrisdakik.com\/?s={search_term_string}"},"query-input":{"@type":"PropertyValueSpecification","valueRequired":true,"valueName":"search_term_string"}}],"inLanguage":"tr"},{"@type":"Person","@id":"https:\/\/kibrisdakik.com\/#\/schema\/person\/9cd9d437bbb44f72b73ba127e06d8e79","name":"admin","image":{"@type":"ImageObject","inLanguage":"tr","@id":"https:\/\/secure.gravatar.com\/avatar\/ccc17943b9d660506c869530f897617f7cb1c21a4bf30023f252596d83e1f007?s=96&d=mm&r=g","url":"https:\/\/secure.gravatar.com\/avatar\/ccc17943b9d660506c869530f897617f7cb1c21a4bf30023f252596d83e1f007?s=96&d=mm&r=g","contentUrl":"https:\/\/secure.gravatar.com\/avatar\/ccc17943b9d660506c869530f897617f7cb1c21a4bf30023f252596d83e1f007?s=96&d=mm&r=g","caption":"admin"},"sameAs":["https:\/\/kibrisdakik.com"],"url":"https:\/\/kibrisdakik.com\/?author=1"}]}},"_links":{"self":[{"href":"https:\/\/kibrisdakik.com\/index.php?rest_route=\/wp\/v2\/posts\/56925","targetHints":{"allow":["GET"]}}],"collection":[{"href":"https:\/\/kibrisdakik.com\/index.php?rest_route=\/wp\/v2\/posts"}],"about":[{"href":"https:\/\/kibrisdakik.com\/index.php?rest_route=\/wp\/v2\/types\/post"}],"author":[{"embeddable":true,"href":"https:\/\/kibrisdakik.com\/index.php?rest_route=\/wp\/v2\/users\/1"}],"replies":[{"embeddable":true,"href":"https:\/\/kibrisdakik.com\/index.php?rest_route=%2Fwp%2Fv2%2Fcomments&post=56925"}],"version-history":[{"count":0,"href":"https:\/\/kibrisdakik.com\/index.php?rest_route=\/wp\/v2\/posts\/56925\/revisions"}],"wp:featuredmedia":[{"embeddable":true,"href":"https:\/\/kibrisdakik.com\/index.php?rest_route=\/wp\/v2\/media\/56926"}],"wp:attachment":[{"href":"https:\/\/kibrisdakik.com\/index.php?rest_route=%2Fwp%2Fv2%2Fmedia&parent=56925"}],"wp:term":[{"taxonomy":"category","embeddable":true,"href":"https:\/\/kibrisdakik.com\/index.php?rest_route=%2Fwp%2Fv2%2Fcategories&post=56925"},{"taxonomy":"post_tag","embeddable":true,"href":"https:\/\/kibrisdakik.com\/index.php?rest_route=%2Fwp%2Fv2%2Ftags&post=56925"}],"curies":[{"name":"wp","href":"https:\/\/api.w.org\/{rel}","templated":true}]}}