{"id":56953,"date":"2024-08-26T13:45:57","date_gmt":"2024-08-26T10:45:57","guid":{"rendered":"https:\/\/kibrisdakik.com\/?p=56953"},"modified":"2024-08-26T13:45:57","modified_gmt":"2024-08-26T10:45:57","slug":"adil-oksuzun-yurtdisina-kacmasina-yardim-eden-3-kisi-beylikduzunde-yakalandi","status":"publish","type":"post","link":"https:\/\/kibrisdakik.com\/?p=56953","title":{"rendered":"Adil \u00d6ks\u00fcz&#8217;\u00fcn yurtd\u0131\u015f\u0131na ka\u00e7mas\u0131na yard\u0131m eden 3 ki\u015fi Beylikd\u00fcz\u00fc&#8217;nde yakaland\u0131"},"content":{"rendered":"<p><img decoding=\"async\" src=\"https:\/\/foto.haberler.com\/haber\/2024\/08\/26\/adil-oksuz-un-yurtdisina-kacmasina-yardim-eden-3-17754932_9268_amp.jpg\" \/><\/p>\n<div id=\"\">\n<p>BEYL\u0130KD\u00dcZ\u00dc&#8217;nde uygulama noktas\u0131ndan ka\u00e7an ara\u00e7tan FET\u00d6&#8217;n\u00fcn s\u00f6zde T\u00fcrkiye imam\u0131 firari Adil \u00d6ks\u00fcz&#8217;\u00fcn yurtd\u0131\u015f\u0131na ka\u00e7mas\u0131na yard\u0131m eden \u015f\u00fcphelinin de aralar\u0131nda oldu\u011fu 3 ki\u015fi yakaland\u0131. \u015e\u00fcpheliler \u00e7\u0131kar\u0131ld\u0131klar\u0131 mahkemece tutukland\u0131.<\/p>\n<p>\u0130stanbul Emniyet M\u00fcd\u00fcrl\u00fc\u011f\u00fc ekipleri, ge\u00e7ti\u011fimiz g\u00fcnlerde Beylikd\u00fcz\u00fc&#8217;nde uygulama s\u0131ras\u0131nda durdurmak istedikleri bir arac\u0131n ka\u00e7maya ba\u015flamas\u0131 \u00fczerine harekete ge\u00e7ti. Polis ekipleri, s\u00fcr\u00fcc\u00fcyle birlikte toplam 3 ki\u015finin bulundu\u011fu ara\u00e7tan s\u00fcr\u00fcc\u00fcy\u00fc indirecekleri s\u0131rada, \u015f\u00fcpheli ara\u00e7la ters istikamete girdi ve ka\u00e7maya ba\u015flad\u0131. Ara\u00e7tan indirilen 2 ki\u015finin Cihat Y\u0131ld\u0131z ve Ahmet H\u0131zal oldu\u011fu belirlendi. Ekipler bu s\u0131rada ka\u00e7an s\u00fcr\u00fcc\u00fcn\u00fcn yakalanmas\u0131 i\u00e7in \u00e7al\u0131\u015fma ba\u015flatt\u0131. 100&#8217;den fazla kamera kayd\u0131n\u0131 inceleyen polis ekipleri, arac\u0131 kullanan ki\u015finin Adem Bora oldu\u011funu saptad\u0131. Bora, kald\u0131\u011f\u0131 ikamete d\u00fczenlenen operasyonla yakaland\u0131.<\/p>\n<p>\u00d6KS\u00dcZ YURTDI\u015eINA KA\u00c7MADAN \u00d6NCE 1 HAFTA YANINDA KALMI\u015e<\/p>\n<p>\u015e\u00fcphelilerle ilgili inceleme yapan polis, yakalanan Cihat Y\u0131ld\u0131z&#8217;\u0131n FET\u00d6&#8217;n\u00fcn s\u00f6zde T\u00fcrkiye imam\u0131 firari Adil \u00d6ks\u00fcz&#8217;\u00fcn yurtd\u0131\u015f\u0131na ka\u00e7mas\u0131na yard\u0131m eden ki\u015fi oldu\u011funu belirledi. \u00d6ks\u00fcz&#8217;\u00fcn \u00dcsk\u00fcdar&#8217;da sakland\u0131\u011f\u0131 ikamette 1 haftaya yak\u0131n yan\u0131nda kalan, sonras\u0131nda sakland\u0131\u011f\u0131 ikametten kendisini alarak R\u00fc\u015ft\u00fc kod isimli \u00f6rg\u00fct \u00fcyesiyle ara\u00e7la ka\u00e7mas\u0131na yard\u0131m etti\u011fi belirlenen Y\u0131ld\u0131z&#8217;\u0131n Amasya il imam\u0131 oldu\u011fu, askeri mahrem yap\u0131lanma i\u00e7erisinde Hava Harp Okulu yap\u0131lanmas\u0131nda genel m\u00fcd\u00fcr konumunda oldu\u011fu tespit edildi. ByLock program\u0131n\u0131 kulland\u0131\u011f\u0131 ve Bank Asya&#8217;da hesab\u0131 oldu\u011fu tespit edilen Y\u0131ld\u0131z&#8217;\u0131n 8 y\u0131ld\u0131r firari olarak arand\u0131\u011f\u0131, \u00f6rg\u00fct i\u00e7erisinde Bahad\u0131r-O\u011fuz ve Cahit kod isimlerini kulland\u0131\u011f\u0131, \u00f6rg\u00fctle ba\u011f\u0131n\u0131 koparmayan ki\u015filerin \u00fclkede kalabilmeleri i\u00e7in gaybubet evleri ayarlad\u0131\u011f\u0131 ortaya \u00e7\u0131kt\u0131. Yine g\u00f6zalt\u0131na al\u0131nan \u015f\u00fcphelilerden Ahmet H\u0131zal&#8217;\u0131n ise Hava Kuvvetleri Komutanl\u0131\u011f\u0131nda g\u00f6revli \u00f6rg\u00fct \u00fcyesi askeri personellerden sorumlu konumda oldu\u011fu, askeri mahrem yap\u0131lanma i\u00e7erisinde faaliyet g\u00f6sterdi\u011fi, Bank Asya isimli bankada hesab\u0131 bulundu\u011fu, ByLock isimli program\u0131 kulland\u0131\u011f\u0131 ve FET\u00d6 \u00fcyeli\u011finden arand\u0131\u011f\u0131 \u00f6\u011frenildi. \u00d6rg\u00fctle halen ba\u011flant\u0131l\u0131 olan ki\u015filere gaybubet evi temin eden ve \u00f6rg\u00fctle ba\u011flant\u0131l\u0131 ki\u015filerin yurtd\u0131\u015f\u0131na ka\u00e7ma giri\u015fimine yard\u0131m etti\u011fi belirlenen H\u0131zal&#8217;\u0131n g\u00fcncel yap\u0131lanma i\u00e7erisinde aktif rol ald\u0131\u011f\u0131 de\u011ferlendiriliyor. H\u0131zal&#8217;\u0131n ihra\u00e7 \u00f6\u011fretmen oldu\u011fu ve \u00f6rg\u00fct i\u00e7erisinde &#8216;Yavuz&#8217; kod ad\u0131n\u0131 kulland\u0131\u011f\u0131 da tespit edildi.<\/p>\n<p>KA\u00c7AN S\u00dcR\u00dcC\u00dc FET\u00d6&#8217;DEN \u0130HRA\u00c7 B\u0130NBA\u015eI \u00c7IKTI<\/p>\n<p>Operasyonla yakalanan Ahmet Bora&#8217;n\u0131n Hava Kuvvetleri Komutanl\u0131\u011f\u0131 b\u00fcnyesinde binba\u015f\u0131 r\u00fctbesinde \u00e7al\u0131\u015f\u0131rken KHK ile ihra\u00e7 edildi\u011fi, FET\u00d6\/PDY Silahl\u0131 ter\u00f6r \u00f6rg\u00fct\u00fcne \u00fcye olma su\u00e7undan i\u015flem yap\u0131ld\u0131\u011f\u0131, \u015f\u00fcphelinin firari olan \u00f6rg\u00fct \u00fcyelerinin bar\u0131nma ve saklanmalar\u0131na imk\u00e2n sa\u011flad\u0131\u011f\u0131, \u00f6rg\u00fct\u00fcn g\u00fcncel yap\u0131lanmas\u0131 i\u00e7erisinde faaliyet y\u00fcr\u00fctt\u00fc\u011f\u00fc belirlendi. G\u00f6zalt\u0131na al\u0131nan 3 \u015f\u00fcpheli emniyetteki i\u015flemlerinin ard\u0131ndan sevk edildikleri mahkemece tutuklanarak cezaevine g\u00f6nderildi.<\/p>\n<div class=\"editorSade\">Kaynak: Demir\u00f6ren Haber Ajans\u0131 \/  <a href=\"https:\/\/www.haberler.com\/3-sayfa\/\" title=\"3.Sayfa Haberleri\">3.Sayfa<\/a> <\/div>\n<h4 id=\"nwsKeywords\"> <a href=\"https:\/\/www.haberler.com\/adil-oksuz\/\" title=\"Adil \u00d6ks\u00fcz\" class=\"hbptTag\">Adil \u00d6ks\u00fcz<\/a>  <a href=\"https:\/\/www.haberler.com\/3-sayfa\/\" title=\"3-sayfa\" class=\"hbptTag\">3-sayfa<\/a>  <a href=\"https:\/\/www.haberler.com\/guvenlik\/\" title=\"G\u00fcvenlik\" class=\"hbptTag\">G\u00fcvenlik<\/a>  <a href=\"https:\/\/www.haberler.com\/polis\/\" title=\"Polis\" class=\"hbptTag\">Polis<\/a>  <a href=\"https:\/\/www.haberler.com\/hukuk\/\" title=\"Hukuk\" class=\"hbptTag\">Hukuk<\/a>  <a href=\"https:\/\/www.haberler.com\/3-sayfa\/\" title=\"3.Sayfa\" class=\"hbptTag\">3.Sayfa<\/a>  <a href=\"https:\/\/www.haberler.com\/politika\/\" title=\"Politika\" class=\"hbptTag\">Politika<\/a>  <a href=\"https:\/\/www.haberler.com\/\" title=\"Haberler\" class=\"hbptTag\">Haberler<\/a> <\/h4>\n<\/div>\n","protected":false},"excerpt":{"rendered":"<p>BEYL\u0130KD\u00dcZ\u00dc&#8217;nde uygulama noktas\u0131ndan ka\u00e7an ara\u00e7tan FET\u00d6&#8217;n\u00fcn s\u00f6zde T\u00fcrkiye imam\u0131 firari Adil \u00d6ks\u00fcz&#8217;\u00fcn yurtd\u0131\u015f\u0131na ka\u00e7mas\u0131na yard\u0131m eden \u015f\u00fcphelinin de aralar\u0131nda oldu\u011fu 3 ki\u015fi yakaland\u0131. \u015e\u00fcpheliler \u00e7\u0131kar\u0131ld\u0131klar\u0131 mahkemece tutukland\u0131. \u0130stanbul Emniyet M\u00fcd\u00fcrl\u00fc\u011f\u00fc ekipleri, ge\u00e7ti\u011fimiz g\u00fcnlerde Beylikd\u00fcz\u00fc&#8217;nde uygulama s\u0131ras\u0131nda durdurmak istedikleri bir arac\u0131n ka\u00e7maya ba\u015flamas\u0131 \u00fczerine harekete ge\u00e7ti. Polis ekipleri, s\u00fcr\u00fcc\u00fcyle birlikte toplam 3 ki\u015finin bulundu\u011fu ara\u00e7tan s\u00fcr\u00fcc\u00fcy\u00fc<\/p>\n","protected":false},"author":1,"featured_media":56954,"comment_status":"open","ping_status":"open","sticky":false,"template":"","format":"standard","meta":{"footnotes":""},"categories":[83],"tags":[],"class_list":["post-56953","post","type-post","status-publish","format-standard","has-post-thumbnail","hentry","category-magazin"],"yoast_head":"<!-- This site is optimized with the Yoast SEO plugin v27.4 - https:\/\/yoast.com\/product\/yoast-seo-wordpress\/ -->\n<title>Adil \u00d6ks\u00fcz&#039;\u00fcn yurtd\u0131\u015f\u0131na ka\u00e7mas\u0131na yard\u0131m eden 3 ki\u015fi Beylikd\u00fcz\u00fc&#039;nde yakaland\u0131 -<\/title>\n<meta name=\"robots\" content=\"index, follow, max-snippet:-1, max-image-preview:large, max-video-preview:-1\" \/>\n<link rel=\"canonical\" href=\"https:\/\/kibrisdakik.com\/?p=56953\" \/>\n<meta property=\"og:locale\" content=\"tr_TR\" \/>\n<meta property=\"og:type\" content=\"article\" \/>\n<meta property=\"og:title\" content=\"Adil \u00d6ks\u00fcz&#039;\u00fcn yurtd\u0131\u015f\u0131na ka\u00e7mas\u0131na yard\u0131m eden 3 ki\u015fi Beylikd\u00fcz\u00fc&#039;nde yakaland\u0131 -\" \/>\n<meta property=\"og:description\" content=\"BEYL\u0130KD\u00dcZ\u00dc&#8217;nde uygulama noktas\u0131ndan ka\u00e7an ara\u00e7tan FET\u00d6&#8217;n\u00fcn s\u00f6zde T\u00fcrkiye imam\u0131 firari Adil \u00d6ks\u00fcz&#8217;\u00fcn yurtd\u0131\u015f\u0131na ka\u00e7mas\u0131na yard\u0131m eden \u015f\u00fcphelinin de aralar\u0131nda oldu\u011fu 3 ki\u015fi yakaland\u0131. \u015e\u00fcpheliler \u00e7\u0131kar\u0131ld\u0131klar\u0131 mahkemece tutukland\u0131. \u0130stanbul Emniyet M\u00fcd\u00fcrl\u00fc\u011f\u00fc ekipleri, ge\u00e7ti\u011fimiz g\u00fcnlerde Beylikd\u00fcz\u00fc&#8217;nde uygulama s\u0131ras\u0131nda durdurmak istedikleri bir arac\u0131n ka\u00e7maya ba\u015flamas\u0131 \u00fczerine harekete ge\u00e7ti. Polis ekipleri, s\u00fcr\u00fcc\u00fcyle birlikte toplam 3 ki\u015finin bulundu\u011fu ara\u00e7tan s\u00fcr\u00fcc\u00fcy\u00fc\" \/>\n<meta property=\"og:url\" content=\"https:\/\/kibrisdakik.com\/?p=56953\" \/>\n<meta property=\"article:published_time\" content=\"2024-08-26T10:45:57+00:00\" \/>\n<meta property=\"og:image\" content=\"https:\/\/kibrisdakik.com\/wp-content\/uploads\/2024\/08\/adil-oksuz-un-yurtdisina-kacmasina-yardim-eden-3-17754932_9268_amp.jpg\" \/>\n\t<meta property=\"og:image:width\" content=\"1200\" \/>\n\t<meta property=\"og:image:height\" content=\"1093\" \/>\n\t<meta property=\"og:image:type\" content=\"image\/jpeg\" \/>\n<meta name=\"author\" content=\"admin\" \/>\n<meta name=\"twitter:card\" content=\"summary_large_image\" \/>\n<meta name=\"twitter:label1\" content=\"Yazan:\" \/>\n\t<meta name=\"twitter:data1\" content=\"admin\" \/>\n\t<meta name=\"twitter:label2\" content=\"Tahmini okuma s\u00fcresi\" \/>\n\t<meta name=\"twitter:data2\" content=\"3 dakika\" \/>\n<script type=\"application\/ld+json\" class=\"yoast-schema-graph\">{\"@context\":\"https:\\\/\\\/schema.org\",\"@graph\":[{\"@type\":\"Article\",\"@id\":\"https:\\\/\\\/kibrisdakik.com\\\/?p=56953#article\",\"isPartOf\":{\"@id\":\"https:\\\/\\\/kibrisdakik.com\\\/?p=56953\"},\"author\":{\"name\":\"admin\",\"@id\":\"https:\\\/\\\/kibrisdakik.com\\\/#\\\/schema\\\/person\\\/9cd9d437bbb44f72b73ba127e06d8e79\"},\"headline\":\"Adil \u00d6ks\u00fcz&#8217;\u00fcn yurtd\u0131\u015f\u0131na ka\u00e7mas\u0131na yard\u0131m eden 3 ki\u015fi Beylikd\u00fcz\u00fc&#8217;nde yakaland\u0131\",\"datePublished\":\"2024-08-26T10:45:57+00:00\",\"mainEntityOfPage\":{\"@id\":\"https:\\\/\\\/kibrisdakik.com\\\/?p=56953\"},\"wordCount\":581,\"commentCount\":0,\"image\":{\"@id\":\"https:\\\/\\\/kibrisdakik.com\\\/?p=56953#primaryimage\"},\"thumbnailUrl\":\"https:\\\/\\\/kibrisdakik.com\\\/wp-content\\\/uploads\\\/2024\\\/08\\\/adil-oksuz-un-yurtdisina-kacmasina-yardim-eden-3-17754932_9268_amp.jpg\",\"articleSection\":[\"Magazin\"],\"inLanguage\":\"tr\",\"potentialAction\":[{\"@type\":\"CommentAction\",\"name\":\"Comment\",\"target\":[\"https:\\\/\\\/kibrisdakik.com\\\/?p=56953#respond\"]}]},{\"@type\":\"WebPage\",\"@id\":\"https:\\\/\\\/kibrisdakik.com\\\/?p=56953\",\"url\":\"https:\\\/\\\/kibrisdakik.com\\\/?p=56953\",\"name\":\"Adil \u00d6ks\u00fcz'\u00fcn yurtd\u0131\u015f\u0131na ka\u00e7mas\u0131na yard\u0131m eden 3 ki\u015fi Beylikd\u00fcz\u00fc'nde yakaland\u0131 -\",\"isPartOf\":{\"@id\":\"https:\\\/\\\/kibrisdakik.com\\\/#website\"},\"primaryImageOfPage\":{\"@id\":\"https:\\\/\\\/kibrisdakik.com\\\/?p=56953#primaryimage\"},\"image\":{\"@id\":\"https:\\\/\\\/kibrisdakik.com\\\/?p=56953#primaryimage\"},\"thumbnailUrl\":\"https:\\\/\\\/kibrisdakik.com\\\/wp-content\\\/uploads\\\/2024\\\/08\\\/adil-oksuz-un-yurtdisina-kacmasina-yardim-eden-3-17754932_9268_amp.jpg\",\"datePublished\":\"2024-08-26T10:45:57+00:00\",\"author\":{\"@id\":\"https:\\\/\\\/kibrisdakik.com\\\/#\\\/schema\\\/person\\\/9cd9d437bbb44f72b73ba127e06d8e79\"},\"breadcrumb\":{\"@id\":\"https:\\\/\\\/kibrisdakik.com\\\/?p=56953#breadcrumb\"},\"inLanguage\":\"tr\",\"potentialAction\":[{\"@type\":\"ReadAction\",\"target\":[\"https:\\\/\\\/kibrisdakik.com\\\/?p=56953\"]}]},{\"@type\":\"ImageObject\",\"inLanguage\":\"tr\",\"@id\":\"https:\\\/\\\/kibrisdakik.com\\\/?p=56953#primaryimage\",\"url\":\"https:\\\/\\\/kibrisdakik.com\\\/wp-content\\\/uploads\\\/2024\\\/08\\\/adil-oksuz-un-yurtdisina-kacmasina-yardim-eden-3-17754932_9268_amp.jpg\",\"contentUrl\":\"https:\\\/\\\/kibrisdakik.com\\\/wp-content\\\/uploads\\\/2024\\\/08\\\/adil-oksuz-un-yurtdisina-kacmasina-yardim-eden-3-17754932_9268_amp.jpg\",\"width\":1200,\"height\":1093},{\"@type\":\"BreadcrumbList\",\"@id\":\"https:\\\/\\\/kibrisdakik.com\\\/?p=56953#breadcrumb\",\"itemListElement\":[{\"@type\":\"ListItem\",\"position\":1,\"name\":\"Home\",\"item\":\"https:\\\/\\\/kibrisdakik.com\\\/\"},{\"@type\":\"ListItem\",\"position\":2,\"name\":\"Adil \u00d6ks\u00fcz&#8217;\u00fcn yurtd\u0131\u015f\u0131na ka\u00e7mas\u0131na yard\u0131m eden 3 ki\u015fi Beylikd\u00fcz\u00fc&#8217;nde yakaland\u0131\"}]},{\"@type\":\"WebSite\",\"@id\":\"https:\\\/\\\/kibrisdakik.com\\\/#website\",\"url\":\"https:\\\/\\\/kibrisdakik.com\\\/\",\"name\":\"\",\"description\":\"Tam vaktinde haber\",\"potentialAction\":[{\"@type\":\"SearchAction\",\"target\":{\"@type\":\"EntryPoint\",\"urlTemplate\":\"https:\\\/\\\/kibrisdakik.com\\\/?s={search_term_string}\"},\"query-input\":{\"@type\":\"PropertyValueSpecification\",\"valueRequired\":true,\"valueName\":\"search_term_string\"}}],\"inLanguage\":\"tr\"},{\"@type\":\"Person\",\"@id\":\"https:\\\/\\\/kibrisdakik.com\\\/#\\\/schema\\\/person\\\/9cd9d437bbb44f72b73ba127e06d8e79\",\"name\":\"admin\",\"image\":{\"@type\":\"ImageObject\",\"inLanguage\":\"tr\",\"@id\":\"https:\\\/\\\/secure.gravatar.com\\\/avatar\\\/ccc17943b9d660506c869530f897617f7cb1c21a4bf30023f252596d83e1f007?s=96&d=mm&r=g\",\"url\":\"https:\\\/\\\/secure.gravatar.com\\\/avatar\\\/ccc17943b9d660506c869530f897617f7cb1c21a4bf30023f252596d83e1f007?s=96&d=mm&r=g\",\"contentUrl\":\"https:\\\/\\\/secure.gravatar.com\\\/avatar\\\/ccc17943b9d660506c869530f897617f7cb1c21a4bf30023f252596d83e1f007?s=96&d=mm&r=g\",\"caption\":\"admin\"},\"sameAs\":[\"https:\\\/\\\/kibrisdakik.com\"],\"url\":\"https:\\\/\\\/kibrisdakik.com\\\/?author=1\"}]}<\/script>\n<!-- \/ Yoast SEO plugin. -->","yoast_head_json":{"title":"Adil \u00d6ks\u00fcz'\u00fcn yurtd\u0131\u015f\u0131na ka\u00e7mas\u0131na yard\u0131m eden 3 ki\u015fi Beylikd\u00fcz\u00fc'nde yakaland\u0131 -","robots":{"index":"index","follow":"follow","max-snippet":"max-snippet:-1","max-image-preview":"max-image-preview:large","max-video-preview":"max-video-preview:-1"},"canonical":"https:\/\/kibrisdakik.com\/?p=56953","og_locale":"tr_TR","og_type":"article","og_title":"Adil \u00d6ks\u00fcz'\u00fcn yurtd\u0131\u015f\u0131na ka\u00e7mas\u0131na yard\u0131m eden 3 ki\u015fi Beylikd\u00fcz\u00fc'nde yakaland\u0131 -","og_description":"BEYL\u0130KD\u00dcZ\u00dc&#8217;nde uygulama noktas\u0131ndan ka\u00e7an ara\u00e7tan FET\u00d6&#8217;n\u00fcn s\u00f6zde T\u00fcrkiye imam\u0131 firari Adil \u00d6ks\u00fcz&#8217;\u00fcn yurtd\u0131\u015f\u0131na ka\u00e7mas\u0131na yard\u0131m eden \u015f\u00fcphelinin de aralar\u0131nda oldu\u011fu 3 ki\u015fi yakaland\u0131. \u015e\u00fcpheliler \u00e7\u0131kar\u0131ld\u0131klar\u0131 mahkemece tutukland\u0131. \u0130stanbul Emniyet M\u00fcd\u00fcrl\u00fc\u011f\u00fc ekipleri, ge\u00e7ti\u011fimiz g\u00fcnlerde Beylikd\u00fcz\u00fc&#8217;nde uygulama s\u0131ras\u0131nda durdurmak istedikleri bir arac\u0131n ka\u00e7maya ba\u015flamas\u0131 \u00fczerine harekete ge\u00e7ti. Polis ekipleri, s\u00fcr\u00fcc\u00fcyle birlikte toplam 3 ki\u015finin bulundu\u011fu ara\u00e7tan s\u00fcr\u00fcc\u00fcy\u00fc","og_url":"https:\/\/kibrisdakik.com\/?p=56953","article_published_time":"2024-08-26T10:45:57+00:00","og_image":[{"width":1200,"height":1093,"url":"https:\/\/kibrisdakik.com\/wp-content\/uploads\/2024\/08\/adil-oksuz-un-yurtdisina-kacmasina-yardim-eden-3-17754932_9268_amp.jpg","type":"image\/jpeg"}],"author":"admin","twitter_card":"summary_large_image","twitter_misc":{"Yazan:":"admin","Tahmini okuma s\u00fcresi":"3 dakika"},"schema":{"@context":"https:\/\/schema.org","@graph":[{"@type":"Article","@id":"https:\/\/kibrisdakik.com\/?p=56953#article","isPartOf":{"@id":"https:\/\/kibrisdakik.com\/?p=56953"},"author":{"name":"admin","@id":"https:\/\/kibrisdakik.com\/#\/schema\/person\/9cd9d437bbb44f72b73ba127e06d8e79"},"headline":"Adil \u00d6ks\u00fcz&#8217;\u00fcn yurtd\u0131\u015f\u0131na ka\u00e7mas\u0131na yard\u0131m eden 3 ki\u015fi Beylikd\u00fcz\u00fc&#8217;nde yakaland\u0131","datePublished":"2024-08-26T10:45:57+00:00","mainEntityOfPage":{"@id":"https:\/\/kibrisdakik.com\/?p=56953"},"wordCount":581,"commentCount":0,"image":{"@id":"https:\/\/kibrisdakik.com\/?p=56953#primaryimage"},"thumbnailUrl":"https:\/\/kibrisdakik.com\/wp-content\/uploads\/2024\/08\/adil-oksuz-un-yurtdisina-kacmasina-yardim-eden-3-17754932_9268_amp.jpg","articleSection":["Magazin"],"inLanguage":"tr","potentialAction":[{"@type":"CommentAction","name":"Comment","target":["https:\/\/kibrisdakik.com\/?p=56953#respond"]}]},{"@type":"WebPage","@id":"https:\/\/kibrisdakik.com\/?p=56953","url":"https:\/\/kibrisdakik.com\/?p=56953","name":"Adil \u00d6ks\u00fcz'\u00fcn yurtd\u0131\u015f\u0131na ka\u00e7mas\u0131na yard\u0131m eden 3 ki\u015fi Beylikd\u00fcz\u00fc'nde yakaland\u0131 -","isPartOf":{"@id":"https:\/\/kibrisdakik.com\/#website"},"primaryImageOfPage":{"@id":"https:\/\/kibrisdakik.com\/?p=56953#primaryimage"},"image":{"@id":"https:\/\/kibrisdakik.com\/?p=56953#primaryimage"},"thumbnailUrl":"https:\/\/kibrisdakik.com\/wp-content\/uploads\/2024\/08\/adil-oksuz-un-yurtdisina-kacmasina-yardim-eden-3-17754932_9268_amp.jpg","datePublished":"2024-08-26T10:45:57+00:00","author":{"@id":"https:\/\/kibrisdakik.com\/#\/schema\/person\/9cd9d437bbb44f72b73ba127e06d8e79"},"breadcrumb":{"@id":"https:\/\/kibrisdakik.com\/?p=56953#breadcrumb"},"inLanguage":"tr","potentialAction":[{"@type":"ReadAction","target":["https:\/\/kibrisdakik.com\/?p=56953"]}]},{"@type":"ImageObject","inLanguage":"tr","@id":"https:\/\/kibrisdakik.com\/?p=56953#primaryimage","url":"https:\/\/kibrisdakik.com\/wp-content\/uploads\/2024\/08\/adil-oksuz-un-yurtdisina-kacmasina-yardim-eden-3-17754932_9268_amp.jpg","contentUrl":"https:\/\/kibrisdakik.com\/wp-content\/uploads\/2024\/08\/adil-oksuz-un-yurtdisina-kacmasina-yardim-eden-3-17754932_9268_amp.jpg","width":1200,"height":1093},{"@type":"BreadcrumbList","@id":"https:\/\/kibrisdakik.com\/?p=56953#breadcrumb","itemListElement":[{"@type":"ListItem","position":1,"name":"Home","item":"https:\/\/kibrisdakik.com\/"},{"@type":"ListItem","position":2,"name":"Adil \u00d6ks\u00fcz&#8217;\u00fcn yurtd\u0131\u015f\u0131na ka\u00e7mas\u0131na yard\u0131m eden 3 ki\u015fi Beylikd\u00fcz\u00fc&#8217;nde yakaland\u0131"}]},{"@type":"WebSite","@id":"https:\/\/kibrisdakik.com\/#website","url":"https:\/\/kibrisdakik.com\/","name":"","description":"Tam vaktinde haber","potentialAction":[{"@type":"SearchAction","target":{"@type":"EntryPoint","urlTemplate":"https:\/\/kibrisdakik.com\/?s={search_term_string}"},"query-input":{"@type":"PropertyValueSpecification","valueRequired":true,"valueName":"search_term_string"}}],"inLanguage":"tr"},{"@type":"Person","@id":"https:\/\/kibrisdakik.com\/#\/schema\/person\/9cd9d437bbb44f72b73ba127e06d8e79","name":"admin","image":{"@type":"ImageObject","inLanguage":"tr","@id":"https:\/\/secure.gravatar.com\/avatar\/ccc17943b9d660506c869530f897617f7cb1c21a4bf30023f252596d83e1f007?s=96&d=mm&r=g","url":"https:\/\/secure.gravatar.com\/avatar\/ccc17943b9d660506c869530f897617f7cb1c21a4bf30023f252596d83e1f007?s=96&d=mm&r=g","contentUrl":"https:\/\/secure.gravatar.com\/avatar\/ccc17943b9d660506c869530f897617f7cb1c21a4bf30023f252596d83e1f007?s=96&d=mm&r=g","caption":"admin"},"sameAs":["https:\/\/kibrisdakik.com"],"url":"https:\/\/kibrisdakik.com\/?author=1"}]}},"_links":{"self":[{"href":"https:\/\/kibrisdakik.com\/index.php?rest_route=\/wp\/v2\/posts\/56953","targetHints":{"allow":["GET"]}}],"collection":[{"href":"https:\/\/kibrisdakik.com\/index.php?rest_route=\/wp\/v2\/posts"}],"about":[{"href":"https:\/\/kibrisdakik.com\/index.php?rest_route=\/wp\/v2\/types\/post"}],"author":[{"embeddable":true,"href":"https:\/\/kibrisdakik.com\/index.php?rest_route=\/wp\/v2\/users\/1"}],"replies":[{"embeddable":true,"href":"https:\/\/kibrisdakik.com\/index.php?rest_route=%2Fwp%2Fv2%2Fcomments&post=56953"}],"version-history":[{"count":1,"href":"https:\/\/kibrisdakik.com\/index.php?rest_route=\/wp\/v2\/posts\/56953\/revisions"}],"predecessor-version":[{"id":57013,"href":"https:\/\/kibrisdakik.com\/index.php?rest_route=\/wp\/v2\/posts\/56953\/revisions\/57013"}],"wp:featuredmedia":[{"embeddable":true,"href":"https:\/\/kibrisdakik.com\/index.php?rest_route=\/wp\/v2\/media\/56954"}],"wp:attachment":[{"href":"https:\/\/kibrisdakik.com\/index.php?rest_route=%2Fwp%2Fv2%2Fmedia&parent=56953"}],"wp:term":[{"taxonomy":"category","embeddable":true,"href":"https:\/\/kibrisdakik.com\/index.php?rest_route=%2Fwp%2Fv2%2Fcategories&post=56953"},{"taxonomy":"post_tag","embeddable":true,"href":"https:\/\/kibrisdakik.com\/index.php?rest_route=%2Fwp%2Fv2%2Ftags&post=56953"}],"curies":[{"name":"wp","href":"https:\/\/api.w.org\/{rel}","templated":true}]}}