{"id":56959,"date":"2024-08-26T10:47:58","date_gmt":"2024-08-26T07:47:58","guid":{"rendered":"https:\/\/kibrisdakik.com\/index.php\/2024\/08\/26\/ak-partili-ozlem-zengin-dilrubanin-tutuklanmasina-karsi-cikti-dogru-bulmuyorum\/"},"modified":"2024-08-26T10:47:58","modified_gmt":"2024-08-26T07:47:58","slug":"ak-partili-ozlem-zengin-dilrubanin-tutuklanmasina-karsi-cikti-dogru-bulmuyorum","status":"publish","type":"post","link":"https:\/\/kibrisdakik.com\/?p=56959","title":{"rendered":"AK Partili \u00d6zlem Zengin, Dilruba&#8217;n\u0131n tutuklanmas\u0131na kar\u015f\u0131 \u00e7\u0131kt\u0131: Do\u011fru bulmuyorum"},"content":{"rendered":"<p><\/p>\n<div id=\"\">\n<p>\u0130zmir&#8217;de verdi\u011fi sokak r\u00f6portaj\u0131nda Cumhurba\u015fkan\u0131 Erdo\u011fan ve h\u00fck\u00fcmete sert s\u00f6zlerle y\u00fcklenen Dilruba Kayserilio\u011flu&#8217;nun tutuklanmas\u0131 b\u00fcy\u00fck yank\u0131 uyand\u0131rm\u0131\u015f, muhalefet cephesinden de serbest kalmas\u0131 y\u00f6n\u00fcnde \u00e7a\u011fr\u0131lar gelmi\u015fti. Olay\u0131n yank\u0131lar\u0131 s\u00fcrerken AK Partili \u00d6zlem Zengin&#8217;den de ezber bozan bir \u00e7\u0131k\u0131\u015f geldi. <\/p>\n<p><img loading=\"lazy\" decoding=\"async\" class=\"hbptMainImage lazyload ImgDetay\" src=\"https:\/\/foto.haberler.com\/haber\/2024\/08\/26\/ak-partili-ozlem-zengin-dilruba-nin-17754939_9352_m.jpg\" alt=\"AK Partili \u00d6zlem Zengin, Dilruba'n\u0131n tutuklanmas\u0131na kar\u015f\u0131 \u00e7\u0131kt\u0131: Do\u011fru bulmuyorum\" width=\"640\" height=\"300\"\/><\/p>\n<h3>&#8220;TUTUKLU YARGILANMASINI DO\u011eRU BULMUYORUM&#8221;<\/h3>\n<p>Ekol TV&#8217;de Arma\u011fan \u00c7a\u011flayan&#8217;a a\u00e7\u0131klamalarda bulunan Zengin, &#8220;Bence tutuksuz yarg\u0131lans\u0131n. Muhtemeldir ki ilk duru\u015fmada serbest kalacakt\u0131r. Kendisini dinledim. Kusura bakmas\u0131n ama, \u00e7\u0131k\u0131nca telefonla\u015fal\u0131m, b\u00f6yle cahil bir konu\u015fma uzun zamand\u0131r dinlememi\u015ftim. S\u00f6yledi\u011fi her c\u00fcmle yanl\u0131\u015f, tek tek d\u00fczeltmemiz laz\u0131m. S\u00f6yledi\u011fi meseleyi hi\u00e7 bilmiyor. \u00dcstelik o kadar \u00fcst ifadeler kullan\u0131yor ki enteresan bir tarz\u0131 var. Ama ben diyorum ki tutuksuz yarg\u0131lans\u0131n. Ciddi bir \u00fcslup sorunu var. Beni tebess\u00fcm ettirecek kadar bir cehalet var. Ama tutuklu yarg\u0131lanmas\u0131n\u0131 do\u011fru bulmuyorum&#8221; ifadelerine yer verdi.<\/p>\n<h3>&#8220;EN BE\u011eEN\u0130LEN M\u0130LLETVEK\u0130L\u0130Y\u0130M&#8221;<\/h3>\n<p>\u00d6te yandan Zengin &#8220;Bunu s\u00f6ylemekten hicap ediyorum ama ben soka\u011fa \u00e7\u0131kt\u0131\u011f\u0131mda \u00e7ok alaka g\u00f6ren bir milletvekiliyim. S\u00fcrekli anketler yap\u0131l\u0131yor, bu hafta da vard\u0131, yine en be\u011fenilen milletvekili se\u00e7ilmi\u015fim. Kendi partimden ilk s\u0131rada se\u00e7ilen milletvekiliyim&#8221; a\u00e7\u0131klamas\u0131yla da dikkat \u00e7ekti.<\/p>\n<figure class=\"type:primaryimage hbhOrder\" style=\"margin-bottom: 20px;\"><img loading=\"lazy\" decoding=\"async\" width=\"1202\" height=\"675\" class=\"hbptMainImage\" id=\"HaberImage\" src=\"https:\/\/foto.haberler.com\/resize\/601x337\/haber\/2024\/08\/26\/ak-partili-ozlem-zengin-dilruba-nin-17754940_9079_amp.jpg\"\/><\/figure>\n<h4 id=\"nwsKeywords\"> <a href=\"https:\/\/www.haberler.com\/ozlem-zengin\/\" title=\"\u00d6zlem Zengin\" class=\"hbptTag\">\u00d6zlem Zengin<\/a>  <a href=\"https:\/\/www.haberler.com\/ozlem-zengin\/\" title=\"\u00d6zlem Zengin\" class=\"hbptTag\">\u00d6zlem Zengin<\/a>  <a href=\"https:\/\/www.haberler.com\/ak-parti\/\" title=\"AK Parti\" class=\"hbptTag\">AK Parti<\/a>  <a href=\"https:\/\/www.haberler.com\/hukuk\/\" title=\"Hukuk\" class=\"hbptTag\">Hukuk<\/a>  <a href=\"https:\/\/www.haberler.com\/politika\/\" title=\"Politika\" class=\"hbptTag\">Politika<\/a>  <a href=\"https:\/\/www.haberler.com\/guncel\/\" title=\"G\u00fcncel\" class=\"hbptTag\">G\u00fcncel<\/a>  <a href=\"https:\/\/www.haberler.com\/\" title=\"Haberler\" class=\"hbptTag\">Haberler<\/a> <\/h4>\n<\/div>\n","protected":false},"excerpt":{"rendered":"<p>\u0130zmir&#8217;de verdi\u011fi sokak r\u00f6portaj\u0131nda Cumhurba\u015fkan\u0131 Erdo\u011fan ve h\u00fck\u00fcmete sert s\u00f6zlerle y\u00fcklenen Dilruba Kayserilio\u011flu&#8217;nun tutuklanmas\u0131 b\u00fcy\u00fck yank\u0131 uyand\u0131rm\u0131\u015f, muhalefet cephesinden de serbest kalmas\u0131 y\u00f6n\u00fcnde \u00e7a\u011fr\u0131lar gelmi\u015fti. Olay\u0131n yank\u0131lar\u0131 s\u00fcrerken AK Partili \u00d6zlem Zengin&#8217;den de ezber bozan bir \u00e7\u0131k\u0131\u015f geldi. &#8220;TUTUKLU YARGILANMASINI DO\u011eRU BULMUYORUM&#8221; Ekol TV&#8217;de Arma\u011fan \u00c7a\u011flayan&#8217;a a\u00e7\u0131klamalarda bulunan Zengin, &#8220;Bence tutuksuz yarg\u0131lans\u0131n. Muhtemeldir ki ilk<\/p>\n","protected":false},"author":1,"featured_media":56960,"comment_status":"open","ping_status":"open","sticky":false,"template":"","format":"standard","meta":{"footnotes":""},"categories":[83],"tags":[],"class_list":["post-56959","post","type-post","status-publish","format-standard","has-post-thumbnail","hentry","category-magazin"],"yoast_head":"<!-- This site is optimized with the Yoast SEO plugin v27.4 - https:\/\/yoast.com\/product\/yoast-seo-wordpress\/ -->\n<title>AK Partili \u00d6zlem Zengin, Dilruba&#039;n\u0131n tutuklanmas\u0131na kar\u015f\u0131 \u00e7\u0131kt\u0131: Do\u011fru bulmuyorum -<\/title>\n<meta name=\"robots\" content=\"index, follow, max-snippet:-1, max-image-preview:large, max-video-preview:-1\" \/>\n<link rel=\"canonical\" href=\"https:\/\/kibrisdakik.com\/?p=56959\" \/>\n<meta property=\"og:locale\" content=\"tr_TR\" \/>\n<meta property=\"og:type\" content=\"article\" \/>\n<meta property=\"og:title\" content=\"AK Partili \u00d6zlem Zengin, Dilruba&#039;n\u0131n tutuklanmas\u0131na kar\u015f\u0131 \u00e7\u0131kt\u0131: Do\u011fru bulmuyorum -\" \/>\n<meta property=\"og:description\" content=\"\u0130zmir&#8217;de verdi\u011fi sokak r\u00f6portaj\u0131nda Cumhurba\u015fkan\u0131 Erdo\u011fan ve h\u00fck\u00fcmete sert s\u00f6zlerle y\u00fcklenen Dilruba Kayserilio\u011flu&#8217;nun tutuklanmas\u0131 b\u00fcy\u00fck yank\u0131 uyand\u0131rm\u0131\u015f, muhalefet cephesinden de serbest kalmas\u0131 y\u00f6n\u00fcnde \u00e7a\u011fr\u0131lar gelmi\u015fti. Olay\u0131n yank\u0131lar\u0131 s\u00fcrerken AK Partili \u00d6zlem Zengin&#8217;den de ezber bozan bir \u00e7\u0131k\u0131\u015f geldi. &#8220;TUTUKLU YARGILANMASINI DO\u011eRU BULMUYORUM&#8221; Ekol TV&#8217;de Arma\u011fan \u00c7a\u011flayan&#8217;a a\u00e7\u0131klamalarda bulunan Zengin, &#8220;Bence tutuksuz yarg\u0131lans\u0131n. Muhtemeldir ki ilk\" \/>\n<meta property=\"og:url\" content=\"https:\/\/kibrisdakik.com\/?p=56959\" \/>\n<meta property=\"article:published_time\" content=\"2024-08-26T07:47:58+00:00\" \/>\n<meta property=\"og:image\" content=\"https:\/\/kibrisdakik.com\/wp-content\/uploads\/2024\/08\/ak-partili-ozlem-zengin-dilruba-nin-17754939_9352_m.jpg\" \/>\n\t<meta property=\"og:image:width\" content=\"640\" \/>\n\t<meta property=\"og:image:height\" content=\"300\" \/>\n\t<meta property=\"og:image:type\" content=\"image\/jpeg\" \/>\n<meta name=\"author\" content=\"admin\" \/>\n<meta name=\"twitter:card\" content=\"summary_large_image\" \/>\n<meta name=\"twitter:label1\" content=\"Yazan:\" \/>\n\t<meta name=\"twitter:data1\" content=\"admin\" \/>\n\t<meta name=\"twitter:label2\" content=\"Tahmini okuma s\u00fcresi\" \/>\n\t<meta name=\"twitter:data2\" content=\"1 dakika\" \/>\n<script type=\"application\/ld+json\" class=\"yoast-schema-graph\">{\"@context\":\"https:\\\/\\\/schema.org\",\"@graph\":[{\"@type\":\"Article\",\"@id\":\"https:\\\/\\\/kibrisdakik.com\\\/?p=56959#article\",\"isPartOf\":{\"@id\":\"https:\\\/\\\/kibrisdakik.com\\\/?p=56959\"},\"author\":{\"name\":\"admin\",\"@id\":\"https:\\\/\\\/kibrisdakik.com\\\/#\\\/schema\\\/person\\\/9cd9d437bbb44f72b73ba127e06d8e79\"},\"headline\":\"AK Partili \u00d6zlem Zengin, Dilruba&#8217;n\u0131n tutuklanmas\u0131na kar\u015f\u0131 \u00e7\u0131kt\u0131: Do\u011fru bulmuyorum\",\"datePublished\":\"2024-08-26T07:47:58+00:00\",\"mainEntityOfPage\":{\"@id\":\"https:\\\/\\\/kibrisdakik.com\\\/?p=56959\"},\"wordCount\":257,\"commentCount\":0,\"image\":{\"@id\":\"https:\\\/\\\/kibrisdakik.com\\\/?p=56959#primaryimage\"},\"thumbnailUrl\":\"https:\\\/\\\/kibrisdakik.com\\\/wp-content\\\/uploads\\\/2024\\\/08\\\/ak-partili-ozlem-zengin-dilruba-nin-17754939_9352_m.jpg\",\"articleSection\":[\"Magazin\"],\"inLanguage\":\"tr\",\"potentialAction\":[{\"@type\":\"CommentAction\",\"name\":\"Comment\",\"target\":[\"https:\\\/\\\/kibrisdakik.com\\\/?p=56959#respond\"]}]},{\"@type\":\"WebPage\",\"@id\":\"https:\\\/\\\/kibrisdakik.com\\\/?p=56959\",\"url\":\"https:\\\/\\\/kibrisdakik.com\\\/?p=56959\",\"name\":\"AK Partili \u00d6zlem Zengin, Dilruba'n\u0131n tutuklanmas\u0131na kar\u015f\u0131 \u00e7\u0131kt\u0131: Do\u011fru bulmuyorum -\",\"isPartOf\":{\"@id\":\"https:\\\/\\\/kibrisdakik.com\\\/#website\"},\"primaryImageOfPage\":{\"@id\":\"https:\\\/\\\/kibrisdakik.com\\\/?p=56959#primaryimage\"},\"image\":{\"@id\":\"https:\\\/\\\/kibrisdakik.com\\\/?p=56959#primaryimage\"},\"thumbnailUrl\":\"https:\\\/\\\/kibrisdakik.com\\\/wp-content\\\/uploads\\\/2024\\\/08\\\/ak-partili-ozlem-zengin-dilruba-nin-17754939_9352_m.jpg\",\"datePublished\":\"2024-08-26T07:47:58+00:00\",\"author\":{\"@id\":\"https:\\\/\\\/kibrisdakik.com\\\/#\\\/schema\\\/person\\\/9cd9d437bbb44f72b73ba127e06d8e79\"},\"breadcrumb\":{\"@id\":\"https:\\\/\\\/kibrisdakik.com\\\/?p=56959#breadcrumb\"},\"inLanguage\":\"tr\",\"potentialAction\":[{\"@type\":\"ReadAction\",\"target\":[\"https:\\\/\\\/kibrisdakik.com\\\/?p=56959\"]}]},{\"@type\":\"ImageObject\",\"inLanguage\":\"tr\",\"@id\":\"https:\\\/\\\/kibrisdakik.com\\\/?p=56959#primaryimage\",\"url\":\"https:\\\/\\\/kibrisdakik.com\\\/wp-content\\\/uploads\\\/2024\\\/08\\\/ak-partili-ozlem-zengin-dilruba-nin-17754939_9352_m.jpg\",\"contentUrl\":\"https:\\\/\\\/kibrisdakik.com\\\/wp-content\\\/uploads\\\/2024\\\/08\\\/ak-partili-ozlem-zengin-dilruba-nin-17754939_9352_m.jpg\",\"width\":640,\"height\":300},{\"@type\":\"BreadcrumbList\",\"@id\":\"https:\\\/\\\/kibrisdakik.com\\\/?p=56959#breadcrumb\",\"itemListElement\":[{\"@type\":\"ListItem\",\"position\":1,\"name\":\"Home\",\"item\":\"https:\\\/\\\/kibrisdakik.com\\\/\"},{\"@type\":\"ListItem\",\"position\":2,\"name\":\"AK Partili \u00d6zlem Zengin, Dilruba&#8217;n\u0131n tutuklanmas\u0131na kar\u015f\u0131 \u00e7\u0131kt\u0131: Do\u011fru bulmuyorum\"}]},{\"@type\":\"WebSite\",\"@id\":\"https:\\\/\\\/kibrisdakik.com\\\/#website\",\"url\":\"https:\\\/\\\/kibrisdakik.com\\\/\",\"name\":\"\",\"description\":\"Tam vaktinde haber\",\"potentialAction\":[{\"@type\":\"SearchAction\",\"target\":{\"@type\":\"EntryPoint\",\"urlTemplate\":\"https:\\\/\\\/kibrisdakik.com\\\/?s={search_term_string}\"},\"query-input\":{\"@type\":\"PropertyValueSpecification\",\"valueRequired\":true,\"valueName\":\"search_term_string\"}}],\"inLanguage\":\"tr\"},{\"@type\":\"Person\",\"@id\":\"https:\\\/\\\/kibrisdakik.com\\\/#\\\/schema\\\/person\\\/9cd9d437bbb44f72b73ba127e06d8e79\",\"name\":\"admin\",\"image\":{\"@type\":\"ImageObject\",\"inLanguage\":\"tr\",\"@id\":\"https:\\\/\\\/secure.gravatar.com\\\/avatar\\\/ccc17943b9d660506c869530f897617f7cb1c21a4bf30023f252596d83e1f007?s=96&d=mm&r=g\",\"url\":\"https:\\\/\\\/secure.gravatar.com\\\/avatar\\\/ccc17943b9d660506c869530f897617f7cb1c21a4bf30023f252596d83e1f007?s=96&d=mm&r=g\",\"contentUrl\":\"https:\\\/\\\/secure.gravatar.com\\\/avatar\\\/ccc17943b9d660506c869530f897617f7cb1c21a4bf30023f252596d83e1f007?s=96&d=mm&r=g\",\"caption\":\"admin\"},\"sameAs\":[\"https:\\\/\\\/kibrisdakik.com\"],\"url\":\"https:\\\/\\\/kibrisdakik.com\\\/?author=1\"}]}<\/script>\n<!-- \/ Yoast SEO plugin. -->","yoast_head_json":{"title":"AK Partili \u00d6zlem Zengin, Dilruba'n\u0131n tutuklanmas\u0131na kar\u015f\u0131 \u00e7\u0131kt\u0131: Do\u011fru bulmuyorum -","robots":{"index":"index","follow":"follow","max-snippet":"max-snippet:-1","max-image-preview":"max-image-preview:large","max-video-preview":"max-video-preview:-1"},"canonical":"https:\/\/kibrisdakik.com\/?p=56959","og_locale":"tr_TR","og_type":"article","og_title":"AK Partili \u00d6zlem Zengin, Dilruba'n\u0131n tutuklanmas\u0131na kar\u015f\u0131 \u00e7\u0131kt\u0131: Do\u011fru bulmuyorum -","og_description":"\u0130zmir&#8217;de verdi\u011fi sokak r\u00f6portaj\u0131nda Cumhurba\u015fkan\u0131 Erdo\u011fan ve h\u00fck\u00fcmete sert s\u00f6zlerle y\u00fcklenen Dilruba Kayserilio\u011flu&#8217;nun tutuklanmas\u0131 b\u00fcy\u00fck yank\u0131 uyand\u0131rm\u0131\u015f, muhalefet cephesinden de serbest kalmas\u0131 y\u00f6n\u00fcnde \u00e7a\u011fr\u0131lar gelmi\u015fti. Olay\u0131n yank\u0131lar\u0131 s\u00fcrerken AK Partili \u00d6zlem Zengin&#8217;den de ezber bozan bir \u00e7\u0131k\u0131\u015f geldi. &#8220;TUTUKLU YARGILANMASINI DO\u011eRU BULMUYORUM&#8221; Ekol TV&#8217;de Arma\u011fan \u00c7a\u011flayan&#8217;a a\u00e7\u0131klamalarda bulunan Zengin, &#8220;Bence tutuksuz yarg\u0131lans\u0131n. Muhtemeldir ki ilk","og_url":"https:\/\/kibrisdakik.com\/?p=56959","article_published_time":"2024-08-26T07:47:58+00:00","og_image":[{"width":640,"height":300,"url":"https:\/\/kibrisdakik.com\/wp-content\/uploads\/2024\/08\/ak-partili-ozlem-zengin-dilruba-nin-17754939_9352_m.jpg","type":"image\/jpeg"}],"author":"admin","twitter_card":"summary_large_image","twitter_misc":{"Yazan:":"admin","Tahmini okuma s\u00fcresi":"1 dakika"},"schema":{"@context":"https:\/\/schema.org","@graph":[{"@type":"Article","@id":"https:\/\/kibrisdakik.com\/?p=56959#article","isPartOf":{"@id":"https:\/\/kibrisdakik.com\/?p=56959"},"author":{"name":"admin","@id":"https:\/\/kibrisdakik.com\/#\/schema\/person\/9cd9d437bbb44f72b73ba127e06d8e79"},"headline":"AK Partili \u00d6zlem Zengin, Dilruba&#8217;n\u0131n tutuklanmas\u0131na kar\u015f\u0131 \u00e7\u0131kt\u0131: Do\u011fru bulmuyorum","datePublished":"2024-08-26T07:47:58+00:00","mainEntityOfPage":{"@id":"https:\/\/kibrisdakik.com\/?p=56959"},"wordCount":257,"commentCount":0,"image":{"@id":"https:\/\/kibrisdakik.com\/?p=56959#primaryimage"},"thumbnailUrl":"https:\/\/kibrisdakik.com\/wp-content\/uploads\/2024\/08\/ak-partili-ozlem-zengin-dilruba-nin-17754939_9352_m.jpg","articleSection":["Magazin"],"inLanguage":"tr","potentialAction":[{"@type":"CommentAction","name":"Comment","target":["https:\/\/kibrisdakik.com\/?p=56959#respond"]}]},{"@type":"WebPage","@id":"https:\/\/kibrisdakik.com\/?p=56959","url":"https:\/\/kibrisdakik.com\/?p=56959","name":"AK Partili \u00d6zlem Zengin, Dilruba'n\u0131n tutuklanmas\u0131na kar\u015f\u0131 \u00e7\u0131kt\u0131: Do\u011fru bulmuyorum -","isPartOf":{"@id":"https:\/\/kibrisdakik.com\/#website"},"primaryImageOfPage":{"@id":"https:\/\/kibrisdakik.com\/?p=56959#primaryimage"},"image":{"@id":"https:\/\/kibrisdakik.com\/?p=56959#primaryimage"},"thumbnailUrl":"https:\/\/kibrisdakik.com\/wp-content\/uploads\/2024\/08\/ak-partili-ozlem-zengin-dilruba-nin-17754939_9352_m.jpg","datePublished":"2024-08-26T07:47:58+00:00","author":{"@id":"https:\/\/kibrisdakik.com\/#\/schema\/person\/9cd9d437bbb44f72b73ba127e06d8e79"},"breadcrumb":{"@id":"https:\/\/kibrisdakik.com\/?p=56959#breadcrumb"},"inLanguage":"tr","potentialAction":[{"@type":"ReadAction","target":["https:\/\/kibrisdakik.com\/?p=56959"]}]},{"@type":"ImageObject","inLanguage":"tr","@id":"https:\/\/kibrisdakik.com\/?p=56959#primaryimage","url":"https:\/\/kibrisdakik.com\/wp-content\/uploads\/2024\/08\/ak-partili-ozlem-zengin-dilruba-nin-17754939_9352_m.jpg","contentUrl":"https:\/\/kibrisdakik.com\/wp-content\/uploads\/2024\/08\/ak-partili-ozlem-zengin-dilruba-nin-17754939_9352_m.jpg","width":640,"height":300},{"@type":"BreadcrumbList","@id":"https:\/\/kibrisdakik.com\/?p=56959#breadcrumb","itemListElement":[{"@type":"ListItem","position":1,"name":"Home","item":"https:\/\/kibrisdakik.com\/"},{"@type":"ListItem","position":2,"name":"AK Partili \u00d6zlem Zengin, Dilruba&#8217;n\u0131n tutuklanmas\u0131na kar\u015f\u0131 \u00e7\u0131kt\u0131: Do\u011fru bulmuyorum"}]},{"@type":"WebSite","@id":"https:\/\/kibrisdakik.com\/#website","url":"https:\/\/kibrisdakik.com\/","name":"","description":"Tam vaktinde haber","potentialAction":[{"@type":"SearchAction","target":{"@type":"EntryPoint","urlTemplate":"https:\/\/kibrisdakik.com\/?s={search_term_string}"},"query-input":{"@type":"PropertyValueSpecification","valueRequired":true,"valueName":"search_term_string"}}],"inLanguage":"tr"},{"@type":"Person","@id":"https:\/\/kibrisdakik.com\/#\/schema\/person\/9cd9d437bbb44f72b73ba127e06d8e79","name":"admin","image":{"@type":"ImageObject","inLanguage":"tr","@id":"https:\/\/secure.gravatar.com\/avatar\/ccc17943b9d660506c869530f897617f7cb1c21a4bf30023f252596d83e1f007?s=96&d=mm&r=g","url":"https:\/\/secure.gravatar.com\/avatar\/ccc17943b9d660506c869530f897617f7cb1c21a4bf30023f252596d83e1f007?s=96&d=mm&r=g","contentUrl":"https:\/\/secure.gravatar.com\/avatar\/ccc17943b9d660506c869530f897617f7cb1c21a4bf30023f252596d83e1f007?s=96&d=mm&r=g","caption":"admin"},"sameAs":["https:\/\/kibrisdakik.com"],"url":"https:\/\/kibrisdakik.com\/?author=1"}]}},"_links":{"self":[{"href":"https:\/\/kibrisdakik.com\/index.php?rest_route=\/wp\/v2\/posts\/56959","targetHints":{"allow":["GET"]}}],"collection":[{"href":"https:\/\/kibrisdakik.com\/index.php?rest_route=\/wp\/v2\/posts"}],"about":[{"href":"https:\/\/kibrisdakik.com\/index.php?rest_route=\/wp\/v2\/types\/post"}],"author":[{"embeddable":true,"href":"https:\/\/kibrisdakik.com\/index.php?rest_route=\/wp\/v2\/users\/1"}],"replies":[{"embeddable":true,"href":"https:\/\/kibrisdakik.com\/index.php?rest_route=%2Fwp%2Fv2%2Fcomments&post=56959"}],"version-history":[{"count":0,"href":"https:\/\/kibrisdakik.com\/index.php?rest_route=\/wp\/v2\/posts\/56959\/revisions"}],"wp:featuredmedia":[{"embeddable":true,"href":"https:\/\/kibrisdakik.com\/index.php?rest_route=\/wp\/v2\/media\/56960"}],"wp:attachment":[{"href":"https:\/\/kibrisdakik.com\/index.php?rest_route=%2Fwp%2Fv2%2Fmedia&parent=56959"}],"wp:term":[{"taxonomy":"category","embeddable":true,"href":"https:\/\/kibrisdakik.com\/index.php?rest_route=%2Fwp%2Fv2%2Fcategories&post=56959"},{"taxonomy":"post_tag","embeddable":true,"href":"https:\/\/kibrisdakik.com\/index.php?rest_route=%2Fwp%2Fv2%2Ftags&post=56959"}],"curies":[{"name":"wp","href":"https:\/\/api.w.org\/{rel}","templated":true}]}}