{"id":56973,"date":"2024-08-26T11:31:09","date_gmt":"2024-08-26T08:31:09","guid":{"rendered":"https:\/\/kibrisdakik.com\/index.php\/2024\/08\/26\/basin-sen-gazetecilere-yonelik-antidemokratik-davalar-basin-ozgurlugune-ve-toplumsal-ozgurluklere-zarar-veriyor\/"},"modified":"2024-08-26T11:31:09","modified_gmt":"2024-08-26T08:31:09","slug":"basin-sen-gazetecilere-yonelik-antidemokratik-davalar-basin-ozgurlugune-ve-toplumsal-ozgurluklere-zarar-veriyor","status":"publish","type":"post","link":"https:\/\/kibrisdakik.com\/?p=56973","title":{"rendered":"BASIN-SEN: Gazetecilere y\u00f6nelik antidemokratik davalar bas\u0131n \u00f6zg\u00fcrl\u00fc\u011f\u00fcne ve toplumsal \u00f6zg\u00fcrl\u00fcklere zarar veriyor"},"content":{"rendered":"<div>\n<p style=\"font-weight: 300;\"><span style=\"font-weight: 300 !important;\"><\/p>\n<div class=\"mariselle-image-container none\">\n                                            <\/div>\n<p><\/span><\/p>\n<p style=\"font-weight: 300;\"><span style=\"font-weight: 300 !important;\">Bas\u0131n Emek\u00e7ileri Sendikas\u0131 (BASIN-SEN) Y\u00f6netim Kurulu, gazetecilere y\u00f6nelik antidemokratik davalar, cezalar ve yasaklamalar\u0131n bas\u0131n \u00f6zg\u00fcrl\u00fc\u011f\u00fcne ve toplumsal \u00f6zg\u00fcrl\u00fcklere zarar verdi\u011fini belirtti.<\/span><\/p>\n<p style=\"font-weight: 300;\"><span style=\"font-weight: 300 !important;\">Yaz\u0131l\u0131 a\u00e7\u0131klama yapan BASIN-SEN Y\u00f6netim Kurulu, K\u0131br\u0131sl\u0131 T\u00fcrklere y\u00f6nelik bask\u0131lar\u0131n artarak devam etti\u011fini, \u00fclke siyasetinin bu bask\u0131lara kar\u015f\u0131 tepkisinin yetersiz oldu\u011funu savundu.<\/span><\/p>\n<p style=\"font-weight: 300;\"><span style=\"font-weight: 300 !important;\">A\u00e7\u0131klamada, gazeteci \u015eener Levent hakk\u0131nda g\u0131yab\u0131nda verilen hapislik cezas\u0131n\u0131n \u201cbas\u0131na y\u00f6nelik bir g\u00f6zda\u011f\u0131\u201d oldu\u011fu ileri s\u00fcr\u00fcld\u00fc.<\/span><\/p>\n<p style=\"font-weight: 300;\"><span style=\"font-weight: 300 !important;\">Siyasi partilerin, ba\u015fka gazetecilere a\u00e7\u0131lan davalar ve baz\u0131 gazetecilerin T\u00fcrkiye Cumhuriyeti topraklar\u0131na girmelerinin yasaklanmas\u0131 gibi konular\u0131 T\u00fcrkiye Cumhuriyeti\u2019ne yapt\u0131klar\u0131 ziyaretlerde ve TC\u2019deki siyasal partilerin \u00fclkeye yapt\u0131klar\u0131 ziyarette g\u00fcndeme getirmedikleri savunulan a\u00e7\u0131klamada, bunun \u201cd\u00fc\u015f\u00fcnd\u00fcr\u00fcc\u00fc\u201d oldu\u011fu belirtildi. \u00a0<\/span><\/p>\n<p style=\"font-weight: 300;\"><span style=\"font-weight: 300 !important;\">BASIN-SEN\u2019in bu \u201cbask\u0131lar\u0131n\u201d bir\u00e7ok kesime s\u0131\u00e7rayaca\u011f\u0131 uyar\u0131s\u0131n\u0131 yapt\u0131\u011f\u0131 belirtilen a\u00e7\u0131klamada, \u201cToplum olarak aya\u011fa kalkmad\u0131\u011f\u0131m\u0131z ve bu bask\u0131lara kar\u015f\u0131 birlik olmad\u0131\u011f\u0131m\u0131z s\u00fcrece, bir g\u00fcn kendini en dokunulmaz g\u00f6renler de ayn\u0131 y\u0131lan taraf\u0131ndan ziyaret edilecektir\u201d ifadesine yer verildi.<\/span><\/p>\n<\/p><\/div>\n<p><script async\n                    defer\n                    crossorigin=\"anonymous\"\n                    src=\"https:\/\/connect.facebook.net\/tr_TR\/sdk.js#xfbml=1&#038;version=v3.3\"\n            ><\/script><\/p>\n","protected":false},"excerpt":{"rendered":"<p>Bas\u0131n Emek\u00e7ileri Sendikas\u0131 (BASIN-SEN) Y\u00f6netim Kurulu, gazetecilere y\u00f6nelik antidemokratik davalar, cezalar ve yasaklamalar\u0131n bas\u0131n \u00f6zg\u00fcrl\u00fc\u011f\u00fcne ve toplumsal \u00f6zg\u00fcrl\u00fcklere zarar verdi\u011fini belirtti. Yaz\u0131l\u0131 a\u00e7\u0131klama yapan BASIN-SEN Y\u00f6netim Kurulu, K\u0131br\u0131sl\u0131 T\u00fcrklere y\u00f6nelik bask\u0131lar\u0131n artarak devam etti\u011fini, \u00fclke siyasetinin bu bask\u0131lara kar\u015f\u0131 tepkisinin yetersiz oldu\u011funu savundu. A\u00e7\u0131klamada, gazeteci \u015eener Levent hakk\u0131nda g\u0131yab\u0131nda verilen hapislik cezas\u0131n\u0131n \u201cbas\u0131na y\u00f6nelik bir<\/p>\n","protected":false},"author":1,"featured_media":56974,"comment_status":"open","ping_status":"open","sticky":false,"template":"","format":"standard","meta":{"footnotes":""},"categories":[81],"tags":[],"class_list":["post-56973","post","type-post","status-publish","format-standard","has-post-thumbnail","hentry","category-kibris"],"yoast_head":"<!-- This site is optimized with the Yoast SEO plugin v27.4 - https:\/\/yoast.com\/product\/yoast-seo-wordpress\/ -->\n<title>BASIN-SEN: Gazetecilere y\u00f6nelik antidemokratik davalar bas\u0131n \u00f6zg\u00fcrl\u00fc\u011f\u00fcne ve toplumsal \u00f6zg\u00fcrl\u00fcklere zarar veriyor -<\/title>\n<meta name=\"robots\" content=\"index, follow, max-snippet:-1, max-image-preview:large, max-video-preview:-1\" \/>\n<link rel=\"canonical\" href=\"https:\/\/kibrisdakik.com\/?p=56973\" \/>\n<meta property=\"og:locale\" content=\"tr_TR\" \/>\n<meta property=\"og:type\" content=\"article\" \/>\n<meta property=\"og:title\" content=\"BASIN-SEN: Gazetecilere y\u00f6nelik antidemokratik davalar bas\u0131n \u00f6zg\u00fcrl\u00fc\u011f\u00fcne ve toplumsal \u00f6zg\u00fcrl\u00fcklere zarar veriyor -\" \/>\n<meta property=\"og:description\" content=\"Bas\u0131n Emek\u00e7ileri Sendikas\u0131 (BASIN-SEN) Y\u00f6netim Kurulu, gazetecilere y\u00f6nelik antidemokratik davalar, cezalar ve yasaklamalar\u0131n bas\u0131n \u00f6zg\u00fcrl\u00fc\u011f\u00fcne ve toplumsal \u00f6zg\u00fcrl\u00fcklere zarar verdi\u011fini belirtti. Yaz\u0131l\u0131 a\u00e7\u0131klama yapan BASIN-SEN Y\u00f6netim Kurulu, K\u0131br\u0131sl\u0131 T\u00fcrklere y\u00f6nelik bask\u0131lar\u0131n artarak devam etti\u011fini, \u00fclke siyasetinin bu bask\u0131lara kar\u015f\u0131 tepkisinin yetersiz oldu\u011funu savundu. A\u00e7\u0131klamada, gazeteci \u015eener Levent hakk\u0131nda g\u0131yab\u0131nda verilen hapislik cezas\u0131n\u0131n \u201cbas\u0131na y\u00f6nelik bir\" \/>\n<meta property=\"og:url\" content=\"https:\/\/kibrisdakik.com\/?p=56973\" \/>\n<meta property=\"article:published_time\" content=\"2024-08-26T08:31:09+00:00\" \/>\n<meta property=\"og:image\" content=\"https:\/\/kibrisdakik.com\/wp-content\/uploads\/2024\/08\/basin-sen6.png\" \/>\n\t<meta property=\"og:image:width\" content=\"225\" \/>\n\t<meta property=\"og:image:height\" content=\"225\" \/>\n\t<meta property=\"og:image:type\" content=\"image\/png\" \/>\n<meta name=\"author\" content=\"admin\" \/>\n<meta name=\"twitter:card\" content=\"summary_large_image\" \/>\n<meta name=\"twitter:label1\" content=\"Yazan:\" \/>\n\t<meta name=\"twitter:data1\" content=\"admin\" \/>\n\t<meta name=\"twitter:label2\" content=\"Tahmini okuma s\u00fcresi\" \/>\n\t<meta name=\"twitter:data2\" content=\"1 dakika\" \/>\n<script type=\"application\/ld+json\" class=\"yoast-schema-graph\">{\"@context\":\"https:\\\/\\\/schema.org\",\"@graph\":[{\"@type\":\"Article\",\"@id\":\"https:\\\/\\\/kibrisdakik.com\\\/?p=56973#article\",\"isPartOf\":{\"@id\":\"https:\\\/\\\/kibrisdakik.com\\\/?p=56973\"},\"author\":{\"name\":\"admin\",\"@id\":\"https:\\\/\\\/kibrisdakik.com\\\/#\\\/schema\\\/person\\\/9cd9d437bbb44f72b73ba127e06d8e79\"},\"headline\":\"BASIN-SEN: Gazetecilere y\u00f6nelik antidemokratik davalar bas\u0131n \u00f6zg\u00fcrl\u00fc\u011f\u00fcne ve toplumsal \u00f6zg\u00fcrl\u00fcklere zarar veriyor\",\"datePublished\":\"2024-08-26T08:31:09+00:00\",\"mainEntityOfPage\":{\"@id\":\"https:\\\/\\\/kibrisdakik.com\\\/?p=56973\"},\"wordCount\":217,\"commentCount\":0,\"image\":{\"@id\":\"https:\\\/\\\/kibrisdakik.com\\\/?p=56973#primaryimage\"},\"thumbnailUrl\":\"https:\\\/\\\/kibrisdakik.com\\\/wp-content\\\/uploads\\\/2024\\\/08\\\/basin-sen6.png\",\"articleSection\":[\"K\u0131br\u0131s\"],\"inLanguage\":\"tr\",\"potentialAction\":[{\"@type\":\"CommentAction\",\"name\":\"Comment\",\"target\":[\"https:\\\/\\\/kibrisdakik.com\\\/?p=56973#respond\"]}]},{\"@type\":\"WebPage\",\"@id\":\"https:\\\/\\\/kibrisdakik.com\\\/?p=56973\",\"url\":\"https:\\\/\\\/kibrisdakik.com\\\/?p=56973\",\"name\":\"BASIN-SEN: Gazetecilere y\u00f6nelik antidemokratik davalar bas\u0131n \u00f6zg\u00fcrl\u00fc\u011f\u00fcne ve toplumsal \u00f6zg\u00fcrl\u00fcklere zarar veriyor -\",\"isPartOf\":{\"@id\":\"https:\\\/\\\/kibrisdakik.com\\\/#website\"},\"primaryImageOfPage\":{\"@id\":\"https:\\\/\\\/kibrisdakik.com\\\/?p=56973#primaryimage\"},\"image\":{\"@id\":\"https:\\\/\\\/kibrisdakik.com\\\/?p=56973#primaryimage\"},\"thumbnailUrl\":\"https:\\\/\\\/kibrisdakik.com\\\/wp-content\\\/uploads\\\/2024\\\/08\\\/basin-sen6.png\",\"datePublished\":\"2024-08-26T08:31:09+00:00\",\"author\":{\"@id\":\"https:\\\/\\\/kibrisdakik.com\\\/#\\\/schema\\\/person\\\/9cd9d437bbb44f72b73ba127e06d8e79\"},\"breadcrumb\":{\"@id\":\"https:\\\/\\\/kibrisdakik.com\\\/?p=56973#breadcrumb\"},\"inLanguage\":\"tr\",\"potentialAction\":[{\"@type\":\"ReadAction\",\"target\":[\"https:\\\/\\\/kibrisdakik.com\\\/?p=56973\"]}]},{\"@type\":\"ImageObject\",\"inLanguage\":\"tr\",\"@id\":\"https:\\\/\\\/kibrisdakik.com\\\/?p=56973#primaryimage\",\"url\":\"https:\\\/\\\/kibrisdakik.com\\\/wp-content\\\/uploads\\\/2024\\\/08\\\/basin-sen6.png\",\"contentUrl\":\"https:\\\/\\\/kibrisdakik.com\\\/wp-content\\\/uploads\\\/2024\\\/08\\\/basin-sen6.png\",\"width\":225,\"height\":225},{\"@type\":\"BreadcrumbList\",\"@id\":\"https:\\\/\\\/kibrisdakik.com\\\/?p=56973#breadcrumb\",\"itemListElement\":[{\"@type\":\"ListItem\",\"position\":1,\"name\":\"Home\",\"item\":\"https:\\\/\\\/kibrisdakik.com\\\/\"},{\"@type\":\"ListItem\",\"position\":2,\"name\":\"BASIN-SEN: Gazetecilere y\u00f6nelik antidemokratik davalar bas\u0131n \u00f6zg\u00fcrl\u00fc\u011f\u00fcne ve toplumsal \u00f6zg\u00fcrl\u00fcklere zarar veriyor\"}]},{\"@type\":\"WebSite\",\"@id\":\"https:\\\/\\\/kibrisdakik.com\\\/#website\",\"url\":\"https:\\\/\\\/kibrisdakik.com\\\/\",\"name\":\"\",\"description\":\"Tam vaktinde haber\",\"potentialAction\":[{\"@type\":\"SearchAction\",\"target\":{\"@type\":\"EntryPoint\",\"urlTemplate\":\"https:\\\/\\\/kibrisdakik.com\\\/?s={search_term_string}\"},\"query-input\":{\"@type\":\"PropertyValueSpecification\",\"valueRequired\":true,\"valueName\":\"search_term_string\"}}],\"inLanguage\":\"tr\"},{\"@type\":\"Person\",\"@id\":\"https:\\\/\\\/kibrisdakik.com\\\/#\\\/schema\\\/person\\\/9cd9d437bbb44f72b73ba127e06d8e79\",\"name\":\"admin\",\"image\":{\"@type\":\"ImageObject\",\"inLanguage\":\"tr\",\"@id\":\"https:\\\/\\\/secure.gravatar.com\\\/avatar\\\/ccc17943b9d660506c869530f897617f7cb1c21a4bf30023f252596d83e1f007?s=96&d=mm&r=g\",\"url\":\"https:\\\/\\\/secure.gravatar.com\\\/avatar\\\/ccc17943b9d660506c869530f897617f7cb1c21a4bf30023f252596d83e1f007?s=96&d=mm&r=g\",\"contentUrl\":\"https:\\\/\\\/secure.gravatar.com\\\/avatar\\\/ccc17943b9d660506c869530f897617f7cb1c21a4bf30023f252596d83e1f007?s=96&d=mm&r=g\",\"caption\":\"admin\"},\"sameAs\":[\"https:\\\/\\\/kibrisdakik.com\"],\"url\":\"https:\\\/\\\/kibrisdakik.com\\\/?author=1\"}]}<\/script>\n<!-- \/ Yoast SEO plugin. -->","yoast_head_json":{"title":"BASIN-SEN: Gazetecilere y\u00f6nelik antidemokratik davalar bas\u0131n \u00f6zg\u00fcrl\u00fc\u011f\u00fcne ve toplumsal \u00f6zg\u00fcrl\u00fcklere zarar veriyor -","robots":{"index":"index","follow":"follow","max-snippet":"max-snippet:-1","max-image-preview":"max-image-preview:large","max-video-preview":"max-video-preview:-1"},"canonical":"https:\/\/kibrisdakik.com\/?p=56973","og_locale":"tr_TR","og_type":"article","og_title":"BASIN-SEN: Gazetecilere y\u00f6nelik antidemokratik davalar bas\u0131n \u00f6zg\u00fcrl\u00fc\u011f\u00fcne ve toplumsal \u00f6zg\u00fcrl\u00fcklere zarar veriyor -","og_description":"Bas\u0131n Emek\u00e7ileri Sendikas\u0131 (BASIN-SEN) Y\u00f6netim Kurulu, gazetecilere y\u00f6nelik antidemokratik davalar, cezalar ve yasaklamalar\u0131n bas\u0131n \u00f6zg\u00fcrl\u00fc\u011f\u00fcne ve toplumsal \u00f6zg\u00fcrl\u00fcklere zarar verdi\u011fini belirtti. Yaz\u0131l\u0131 a\u00e7\u0131klama yapan BASIN-SEN Y\u00f6netim Kurulu, K\u0131br\u0131sl\u0131 T\u00fcrklere y\u00f6nelik bask\u0131lar\u0131n artarak devam etti\u011fini, \u00fclke siyasetinin bu bask\u0131lara kar\u015f\u0131 tepkisinin yetersiz oldu\u011funu savundu. A\u00e7\u0131klamada, gazeteci \u015eener Levent hakk\u0131nda g\u0131yab\u0131nda verilen hapislik cezas\u0131n\u0131n \u201cbas\u0131na y\u00f6nelik bir","og_url":"https:\/\/kibrisdakik.com\/?p=56973","article_published_time":"2024-08-26T08:31:09+00:00","og_image":[{"width":225,"height":225,"url":"https:\/\/kibrisdakik.com\/wp-content\/uploads\/2024\/08\/basin-sen6.png","type":"image\/png"}],"author":"admin","twitter_card":"summary_large_image","twitter_misc":{"Yazan:":"admin","Tahmini okuma s\u00fcresi":"1 dakika"},"schema":{"@context":"https:\/\/schema.org","@graph":[{"@type":"Article","@id":"https:\/\/kibrisdakik.com\/?p=56973#article","isPartOf":{"@id":"https:\/\/kibrisdakik.com\/?p=56973"},"author":{"name":"admin","@id":"https:\/\/kibrisdakik.com\/#\/schema\/person\/9cd9d437bbb44f72b73ba127e06d8e79"},"headline":"BASIN-SEN: Gazetecilere y\u00f6nelik antidemokratik davalar bas\u0131n \u00f6zg\u00fcrl\u00fc\u011f\u00fcne ve toplumsal \u00f6zg\u00fcrl\u00fcklere zarar veriyor","datePublished":"2024-08-26T08:31:09+00:00","mainEntityOfPage":{"@id":"https:\/\/kibrisdakik.com\/?p=56973"},"wordCount":217,"commentCount":0,"image":{"@id":"https:\/\/kibrisdakik.com\/?p=56973#primaryimage"},"thumbnailUrl":"https:\/\/kibrisdakik.com\/wp-content\/uploads\/2024\/08\/basin-sen6.png","articleSection":["K\u0131br\u0131s"],"inLanguage":"tr","potentialAction":[{"@type":"CommentAction","name":"Comment","target":["https:\/\/kibrisdakik.com\/?p=56973#respond"]}]},{"@type":"WebPage","@id":"https:\/\/kibrisdakik.com\/?p=56973","url":"https:\/\/kibrisdakik.com\/?p=56973","name":"BASIN-SEN: Gazetecilere y\u00f6nelik antidemokratik davalar bas\u0131n \u00f6zg\u00fcrl\u00fc\u011f\u00fcne ve toplumsal \u00f6zg\u00fcrl\u00fcklere zarar veriyor -","isPartOf":{"@id":"https:\/\/kibrisdakik.com\/#website"},"primaryImageOfPage":{"@id":"https:\/\/kibrisdakik.com\/?p=56973#primaryimage"},"image":{"@id":"https:\/\/kibrisdakik.com\/?p=56973#primaryimage"},"thumbnailUrl":"https:\/\/kibrisdakik.com\/wp-content\/uploads\/2024\/08\/basin-sen6.png","datePublished":"2024-08-26T08:31:09+00:00","author":{"@id":"https:\/\/kibrisdakik.com\/#\/schema\/person\/9cd9d437bbb44f72b73ba127e06d8e79"},"breadcrumb":{"@id":"https:\/\/kibrisdakik.com\/?p=56973#breadcrumb"},"inLanguage":"tr","potentialAction":[{"@type":"ReadAction","target":["https:\/\/kibrisdakik.com\/?p=56973"]}]},{"@type":"ImageObject","inLanguage":"tr","@id":"https:\/\/kibrisdakik.com\/?p=56973#primaryimage","url":"https:\/\/kibrisdakik.com\/wp-content\/uploads\/2024\/08\/basin-sen6.png","contentUrl":"https:\/\/kibrisdakik.com\/wp-content\/uploads\/2024\/08\/basin-sen6.png","width":225,"height":225},{"@type":"BreadcrumbList","@id":"https:\/\/kibrisdakik.com\/?p=56973#breadcrumb","itemListElement":[{"@type":"ListItem","position":1,"name":"Home","item":"https:\/\/kibrisdakik.com\/"},{"@type":"ListItem","position":2,"name":"BASIN-SEN: Gazetecilere y\u00f6nelik antidemokratik davalar bas\u0131n \u00f6zg\u00fcrl\u00fc\u011f\u00fcne ve toplumsal \u00f6zg\u00fcrl\u00fcklere zarar veriyor"}]},{"@type":"WebSite","@id":"https:\/\/kibrisdakik.com\/#website","url":"https:\/\/kibrisdakik.com\/","name":"","description":"Tam vaktinde haber","potentialAction":[{"@type":"SearchAction","target":{"@type":"EntryPoint","urlTemplate":"https:\/\/kibrisdakik.com\/?s={search_term_string}"},"query-input":{"@type":"PropertyValueSpecification","valueRequired":true,"valueName":"search_term_string"}}],"inLanguage":"tr"},{"@type":"Person","@id":"https:\/\/kibrisdakik.com\/#\/schema\/person\/9cd9d437bbb44f72b73ba127e06d8e79","name":"admin","image":{"@type":"ImageObject","inLanguage":"tr","@id":"https:\/\/secure.gravatar.com\/avatar\/ccc17943b9d660506c869530f897617f7cb1c21a4bf30023f252596d83e1f007?s=96&d=mm&r=g","url":"https:\/\/secure.gravatar.com\/avatar\/ccc17943b9d660506c869530f897617f7cb1c21a4bf30023f252596d83e1f007?s=96&d=mm&r=g","contentUrl":"https:\/\/secure.gravatar.com\/avatar\/ccc17943b9d660506c869530f897617f7cb1c21a4bf30023f252596d83e1f007?s=96&d=mm&r=g","caption":"admin"},"sameAs":["https:\/\/kibrisdakik.com"],"url":"https:\/\/kibrisdakik.com\/?author=1"}]}},"_links":{"self":[{"href":"https:\/\/kibrisdakik.com\/index.php?rest_route=\/wp\/v2\/posts\/56973","targetHints":{"allow":["GET"]}}],"collection":[{"href":"https:\/\/kibrisdakik.com\/index.php?rest_route=\/wp\/v2\/posts"}],"about":[{"href":"https:\/\/kibrisdakik.com\/index.php?rest_route=\/wp\/v2\/types\/post"}],"author":[{"embeddable":true,"href":"https:\/\/kibrisdakik.com\/index.php?rest_route=\/wp\/v2\/users\/1"}],"replies":[{"embeddable":true,"href":"https:\/\/kibrisdakik.com\/index.php?rest_route=%2Fwp%2Fv2%2Fcomments&post=56973"}],"version-history":[{"count":0,"href":"https:\/\/kibrisdakik.com\/index.php?rest_route=\/wp\/v2\/posts\/56973\/revisions"}],"wp:featuredmedia":[{"embeddable":true,"href":"https:\/\/kibrisdakik.com\/index.php?rest_route=\/wp\/v2\/media\/56974"}],"wp:attachment":[{"href":"https:\/\/kibrisdakik.com\/index.php?rest_route=%2Fwp%2Fv2%2Fmedia&parent=56973"}],"wp:term":[{"taxonomy":"category","embeddable":true,"href":"https:\/\/kibrisdakik.com\/index.php?rest_route=%2Fwp%2Fv2%2Fcategories&post=56973"},{"taxonomy":"post_tag","embeddable":true,"href":"https:\/\/kibrisdakik.com\/index.php?rest_route=%2Fwp%2Fv2%2Ftags&post=56973"}],"curies":[{"name":"wp","href":"https:\/\/api.w.org\/{rel}","templated":true}]}}