{"id":57030,"date":"2024-08-26T14:03:46","date_gmt":"2024-08-26T11:03:46","guid":{"rendered":"https:\/\/kibrisdakik.com\/index.php\/2024\/08\/26\/protokolde-kriz-belediye-baskani-kendisine-ayrilan-sandalyeyi-gorunce-kuplere-bindi\/"},"modified":"2024-08-26T14:03:46","modified_gmt":"2024-08-26T11:03:46","slug":"protokolde-kriz-belediye-baskani-kendisine-ayrilan-sandalyeyi-gorunce-kuplere-bindi","status":"publish","type":"post","link":"https:\/\/kibrisdakik.com\/?p=57030","title":{"rendered":"Protokolde kriz! Belediye ba\u015fkan\u0131 kendisine ayr\u0131lan sandalyeyi g\u00f6r\u00fcnce k\u00fcplere bindi"},"content":{"rendered":"<p><\/p>\n<div id=\"\">\n<p>B\u00fcy\u00fck Zafer&#8217;in 102 y\u0131l d\u00f6n\u00fcm\u00fc t\u00f6renlerinin ger\u00e7ekle\u015ftirildi\u011fi Kocatepe&#8217;de &#8216;sandalye&#8217; krizi \u00e7\u0131kt\u0131. Belediye ba\u015fkan\u0131 Burcu K\u00f6ksal protokole getirilen sandalyeleri be\u011fenmeyince valilik g\u00f6revlileri ile gerginlik ya\u015fad\u0131. Duruma tepki g\u00f6steren K\u00f6ksal, Y\u00fczba\u015f\u0131 Agaf Efendi \u015eehitli\u011findeki t\u00f6rene ise kat\u0131lmad\u0131.<\/p>\n<p>Afyonkarahisar Kocatepe&#8217;deki Ba\u015fkomutan Mustafa Kemal Atat\u00fcrk An\u0131t\u0131&#8217;nda d\u00fczenlenen t\u00f6rende, protokolde ya\u015fanan bir olay gerginli\u011fe neden oldu. Afyonkarahisar Belediye Ba\u015fkan\u0131 Burcu K\u00f6ksal i\u00e7in protokolde di\u011ferlerinden farkl\u0131 plastik bir sandalye ayr\u0131ld\u0131\u011f\u0131 g\u00f6r\u00fcld\u00fc. Durumu fark eden Ba\u015fkan K\u00f6ksal, valilik personeline tepki g\u00f6sterdi.<\/p>\n<p>&#8220;Afyonkarahisar Belediye Ba\u015fkan\u0131na bu mu reva? Makam\u0131n a\u011f\u0131rl\u0131\u011f\u0131n\u0131 ta\u015f\u0131mak zorunday\u0131m. Ayarlay\u0131n l\u00fctfen, ben buraya oturuyorum, beni ilgilendirmiyor. Ka\u00e7 kez uyard\u0131k&#8221; diyerek tepkisini dile getiren K\u00f6ksal, sandalyeye oturmay\u0131 reddetti ve hemen yan koltu\u011fa ge\u00e7ti.<\/p>\n<figure class=\"type:primaryimage hbhOrder\" style=\"margin-bottom: 20px;\"><img loading=\"lazy\" decoding=\"async\" width=\"1202\" height=\"675\" class=\"hbptMainImage\" id=\"HaberImage\" src=\"https:\/\/foto.haberler.com\/resize\/601x337\/haber\/2024\/08\/26\/kocatepe-de-sandalye-krizi-belediye-baskani-17755829_7028_amp.jpg\"\/><\/figure>\n<div class=\"editorSade\">Kaynak: \u0130hlas Haber Ajans\u0131 \/  <a href=\"https:\/\/www.haberler.com\/3-sayfa\/\" title=\"3.Sayfa Haberleri\">3.Sayfa<\/a> <\/div>\n<h4 id=\"nwsKeywords\"> <a href=\"https:\/\/www.haberler.com\/burcu-koksal\/\" title=\"Burcu K\u00f6ksal\" class=\"hbptTag\">Burcu K\u00f6ksal<\/a>  <a href=\"https:\/\/www.haberler.com\/plastik\/\" title=\"Plastik\" class=\"hbptTag\">Plastik<\/a>  <a href=\"https:\/\/www.haberler.com\/yerel-haberler\/\" title=\"Yerel Haberler\" class=\"hbptTag\">Yerel Haberler<\/a>  <a href=\"https:\/\/www.haberler.com\/3-sayfa\/\" title=\"3.Sayfa\" class=\"hbptTag\">3.Sayfa<\/a>  <a href=\"https:\/\/www.haberler.com\/politika\/\" title=\"Politika\" class=\"hbptTag\">Politika<\/a>  <a href=\"https:\/\/www.haberler.com\/\" title=\"Haberler\" class=\"hbptTag\">Haberler<\/a> <\/h4>\n<\/div>\n","protected":false},"excerpt":{"rendered":"<p>B\u00fcy\u00fck Zafer&#8217;in 102 y\u0131l d\u00f6n\u00fcm\u00fc t\u00f6renlerinin ger\u00e7ekle\u015ftirildi\u011fi Kocatepe&#8217;de &#8216;sandalye&#8217; krizi \u00e7\u0131kt\u0131. Belediye ba\u015fkan\u0131 Burcu K\u00f6ksal protokole getirilen sandalyeleri be\u011fenmeyince valilik g\u00f6revlileri ile gerginlik ya\u015fad\u0131. Duruma tepki g\u00f6steren K\u00f6ksal, Y\u00fczba\u015f\u0131 Agaf Efendi \u015eehitli\u011findeki t\u00f6rene ise kat\u0131lmad\u0131. Afyonkarahisar Kocatepe&#8217;deki Ba\u015fkomutan Mustafa Kemal Atat\u00fcrk An\u0131t\u0131&#8217;nda d\u00fczenlenen t\u00f6rende, protokolde ya\u015fanan bir olay gerginli\u011fe neden oldu. Afyonkarahisar Belediye Ba\u015fkan\u0131 Burcu<\/p>\n","protected":false},"author":1,"featured_media":57031,"comment_status":"open","ping_status":"open","sticky":false,"template":"","format":"standard","meta":{"footnotes":""},"categories":[83],"tags":[],"class_list":["post-57030","post","type-post","status-publish","format-standard","has-post-thumbnail","hentry","category-magazin"],"yoast_head":"<!-- This site is optimized with the Yoast SEO plugin v27.4 - https:\/\/yoast.com\/product\/yoast-seo-wordpress\/ -->\n<title>Protokolde kriz! Belediye ba\u015fkan\u0131 kendisine ayr\u0131lan sandalyeyi g\u00f6r\u00fcnce k\u00fcplere bindi -<\/title>\n<meta name=\"robots\" content=\"index, follow, max-snippet:-1, max-image-preview:large, max-video-preview:-1\" \/>\n<link rel=\"canonical\" href=\"https:\/\/kibrisdakik.com\/?p=57030\" \/>\n<meta property=\"og:locale\" content=\"tr_TR\" \/>\n<meta property=\"og:type\" content=\"article\" \/>\n<meta property=\"og:title\" content=\"Protokolde kriz! Belediye ba\u015fkan\u0131 kendisine ayr\u0131lan sandalyeyi g\u00f6r\u00fcnce k\u00fcplere bindi -\" \/>\n<meta property=\"og:description\" content=\"B\u00fcy\u00fck Zafer&#8217;in 102 y\u0131l d\u00f6n\u00fcm\u00fc t\u00f6renlerinin ger\u00e7ekle\u015ftirildi\u011fi Kocatepe&#8217;de &#8216;sandalye&#8217; krizi \u00e7\u0131kt\u0131. Belediye ba\u015fkan\u0131 Burcu K\u00f6ksal protokole getirilen sandalyeleri be\u011fenmeyince valilik g\u00f6revlileri ile gerginlik ya\u015fad\u0131. Duruma tepki g\u00f6steren K\u00f6ksal, Y\u00fczba\u015f\u0131 Agaf Efendi \u015eehitli\u011findeki t\u00f6rene ise kat\u0131lmad\u0131. Afyonkarahisar Kocatepe&#8217;deki Ba\u015fkomutan Mustafa Kemal Atat\u00fcrk An\u0131t\u0131&#8217;nda d\u00fczenlenen t\u00f6rende, protokolde ya\u015fanan bir olay gerginli\u011fe neden oldu. Afyonkarahisar Belediye Ba\u015fkan\u0131 Burcu\" \/>\n<meta property=\"og:url\" content=\"https:\/\/kibrisdakik.com\/?p=57030\" \/>\n<meta property=\"article:published_time\" content=\"2024-08-26T11:03:46+00:00\" \/>\n<meta property=\"og:image\" content=\"https:\/\/kibrisdakik.com\/wp-content\/uploads\/2024\/08\/kocatepe-de-sandalye-krizi-belediye-baskani-17755829_7028_amp.jpg\" \/>\n\t<meta property=\"og:image:width\" content=\"601\" \/>\n\t<meta property=\"og:image:height\" content=\"337\" \/>\n\t<meta property=\"og:image:type\" content=\"image\/jpeg\" \/>\n<meta name=\"author\" content=\"admin\" \/>\n<meta name=\"twitter:card\" content=\"summary_large_image\" \/>\n<meta name=\"twitter:label1\" content=\"Yazan:\" \/>\n\t<meta name=\"twitter:data1\" content=\"admin\" \/>\n\t<meta name=\"twitter:label2\" content=\"Tahmini okuma s\u00fcresi\" \/>\n\t<meta name=\"twitter:data2\" content=\"1 dakika\" \/>\n<script type=\"application\/ld+json\" class=\"yoast-schema-graph\">{\"@context\":\"https:\\\/\\\/schema.org\",\"@graph\":[{\"@type\":\"Article\",\"@id\":\"https:\\\/\\\/kibrisdakik.com\\\/?p=57030#article\",\"isPartOf\":{\"@id\":\"https:\\\/\\\/kibrisdakik.com\\\/?p=57030\"},\"author\":{\"name\":\"admin\",\"@id\":\"https:\\\/\\\/kibrisdakik.com\\\/#\\\/schema\\\/person\\\/9cd9d437bbb44f72b73ba127e06d8e79\"},\"headline\":\"Protokolde kriz! Belediye ba\u015fkan\u0131 kendisine ayr\u0131lan sandalyeyi g\u00f6r\u00fcnce k\u00fcplere bindi\",\"datePublished\":\"2024-08-26T11:03:46+00:00\",\"mainEntityOfPage\":{\"@id\":\"https:\\\/\\\/kibrisdakik.com\\\/?p=57030\"},\"wordCount\":186,\"commentCount\":0,\"image\":{\"@id\":\"https:\\\/\\\/kibrisdakik.com\\\/?p=57030#primaryimage\"},\"thumbnailUrl\":\"https:\\\/\\\/kibrisdakik.com\\\/wp-content\\\/uploads\\\/2024\\\/08\\\/kocatepe-de-sandalye-krizi-belediye-baskani-17755829_7028_amp.jpg\",\"articleSection\":[\"Magazin\"],\"inLanguage\":\"tr\",\"potentialAction\":[{\"@type\":\"CommentAction\",\"name\":\"Comment\",\"target\":[\"https:\\\/\\\/kibrisdakik.com\\\/?p=57030#respond\"]}]},{\"@type\":\"WebPage\",\"@id\":\"https:\\\/\\\/kibrisdakik.com\\\/?p=57030\",\"url\":\"https:\\\/\\\/kibrisdakik.com\\\/?p=57030\",\"name\":\"Protokolde kriz! Belediye ba\u015fkan\u0131 kendisine ayr\u0131lan sandalyeyi g\u00f6r\u00fcnce k\u00fcplere bindi -\",\"isPartOf\":{\"@id\":\"https:\\\/\\\/kibrisdakik.com\\\/#website\"},\"primaryImageOfPage\":{\"@id\":\"https:\\\/\\\/kibrisdakik.com\\\/?p=57030#primaryimage\"},\"image\":{\"@id\":\"https:\\\/\\\/kibrisdakik.com\\\/?p=57030#primaryimage\"},\"thumbnailUrl\":\"https:\\\/\\\/kibrisdakik.com\\\/wp-content\\\/uploads\\\/2024\\\/08\\\/kocatepe-de-sandalye-krizi-belediye-baskani-17755829_7028_amp.jpg\",\"datePublished\":\"2024-08-26T11:03:46+00:00\",\"author\":{\"@id\":\"https:\\\/\\\/kibrisdakik.com\\\/#\\\/schema\\\/person\\\/9cd9d437bbb44f72b73ba127e06d8e79\"},\"breadcrumb\":{\"@id\":\"https:\\\/\\\/kibrisdakik.com\\\/?p=57030#breadcrumb\"},\"inLanguage\":\"tr\",\"potentialAction\":[{\"@type\":\"ReadAction\",\"target\":[\"https:\\\/\\\/kibrisdakik.com\\\/?p=57030\"]}]},{\"@type\":\"ImageObject\",\"inLanguage\":\"tr\",\"@id\":\"https:\\\/\\\/kibrisdakik.com\\\/?p=57030#primaryimage\",\"url\":\"https:\\\/\\\/kibrisdakik.com\\\/wp-content\\\/uploads\\\/2024\\\/08\\\/kocatepe-de-sandalye-krizi-belediye-baskani-17755829_7028_amp.jpg\",\"contentUrl\":\"https:\\\/\\\/kibrisdakik.com\\\/wp-content\\\/uploads\\\/2024\\\/08\\\/kocatepe-de-sandalye-krizi-belediye-baskani-17755829_7028_amp.jpg\",\"width\":601,\"height\":337},{\"@type\":\"BreadcrumbList\",\"@id\":\"https:\\\/\\\/kibrisdakik.com\\\/?p=57030#breadcrumb\",\"itemListElement\":[{\"@type\":\"ListItem\",\"position\":1,\"name\":\"Home\",\"item\":\"https:\\\/\\\/kibrisdakik.com\\\/\"},{\"@type\":\"ListItem\",\"position\":2,\"name\":\"Protokolde kriz! Belediye ba\u015fkan\u0131 kendisine ayr\u0131lan sandalyeyi g\u00f6r\u00fcnce k\u00fcplere bindi\"}]},{\"@type\":\"WebSite\",\"@id\":\"https:\\\/\\\/kibrisdakik.com\\\/#website\",\"url\":\"https:\\\/\\\/kibrisdakik.com\\\/\",\"name\":\"\",\"description\":\"Tam vaktinde haber\",\"potentialAction\":[{\"@type\":\"SearchAction\",\"target\":{\"@type\":\"EntryPoint\",\"urlTemplate\":\"https:\\\/\\\/kibrisdakik.com\\\/?s={search_term_string}\"},\"query-input\":{\"@type\":\"PropertyValueSpecification\",\"valueRequired\":true,\"valueName\":\"search_term_string\"}}],\"inLanguage\":\"tr\"},{\"@type\":\"Person\",\"@id\":\"https:\\\/\\\/kibrisdakik.com\\\/#\\\/schema\\\/person\\\/9cd9d437bbb44f72b73ba127e06d8e79\",\"name\":\"admin\",\"image\":{\"@type\":\"ImageObject\",\"inLanguage\":\"tr\",\"@id\":\"https:\\\/\\\/secure.gravatar.com\\\/avatar\\\/ccc17943b9d660506c869530f897617f7cb1c21a4bf30023f252596d83e1f007?s=96&d=mm&r=g\",\"url\":\"https:\\\/\\\/secure.gravatar.com\\\/avatar\\\/ccc17943b9d660506c869530f897617f7cb1c21a4bf30023f252596d83e1f007?s=96&d=mm&r=g\",\"contentUrl\":\"https:\\\/\\\/secure.gravatar.com\\\/avatar\\\/ccc17943b9d660506c869530f897617f7cb1c21a4bf30023f252596d83e1f007?s=96&d=mm&r=g\",\"caption\":\"admin\"},\"sameAs\":[\"https:\\\/\\\/kibrisdakik.com\"],\"url\":\"https:\\\/\\\/kibrisdakik.com\\\/?author=1\"}]}<\/script>\n<!-- \/ Yoast SEO plugin. -->","yoast_head_json":{"title":"Protokolde kriz! Belediye ba\u015fkan\u0131 kendisine ayr\u0131lan sandalyeyi g\u00f6r\u00fcnce k\u00fcplere bindi -","robots":{"index":"index","follow":"follow","max-snippet":"max-snippet:-1","max-image-preview":"max-image-preview:large","max-video-preview":"max-video-preview:-1"},"canonical":"https:\/\/kibrisdakik.com\/?p=57030","og_locale":"tr_TR","og_type":"article","og_title":"Protokolde kriz! Belediye ba\u015fkan\u0131 kendisine ayr\u0131lan sandalyeyi g\u00f6r\u00fcnce k\u00fcplere bindi -","og_description":"B\u00fcy\u00fck Zafer&#8217;in 102 y\u0131l d\u00f6n\u00fcm\u00fc t\u00f6renlerinin ger\u00e7ekle\u015ftirildi\u011fi Kocatepe&#8217;de &#8216;sandalye&#8217; krizi \u00e7\u0131kt\u0131. Belediye ba\u015fkan\u0131 Burcu K\u00f6ksal protokole getirilen sandalyeleri be\u011fenmeyince valilik g\u00f6revlileri ile gerginlik ya\u015fad\u0131. Duruma tepki g\u00f6steren K\u00f6ksal, Y\u00fczba\u015f\u0131 Agaf Efendi \u015eehitli\u011findeki t\u00f6rene ise kat\u0131lmad\u0131. Afyonkarahisar Kocatepe&#8217;deki Ba\u015fkomutan Mustafa Kemal Atat\u00fcrk An\u0131t\u0131&#8217;nda d\u00fczenlenen t\u00f6rende, protokolde ya\u015fanan bir olay gerginli\u011fe neden oldu. Afyonkarahisar Belediye Ba\u015fkan\u0131 Burcu","og_url":"https:\/\/kibrisdakik.com\/?p=57030","article_published_time":"2024-08-26T11:03:46+00:00","og_image":[{"width":601,"height":337,"url":"https:\/\/kibrisdakik.com\/wp-content\/uploads\/2024\/08\/kocatepe-de-sandalye-krizi-belediye-baskani-17755829_7028_amp.jpg","type":"image\/jpeg"}],"author":"admin","twitter_card":"summary_large_image","twitter_misc":{"Yazan:":"admin","Tahmini okuma s\u00fcresi":"1 dakika"},"schema":{"@context":"https:\/\/schema.org","@graph":[{"@type":"Article","@id":"https:\/\/kibrisdakik.com\/?p=57030#article","isPartOf":{"@id":"https:\/\/kibrisdakik.com\/?p=57030"},"author":{"name":"admin","@id":"https:\/\/kibrisdakik.com\/#\/schema\/person\/9cd9d437bbb44f72b73ba127e06d8e79"},"headline":"Protokolde kriz! Belediye ba\u015fkan\u0131 kendisine ayr\u0131lan sandalyeyi g\u00f6r\u00fcnce k\u00fcplere bindi","datePublished":"2024-08-26T11:03:46+00:00","mainEntityOfPage":{"@id":"https:\/\/kibrisdakik.com\/?p=57030"},"wordCount":186,"commentCount":0,"image":{"@id":"https:\/\/kibrisdakik.com\/?p=57030#primaryimage"},"thumbnailUrl":"https:\/\/kibrisdakik.com\/wp-content\/uploads\/2024\/08\/kocatepe-de-sandalye-krizi-belediye-baskani-17755829_7028_amp.jpg","articleSection":["Magazin"],"inLanguage":"tr","potentialAction":[{"@type":"CommentAction","name":"Comment","target":["https:\/\/kibrisdakik.com\/?p=57030#respond"]}]},{"@type":"WebPage","@id":"https:\/\/kibrisdakik.com\/?p=57030","url":"https:\/\/kibrisdakik.com\/?p=57030","name":"Protokolde kriz! Belediye ba\u015fkan\u0131 kendisine ayr\u0131lan sandalyeyi g\u00f6r\u00fcnce k\u00fcplere bindi -","isPartOf":{"@id":"https:\/\/kibrisdakik.com\/#website"},"primaryImageOfPage":{"@id":"https:\/\/kibrisdakik.com\/?p=57030#primaryimage"},"image":{"@id":"https:\/\/kibrisdakik.com\/?p=57030#primaryimage"},"thumbnailUrl":"https:\/\/kibrisdakik.com\/wp-content\/uploads\/2024\/08\/kocatepe-de-sandalye-krizi-belediye-baskani-17755829_7028_amp.jpg","datePublished":"2024-08-26T11:03:46+00:00","author":{"@id":"https:\/\/kibrisdakik.com\/#\/schema\/person\/9cd9d437bbb44f72b73ba127e06d8e79"},"breadcrumb":{"@id":"https:\/\/kibrisdakik.com\/?p=57030#breadcrumb"},"inLanguage":"tr","potentialAction":[{"@type":"ReadAction","target":["https:\/\/kibrisdakik.com\/?p=57030"]}]},{"@type":"ImageObject","inLanguage":"tr","@id":"https:\/\/kibrisdakik.com\/?p=57030#primaryimage","url":"https:\/\/kibrisdakik.com\/wp-content\/uploads\/2024\/08\/kocatepe-de-sandalye-krizi-belediye-baskani-17755829_7028_amp.jpg","contentUrl":"https:\/\/kibrisdakik.com\/wp-content\/uploads\/2024\/08\/kocatepe-de-sandalye-krizi-belediye-baskani-17755829_7028_amp.jpg","width":601,"height":337},{"@type":"BreadcrumbList","@id":"https:\/\/kibrisdakik.com\/?p=57030#breadcrumb","itemListElement":[{"@type":"ListItem","position":1,"name":"Home","item":"https:\/\/kibrisdakik.com\/"},{"@type":"ListItem","position":2,"name":"Protokolde kriz! Belediye ba\u015fkan\u0131 kendisine ayr\u0131lan sandalyeyi g\u00f6r\u00fcnce k\u00fcplere bindi"}]},{"@type":"WebSite","@id":"https:\/\/kibrisdakik.com\/#website","url":"https:\/\/kibrisdakik.com\/","name":"","description":"Tam vaktinde haber","potentialAction":[{"@type":"SearchAction","target":{"@type":"EntryPoint","urlTemplate":"https:\/\/kibrisdakik.com\/?s={search_term_string}"},"query-input":{"@type":"PropertyValueSpecification","valueRequired":true,"valueName":"search_term_string"}}],"inLanguage":"tr"},{"@type":"Person","@id":"https:\/\/kibrisdakik.com\/#\/schema\/person\/9cd9d437bbb44f72b73ba127e06d8e79","name":"admin","image":{"@type":"ImageObject","inLanguage":"tr","@id":"https:\/\/secure.gravatar.com\/avatar\/ccc17943b9d660506c869530f897617f7cb1c21a4bf30023f252596d83e1f007?s=96&d=mm&r=g","url":"https:\/\/secure.gravatar.com\/avatar\/ccc17943b9d660506c869530f897617f7cb1c21a4bf30023f252596d83e1f007?s=96&d=mm&r=g","contentUrl":"https:\/\/secure.gravatar.com\/avatar\/ccc17943b9d660506c869530f897617f7cb1c21a4bf30023f252596d83e1f007?s=96&d=mm&r=g","caption":"admin"},"sameAs":["https:\/\/kibrisdakik.com"],"url":"https:\/\/kibrisdakik.com\/?author=1"}]}},"_links":{"self":[{"href":"https:\/\/kibrisdakik.com\/index.php?rest_route=\/wp\/v2\/posts\/57030","targetHints":{"allow":["GET"]}}],"collection":[{"href":"https:\/\/kibrisdakik.com\/index.php?rest_route=\/wp\/v2\/posts"}],"about":[{"href":"https:\/\/kibrisdakik.com\/index.php?rest_route=\/wp\/v2\/types\/post"}],"author":[{"embeddable":true,"href":"https:\/\/kibrisdakik.com\/index.php?rest_route=\/wp\/v2\/users\/1"}],"replies":[{"embeddable":true,"href":"https:\/\/kibrisdakik.com\/index.php?rest_route=%2Fwp%2Fv2%2Fcomments&post=57030"}],"version-history":[{"count":0,"href":"https:\/\/kibrisdakik.com\/index.php?rest_route=\/wp\/v2\/posts\/57030\/revisions"}],"wp:featuredmedia":[{"embeddable":true,"href":"https:\/\/kibrisdakik.com\/index.php?rest_route=\/wp\/v2\/media\/57031"}],"wp:attachment":[{"href":"https:\/\/kibrisdakik.com\/index.php?rest_route=%2Fwp%2Fv2%2Fmedia&parent=57030"}],"wp:term":[{"taxonomy":"category","embeddable":true,"href":"https:\/\/kibrisdakik.com\/index.php?rest_route=%2Fwp%2Fv2%2Fcategories&post=57030"},{"taxonomy":"post_tag","embeddable":true,"href":"https:\/\/kibrisdakik.com\/index.php?rest_route=%2Fwp%2Fv2%2Ftags&post=57030"}],"curies":[{"name":"wp","href":"https:\/\/api.w.org\/{rel}","templated":true}]}}