{"id":57052,"date":"2024-08-26T14:50:22","date_gmt":"2024-08-26T11:50:22","guid":{"rendered":"https:\/\/kibrisdakik.com\/index.php\/2024\/08\/26\/fransada-firtina-ve-dolu-hayati-olumsuz-etkiledi\/"},"modified":"2024-08-26T14:50:22","modified_gmt":"2024-08-26T11:50:22","slug":"fransada-firtina-ve-dolu-hayati-olumsuz-etkiledi","status":"publish","type":"post","link":"https:\/\/kibrisdakik.com\/?p=57052","title":{"rendered":"Fransa\u2019da f\u0131rt\u0131na ve dolu hayat\u0131 olumsuz etkiledi"},"content":{"rendered":"<p><\/p>\n<div>\n<div class=\"mariselle-image-container center\">\n                <img loading=\"lazy\" decoding=\"async\" width=\"864\" height=\"486\" class=\"lazy-image\" alt=\"\" sizes=\"auto, (max-width: 864px) 100vw, 864px\" src=\"https:\/\/brtk.net\/wp-content\/uploads\/2024\/08\/26\/thumbs_b_c_15a1c9ceb0573f68c9f42095f8c1d360.jpg?ver=432c26b78caa64fdf2b634136d160ee1\" srcset=\"https:\/\/brtk.net\/wp-content\/uploads\/2024\/08\/26\/thumbs_b_c_15a1c9ceb0573f68c9f42095f8c1d360.jpg?ver=432c26b78caa64fdf2b634136d160ee1 864w, https:\/\/brtk.net\/wp-content\/uploads\/2024\/08\/26\/thumbs_b_c_15a1c9ceb0573f68c9f42095f8c1d360-300x169.jpg?ver=432c26b78caa64fdf2b634136d160ee1 300w, https:\/\/brtk.net\/wp-content\/uploads\/2024\/08\/26\/thumbs_b_c_15a1c9ceb0573f68c9f42095f8c1d360-768x432.jpg?ver=432c26b78caa64fdf2b634136d160ee1 768w\"\/>                            <\/div>\n<p>Fransa\u2019n\u0131n bir\u00e7ok vilayetinde hafta sonunda \u015fiddetli f\u0131rt\u0131na ve dolunun hayat\u0131 olumsuz etkiledi\u011fi, devrilen a\u011fa\u00e7 nedeniyle meydana gelen trafik kazas\u0131nda bir ki\u015finin ya\u015fam\u0131n\u0131 yitirdi\u011fi bildirildi.<\/p>\n<p>Frans\u0131z Kas\u0131rga ve F\u0131rt\u0131na G\u00f6zlemevi Keraunos, 24 A\u011fustos\u2019ta 22 binden fazla \u015fim\u015fe\u011fin kaydedildi\u011fini bildirdi.<\/p>\n<p>Fransa Meteoroloji \u0130daresi Meteo-France\u2019a g\u00f6re Moselle, Cote-d\u2019Or, Loire, Rhine vilayetlerinin de bulundu\u011fu 24 vilayette hafta sonunda f\u0131rt\u0131na etkili oldu.<\/p>\n<p>Ulusal bas\u0131nda yer alan haberlerde f\u0131rt\u0131nadan etkilenen vilayetlerde a\u011fa\u00e7lar\u0131n devrildi\u011fi, yollar\u0131n sular alt\u0131nda kald\u0131\u011f\u0131 ifade edildi.<\/p>\n<p>Moselle vilayetinde yola devrilen a\u011fac\u0131n neden oldu\u011fu trafik kazas\u0131nda bir ki\u015finin hayat\u0131n\u0131 kaybetti\u011fi bildirildi.<\/p>\n<p>Sosyal medyaya yans\u0131yan g\u00f6r\u00fcnt\u00fclerde b\u00fcy\u00fck dolu tanelerinin vurdu\u011fu ara\u00e7lar\u0131n yollarda beklerken uzun kuyruklar olu\u015fturdu\u011fu g\u00f6r\u00fcld\u00fc.<\/p>\n<\/p><\/div>\n<p><script async\n                    defer\n                    crossorigin=\"anonymous\"\n                    src=\"https:\/\/connect.facebook.net\/tr_TR\/sdk.js#xfbml=1&#038;version=v3.3\"\n            ><\/script><\/p>\n","protected":false},"excerpt":{"rendered":"<p>Fransa\u2019n\u0131n bir\u00e7ok vilayetinde hafta sonunda \u015fiddetli f\u0131rt\u0131na ve dolunun hayat\u0131 olumsuz etkiledi\u011fi, devrilen a\u011fa\u00e7 nedeniyle meydana gelen trafik kazas\u0131nda bir ki\u015finin ya\u015fam\u0131n\u0131 yitirdi\u011fi bildirildi. Frans\u0131z Kas\u0131rga ve F\u0131rt\u0131na G\u00f6zlemevi Keraunos, 24 A\u011fustos\u2019ta 22 binden fazla \u015fim\u015fe\u011fin kaydedildi\u011fini bildirdi. Fransa Meteoroloji \u0130daresi Meteo-France\u2019a g\u00f6re Moselle, Cote-d\u2019Or, Loire, Rhine vilayetlerinin de bulundu\u011fu 24 vilayette hafta sonunda f\u0131rt\u0131na<\/p>\n","protected":false},"author":1,"featured_media":57053,"comment_status":"open","ping_status":"open","sticky":false,"template":"","format":"standard","meta":{"footnotes":""},"categories":[1],"tags":[],"class_list":["post-57052","post","type-post","status-publish","format-standard","has-post-thumbnail","hentry","category-gundem"],"yoast_head":"<!-- This site is optimized with the Yoast SEO plugin v27.5 - https:\/\/yoast.com\/product\/yoast-seo-wordpress\/ -->\n<title>Fransa\u2019da f\u0131rt\u0131na ve dolu hayat\u0131 olumsuz etkiledi -<\/title>\n<meta name=\"robots\" content=\"index, follow, max-snippet:-1, max-image-preview:large, max-video-preview:-1\" \/>\n<link rel=\"canonical\" href=\"https:\/\/kibrisdakik.com\/?p=57052\" \/>\n<meta property=\"og:locale\" content=\"tr_TR\" \/>\n<meta property=\"og:type\" content=\"article\" \/>\n<meta property=\"og:title\" content=\"Fransa\u2019da f\u0131rt\u0131na ve dolu hayat\u0131 olumsuz etkiledi -\" \/>\n<meta property=\"og:description\" content=\"Fransa\u2019n\u0131n bir\u00e7ok vilayetinde hafta sonunda \u015fiddetli f\u0131rt\u0131na ve dolunun hayat\u0131 olumsuz etkiledi\u011fi, devrilen a\u011fa\u00e7 nedeniyle meydana gelen trafik kazas\u0131nda bir ki\u015finin ya\u015fam\u0131n\u0131 yitirdi\u011fi bildirildi. Frans\u0131z Kas\u0131rga ve F\u0131rt\u0131na G\u00f6zlemevi Keraunos, 24 A\u011fustos\u2019ta 22 binden fazla \u015fim\u015fe\u011fin kaydedildi\u011fini bildirdi. Fransa Meteoroloji \u0130daresi Meteo-France\u2019a g\u00f6re Moselle, Cote-d\u2019Or, Loire, Rhine vilayetlerinin de bulundu\u011fu 24 vilayette hafta sonunda f\u0131rt\u0131na\" \/>\n<meta property=\"og:url\" content=\"https:\/\/kibrisdakik.com\/?p=57052\" \/>\n<meta property=\"article:published_time\" content=\"2024-08-26T11:50:22+00:00\" \/>\n<meta property=\"og:image\" content=\"https:\/\/kibrisdakik.com\/wp-content\/uploads\/2024\/08\/thumbs_b_c_15a1c9ceb0573f68c9f42095f8c1d360-740x420.jpg\" \/>\n\t<meta property=\"og:image:width\" content=\"864\" \/>\n\t<meta property=\"og:image:height\" content=\"486\" \/>\n\t<meta property=\"og:image:type\" content=\"image\/jpeg\" \/>\n<meta name=\"author\" content=\"admin\" \/>\n<meta name=\"twitter:card\" content=\"summary_large_image\" \/>\n<meta name=\"twitter:label1\" content=\"Yazan:\" \/>\n\t<meta name=\"twitter:data1\" content=\"admin\" \/>\n\t<meta name=\"twitter:label2\" content=\"Tahmini okuma s\u00fcresi\" \/>\n\t<meta name=\"twitter:data2\" content=\"1 dakika\" \/>\n<script type=\"application\/ld+json\" class=\"yoast-schema-graph\">{\"@context\":\"https:\\\/\\\/schema.org\",\"@graph\":[{\"@type\":\"Article\",\"@id\":\"https:\\\/\\\/kibrisdakik.com\\\/?p=57052#article\",\"isPartOf\":{\"@id\":\"https:\\\/\\\/kibrisdakik.com\\\/?p=57052\"},\"author\":{\"name\":\"admin\",\"@id\":\"https:\\\/\\\/kibrisdakik.com\\\/#\\\/schema\\\/person\\\/9cd9d437bbb44f72b73ba127e06d8e79\"},\"headline\":\"Fransa\u2019da f\u0131rt\u0131na ve dolu hayat\u0131 olumsuz etkiledi\",\"datePublished\":\"2024-08-26T11:50:22+00:00\",\"mainEntityOfPage\":{\"@id\":\"https:\\\/\\\/kibrisdakik.com\\\/?p=57052\"},\"wordCount\":166,\"commentCount\":0,\"image\":{\"@id\":\"https:\\\/\\\/kibrisdakik.com\\\/?p=57052#primaryimage\"},\"thumbnailUrl\":\"https:\\\/\\\/kibrisdakik.com\\\/wp-content\\\/uploads\\\/2024\\\/08\\\/thumbs_b_c_15a1c9ceb0573f68c9f42095f8c1d360-740x420.jpg\",\"articleSection\":[\"G\u00fcndem\"],\"inLanguage\":\"tr\",\"potentialAction\":[{\"@type\":\"CommentAction\",\"name\":\"Comment\",\"target\":[\"https:\\\/\\\/kibrisdakik.com\\\/?p=57052#respond\"]}]},{\"@type\":\"WebPage\",\"@id\":\"https:\\\/\\\/kibrisdakik.com\\\/?p=57052\",\"url\":\"https:\\\/\\\/kibrisdakik.com\\\/?p=57052\",\"name\":\"Fransa\u2019da f\u0131rt\u0131na ve dolu hayat\u0131 olumsuz etkiledi -\",\"isPartOf\":{\"@id\":\"https:\\\/\\\/kibrisdakik.com\\\/#website\"},\"primaryImageOfPage\":{\"@id\":\"https:\\\/\\\/kibrisdakik.com\\\/?p=57052#primaryimage\"},\"image\":{\"@id\":\"https:\\\/\\\/kibrisdakik.com\\\/?p=57052#primaryimage\"},\"thumbnailUrl\":\"https:\\\/\\\/kibrisdakik.com\\\/wp-content\\\/uploads\\\/2024\\\/08\\\/thumbs_b_c_15a1c9ceb0573f68c9f42095f8c1d360-740x420.jpg\",\"datePublished\":\"2024-08-26T11:50:22+00:00\",\"author\":{\"@id\":\"https:\\\/\\\/kibrisdakik.com\\\/#\\\/schema\\\/person\\\/9cd9d437bbb44f72b73ba127e06d8e79\"},\"breadcrumb\":{\"@id\":\"https:\\\/\\\/kibrisdakik.com\\\/?p=57052#breadcrumb\"},\"inLanguage\":\"tr\",\"potentialAction\":[{\"@type\":\"ReadAction\",\"target\":[\"https:\\\/\\\/kibrisdakik.com\\\/?p=57052\"]}]},{\"@type\":\"ImageObject\",\"inLanguage\":\"tr\",\"@id\":\"https:\\\/\\\/kibrisdakik.com\\\/?p=57052#primaryimage\",\"url\":\"https:\\\/\\\/kibrisdakik.com\\\/wp-content\\\/uploads\\\/2024\\\/08\\\/thumbs_b_c_15a1c9ceb0573f68c9f42095f8c1d360-740x420.jpg\",\"contentUrl\":\"https:\\\/\\\/kibrisdakik.com\\\/wp-content\\\/uploads\\\/2024\\\/08\\\/thumbs_b_c_15a1c9ceb0573f68c9f42095f8c1d360-740x420.jpg\",\"width\":864,\"height\":486},{\"@type\":\"BreadcrumbList\",\"@id\":\"https:\\\/\\\/kibrisdakik.com\\\/?p=57052#breadcrumb\",\"itemListElement\":[{\"@type\":\"ListItem\",\"position\":1,\"name\":\"Home\",\"item\":\"https:\\\/\\\/kibrisdakik.com\\\/\"},{\"@type\":\"ListItem\",\"position\":2,\"name\":\"Fransa\u2019da f\u0131rt\u0131na ve dolu hayat\u0131 olumsuz etkiledi\"}]},{\"@type\":\"WebSite\",\"@id\":\"https:\\\/\\\/kibrisdakik.com\\\/#website\",\"url\":\"https:\\\/\\\/kibrisdakik.com\\\/\",\"name\":\"\",\"description\":\"Tam vaktinde haber\",\"potentialAction\":[{\"@type\":\"SearchAction\",\"target\":{\"@type\":\"EntryPoint\",\"urlTemplate\":\"https:\\\/\\\/kibrisdakik.com\\\/?s={search_term_string}\"},\"query-input\":{\"@type\":\"PropertyValueSpecification\",\"valueRequired\":true,\"valueName\":\"search_term_string\"}}],\"inLanguage\":\"tr\"},{\"@type\":\"Person\",\"@id\":\"https:\\\/\\\/kibrisdakik.com\\\/#\\\/schema\\\/person\\\/9cd9d437bbb44f72b73ba127e06d8e79\",\"name\":\"admin\",\"image\":{\"@type\":\"ImageObject\",\"inLanguage\":\"tr\",\"@id\":\"https:\\\/\\\/secure.gravatar.com\\\/avatar\\\/ccc17943b9d660506c869530f897617f7cb1c21a4bf30023f252596d83e1f007?s=96&d=mm&r=g\",\"url\":\"https:\\\/\\\/secure.gravatar.com\\\/avatar\\\/ccc17943b9d660506c869530f897617f7cb1c21a4bf30023f252596d83e1f007?s=96&d=mm&r=g\",\"contentUrl\":\"https:\\\/\\\/secure.gravatar.com\\\/avatar\\\/ccc17943b9d660506c869530f897617f7cb1c21a4bf30023f252596d83e1f007?s=96&d=mm&r=g\",\"caption\":\"admin\"},\"sameAs\":[\"https:\\\/\\\/kibrisdakik.com\"],\"url\":\"https:\\\/\\\/kibrisdakik.com\\\/?author=1\"}]}<\/script>\n<!-- \/ Yoast SEO plugin. -->","yoast_head_json":{"title":"Fransa\u2019da f\u0131rt\u0131na ve dolu hayat\u0131 olumsuz etkiledi -","robots":{"index":"index","follow":"follow","max-snippet":"max-snippet:-1","max-image-preview":"max-image-preview:large","max-video-preview":"max-video-preview:-1"},"canonical":"https:\/\/kibrisdakik.com\/?p=57052","og_locale":"tr_TR","og_type":"article","og_title":"Fransa\u2019da f\u0131rt\u0131na ve dolu hayat\u0131 olumsuz etkiledi -","og_description":"Fransa\u2019n\u0131n bir\u00e7ok vilayetinde hafta sonunda \u015fiddetli f\u0131rt\u0131na ve dolunun hayat\u0131 olumsuz etkiledi\u011fi, devrilen a\u011fa\u00e7 nedeniyle meydana gelen trafik kazas\u0131nda bir ki\u015finin ya\u015fam\u0131n\u0131 yitirdi\u011fi bildirildi. Frans\u0131z Kas\u0131rga ve F\u0131rt\u0131na G\u00f6zlemevi Keraunos, 24 A\u011fustos\u2019ta 22 binden fazla \u015fim\u015fe\u011fin kaydedildi\u011fini bildirdi. Fransa Meteoroloji \u0130daresi Meteo-France\u2019a g\u00f6re Moselle, Cote-d\u2019Or, Loire, Rhine vilayetlerinin de bulundu\u011fu 24 vilayette hafta sonunda f\u0131rt\u0131na","og_url":"https:\/\/kibrisdakik.com\/?p=57052","article_published_time":"2024-08-26T11:50:22+00:00","og_image":[{"width":864,"height":486,"url":"https:\/\/kibrisdakik.com\/wp-content\/uploads\/2024\/08\/thumbs_b_c_15a1c9ceb0573f68c9f42095f8c1d360-740x420.jpg","type":"image\/jpeg"}],"author":"admin","twitter_card":"summary_large_image","twitter_misc":{"Yazan:":"admin","Tahmini okuma s\u00fcresi":"1 dakika"},"schema":{"@context":"https:\/\/schema.org","@graph":[{"@type":"Article","@id":"https:\/\/kibrisdakik.com\/?p=57052#article","isPartOf":{"@id":"https:\/\/kibrisdakik.com\/?p=57052"},"author":{"name":"admin","@id":"https:\/\/kibrisdakik.com\/#\/schema\/person\/9cd9d437bbb44f72b73ba127e06d8e79"},"headline":"Fransa\u2019da f\u0131rt\u0131na ve dolu hayat\u0131 olumsuz etkiledi","datePublished":"2024-08-26T11:50:22+00:00","mainEntityOfPage":{"@id":"https:\/\/kibrisdakik.com\/?p=57052"},"wordCount":166,"commentCount":0,"image":{"@id":"https:\/\/kibrisdakik.com\/?p=57052#primaryimage"},"thumbnailUrl":"https:\/\/kibrisdakik.com\/wp-content\/uploads\/2024\/08\/thumbs_b_c_15a1c9ceb0573f68c9f42095f8c1d360-740x420.jpg","articleSection":["G\u00fcndem"],"inLanguage":"tr","potentialAction":[{"@type":"CommentAction","name":"Comment","target":["https:\/\/kibrisdakik.com\/?p=57052#respond"]}]},{"@type":"WebPage","@id":"https:\/\/kibrisdakik.com\/?p=57052","url":"https:\/\/kibrisdakik.com\/?p=57052","name":"Fransa\u2019da f\u0131rt\u0131na ve dolu hayat\u0131 olumsuz etkiledi -","isPartOf":{"@id":"https:\/\/kibrisdakik.com\/#website"},"primaryImageOfPage":{"@id":"https:\/\/kibrisdakik.com\/?p=57052#primaryimage"},"image":{"@id":"https:\/\/kibrisdakik.com\/?p=57052#primaryimage"},"thumbnailUrl":"https:\/\/kibrisdakik.com\/wp-content\/uploads\/2024\/08\/thumbs_b_c_15a1c9ceb0573f68c9f42095f8c1d360-740x420.jpg","datePublished":"2024-08-26T11:50:22+00:00","author":{"@id":"https:\/\/kibrisdakik.com\/#\/schema\/person\/9cd9d437bbb44f72b73ba127e06d8e79"},"breadcrumb":{"@id":"https:\/\/kibrisdakik.com\/?p=57052#breadcrumb"},"inLanguage":"tr","potentialAction":[{"@type":"ReadAction","target":["https:\/\/kibrisdakik.com\/?p=57052"]}]},{"@type":"ImageObject","inLanguage":"tr","@id":"https:\/\/kibrisdakik.com\/?p=57052#primaryimage","url":"https:\/\/kibrisdakik.com\/wp-content\/uploads\/2024\/08\/thumbs_b_c_15a1c9ceb0573f68c9f42095f8c1d360-740x420.jpg","contentUrl":"https:\/\/kibrisdakik.com\/wp-content\/uploads\/2024\/08\/thumbs_b_c_15a1c9ceb0573f68c9f42095f8c1d360-740x420.jpg","width":864,"height":486},{"@type":"BreadcrumbList","@id":"https:\/\/kibrisdakik.com\/?p=57052#breadcrumb","itemListElement":[{"@type":"ListItem","position":1,"name":"Home","item":"https:\/\/kibrisdakik.com\/"},{"@type":"ListItem","position":2,"name":"Fransa\u2019da f\u0131rt\u0131na ve dolu hayat\u0131 olumsuz etkiledi"}]},{"@type":"WebSite","@id":"https:\/\/kibrisdakik.com\/#website","url":"https:\/\/kibrisdakik.com\/","name":"","description":"Tam vaktinde haber","potentialAction":[{"@type":"SearchAction","target":{"@type":"EntryPoint","urlTemplate":"https:\/\/kibrisdakik.com\/?s={search_term_string}"},"query-input":{"@type":"PropertyValueSpecification","valueRequired":true,"valueName":"search_term_string"}}],"inLanguage":"tr"},{"@type":"Person","@id":"https:\/\/kibrisdakik.com\/#\/schema\/person\/9cd9d437bbb44f72b73ba127e06d8e79","name":"admin","image":{"@type":"ImageObject","inLanguage":"tr","@id":"https:\/\/secure.gravatar.com\/avatar\/ccc17943b9d660506c869530f897617f7cb1c21a4bf30023f252596d83e1f007?s=96&d=mm&r=g","url":"https:\/\/secure.gravatar.com\/avatar\/ccc17943b9d660506c869530f897617f7cb1c21a4bf30023f252596d83e1f007?s=96&d=mm&r=g","contentUrl":"https:\/\/secure.gravatar.com\/avatar\/ccc17943b9d660506c869530f897617f7cb1c21a4bf30023f252596d83e1f007?s=96&d=mm&r=g","caption":"admin"},"sameAs":["https:\/\/kibrisdakik.com"],"url":"https:\/\/kibrisdakik.com\/?author=1"}]}},"_links":{"self":[{"href":"https:\/\/kibrisdakik.com\/index.php?rest_route=\/wp\/v2\/posts\/57052","targetHints":{"allow":["GET"]}}],"collection":[{"href":"https:\/\/kibrisdakik.com\/index.php?rest_route=\/wp\/v2\/posts"}],"about":[{"href":"https:\/\/kibrisdakik.com\/index.php?rest_route=\/wp\/v2\/types\/post"}],"author":[{"embeddable":true,"href":"https:\/\/kibrisdakik.com\/index.php?rest_route=\/wp\/v2\/users\/1"}],"replies":[{"embeddable":true,"href":"https:\/\/kibrisdakik.com\/index.php?rest_route=%2Fwp%2Fv2%2Fcomments&post=57052"}],"version-history":[{"count":0,"href":"https:\/\/kibrisdakik.com\/index.php?rest_route=\/wp\/v2\/posts\/57052\/revisions"}],"wp:featuredmedia":[{"embeddable":true,"href":"https:\/\/kibrisdakik.com\/index.php?rest_route=\/wp\/v2\/media\/57053"}],"wp:attachment":[{"href":"https:\/\/kibrisdakik.com\/index.php?rest_route=%2Fwp%2Fv2%2Fmedia&parent=57052"}],"wp:term":[{"taxonomy":"category","embeddable":true,"href":"https:\/\/kibrisdakik.com\/index.php?rest_route=%2Fwp%2Fv2%2Fcategories&post=57052"},{"taxonomy":"post_tag","embeddable":true,"href":"https:\/\/kibrisdakik.com\/index.php?rest_route=%2Fwp%2Fv2%2Ftags&post=57052"}],"curies":[{"name":"wp","href":"https:\/\/api.w.org\/{rel}","templated":true}]}}