{"id":5708,"date":"2023-04-25T15:44:59","date_gmt":"2023-04-25T15:44:59","guid":{"rendered":"https:\/\/kibrisdakik.com\/index.php\/2023\/04\/25\/meclisin-ara-secimin-25-haziranda-yapilmasina-iliskin-karari-resmi-gazetede\/"},"modified":"2023-04-25T15:44:59","modified_gmt":"2023-04-25T15:44:59","slug":"meclisin-ara-secimin-25-haziranda-yapilmasina-iliskin-karari-resmi-gazetede","status":"publish","type":"post","link":"https:\/\/kibrisdakik.com\/?p=5708","title":{"rendered":"Meclis\u2019in ara se\u00e7imin 25 Haziran\u2019da yap\u0131lmas\u0131na ili\u015fkin karar\u0131 Resmi Gazete\u2019de"},"content":{"rendered":"<p><\/p>\n<div>\n<div class=\"mariselle-image-container none\">\n                <img width=\"880\" height=\"440\" class=\"lazy-image\" alt=\"\" decoding=\"async\" loading=\"lazy\" sizes=\"auto, (max-width: 880px) 100vw, 880px\" src=\"https:\/\/brtk.net\/wp-content\/uploads\/2023\/04\/25\/resmi-gazete56.jpg?ver=7c051cbbcf66bfc1c302afb56e7c5a60\" srcset=\"https:\/\/brtk.net\/wp-content\/uploads\/2023\/04\/25\/resmi-gazete56.jpg?ver=7c051cbbcf66bfc1c302afb56e7c5a60 880w, https:\/\/brtk.net\/wp-content\/uploads\/2023\/04\/25\/resmi-gazete56-300x150.jpg?ver=7c051cbbcf66bfc1c302afb56e7c5a60 300w, https:\/\/brtk.net\/wp-content\/uploads\/2023\/04\/25\/resmi-gazete56-768x384.jpg?ver=7c051cbbcf66bfc1c302afb56e7c5a60 768w, https:\/\/brtk.net\/wp-content\/uploads\/2023\/04\/25\/resmi-gazete56-720x360.jpg?ver=19b9bfb879f816fd70ad66887c0b342d 720w\"\/>                            <\/div>\n<p style=\"font-weight: 300;\">Halk\u0131n Partisi Genel Ba\u015fkan\u0131 Kudret \u00d6zersay\u2019\u0131n milletvekilli\u011finden istifas\u0131yla bo\u015falan bir Lefko\u015fa milletvekilli\u011fi i\u00e7in ara se\u00e7imin 25 Haziran\u2019da yap\u0131lmas\u0131na ili\u015fkin karar Resmi Gazete\u2019de yay\u0131mland\u0131.<\/p>\n<p style=\"font-weight: 300;\">Meclis\u2019in bug\u00fcnk\u00fc oturumunda oy birli\u011fi ile kabul edilen \u201cAra Se\u00e7imlerde Oy Verme G\u00fcn\u00fcn\u00fcn Saptanmas\u0131na \u0130li\u015fkin Karar\u201d, Cumhurba\u015fkan\u0131 taraf\u0131ndan onaylanarak bug\u00fcnk\u00fc Resmi Gazetede yay\u0131mland\u0131.<\/p>\n<p style=\"font-weight: 300;\">Buna g\u00f6re, Halk\u0131n Partisi Genel Ba\u015fkan\u0131 Kudret \u00d6zersay\u2019\u0131n, 6 Haziran 2022 tarihli Meclis birle\u015fiminde oy birli\u011fi ile kabul edilen istifas\u0131 sonucu milletvekilli\u011finden bo\u015falan yerin doldurulmas\u0131 i\u00e7in 25 Haziran 2023\u2019te ara se\u00e7im yap\u0131lacak.<\/p>\n<p>TAK\/<a href=\"https:\/\/brtk.net\/\">BRT<\/a><\/p>\n<\/p><\/div>\n<p><script async\n                    defer\n                    crossorigin=\"anonymous\"\n                    src=\"https:\/\/connect.facebook.net\/tr_TR\/sdk.js#xfbml=1&#038;version=v3.3\"\n            ><\/script><\/p>\n","protected":false},"excerpt":{"rendered":"<p>Halk\u0131n Partisi Genel Ba\u015fkan\u0131 Kudret \u00d6zersay\u2019\u0131n milletvekilli\u011finden istifas\u0131yla bo\u015falan bir Lefko\u015fa milletvekilli\u011fi i\u00e7in ara se\u00e7imin 25 Haziran\u2019da yap\u0131lmas\u0131na ili\u015fkin karar Resmi Gazete\u2019de yay\u0131mland\u0131. Meclis\u2019in bug\u00fcnk\u00fc oturumunda oy birli\u011fi ile kabul edilen \u201cAra Se\u00e7imlerde Oy Verme G\u00fcn\u00fcn\u00fcn Saptanmas\u0131na \u0130li\u015fkin Karar\u201d, Cumhurba\u015fkan\u0131 taraf\u0131ndan onaylanarak bug\u00fcnk\u00fc Resmi Gazetede yay\u0131mland\u0131. Buna g\u00f6re, Halk\u0131n Partisi Genel Ba\u015fkan\u0131 Kudret \u00d6zersay\u2019\u0131n, 6<\/p>\n","protected":false},"author":1,"featured_media":5709,"comment_status":"open","ping_status":"open","sticky":false,"template":"","format":"standard","meta":{"footnotes":""},"categories":[1],"tags":[],"class_list":["post-5708","post","type-post","status-publish","format-standard","has-post-thumbnail","hentry","category-gundem"],"yoast_head":"<!-- This site is optimized with the Yoast SEO plugin v27.5 - https:\/\/yoast.com\/product\/yoast-seo-wordpress\/ -->\n<title>Meclis\u2019in ara se\u00e7imin 25 Haziran\u2019da yap\u0131lmas\u0131na ili\u015fkin karar\u0131 Resmi Gazete\u2019de -<\/title>\n<meta name=\"robots\" content=\"index, follow, max-snippet:-1, max-image-preview:large, max-video-preview:-1\" \/>\n<link rel=\"canonical\" href=\"https:\/\/kibrisdakik.com\/?p=5708\" \/>\n<meta property=\"og:locale\" content=\"tr_TR\" \/>\n<meta property=\"og:type\" content=\"article\" \/>\n<meta property=\"og:title\" content=\"Meclis\u2019in ara se\u00e7imin 25 Haziran\u2019da yap\u0131lmas\u0131na ili\u015fkin karar\u0131 Resmi Gazete\u2019de -\" \/>\n<meta property=\"og:description\" content=\"Halk\u0131n Partisi Genel Ba\u015fkan\u0131 Kudret \u00d6zersay\u2019\u0131n milletvekilli\u011finden istifas\u0131yla bo\u015falan bir Lefko\u015fa milletvekilli\u011fi i\u00e7in ara se\u00e7imin 25 Haziran\u2019da yap\u0131lmas\u0131na ili\u015fkin karar Resmi Gazete\u2019de yay\u0131mland\u0131. Meclis\u2019in bug\u00fcnk\u00fc oturumunda oy birli\u011fi ile kabul edilen \u201cAra Se\u00e7imlerde Oy Verme G\u00fcn\u00fcn\u00fcn Saptanmas\u0131na \u0130li\u015fkin Karar\u201d, Cumhurba\u015fkan\u0131 taraf\u0131ndan onaylanarak bug\u00fcnk\u00fc Resmi Gazetede yay\u0131mland\u0131. Buna g\u00f6re, Halk\u0131n Partisi Genel Ba\u015fkan\u0131 Kudret \u00d6zersay\u2019\u0131n, 6\" \/>\n<meta property=\"og:url\" content=\"https:\/\/kibrisdakik.com\/?p=5708\" \/>\n<meta property=\"article:published_time\" content=\"2023-04-25T15:44:59+00:00\" \/>\n<meta property=\"og:image\" content=\"https:\/\/kibrisdakik.com\/wp-content\/uploads\/2023\/04\/resmi-gazete56-740x420.jpg\" \/>\n\t<meta property=\"og:image:width\" content=\"880\" \/>\n\t<meta property=\"og:image:height\" content=\"440\" \/>\n\t<meta property=\"og:image:type\" content=\"image\/jpeg\" \/>\n<meta name=\"author\" content=\"admin\" \/>\n<meta name=\"twitter:card\" content=\"summary_large_image\" \/>\n<meta name=\"twitter:label1\" content=\"Yazan:\" \/>\n\t<meta name=\"twitter:data1\" content=\"admin\" \/>\n\t<meta name=\"twitter:label2\" content=\"Tahmini okuma s\u00fcresi\" \/>\n\t<meta name=\"twitter:data2\" content=\"1 dakika\" \/>\n<script type=\"application\/ld+json\" class=\"yoast-schema-graph\">{\"@context\":\"https:\\\/\\\/schema.org\",\"@graph\":[{\"@type\":\"Article\",\"@id\":\"https:\\\/\\\/kibrisdakik.com\\\/?p=5708#article\",\"isPartOf\":{\"@id\":\"https:\\\/\\\/kibrisdakik.com\\\/?p=5708\"},\"author\":{\"name\":\"admin\",\"@id\":\"https:\\\/\\\/kibrisdakik.com\\\/#\\\/schema\\\/person\\\/9cd9d437bbb44f72b73ba127e06d8e79\"},\"headline\":\"Meclis\u2019in ara se\u00e7imin 25 Haziran\u2019da yap\u0131lmas\u0131na ili\u015fkin karar\u0131 Resmi Gazete\u2019de\",\"datePublished\":\"2023-04-25T15:44:59+00:00\",\"mainEntityOfPage\":{\"@id\":\"https:\\\/\\\/kibrisdakik.com\\\/?p=5708\"},\"wordCount\":132,\"commentCount\":0,\"image\":{\"@id\":\"https:\\\/\\\/kibrisdakik.com\\\/?p=5708#primaryimage\"},\"thumbnailUrl\":\"https:\\\/\\\/kibrisdakik.com\\\/wp-content\\\/uploads\\\/2023\\\/04\\\/resmi-gazete56-740x420.jpg\",\"articleSection\":[\"G\u00fcndem\"],\"inLanguage\":\"tr\",\"potentialAction\":[{\"@type\":\"CommentAction\",\"name\":\"Comment\",\"target\":[\"https:\\\/\\\/kibrisdakik.com\\\/?p=5708#respond\"]}]},{\"@type\":\"WebPage\",\"@id\":\"https:\\\/\\\/kibrisdakik.com\\\/?p=5708\",\"url\":\"https:\\\/\\\/kibrisdakik.com\\\/?p=5708\",\"name\":\"Meclis\u2019in ara se\u00e7imin 25 Haziran\u2019da yap\u0131lmas\u0131na ili\u015fkin karar\u0131 Resmi Gazete\u2019de -\",\"isPartOf\":{\"@id\":\"https:\\\/\\\/kibrisdakik.com\\\/#website\"},\"primaryImageOfPage\":{\"@id\":\"https:\\\/\\\/kibrisdakik.com\\\/?p=5708#primaryimage\"},\"image\":{\"@id\":\"https:\\\/\\\/kibrisdakik.com\\\/?p=5708#primaryimage\"},\"thumbnailUrl\":\"https:\\\/\\\/kibrisdakik.com\\\/wp-content\\\/uploads\\\/2023\\\/04\\\/resmi-gazete56-740x420.jpg\",\"datePublished\":\"2023-04-25T15:44:59+00:00\",\"author\":{\"@id\":\"https:\\\/\\\/kibrisdakik.com\\\/#\\\/schema\\\/person\\\/9cd9d437bbb44f72b73ba127e06d8e79\"},\"breadcrumb\":{\"@id\":\"https:\\\/\\\/kibrisdakik.com\\\/?p=5708#breadcrumb\"},\"inLanguage\":\"tr\",\"potentialAction\":[{\"@type\":\"ReadAction\",\"target\":[\"https:\\\/\\\/kibrisdakik.com\\\/?p=5708\"]}]},{\"@type\":\"ImageObject\",\"inLanguage\":\"tr\",\"@id\":\"https:\\\/\\\/kibrisdakik.com\\\/?p=5708#primaryimage\",\"url\":\"https:\\\/\\\/kibrisdakik.com\\\/wp-content\\\/uploads\\\/2023\\\/04\\\/resmi-gazete56-740x420.jpg\",\"contentUrl\":\"https:\\\/\\\/kibrisdakik.com\\\/wp-content\\\/uploads\\\/2023\\\/04\\\/resmi-gazete56-740x420.jpg\",\"width\":880,\"height\":440},{\"@type\":\"BreadcrumbList\",\"@id\":\"https:\\\/\\\/kibrisdakik.com\\\/?p=5708#breadcrumb\",\"itemListElement\":[{\"@type\":\"ListItem\",\"position\":1,\"name\":\"Home\",\"item\":\"https:\\\/\\\/kibrisdakik.com\\\/\"},{\"@type\":\"ListItem\",\"position\":2,\"name\":\"Meclis\u2019in ara se\u00e7imin 25 Haziran\u2019da yap\u0131lmas\u0131na ili\u015fkin karar\u0131 Resmi Gazete\u2019de\"}]},{\"@type\":\"WebSite\",\"@id\":\"https:\\\/\\\/kibrisdakik.com\\\/#website\",\"url\":\"https:\\\/\\\/kibrisdakik.com\\\/\",\"name\":\"\",\"description\":\"Tam vaktinde haber\",\"potentialAction\":[{\"@type\":\"SearchAction\",\"target\":{\"@type\":\"EntryPoint\",\"urlTemplate\":\"https:\\\/\\\/kibrisdakik.com\\\/?s={search_term_string}\"},\"query-input\":{\"@type\":\"PropertyValueSpecification\",\"valueRequired\":true,\"valueName\":\"search_term_string\"}}],\"inLanguage\":\"tr\"},{\"@type\":\"Person\",\"@id\":\"https:\\\/\\\/kibrisdakik.com\\\/#\\\/schema\\\/person\\\/9cd9d437bbb44f72b73ba127e06d8e79\",\"name\":\"admin\",\"image\":{\"@type\":\"ImageObject\",\"inLanguage\":\"tr\",\"@id\":\"https:\\\/\\\/secure.gravatar.com\\\/avatar\\\/ccc17943b9d660506c869530f897617f7cb1c21a4bf30023f252596d83e1f007?s=96&d=mm&r=g\",\"url\":\"https:\\\/\\\/secure.gravatar.com\\\/avatar\\\/ccc17943b9d660506c869530f897617f7cb1c21a4bf30023f252596d83e1f007?s=96&d=mm&r=g\",\"contentUrl\":\"https:\\\/\\\/secure.gravatar.com\\\/avatar\\\/ccc17943b9d660506c869530f897617f7cb1c21a4bf30023f252596d83e1f007?s=96&d=mm&r=g\",\"caption\":\"admin\"},\"sameAs\":[\"https:\\\/\\\/kibrisdakik.com\"],\"url\":\"https:\\\/\\\/kibrisdakik.com\\\/?author=1\"}]}<\/script>\n<!-- \/ Yoast SEO plugin. -->","yoast_head_json":{"title":"Meclis\u2019in ara se\u00e7imin 25 Haziran\u2019da yap\u0131lmas\u0131na ili\u015fkin karar\u0131 Resmi Gazete\u2019de -","robots":{"index":"index","follow":"follow","max-snippet":"max-snippet:-1","max-image-preview":"max-image-preview:large","max-video-preview":"max-video-preview:-1"},"canonical":"https:\/\/kibrisdakik.com\/?p=5708","og_locale":"tr_TR","og_type":"article","og_title":"Meclis\u2019in ara se\u00e7imin 25 Haziran\u2019da yap\u0131lmas\u0131na ili\u015fkin karar\u0131 Resmi Gazete\u2019de -","og_description":"Halk\u0131n Partisi Genel Ba\u015fkan\u0131 Kudret \u00d6zersay\u2019\u0131n milletvekilli\u011finden istifas\u0131yla bo\u015falan bir Lefko\u015fa milletvekilli\u011fi i\u00e7in ara se\u00e7imin 25 Haziran\u2019da yap\u0131lmas\u0131na ili\u015fkin karar Resmi Gazete\u2019de yay\u0131mland\u0131. Meclis\u2019in bug\u00fcnk\u00fc oturumunda oy birli\u011fi ile kabul edilen \u201cAra Se\u00e7imlerde Oy Verme G\u00fcn\u00fcn\u00fcn Saptanmas\u0131na \u0130li\u015fkin Karar\u201d, Cumhurba\u015fkan\u0131 taraf\u0131ndan onaylanarak bug\u00fcnk\u00fc Resmi Gazetede yay\u0131mland\u0131. Buna g\u00f6re, Halk\u0131n Partisi Genel Ba\u015fkan\u0131 Kudret \u00d6zersay\u2019\u0131n, 6","og_url":"https:\/\/kibrisdakik.com\/?p=5708","article_published_time":"2023-04-25T15:44:59+00:00","og_image":[{"width":880,"height":440,"url":"https:\/\/kibrisdakik.com\/wp-content\/uploads\/2023\/04\/resmi-gazete56-740x420.jpg","type":"image\/jpeg"}],"author":"admin","twitter_card":"summary_large_image","twitter_misc":{"Yazan:":"admin","Tahmini okuma s\u00fcresi":"1 dakika"},"schema":{"@context":"https:\/\/schema.org","@graph":[{"@type":"Article","@id":"https:\/\/kibrisdakik.com\/?p=5708#article","isPartOf":{"@id":"https:\/\/kibrisdakik.com\/?p=5708"},"author":{"name":"admin","@id":"https:\/\/kibrisdakik.com\/#\/schema\/person\/9cd9d437bbb44f72b73ba127e06d8e79"},"headline":"Meclis\u2019in ara se\u00e7imin 25 Haziran\u2019da yap\u0131lmas\u0131na ili\u015fkin karar\u0131 Resmi Gazete\u2019de","datePublished":"2023-04-25T15:44:59+00:00","mainEntityOfPage":{"@id":"https:\/\/kibrisdakik.com\/?p=5708"},"wordCount":132,"commentCount":0,"image":{"@id":"https:\/\/kibrisdakik.com\/?p=5708#primaryimage"},"thumbnailUrl":"https:\/\/kibrisdakik.com\/wp-content\/uploads\/2023\/04\/resmi-gazete56-740x420.jpg","articleSection":["G\u00fcndem"],"inLanguage":"tr","potentialAction":[{"@type":"CommentAction","name":"Comment","target":["https:\/\/kibrisdakik.com\/?p=5708#respond"]}]},{"@type":"WebPage","@id":"https:\/\/kibrisdakik.com\/?p=5708","url":"https:\/\/kibrisdakik.com\/?p=5708","name":"Meclis\u2019in ara se\u00e7imin 25 Haziran\u2019da yap\u0131lmas\u0131na ili\u015fkin karar\u0131 Resmi Gazete\u2019de -","isPartOf":{"@id":"https:\/\/kibrisdakik.com\/#website"},"primaryImageOfPage":{"@id":"https:\/\/kibrisdakik.com\/?p=5708#primaryimage"},"image":{"@id":"https:\/\/kibrisdakik.com\/?p=5708#primaryimage"},"thumbnailUrl":"https:\/\/kibrisdakik.com\/wp-content\/uploads\/2023\/04\/resmi-gazete56-740x420.jpg","datePublished":"2023-04-25T15:44:59+00:00","author":{"@id":"https:\/\/kibrisdakik.com\/#\/schema\/person\/9cd9d437bbb44f72b73ba127e06d8e79"},"breadcrumb":{"@id":"https:\/\/kibrisdakik.com\/?p=5708#breadcrumb"},"inLanguage":"tr","potentialAction":[{"@type":"ReadAction","target":["https:\/\/kibrisdakik.com\/?p=5708"]}]},{"@type":"ImageObject","inLanguage":"tr","@id":"https:\/\/kibrisdakik.com\/?p=5708#primaryimage","url":"https:\/\/kibrisdakik.com\/wp-content\/uploads\/2023\/04\/resmi-gazete56-740x420.jpg","contentUrl":"https:\/\/kibrisdakik.com\/wp-content\/uploads\/2023\/04\/resmi-gazete56-740x420.jpg","width":880,"height":440},{"@type":"BreadcrumbList","@id":"https:\/\/kibrisdakik.com\/?p=5708#breadcrumb","itemListElement":[{"@type":"ListItem","position":1,"name":"Home","item":"https:\/\/kibrisdakik.com\/"},{"@type":"ListItem","position":2,"name":"Meclis\u2019in ara se\u00e7imin 25 Haziran\u2019da yap\u0131lmas\u0131na ili\u015fkin karar\u0131 Resmi Gazete\u2019de"}]},{"@type":"WebSite","@id":"https:\/\/kibrisdakik.com\/#website","url":"https:\/\/kibrisdakik.com\/","name":"","description":"Tam vaktinde haber","potentialAction":[{"@type":"SearchAction","target":{"@type":"EntryPoint","urlTemplate":"https:\/\/kibrisdakik.com\/?s={search_term_string}"},"query-input":{"@type":"PropertyValueSpecification","valueRequired":true,"valueName":"search_term_string"}}],"inLanguage":"tr"},{"@type":"Person","@id":"https:\/\/kibrisdakik.com\/#\/schema\/person\/9cd9d437bbb44f72b73ba127e06d8e79","name":"admin","image":{"@type":"ImageObject","inLanguage":"tr","@id":"https:\/\/secure.gravatar.com\/avatar\/ccc17943b9d660506c869530f897617f7cb1c21a4bf30023f252596d83e1f007?s=96&d=mm&r=g","url":"https:\/\/secure.gravatar.com\/avatar\/ccc17943b9d660506c869530f897617f7cb1c21a4bf30023f252596d83e1f007?s=96&d=mm&r=g","contentUrl":"https:\/\/secure.gravatar.com\/avatar\/ccc17943b9d660506c869530f897617f7cb1c21a4bf30023f252596d83e1f007?s=96&d=mm&r=g","caption":"admin"},"sameAs":["https:\/\/kibrisdakik.com"],"url":"https:\/\/kibrisdakik.com\/?author=1"}]}},"_links":{"self":[{"href":"https:\/\/kibrisdakik.com\/index.php?rest_route=\/wp\/v2\/posts\/5708","targetHints":{"allow":["GET"]}}],"collection":[{"href":"https:\/\/kibrisdakik.com\/index.php?rest_route=\/wp\/v2\/posts"}],"about":[{"href":"https:\/\/kibrisdakik.com\/index.php?rest_route=\/wp\/v2\/types\/post"}],"author":[{"embeddable":true,"href":"https:\/\/kibrisdakik.com\/index.php?rest_route=\/wp\/v2\/users\/1"}],"replies":[{"embeddable":true,"href":"https:\/\/kibrisdakik.com\/index.php?rest_route=%2Fwp%2Fv2%2Fcomments&post=5708"}],"version-history":[{"count":0,"href":"https:\/\/kibrisdakik.com\/index.php?rest_route=\/wp\/v2\/posts\/5708\/revisions"}],"wp:featuredmedia":[{"embeddable":true,"href":"https:\/\/kibrisdakik.com\/index.php?rest_route=\/wp\/v2\/media\/5709"}],"wp:attachment":[{"href":"https:\/\/kibrisdakik.com\/index.php?rest_route=%2Fwp%2Fv2%2Fmedia&parent=5708"}],"wp:term":[{"taxonomy":"category","embeddable":true,"href":"https:\/\/kibrisdakik.com\/index.php?rest_route=%2Fwp%2Fv2%2Fcategories&post=5708"},{"taxonomy":"post_tag","embeddable":true,"href":"https:\/\/kibrisdakik.com\/index.php?rest_route=%2Fwp%2Fv2%2Ftags&post=5708"}],"curies":[{"name":"wp","href":"https:\/\/api.w.org\/{rel}","templated":true}]}}