{"id":57098,"date":"2024-08-26T20:16:13","date_gmt":"2024-08-26T17:16:13","guid":{"rendered":"https:\/\/kibrisdakik.com\/?p=57098"},"modified":"2024-08-26T20:16:13","modified_gmt":"2024-08-26T17:16:13","slug":"yusuf-dikecten-annesiyle-ilgili-yapilan-cirkin-yorumlara-efsane-cevap","status":"publish","type":"post","link":"https:\/\/kibrisdakik.com\/?p=57098","title":{"rendered":"Yusuf Dike\u00e7&#8217;ten annesiyle ilgili yap\u0131lan \u00e7irkin yorumlara efsane cevap"},"content":{"rendered":"<p><img decoding=\"async\" src=\"https:\/\/foto.haberler.com\/haber\/2024\/08\/26\/yusuf-dikec-ten-annesiyle-ilgili-yapilan-cirkin-17756792_7075_amp.jpg\" \/><\/p>\n<div id=\"\">\n<p>2024 Paris Olimpiyat Oyunlar\u0131&#8217;nda \u015eevval \u0130layda Tarhan ile birlikte g\u00fcm\u00fc\u015f madalya kazanan Yusuf Dike\u00e7, at\u0131\u015f an\u0131ndaki pozisyonu ile d\u00fcnya \u00e7ap\u0131nda bir \u015f\u00f6hrete kavu\u015ftu. Olimpiyatlar sona erse de g\u00fcndemden d\u00fc\u015fmeyen Dike\u00e7, ge\u00e7ti\u011fimiz g\u00fcnlerde sosyal medya hesab\u0131ndan &#8220;En de\u011ferlim&#8221; notuyla annesiyle olan bir foto\u011fraf\u0131n\u0131 payla\u015ft\u0131. <\/p>\n<h3>&#8220;KE\u015eKE ANNEN\u0130Z\u0130 PAYLA\u015eMASAYDINIZ&#8221;<\/h3>\n<p>Dike\u00e7&#8217;in bu payla\u015f\u0131m\u0131ndan rahats\u0131z olan bir kesim, &#8220;Maalesef rezil olduk d\u00fcnyaya. Ke\u015fke annenizi payla\u015fmasayd\u0131n\u0131z&#8221; ba\u015f\u00f6rt\u00fcs\u00fc nefretini a\u00e7\u0131k\u00e7a dile getirdi. Baz\u0131 sosyal medya kullan\u0131c\u0131lar\u0131 da &#8220;Hemen sil \u015funu&#8221;, &#8220;Avrupa&#8217;ya k\u00fc\u00e7\u00fck d\u00fc\u015ft\u00fck&#8221; \u015feklinde yorumlar yaparak Dike\u00e7&#8217;ten payla\u015f\u0131m\u0131n\u0131 silmesini istedi. <\/p>\n<h3>&#8220;ANNES\u0130N\u0130 SEVMEYEN \u00dcLKES\u0130N\u0130 DE SEVEMEZ&#8221;<\/h3>\n<p>Ya\u015fananlar\u0131n ard\u0131ndan Sabah&#8217;tan Onur \u015eahano\u011flu&#8217;na konu\u015fan Yusuf Dike\u00e7, &#8220;Hep \u015funu s\u00f6yl\u00fcyorum. Allah, bu \u00fclkenin gen\u00e7lerinin kalbinden anne sevgisi ve vatan sevgisini eksik etmesin. \u00c7\u00fcnk\u00fc annesinden utanan \u00fclkesinden de utan\u0131r. Annesini sevmeyen \u00fclkesini de sevemez. Bak bir T\u00fcrk \u00e7\u0131kt\u0131, bir \u015fey yapt\u0131, b\u00fct\u00fcn d\u00fcnya onu taklit ediyor. Bizim kimseyi taklit etmemize gerek yok, biz kendi ayak izlerimizi b\u0131rakaca\u011f\u0131z, bizi takip edecekler&#8221; ifadelerini kulland\u0131.<\/p>\n<h3>ATAT\u00dcRK \u00dcZER\u0130NDEN YANIT VERD\u0130 <\/h3>\n<p>Annesi \u00fczerinden ba\u015f\u00f6rt\u00fcs\u00fc nefretini kusanlara da Mustafa Kemal Atat\u00fcrk \u00fczerinden yan\u0131t veren Dike\u00e7, &#8220;Mustafa Kemal Atat\u00fcrk&#8217;\u00fcn annesi, Z\u00fcbeyde Anne&#8217;nin foto\u011fraf\u0131na baks\u0131nlar. O foto\u011frafla ne fark g\u00f6r\u00fcyorlar. Ben kafama takm\u0131yorum. Bizim yapacak i\u015flerimiz var. Ama bu zihniyete de teslim olmayaca\u011f\u0131z. \u00dclkemiz daha g\u00fczel i\u015fler ba\u015faracak&#8221; dedi. <\/p>\n<div class=\"editorSade\">Kaynak: Haberler.com \/  <a href=\"https:\/\/www.haberler.com\/spor\/\" title=\"Spor Haberleri\">Spor<\/a> <\/div>\n<h4 id=\"nwsKeywords\"> <a href=\"https:\/\/www.haberler.com\/toplum\/\" title=\"Toplum\" class=\"hbptTag\">Toplum<\/a>  <a href=\"https:\/\/www.haberler.com\/spor\/\" title=\"Spor\" class=\"hbptTag\">Spor<\/a>  <a href=\"https:\/\/www.haberler.com\/guncel\/\" title=\"G\u00fcncel\" class=\"hbptTag\">G\u00fcncel<\/a>  <a href=\"https:\/\/www.haberler.com\/\" title=\"Haberler\" class=\"hbptTag\">Haberler<\/a> <\/h4>\n<\/div>\n","protected":false},"excerpt":{"rendered":"<p>2024 Paris Olimpiyat Oyunlar\u0131&#8217;nda \u015eevval \u0130layda Tarhan ile birlikte g\u00fcm\u00fc\u015f madalya kazanan Yusuf Dike\u00e7, at\u0131\u015f an\u0131ndaki pozisyonu ile d\u00fcnya \u00e7ap\u0131nda bir \u015f\u00f6hrete kavu\u015ftu. Olimpiyatlar sona erse de g\u00fcndemden d\u00fc\u015fmeyen Dike\u00e7, ge\u00e7ti\u011fimiz g\u00fcnlerde sosyal medya hesab\u0131ndan &#8220;En de\u011ferlim&#8221; notuyla annesiyle olan bir foto\u011fraf\u0131n\u0131 payla\u015ft\u0131. &#8220;KE\u015eKE ANNEN\u0130Z\u0130 PAYLA\u015eMASAYDINIZ&#8221; Dike\u00e7&#8217;in bu payla\u015f\u0131m\u0131ndan rahats\u0131z olan bir kesim, &#8220;Maalesef rezil<\/p>\n","protected":false},"author":1,"featured_media":57099,"comment_status":"open","ping_status":"open","sticky":false,"template":"","format":"standard","meta":{"footnotes":""},"categories":[83],"tags":[],"class_list":["post-57098","post","type-post","status-publish","format-standard","has-post-thumbnail","hentry","category-magazin"],"yoast_head":"<!-- This site is optimized with the Yoast SEO plugin v27.4 - https:\/\/yoast.com\/product\/yoast-seo-wordpress\/ -->\n<title>Yusuf Dike\u00e7&#039;ten annesiyle ilgili yap\u0131lan \u00e7irkin yorumlara efsane cevap -<\/title>\n<meta name=\"robots\" content=\"index, follow, max-snippet:-1, max-image-preview:large, max-video-preview:-1\" \/>\n<link rel=\"canonical\" href=\"https:\/\/kibrisdakik.com\/?p=57098\" \/>\n<meta property=\"og:locale\" content=\"tr_TR\" \/>\n<meta property=\"og:type\" content=\"article\" \/>\n<meta property=\"og:title\" content=\"Yusuf Dike\u00e7&#039;ten annesiyle ilgili yap\u0131lan \u00e7irkin yorumlara efsane cevap -\" \/>\n<meta property=\"og:description\" content=\"2024 Paris Olimpiyat Oyunlar\u0131&#8217;nda \u015eevval \u0130layda Tarhan ile birlikte g\u00fcm\u00fc\u015f madalya kazanan Yusuf Dike\u00e7, at\u0131\u015f an\u0131ndaki pozisyonu ile d\u00fcnya \u00e7ap\u0131nda bir \u015f\u00f6hrete kavu\u015ftu. Olimpiyatlar sona erse de g\u00fcndemden d\u00fc\u015fmeyen Dike\u00e7, ge\u00e7ti\u011fimiz g\u00fcnlerde sosyal medya hesab\u0131ndan &#8220;En de\u011ferlim&#8221; notuyla annesiyle olan bir foto\u011fraf\u0131n\u0131 payla\u015ft\u0131. &#8220;KE\u015eKE ANNEN\u0130Z\u0130 PAYLA\u015eMASAYDINIZ&#8221; Dike\u00e7&#8217;in bu payla\u015f\u0131m\u0131ndan rahats\u0131z olan bir kesim, &#8220;Maalesef rezil\" \/>\n<meta property=\"og:url\" content=\"https:\/\/kibrisdakik.com\/?p=57098\" \/>\n<meta property=\"article:published_time\" content=\"2024-08-26T17:16:13+00:00\" \/>\n<meta property=\"og:image\" content=\"https:\/\/kibrisdakik.com\/wp-content\/uploads\/2024\/08\/yusuf-dikec-ten-annesiyle-ilgili-yapilan-cirkin-17756792_7075_amp.jpg\" \/>\n\t<meta property=\"og:image:width\" content=\"1202\" \/>\n\t<meta property=\"og:image:height\" content=\"675\" \/>\n\t<meta property=\"og:image:type\" content=\"image\/jpeg\" \/>\n<meta name=\"author\" content=\"admin\" \/>\n<meta name=\"twitter:card\" content=\"summary_large_image\" \/>\n<meta name=\"twitter:label1\" content=\"Yazan:\" \/>\n\t<meta name=\"twitter:data1\" content=\"admin\" \/>\n\t<meta name=\"twitter:label2\" content=\"Tahmini okuma s\u00fcresi\" \/>\n\t<meta name=\"twitter:data2\" content=\"1 dakika\" \/>\n<script type=\"application\/ld+json\" class=\"yoast-schema-graph\">{\"@context\":\"https:\\\/\\\/schema.org\",\"@graph\":[{\"@type\":\"Article\",\"@id\":\"https:\\\/\\\/kibrisdakik.com\\\/?p=57098#article\",\"isPartOf\":{\"@id\":\"https:\\\/\\\/kibrisdakik.com\\\/?p=57098\"},\"author\":{\"name\":\"admin\",\"@id\":\"https:\\\/\\\/kibrisdakik.com\\\/#\\\/schema\\\/person\\\/9cd9d437bbb44f72b73ba127e06d8e79\"},\"headline\":\"Yusuf Dike\u00e7&#8217;ten annesiyle ilgili yap\u0131lan \u00e7irkin yorumlara efsane cevap\",\"datePublished\":\"2024-08-26T17:16:13+00:00\",\"mainEntityOfPage\":{\"@id\":\"https:\\\/\\\/kibrisdakik.com\\\/?p=57098\"},\"wordCount\":296,\"commentCount\":0,\"image\":{\"@id\":\"https:\\\/\\\/kibrisdakik.com\\\/?p=57098#primaryimage\"},\"thumbnailUrl\":\"https:\\\/\\\/kibrisdakik.com\\\/wp-content\\\/uploads\\\/2024\\\/08\\\/yusuf-dikec-ten-annesiyle-ilgili-yapilan-cirkin-17756792_7075_amp.jpg\",\"articleSection\":[\"Magazin\"],\"inLanguage\":\"tr\",\"potentialAction\":[{\"@type\":\"CommentAction\",\"name\":\"Comment\",\"target\":[\"https:\\\/\\\/kibrisdakik.com\\\/?p=57098#respond\"]}]},{\"@type\":\"WebPage\",\"@id\":\"https:\\\/\\\/kibrisdakik.com\\\/?p=57098\",\"url\":\"https:\\\/\\\/kibrisdakik.com\\\/?p=57098\",\"name\":\"Yusuf Dike\u00e7'ten annesiyle ilgili yap\u0131lan \u00e7irkin yorumlara efsane cevap -\",\"isPartOf\":{\"@id\":\"https:\\\/\\\/kibrisdakik.com\\\/#website\"},\"primaryImageOfPage\":{\"@id\":\"https:\\\/\\\/kibrisdakik.com\\\/?p=57098#primaryimage\"},\"image\":{\"@id\":\"https:\\\/\\\/kibrisdakik.com\\\/?p=57098#primaryimage\"},\"thumbnailUrl\":\"https:\\\/\\\/kibrisdakik.com\\\/wp-content\\\/uploads\\\/2024\\\/08\\\/yusuf-dikec-ten-annesiyle-ilgili-yapilan-cirkin-17756792_7075_amp.jpg\",\"datePublished\":\"2024-08-26T17:16:13+00:00\",\"author\":{\"@id\":\"https:\\\/\\\/kibrisdakik.com\\\/#\\\/schema\\\/person\\\/9cd9d437bbb44f72b73ba127e06d8e79\"},\"breadcrumb\":{\"@id\":\"https:\\\/\\\/kibrisdakik.com\\\/?p=57098#breadcrumb\"},\"inLanguage\":\"tr\",\"potentialAction\":[{\"@type\":\"ReadAction\",\"target\":[\"https:\\\/\\\/kibrisdakik.com\\\/?p=57098\"]}]},{\"@type\":\"ImageObject\",\"inLanguage\":\"tr\",\"@id\":\"https:\\\/\\\/kibrisdakik.com\\\/?p=57098#primaryimage\",\"url\":\"https:\\\/\\\/kibrisdakik.com\\\/wp-content\\\/uploads\\\/2024\\\/08\\\/yusuf-dikec-ten-annesiyle-ilgili-yapilan-cirkin-17756792_7075_amp.jpg\",\"contentUrl\":\"https:\\\/\\\/kibrisdakik.com\\\/wp-content\\\/uploads\\\/2024\\\/08\\\/yusuf-dikec-ten-annesiyle-ilgili-yapilan-cirkin-17756792_7075_amp.jpg\",\"width\":1202,\"height\":675},{\"@type\":\"BreadcrumbList\",\"@id\":\"https:\\\/\\\/kibrisdakik.com\\\/?p=57098#breadcrumb\",\"itemListElement\":[{\"@type\":\"ListItem\",\"position\":1,\"name\":\"Home\",\"item\":\"https:\\\/\\\/kibrisdakik.com\\\/\"},{\"@type\":\"ListItem\",\"position\":2,\"name\":\"Yusuf Dike\u00e7&#8217;ten annesiyle ilgili yap\u0131lan \u00e7irkin yorumlara efsane cevap\"}]},{\"@type\":\"WebSite\",\"@id\":\"https:\\\/\\\/kibrisdakik.com\\\/#website\",\"url\":\"https:\\\/\\\/kibrisdakik.com\\\/\",\"name\":\"\",\"description\":\"Tam vaktinde haber\",\"potentialAction\":[{\"@type\":\"SearchAction\",\"target\":{\"@type\":\"EntryPoint\",\"urlTemplate\":\"https:\\\/\\\/kibrisdakik.com\\\/?s={search_term_string}\"},\"query-input\":{\"@type\":\"PropertyValueSpecification\",\"valueRequired\":true,\"valueName\":\"search_term_string\"}}],\"inLanguage\":\"tr\"},{\"@type\":\"Person\",\"@id\":\"https:\\\/\\\/kibrisdakik.com\\\/#\\\/schema\\\/person\\\/9cd9d437bbb44f72b73ba127e06d8e79\",\"name\":\"admin\",\"image\":{\"@type\":\"ImageObject\",\"inLanguage\":\"tr\",\"@id\":\"https:\\\/\\\/secure.gravatar.com\\\/avatar\\\/ccc17943b9d660506c869530f897617f7cb1c21a4bf30023f252596d83e1f007?s=96&d=mm&r=g\",\"url\":\"https:\\\/\\\/secure.gravatar.com\\\/avatar\\\/ccc17943b9d660506c869530f897617f7cb1c21a4bf30023f252596d83e1f007?s=96&d=mm&r=g\",\"contentUrl\":\"https:\\\/\\\/secure.gravatar.com\\\/avatar\\\/ccc17943b9d660506c869530f897617f7cb1c21a4bf30023f252596d83e1f007?s=96&d=mm&r=g\",\"caption\":\"admin\"},\"sameAs\":[\"https:\\\/\\\/kibrisdakik.com\"],\"url\":\"https:\\\/\\\/kibrisdakik.com\\\/?author=1\"}]}<\/script>\n<!-- \/ Yoast SEO plugin. -->","yoast_head_json":{"title":"Yusuf Dike\u00e7'ten annesiyle ilgili yap\u0131lan \u00e7irkin yorumlara efsane cevap -","robots":{"index":"index","follow":"follow","max-snippet":"max-snippet:-1","max-image-preview":"max-image-preview:large","max-video-preview":"max-video-preview:-1"},"canonical":"https:\/\/kibrisdakik.com\/?p=57098","og_locale":"tr_TR","og_type":"article","og_title":"Yusuf Dike\u00e7'ten annesiyle ilgili yap\u0131lan \u00e7irkin yorumlara efsane cevap -","og_description":"2024 Paris Olimpiyat Oyunlar\u0131&#8217;nda \u015eevval \u0130layda Tarhan ile birlikte g\u00fcm\u00fc\u015f madalya kazanan Yusuf Dike\u00e7, at\u0131\u015f an\u0131ndaki pozisyonu ile d\u00fcnya \u00e7ap\u0131nda bir \u015f\u00f6hrete kavu\u015ftu. Olimpiyatlar sona erse de g\u00fcndemden d\u00fc\u015fmeyen Dike\u00e7, ge\u00e7ti\u011fimiz g\u00fcnlerde sosyal medya hesab\u0131ndan &#8220;En de\u011ferlim&#8221; notuyla annesiyle olan bir foto\u011fraf\u0131n\u0131 payla\u015ft\u0131. &#8220;KE\u015eKE ANNEN\u0130Z\u0130 PAYLA\u015eMASAYDINIZ&#8221; Dike\u00e7&#8217;in bu payla\u015f\u0131m\u0131ndan rahats\u0131z olan bir kesim, &#8220;Maalesef rezil","og_url":"https:\/\/kibrisdakik.com\/?p=57098","article_published_time":"2024-08-26T17:16:13+00:00","og_image":[{"width":1202,"height":675,"url":"https:\/\/kibrisdakik.com\/wp-content\/uploads\/2024\/08\/yusuf-dikec-ten-annesiyle-ilgili-yapilan-cirkin-17756792_7075_amp.jpg","type":"image\/jpeg"}],"author":"admin","twitter_card":"summary_large_image","twitter_misc":{"Yazan:":"admin","Tahmini okuma s\u00fcresi":"1 dakika"},"schema":{"@context":"https:\/\/schema.org","@graph":[{"@type":"Article","@id":"https:\/\/kibrisdakik.com\/?p=57098#article","isPartOf":{"@id":"https:\/\/kibrisdakik.com\/?p=57098"},"author":{"name":"admin","@id":"https:\/\/kibrisdakik.com\/#\/schema\/person\/9cd9d437bbb44f72b73ba127e06d8e79"},"headline":"Yusuf Dike\u00e7&#8217;ten annesiyle ilgili yap\u0131lan \u00e7irkin yorumlara efsane cevap","datePublished":"2024-08-26T17:16:13+00:00","mainEntityOfPage":{"@id":"https:\/\/kibrisdakik.com\/?p=57098"},"wordCount":296,"commentCount":0,"image":{"@id":"https:\/\/kibrisdakik.com\/?p=57098#primaryimage"},"thumbnailUrl":"https:\/\/kibrisdakik.com\/wp-content\/uploads\/2024\/08\/yusuf-dikec-ten-annesiyle-ilgili-yapilan-cirkin-17756792_7075_amp.jpg","articleSection":["Magazin"],"inLanguage":"tr","potentialAction":[{"@type":"CommentAction","name":"Comment","target":["https:\/\/kibrisdakik.com\/?p=57098#respond"]}]},{"@type":"WebPage","@id":"https:\/\/kibrisdakik.com\/?p=57098","url":"https:\/\/kibrisdakik.com\/?p=57098","name":"Yusuf Dike\u00e7'ten annesiyle ilgili yap\u0131lan \u00e7irkin yorumlara efsane cevap -","isPartOf":{"@id":"https:\/\/kibrisdakik.com\/#website"},"primaryImageOfPage":{"@id":"https:\/\/kibrisdakik.com\/?p=57098#primaryimage"},"image":{"@id":"https:\/\/kibrisdakik.com\/?p=57098#primaryimage"},"thumbnailUrl":"https:\/\/kibrisdakik.com\/wp-content\/uploads\/2024\/08\/yusuf-dikec-ten-annesiyle-ilgili-yapilan-cirkin-17756792_7075_amp.jpg","datePublished":"2024-08-26T17:16:13+00:00","author":{"@id":"https:\/\/kibrisdakik.com\/#\/schema\/person\/9cd9d437bbb44f72b73ba127e06d8e79"},"breadcrumb":{"@id":"https:\/\/kibrisdakik.com\/?p=57098#breadcrumb"},"inLanguage":"tr","potentialAction":[{"@type":"ReadAction","target":["https:\/\/kibrisdakik.com\/?p=57098"]}]},{"@type":"ImageObject","inLanguage":"tr","@id":"https:\/\/kibrisdakik.com\/?p=57098#primaryimage","url":"https:\/\/kibrisdakik.com\/wp-content\/uploads\/2024\/08\/yusuf-dikec-ten-annesiyle-ilgili-yapilan-cirkin-17756792_7075_amp.jpg","contentUrl":"https:\/\/kibrisdakik.com\/wp-content\/uploads\/2024\/08\/yusuf-dikec-ten-annesiyle-ilgili-yapilan-cirkin-17756792_7075_amp.jpg","width":1202,"height":675},{"@type":"BreadcrumbList","@id":"https:\/\/kibrisdakik.com\/?p=57098#breadcrumb","itemListElement":[{"@type":"ListItem","position":1,"name":"Home","item":"https:\/\/kibrisdakik.com\/"},{"@type":"ListItem","position":2,"name":"Yusuf Dike\u00e7&#8217;ten annesiyle ilgili yap\u0131lan \u00e7irkin yorumlara efsane cevap"}]},{"@type":"WebSite","@id":"https:\/\/kibrisdakik.com\/#website","url":"https:\/\/kibrisdakik.com\/","name":"","description":"Tam vaktinde haber","potentialAction":[{"@type":"SearchAction","target":{"@type":"EntryPoint","urlTemplate":"https:\/\/kibrisdakik.com\/?s={search_term_string}"},"query-input":{"@type":"PropertyValueSpecification","valueRequired":true,"valueName":"search_term_string"}}],"inLanguage":"tr"},{"@type":"Person","@id":"https:\/\/kibrisdakik.com\/#\/schema\/person\/9cd9d437bbb44f72b73ba127e06d8e79","name":"admin","image":{"@type":"ImageObject","inLanguage":"tr","@id":"https:\/\/secure.gravatar.com\/avatar\/ccc17943b9d660506c869530f897617f7cb1c21a4bf30023f252596d83e1f007?s=96&d=mm&r=g","url":"https:\/\/secure.gravatar.com\/avatar\/ccc17943b9d660506c869530f897617f7cb1c21a4bf30023f252596d83e1f007?s=96&d=mm&r=g","contentUrl":"https:\/\/secure.gravatar.com\/avatar\/ccc17943b9d660506c869530f897617f7cb1c21a4bf30023f252596d83e1f007?s=96&d=mm&r=g","caption":"admin"},"sameAs":["https:\/\/kibrisdakik.com"],"url":"https:\/\/kibrisdakik.com\/?author=1"}]}},"_links":{"self":[{"href":"https:\/\/kibrisdakik.com\/index.php?rest_route=\/wp\/v2\/posts\/57098","targetHints":{"allow":["GET"]}}],"collection":[{"href":"https:\/\/kibrisdakik.com\/index.php?rest_route=\/wp\/v2\/posts"}],"about":[{"href":"https:\/\/kibrisdakik.com\/index.php?rest_route=\/wp\/v2\/types\/post"}],"author":[{"embeddable":true,"href":"https:\/\/kibrisdakik.com\/index.php?rest_route=\/wp\/v2\/users\/1"}],"replies":[{"embeddable":true,"href":"https:\/\/kibrisdakik.com\/index.php?rest_route=%2Fwp%2Fv2%2Fcomments&post=57098"}],"version-history":[{"count":1,"href":"https:\/\/kibrisdakik.com\/index.php?rest_route=\/wp\/v2\/posts\/57098\/revisions"}],"predecessor-version":[{"id":57134,"href":"https:\/\/kibrisdakik.com\/index.php?rest_route=\/wp\/v2\/posts\/57098\/revisions\/57134"}],"wp:featuredmedia":[{"embeddable":true,"href":"https:\/\/kibrisdakik.com\/index.php?rest_route=\/wp\/v2\/media\/57099"}],"wp:attachment":[{"href":"https:\/\/kibrisdakik.com\/index.php?rest_route=%2Fwp%2Fv2%2Fmedia&parent=57098"}],"wp:term":[{"taxonomy":"category","embeddable":true,"href":"https:\/\/kibrisdakik.com\/index.php?rest_route=%2Fwp%2Fv2%2Fcategories&post=57098"},{"taxonomy":"post_tag","embeddable":true,"href":"https:\/\/kibrisdakik.com\/index.php?rest_route=%2Fwp%2Fv2%2Ftags&post=57098"}],"curies":[{"name":"wp","href":"https:\/\/api.w.org\/{rel}","templated":true}]}}