{"id":5712,"date":"2023-04-25T16:46:26","date_gmt":"2023-04-25T16:46:26","guid":{"rendered":"https:\/\/kibrisdakik.com\/index.php\/2023\/04\/25\/meclis-genel-kurulu-toplantisina-nisap-yetersizligi-nedeniyle-10-dakika-verildi\/"},"modified":"2023-04-25T16:46:26","modified_gmt":"2023-04-25T16:46:26","slug":"meclis-genel-kurulu-toplantisina-nisap-yetersizligi-nedeniyle-10-dakika-verildi","status":"publish","type":"post","link":"https:\/\/kibrisdakik.com\/?p=5712","title":{"rendered":"Meclis Genel Kurulu toplant\u0131s\u0131na nisap yetersizli\u011fi nedeniyle 10 dakika verildi"},"content":{"rendered":"<p><\/p>\n<div>\n<p style=\"font-weight: 300;\"><span style=\"font-weight: 300 !important;\"><\/p>\n<div class=\"mariselle-image-container none\">\n                <img width=\"1600\" height=\"872\" class=\"lazy-image\" alt=\"\" decoding=\"async\" loading=\"lazy\" sizes=\"auto, (max-width: 1600px) 100vw, 1600px\" src=\"https:\/\/brtk.net\/wp-content\/uploads\/2023\/04\/25\/meclis-4-14.jpg?ver=6225a2daac6ef594cc24d8e3fa24d272\" srcset=\"https:\/\/brtk.net\/wp-content\/uploads\/2023\/04\/25\/meclis-4-14.jpg?ver=6225a2daac6ef594cc24d8e3fa24d272 1600w, https:\/\/brtk.net\/wp-content\/uploads\/2023\/04\/25\/meclis-4-14-300x164.jpg?ver=de47a66b2f056354cfe22fc9222d8a7f 300w, https:\/\/brtk.net\/wp-content\/uploads\/2023\/04\/25\/meclis-4-14-1024x558.jpg?ver=de47a66b2f056354cfe22fc9222d8a7f 1024w, https:\/\/brtk.net\/wp-content\/uploads\/2023\/04\/25\/meclis-4-14-768x419.jpg?ver=de47a66b2f056354cfe22fc9222d8a7f 768w, https:\/\/brtk.net\/wp-content\/uploads\/2023\/04\/25\/meclis-4-14-1536x837.jpg?ver=a3f142fa90d86fa087966092123e457a 1536w\"\/>                            <\/div>\n<p><\/span><\/p>\n<p style=\"font-weight: 300;\"><span style=\"font-weight: 300 !important;\">Cumhuriyet Meclisi Genel Kurulu\u2019nda Say\u0131\u015ftay (De\u011fi\u015fiklik) Yasa Tasar\u0131s\u0131\u2019n\u0131n g\u00f6r\u00fc\u015f\u00fcld\u00fc\u011f\u00fc s\u0131rada nisap yetersizli\u011fi nedeniyle oturuma 10 dakika ara verildi.<\/span><\/p>\n<p style=\"font-weight: 300;\"><span style=\"font-weight: 300 !important;\">Genel Kurul\u2019da, Say\u0131\u015ftay (De\u011fi\u015fiklik) Yasa Tasar\u0131s\u0131 ve Ekonomi, Maliye, B\u00fct\u00e7e ve Plan Komitesi\u2019nin tasar\u0131ya ili\u015fkin raporu ele al\u0131nd\u0131. \u0130lk olarak Komite Ba\u015fkan\u0131 Resmiye Ero\u011flu Canaltay, komitenin, tasar\u0131ya ili\u015fkin raporunu okudu.<\/span><\/p>\n<p style=\"font-weight: 300;\"><span style=\"font-weight: 300 !important;\"><a href=\"https:\/\/brtk.net\/\"\/><a href=\"https:\/\/brtk.net\/\"\/><a href=\"https:\/\/brtk.net\/\"\/><a href=\"https:\/\/brtk.net\/\">CTP<\/a> Milletvekili Devrim Bar\u00e7\u0131n tasar\u0131 \u00fczerine s\u00f6z alarak, \u201cBiz 65 ya\u015fa kar\u015f\u0131 de\u011filiz, Say\u0131\u015ftayda 65 ya\u015f\u0131 yapan <a href=\"https:\/\/brtk.net\/\"\/><a href=\"https:\/\/brtk.net\/\"\/><a href=\"https:\/\/brtk.net\/\"\/><a href=\"https:\/\/brtk.net\/\">CTP<\/a>\u2019dir\u201d diyerek, 65 ya\u015fa kar\u015f\u0131 olmad\u0131klar\u0131n\u0131 ancak emeklili\u011fine 4 ay kalan bir ki\u015finin atanmas\u0131 \u00fczerinden bunun yap\u0131lmas\u0131na kar\u015f\u0131 olduklar\u0131n\u0131 dile getirdi.<\/span><\/p>\n<p style=\"font-weight: 300;\"><span style=\"font-weight: 300 !important;\">\u201cSizler 65 ya\u015f\u0131 60\u2019a d\u00fc\u015f\u00fcrm\u00fc\u015ft\u00fcn\u00fcz\u201d diye konu\u015fan Bar\u00e7\u0131n, o d\u00f6nemdeki gerek\u00e7eyi okudu. <a href=\"https:\/\/brtk.net\/\"\/><a href=\"https:\/\/brtk.net\/\"\/><a href=\"https:\/\/brtk.net\/\"\/><a href=\"https:\/\/brtk.net\/\">CTP<\/a> olarak konuya ilkesel bakt\u0131klar\u0131n\u0131 ifade eden Bar\u00e7\u0131n, d\u00f6nem s\u0131n\u0131r\u0131 konulmas\u0131n\u0131 \u00f6nerdiklerini belirtti.<\/span><\/p>\n<p style=\"font-weight: 300;\"><span style=\"font-weight: 300 !important;\">Daha \u00f6nce att\u0131klar\u0131 ad\u0131mlar\u0131n arkas\u0131nda olduklar\u0131n\u0131 dile getiren Devrim Bar\u00e7\u0131n, \u201cBir ki\u015finin 18 y\u0131l boyunca Say\u0131\u015ftay Ba\u015fkanl\u0131\u011f\u0131 yapmas\u0131 d\u00fcnyan\u0131n hi\u00e7bir yerinde yoktur\u201d dedi. Bu nedenle yasaya \u201chay\u0131r\u201d dediklerini kaydeden Bar\u00e7\u0131n, bundan sonra atanacak ki\u015filer i\u00e7in ya\u015f\u0131n 65 olmas\u0131n\u0131 \u00f6nerdi.<\/span><\/p>\n<p style=\"font-weight: 300;\"><span style=\"font-weight: 300 !important;\"><a href=\"https:\/\/brtk.net\/\"\/><a href=\"https:\/\/brtk.net\/\"\/><a href=\"https:\/\/brtk.net\/\"\/><a href=\"https:\/\/brtk.net\/\">CTP<\/a> Milletvekili Erkut \u015eahali de, tasar\u0131n\u0131n\u00a0 \u201cadrese teslim\u201d bir yasa olarak g\u00f6r\u00fc\u015f\u00fcld\u00fc\u011f\u00fcn\u00fc ifade ederek, yasan\u0131n mali yerine idari komitede g\u00f6r\u00fc\u015f\u00fclmesi gerekti\u011fini s\u00f6yledi. Tasar\u0131n\u0131n, Say\u0131\u015ftay Ba\u015fkan\u0131\u2019n\u0131n emeklilik ya\u015f\u0131n\u0131n 65\u2019e getirilmesi ile ilgili\u00a0 oldu\u011funu dile getiren \u015eahali, \u201cKi\u015fiye \u00f6zel yasa, \u015firkete \u00f6zel yasa\u201d ele\u015ftirisinde bulundu.<\/span><\/p>\n<p style=\"font-weight: 300;\"><span style=\"font-weight: 300 !important;\"><a href=\"https:\/\/brtk.net\/\"\/><a href=\"https:\/\/brtk.net\/\"\/><a href=\"https:\/\/brtk.net\/\"\/><a href=\"https:\/\/brtk.net\/\">CTP<\/a>\u2019nin ge\u00e7mi\u015fte emeklilik ya\u015f\u0131yla ilgili ilkesel bir duru\u015f ortaya koydu\u011funu ifade eden \u015eahali, maksad\u0131n ki\u015fiye \u00f6zel d\u00fczenlemelerle g\u00fcn ge\u00e7irmekten ibaret oldu\u011funu s\u00f6yledi.<\/span><\/p>\n<p style=\"font-weight: 300;\"><span style=\"font-weight: 300 !important;\">Yasa de\u011fi\u015fikli\u011finden do\u011frudan etkilenecek Say\u0131\u015ftay Ba\u015fkan\u0131\u2019n\u0131n ve kurumun da itibar\u0131n\u0131n zedelenece\u011fini dile getiren \u015eahali, mevzuat\u0131n her g\u00fcn biraz daha h\u0131rpaland\u0131\u011f\u0131n\u0131 kaydetti. \u015eahali, say\u0131sal \u00e7o\u011funlu\u011fun, keyfi hareket edilebilece\u011fi anlam\u0131na gelmedi\u011fini ifade etti.<\/span><\/p>\n<p style=\"font-weight: 300;\"><span style=\"font-weight: 300 !important;\">Maliye Bakan\u0131 Ali\u015fan \u015ean ise, tasar\u0131n\u0131n denetimde g\u00f6r\u00fclen eksiklik ve aksakl\u0131klar\u0131n ortadan kald\u0131r\u0131lmas\u0131 ve 41\/2019 say\u0131l\u0131 Kamu Mali Y\u00f6netimi ve Kontrol Yasas\u0131\u2019na uyumla\u015ft\u0131r\u0131lmas\u0131 amac\u0131n\u0131 ta\u015f\u0131d\u0131\u011f\u0131n\u0131 ifade etti.<\/span><\/p>\n<p style=\"font-weight: 300;\"><span style=\"font-weight: 300 !important;\">Yasa tasar\u0131s\u0131n\u0131n bir y\u0131l\u0131 a\u015fk\u0131n s\u00fcre \u00f6nce Meclis\u2019e g\u00f6nderildi\u011fini ve g\u00f6r\u00fc\u015f\u00fcld\u00fc\u011f\u00fcn\u00fc dile getiren \u015ean, emeklili\u011fine 4 ay kalan biri i\u00e7in alelacele haz\u0131rlanan bir tasar\u0131 olmad\u0131\u011f\u0131n\u0131 kaydetti.<\/span><\/p>\n<p style=\"font-weight: 300;\"><span style=\"font-weight: 300 !important;\">Say\u0131\u015ftay Ba\u015fkan\u0131 ve \u00fcyelerinin \u00fclkelerde farkl\u0131 g\u00f6rev s\u00fcreleri oldu\u011funa i\u015faret eden Bakan \u015ean, g\u00f6rev s\u00fcrelerinin \u00fclkeden, \u00fclkeye de\u011fi\u015fken olabildi\u011fini dile getirdi. 2009 y\u0131l\u0131nda yasada yap\u0131lan de\u011fi\u015fikli\u011fe de de\u011finen Bakan \u015ean, o g\u00fcnk\u00fc ko\u015fullar i\u00e7erisinde yasal de\u011fi\u015fikliklerin d\u00fczenledi\u011fini belirtti.<\/span><\/p>\n<p style=\"font-weight: 300;\"><span style=\"font-weight: 300 !important;\">Daha sonra Ekonomi, Maliye, B\u00fct\u00e7e ve Plan Komitesi Ba\u015fkan\u0131 Resmiye Ero\u011flu Canaltay, denetim faaliyetlerine olanak sa\u011flanmas\u0131 i\u00e7in tasar\u0131n\u0131n ikinci g\u00f6r\u00fc\u015fmesinin bir sonraki yasama g\u00fcn\u00fcnde yap\u0131lmas\u0131n\u0131 \u00f6nerdi.<\/span><\/p>\n<p style=\"font-weight: 300;\"><span style=\"font-weight: 300 !important;\">Bu s\u0131rada toplant\u0131 yeter say\u0131s\u0131 olmamas\u0131 nedeniyle oturuma ara verildi.<\/span><\/p>\n<p>TAK\/<a href=\"https:\/\/brtk.net\/\">BRT<\/a><\/p>\n<\/p><\/div>\n<p><script async\n                    defer\n                    crossorigin=\"anonymous\"\n                    src=\"https:\/\/connect.facebook.net\/tr_TR\/sdk.js#xfbml=1&#038;version=v3.3\"\n            ><\/script><\/p>\n","protected":false},"excerpt":{"rendered":"<p>Cumhuriyet Meclisi Genel Kurulu\u2019nda Say\u0131\u015ftay (De\u011fi\u015fiklik) Yasa Tasar\u0131s\u0131\u2019n\u0131n g\u00f6r\u00fc\u015f\u00fcld\u00fc\u011f\u00fc s\u0131rada nisap yetersizli\u011fi nedeniyle oturuma 10 dakika ara verildi. Genel Kurul\u2019da, Say\u0131\u015ftay (De\u011fi\u015fiklik) Yasa Tasar\u0131s\u0131 ve Ekonomi, Maliye, B\u00fct\u00e7e ve Plan Komitesi\u2019nin tasar\u0131ya ili\u015fkin raporu ele al\u0131nd\u0131. \u0130lk olarak Komite Ba\u015fkan\u0131 Resmiye Ero\u011flu Canaltay, komitenin, tasar\u0131ya ili\u015fkin raporunu okudu. CTP Milletvekili Devrim Bar\u00e7\u0131n tasar\u0131 \u00fczerine s\u00f6z<\/p>\n","protected":false},"author":1,"featured_media":5713,"comment_status":"open","ping_status":"open","sticky":false,"template":"","format":"standard","meta":{"footnotes":""},"categories":[1],"tags":[],"class_list":["post-5712","post","type-post","status-publish","format-standard","has-post-thumbnail","hentry","category-gundem"],"yoast_head":"<!-- This site is optimized with the Yoast SEO plugin v27.5 - https:\/\/yoast.com\/product\/yoast-seo-wordpress\/ -->\n<title>Meclis Genel Kurulu toplant\u0131s\u0131na nisap yetersizli\u011fi nedeniyle 10 dakika verildi -<\/title>\n<meta name=\"robots\" content=\"index, follow, max-snippet:-1, max-image-preview:large, max-video-preview:-1\" \/>\n<link rel=\"canonical\" href=\"https:\/\/kibrisdakik.com\/?p=5712\" \/>\n<meta property=\"og:locale\" content=\"tr_TR\" \/>\n<meta property=\"og:type\" content=\"article\" \/>\n<meta property=\"og:title\" content=\"Meclis Genel Kurulu toplant\u0131s\u0131na nisap yetersizli\u011fi nedeniyle 10 dakika verildi -\" \/>\n<meta property=\"og:description\" content=\"Cumhuriyet Meclisi Genel Kurulu\u2019nda Say\u0131\u015ftay (De\u011fi\u015fiklik) Yasa Tasar\u0131s\u0131\u2019n\u0131n g\u00f6r\u00fc\u015f\u00fcld\u00fc\u011f\u00fc s\u0131rada nisap yetersizli\u011fi nedeniyle oturuma 10 dakika ara verildi. Genel Kurul\u2019da, Say\u0131\u015ftay (De\u011fi\u015fiklik) Yasa Tasar\u0131s\u0131 ve Ekonomi, Maliye, B\u00fct\u00e7e ve Plan Komitesi\u2019nin tasar\u0131ya ili\u015fkin raporu ele al\u0131nd\u0131. \u0130lk olarak Komite Ba\u015fkan\u0131 Resmiye Ero\u011flu Canaltay, komitenin, tasar\u0131ya ili\u015fkin raporunu okudu. CTP Milletvekili Devrim Bar\u00e7\u0131n tasar\u0131 \u00fczerine s\u00f6z\" \/>\n<meta property=\"og:url\" content=\"https:\/\/kibrisdakik.com\/?p=5712\" \/>\n<meta property=\"article:published_time\" content=\"2023-04-25T16:46:26+00:00\" \/>\n<meta property=\"og:image\" content=\"https:\/\/kibrisdakik.com\/wp-content\/uploads\/2023\/04\/1682441186_meclis-4-14-740x420.jpg\" \/>\n\t<meta property=\"og:image:width\" content=\"1600\" \/>\n\t<meta property=\"og:image:height\" content=\"872\" \/>\n\t<meta property=\"og:image:type\" content=\"image\/jpeg\" \/>\n<meta name=\"author\" content=\"admin\" \/>\n<meta name=\"twitter:card\" content=\"summary_large_image\" \/>\n<meta name=\"twitter:label1\" content=\"Yazan:\" \/>\n\t<meta name=\"twitter:data1\" content=\"admin\" \/>\n\t<meta name=\"twitter:label2\" content=\"Tahmini okuma s\u00fcresi\" \/>\n\t<meta name=\"twitter:data2\" content=\"3 dakika\" \/>\n<script type=\"application\/ld+json\" class=\"yoast-schema-graph\">{\"@context\":\"https:\\\/\\\/schema.org\",\"@graph\":[{\"@type\":\"Article\",\"@id\":\"https:\\\/\\\/kibrisdakik.com\\\/?p=5712#article\",\"isPartOf\":{\"@id\":\"https:\\\/\\\/kibrisdakik.com\\\/?p=5712\"},\"author\":{\"name\":\"admin\",\"@id\":\"https:\\\/\\\/kibrisdakik.com\\\/#\\\/schema\\\/person\\\/9cd9d437bbb44f72b73ba127e06d8e79\"},\"headline\":\"Meclis Genel Kurulu toplant\u0131s\u0131na nisap yetersizli\u011fi nedeniyle 10 dakika verildi\",\"datePublished\":\"2023-04-25T16:46:26+00:00\",\"mainEntityOfPage\":{\"@id\":\"https:\\\/\\\/kibrisdakik.com\\\/?p=5712\"},\"wordCount\":580,\"commentCount\":0,\"image\":{\"@id\":\"https:\\\/\\\/kibrisdakik.com\\\/?p=5712#primaryimage\"},\"thumbnailUrl\":\"https:\\\/\\\/kibrisdakik.com\\\/wp-content\\\/uploads\\\/2023\\\/04\\\/1682441186_meclis-4-14-740x420.jpg\",\"articleSection\":[\"G\u00fcndem\"],\"inLanguage\":\"tr\",\"potentialAction\":[{\"@type\":\"CommentAction\",\"name\":\"Comment\",\"target\":[\"https:\\\/\\\/kibrisdakik.com\\\/?p=5712#respond\"]}]},{\"@type\":\"WebPage\",\"@id\":\"https:\\\/\\\/kibrisdakik.com\\\/?p=5712\",\"url\":\"https:\\\/\\\/kibrisdakik.com\\\/?p=5712\",\"name\":\"Meclis Genel Kurulu toplant\u0131s\u0131na nisap yetersizli\u011fi nedeniyle 10 dakika verildi -\",\"isPartOf\":{\"@id\":\"https:\\\/\\\/kibrisdakik.com\\\/#website\"},\"primaryImageOfPage\":{\"@id\":\"https:\\\/\\\/kibrisdakik.com\\\/?p=5712#primaryimage\"},\"image\":{\"@id\":\"https:\\\/\\\/kibrisdakik.com\\\/?p=5712#primaryimage\"},\"thumbnailUrl\":\"https:\\\/\\\/kibrisdakik.com\\\/wp-content\\\/uploads\\\/2023\\\/04\\\/1682441186_meclis-4-14-740x420.jpg\",\"datePublished\":\"2023-04-25T16:46:26+00:00\",\"author\":{\"@id\":\"https:\\\/\\\/kibrisdakik.com\\\/#\\\/schema\\\/person\\\/9cd9d437bbb44f72b73ba127e06d8e79\"},\"breadcrumb\":{\"@id\":\"https:\\\/\\\/kibrisdakik.com\\\/?p=5712#breadcrumb\"},\"inLanguage\":\"tr\",\"potentialAction\":[{\"@type\":\"ReadAction\",\"target\":[\"https:\\\/\\\/kibrisdakik.com\\\/?p=5712\"]}]},{\"@type\":\"ImageObject\",\"inLanguage\":\"tr\",\"@id\":\"https:\\\/\\\/kibrisdakik.com\\\/?p=5712#primaryimage\",\"url\":\"https:\\\/\\\/kibrisdakik.com\\\/wp-content\\\/uploads\\\/2023\\\/04\\\/1682441186_meclis-4-14-740x420.jpg\",\"contentUrl\":\"https:\\\/\\\/kibrisdakik.com\\\/wp-content\\\/uploads\\\/2023\\\/04\\\/1682441186_meclis-4-14-740x420.jpg\",\"width\":1600,\"height\":872},{\"@type\":\"BreadcrumbList\",\"@id\":\"https:\\\/\\\/kibrisdakik.com\\\/?p=5712#breadcrumb\",\"itemListElement\":[{\"@type\":\"ListItem\",\"position\":1,\"name\":\"Home\",\"item\":\"https:\\\/\\\/kibrisdakik.com\\\/\"},{\"@type\":\"ListItem\",\"position\":2,\"name\":\"Meclis Genel Kurulu toplant\u0131s\u0131na nisap yetersizli\u011fi nedeniyle 10 dakika verildi\"}]},{\"@type\":\"WebSite\",\"@id\":\"https:\\\/\\\/kibrisdakik.com\\\/#website\",\"url\":\"https:\\\/\\\/kibrisdakik.com\\\/\",\"name\":\"\",\"description\":\"Tam vaktinde haber\",\"potentialAction\":[{\"@type\":\"SearchAction\",\"target\":{\"@type\":\"EntryPoint\",\"urlTemplate\":\"https:\\\/\\\/kibrisdakik.com\\\/?s={search_term_string}\"},\"query-input\":{\"@type\":\"PropertyValueSpecification\",\"valueRequired\":true,\"valueName\":\"search_term_string\"}}],\"inLanguage\":\"tr\"},{\"@type\":\"Person\",\"@id\":\"https:\\\/\\\/kibrisdakik.com\\\/#\\\/schema\\\/person\\\/9cd9d437bbb44f72b73ba127e06d8e79\",\"name\":\"admin\",\"image\":{\"@type\":\"ImageObject\",\"inLanguage\":\"tr\",\"@id\":\"https:\\\/\\\/secure.gravatar.com\\\/avatar\\\/ccc17943b9d660506c869530f897617f7cb1c21a4bf30023f252596d83e1f007?s=96&d=mm&r=g\",\"url\":\"https:\\\/\\\/secure.gravatar.com\\\/avatar\\\/ccc17943b9d660506c869530f897617f7cb1c21a4bf30023f252596d83e1f007?s=96&d=mm&r=g\",\"contentUrl\":\"https:\\\/\\\/secure.gravatar.com\\\/avatar\\\/ccc17943b9d660506c869530f897617f7cb1c21a4bf30023f252596d83e1f007?s=96&d=mm&r=g\",\"caption\":\"admin\"},\"sameAs\":[\"https:\\\/\\\/kibrisdakik.com\"],\"url\":\"https:\\\/\\\/kibrisdakik.com\\\/?author=1\"}]}<\/script>\n<!-- \/ Yoast SEO plugin. -->","yoast_head_json":{"title":"Meclis Genel Kurulu toplant\u0131s\u0131na nisap yetersizli\u011fi nedeniyle 10 dakika verildi -","robots":{"index":"index","follow":"follow","max-snippet":"max-snippet:-1","max-image-preview":"max-image-preview:large","max-video-preview":"max-video-preview:-1"},"canonical":"https:\/\/kibrisdakik.com\/?p=5712","og_locale":"tr_TR","og_type":"article","og_title":"Meclis Genel Kurulu toplant\u0131s\u0131na nisap yetersizli\u011fi nedeniyle 10 dakika verildi -","og_description":"Cumhuriyet Meclisi Genel Kurulu\u2019nda Say\u0131\u015ftay (De\u011fi\u015fiklik) Yasa Tasar\u0131s\u0131\u2019n\u0131n g\u00f6r\u00fc\u015f\u00fcld\u00fc\u011f\u00fc s\u0131rada nisap yetersizli\u011fi nedeniyle oturuma 10 dakika ara verildi. Genel Kurul\u2019da, Say\u0131\u015ftay (De\u011fi\u015fiklik) Yasa Tasar\u0131s\u0131 ve Ekonomi, Maliye, B\u00fct\u00e7e ve Plan Komitesi\u2019nin tasar\u0131ya ili\u015fkin raporu ele al\u0131nd\u0131. \u0130lk olarak Komite Ba\u015fkan\u0131 Resmiye Ero\u011flu Canaltay, komitenin, tasar\u0131ya ili\u015fkin raporunu okudu. CTP Milletvekili Devrim Bar\u00e7\u0131n tasar\u0131 \u00fczerine s\u00f6z","og_url":"https:\/\/kibrisdakik.com\/?p=5712","article_published_time":"2023-04-25T16:46:26+00:00","og_image":[{"width":1600,"height":872,"url":"https:\/\/kibrisdakik.com\/wp-content\/uploads\/2023\/04\/1682441186_meclis-4-14-740x420.jpg","type":"image\/jpeg"}],"author":"admin","twitter_card":"summary_large_image","twitter_misc":{"Yazan:":"admin","Tahmini okuma s\u00fcresi":"3 dakika"},"schema":{"@context":"https:\/\/schema.org","@graph":[{"@type":"Article","@id":"https:\/\/kibrisdakik.com\/?p=5712#article","isPartOf":{"@id":"https:\/\/kibrisdakik.com\/?p=5712"},"author":{"name":"admin","@id":"https:\/\/kibrisdakik.com\/#\/schema\/person\/9cd9d437bbb44f72b73ba127e06d8e79"},"headline":"Meclis Genel Kurulu toplant\u0131s\u0131na nisap yetersizli\u011fi nedeniyle 10 dakika verildi","datePublished":"2023-04-25T16:46:26+00:00","mainEntityOfPage":{"@id":"https:\/\/kibrisdakik.com\/?p=5712"},"wordCount":580,"commentCount":0,"image":{"@id":"https:\/\/kibrisdakik.com\/?p=5712#primaryimage"},"thumbnailUrl":"https:\/\/kibrisdakik.com\/wp-content\/uploads\/2023\/04\/1682441186_meclis-4-14-740x420.jpg","articleSection":["G\u00fcndem"],"inLanguage":"tr","potentialAction":[{"@type":"CommentAction","name":"Comment","target":["https:\/\/kibrisdakik.com\/?p=5712#respond"]}]},{"@type":"WebPage","@id":"https:\/\/kibrisdakik.com\/?p=5712","url":"https:\/\/kibrisdakik.com\/?p=5712","name":"Meclis Genel Kurulu toplant\u0131s\u0131na nisap yetersizli\u011fi nedeniyle 10 dakika verildi -","isPartOf":{"@id":"https:\/\/kibrisdakik.com\/#website"},"primaryImageOfPage":{"@id":"https:\/\/kibrisdakik.com\/?p=5712#primaryimage"},"image":{"@id":"https:\/\/kibrisdakik.com\/?p=5712#primaryimage"},"thumbnailUrl":"https:\/\/kibrisdakik.com\/wp-content\/uploads\/2023\/04\/1682441186_meclis-4-14-740x420.jpg","datePublished":"2023-04-25T16:46:26+00:00","author":{"@id":"https:\/\/kibrisdakik.com\/#\/schema\/person\/9cd9d437bbb44f72b73ba127e06d8e79"},"breadcrumb":{"@id":"https:\/\/kibrisdakik.com\/?p=5712#breadcrumb"},"inLanguage":"tr","potentialAction":[{"@type":"ReadAction","target":["https:\/\/kibrisdakik.com\/?p=5712"]}]},{"@type":"ImageObject","inLanguage":"tr","@id":"https:\/\/kibrisdakik.com\/?p=5712#primaryimage","url":"https:\/\/kibrisdakik.com\/wp-content\/uploads\/2023\/04\/1682441186_meclis-4-14-740x420.jpg","contentUrl":"https:\/\/kibrisdakik.com\/wp-content\/uploads\/2023\/04\/1682441186_meclis-4-14-740x420.jpg","width":1600,"height":872},{"@type":"BreadcrumbList","@id":"https:\/\/kibrisdakik.com\/?p=5712#breadcrumb","itemListElement":[{"@type":"ListItem","position":1,"name":"Home","item":"https:\/\/kibrisdakik.com\/"},{"@type":"ListItem","position":2,"name":"Meclis Genel Kurulu toplant\u0131s\u0131na nisap yetersizli\u011fi nedeniyle 10 dakika verildi"}]},{"@type":"WebSite","@id":"https:\/\/kibrisdakik.com\/#website","url":"https:\/\/kibrisdakik.com\/","name":"","description":"Tam vaktinde haber","potentialAction":[{"@type":"SearchAction","target":{"@type":"EntryPoint","urlTemplate":"https:\/\/kibrisdakik.com\/?s={search_term_string}"},"query-input":{"@type":"PropertyValueSpecification","valueRequired":true,"valueName":"search_term_string"}}],"inLanguage":"tr"},{"@type":"Person","@id":"https:\/\/kibrisdakik.com\/#\/schema\/person\/9cd9d437bbb44f72b73ba127e06d8e79","name":"admin","image":{"@type":"ImageObject","inLanguage":"tr","@id":"https:\/\/secure.gravatar.com\/avatar\/ccc17943b9d660506c869530f897617f7cb1c21a4bf30023f252596d83e1f007?s=96&d=mm&r=g","url":"https:\/\/secure.gravatar.com\/avatar\/ccc17943b9d660506c869530f897617f7cb1c21a4bf30023f252596d83e1f007?s=96&d=mm&r=g","contentUrl":"https:\/\/secure.gravatar.com\/avatar\/ccc17943b9d660506c869530f897617f7cb1c21a4bf30023f252596d83e1f007?s=96&d=mm&r=g","caption":"admin"},"sameAs":["https:\/\/kibrisdakik.com"],"url":"https:\/\/kibrisdakik.com\/?author=1"}]}},"_links":{"self":[{"href":"https:\/\/kibrisdakik.com\/index.php?rest_route=\/wp\/v2\/posts\/5712","targetHints":{"allow":["GET"]}}],"collection":[{"href":"https:\/\/kibrisdakik.com\/index.php?rest_route=\/wp\/v2\/posts"}],"about":[{"href":"https:\/\/kibrisdakik.com\/index.php?rest_route=\/wp\/v2\/types\/post"}],"author":[{"embeddable":true,"href":"https:\/\/kibrisdakik.com\/index.php?rest_route=\/wp\/v2\/users\/1"}],"replies":[{"embeddable":true,"href":"https:\/\/kibrisdakik.com\/index.php?rest_route=%2Fwp%2Fv2%2Fcomments&post=5712"}],"version-history":[{"count":0,"href":"https:\/\/kibrisdakik.com\/index.php?rest_route=\/wp\/v2\/posts\/5712\/revisions"}],"wp:featuredmedia":[{"embeddable":true,"href":"https:\/\/kibrisdakik.com\/index.php?rest_route=\/wp\/v2\/media\/5713"}],"wp:attachment":[{"href":"https:\/\/kibrisdakik.com\/index.php?rest_route=%2Fwp%2Fv2%2Fmedia&parent=5712"}],"wp:term":[{"taxonomy":"category","embeddable":true,"href":"https:\/\/kibrisdakik.com\/index.php?rest_route=%2Fwp%2Fv2%2Fcategories&post=5712"},{"taxonomy":"post_tag","embeddable":true,"href":"https:\/\/kibrisdakik.com\/index.php?rest_route=%2Fwp%2Fv2%2Ftags&post=5712"}],"curies":[{"name":"wp","href":"https:\/\/api.w.org\/{rel}","templated":true}]}}