{"id":57159,"date":"2024-08-26T20:31:39","date_gmt":"2024-08-26T17:31:39","guid":{"rendered":"https:\/\/kibrisdakik.com\/index.php\/2024\/08\/26\/diyarbakirda-skandal-olay-kadinlarin-kiyafetlerini-begenmeyip-kafeyi-savas-alanina-cevirdiler\/"},"modified":"2024-08-26T20:31:39","modified_gmt":"2024-08-26T17:31:39","slug":"diyarbakirda-skandal-olay-kadinlarin-kiyafetlerini-begenmeyip-kafeyi-savas-alanina-cevirdiler","status":"publish","type":"post","link":"https:\/\/kibrisdakik.com\/?p=57159","title":{"rendered":"Diyarbak\u0131r&#8217;da skandal olay! Kad\u0131nlar\u0131n k\u0131yafetlerini be\u011fenmeyip kafeyi sava\u015f alan\u0131na \u00e7evirdiler"},"content":{"rendered":"<p><\/p>\n<div id=\"\">\n<p> <a class=\"keyword\" href=\"https:\/\/www.haberler.com\/diyarbakir\/\" title=\"Diyarbak\u0131r Haberleri, Diyarbak\u0131r Haberi, Diyarbak\u0131r Haber\"><strong>Diyarbak\u0131r<\/strong><\/a>&#8216;\u0131n Sur il\u00e7esinde bir kafeye yap\u0131lan sald\u0131r\u0131da, k\u0131yafeti a\u00e7\u0131k kad\u0131nlar\u0131n geldi\u011fi ve m\u00fczik dinletisi yap\u0131ld\u0131\u011f\u0131 gerek\u00e7esiyle iki ki\u015fi adli kontrol karar\u0131yla serbest b\u0131rak\u0131ld\u0131. \u00d6nceki sald\u0131r\u0131da ise 3 ki\u015fi tutuklanm\u0131\u015ft\u0131.<\/p>\n<h3>KADINLARIN KIYAFET\u0130N\u0130 BE\u011eENMEY\u0130P KAFEYE SALDIRDILAR<\/h3>\n<p>Sur il\u00e7esinde Cami Kebir Mahallesi&#8217;ndeki kafeye, &#8220;k\u0131yafeti a\u00e7\u0131k kad\u0131nlar\u0131n geldi\u011fi ve m\u00fczik dinletisi yap\u0131ld\u0131\u011f\u0131&#8221; gerek\u00e7esiyle ak\u015fam saatlerinde i\u015fletmeye gelen iki ki\u015fi tehditte bulundu. S\u00f6zl\u00fc tart\u0131\u015fman\u0131n ard\u0131ndan iki \u015fah\u0131s ile kafe \u00e7al\u0131\u015fanlar\u0131 aras\u0131nda kavga \u00e7\u0131kt\u0131. Kavgada, i\u015fletme sahibinin eli k\u0131r\u0131ld\u0131, kafe \u00e7al\u0131\u015fan\u0131 ise v\u00fccuduna ald\u0131\u011f\u0131 darbelerle yaraland\u0131.<\/p>\n<h3>ADL\u0130 KONTROL KARARIYLA SERBESTLER<\/h3>\n<p>Olay\u0131n ard\u0131ndan g\u00f6zalt\u0131na al\u0131nan iki sald\u0131rgan emniyetteki sorgu i\u015flemlerinin ard\u0131ndan adliyeye sevk edildi. Mahkemeye \u00e7\u0131kar\u0131lan \u015f\u00fcpheliler, adli kontrol karar\u0131yla serbest b\u0131rak\u0131ld\u0131.<\/p>\n<h3>DAHA \u00d6NCE DE PATLAYICILARLA SALDIRMI\u015eLAR<\/h3>\n<p>\u0130ki sald\u0131rgan 11 Temmuz g\u00fcn\u00fc yine ayn\u0131 gerek\u00e7elerle ayn\u0131 kafeye el yap\u0131m\u0131 patlay\u0131c\u0131 ve silahl\u0131 sald\u0131r\u0131 d\u00fczenlemi\u015flerdi. Sald\u0131r\u0131n\u0131n ard\u0131ndan ba\u015flat\u0131lan soru\u015fturma kapsam\u0131nda 3 ki\u015fi tutuklanm\u0131\u015ft\u0131.<\/p>\n<figure class=\"type:primaryimage hbhOrder\" style=\"margin-bottom: 20px;\"><img loading=\"lazy\" decoding=\"async\" width=\"1202\" height=\"675\" class=\"hbptMainImage\" id=\"HaberImage\" src=\"https:\/\/foto.haberler.com\/resize\/601x337\/haber\/2024\/08\/26\/diyarbakir-da-skandal-olay-kadinlarin-17757302_7009_amp.jpg\"\/><\/figure>\n<h4 id=\"nwsKeywords\"> <a href=\"https:\/\/www.haberler.com\/diyarbakir\/\" title=\"Diyarbak\u0131r\" class=\"hbptTag\">Diyarbak\u0131r<\/a>  <a href=\"https:\/\/www.haberler.com\/3-sayfa\/\" title=\"3-sayfa\" class=\"hbptTag\">3-sayfa<\/a>  <a href=\"https:\/\/www.haberler.com\/sur\/\" title=\"Sur\" class=\"hbptTag\">Sur<\/a>  <a href=\"https:\/\/www.haberler.com\/saldiri\/\" title=\"Sald\u0131r\u0131\" class=\"hbptTag\">Sald\u0131r\u0131<\/a>  <a href=\"https:\/\/www.haberler.com\/diyarbakir\/\" title=\"Diyarbak\u0131r\" class=\"hbptTag\">Diyarbak\u0131r<\/a>  <a href=\"https:\/\/www.haberler.com\/3-sayfa\/\" title=\"3.Sayfa\" class=\"hbptTag\">3.Sayfa<\/a>  <a href=\"https:\/\/www.haberler.com\/guncel\/\" title=\"G\u00fcncel\" class=\"hbptTag\">G\u00fcncel<\/a>  <a href=\"https:\/\/www.haberler.com\/\" title=\"Haberler\" class=\"hbptTag\">Haberler<\/a> <\/h4>\n<\/div>\n","protected":false},"excerpt":{"rendered":"<p>Diyarbak\u0131r&#8216;\u0131n Sur il\u00e7esinde bir kafeye yap\u0131lan sald\u0131r\u0131da, k\u0131yafeti a\u00e7\u0131k kad\u0131nlar\u0131n geldi\u011fi ve m\u00fczik dinletisi yap\u0131ld\u0131\u011f\u0131 gerek\u00e7esiyle iki ki\u015fi adli kontrol karar\u0131yla serbest b\u0131rak\u0131ld\u0131. \u00d6nceki sald\u0131r\u0131da ise 3 ki\u015fi tutuklanm\u0131\u015ft\u0131. KADINLARIN KIYAFET\u0130N\u0130 BE\u011eENMEY\u0130P KAFEYE SALDIRDILAR Sur il\u00e7esinde Cami Kebir Mahallesi&#8217;ndeki kafeye, &#8220;k\u0131yafeti a\u00e7\u0131k kad\u0131nlar\u0131n geldi\u011fi ve m\u00fczik dinletisi yap\u0131ld\u0131\u011f\u0131&#8221; gerek\u00e7esiyle ak\u015fam saatlerinde i\u015fletmeye gelen iki ki\u015fi<\/p>\n","protected":false},"author":1,"featured_media":57160,"comment_status":"open","ping_status":"open","sticky":false,"template":"","format":"standard","meta":{"footnotes":""},"categories":[83],"tags":[],"class_list":["post-57159","post","type-post","status-publish","format-standard","has-post-thumbnail","hentry","category-magazin"],"yoast_head":"<!-- This site is optimized with the Yoast SEO plugin v27.4 - https:\/\/yoast.com\/product\/yoast-seo-wordpress\/ -->\n<title>Diyarbak\u0131r&#039;da skandal olay! Kad\u0131nlar\u0131n k\u0131yafetlerini be\u011fenmeyip kafeyi sava\u015f alan\u0131na \u00e7evirdiler -<\/title>\n<meta name=\"robots\" content=\"index, follow, max-snippet:-1, max-image-preview:large, max-video-preview:-1\" \/>\n<link rel=\"canonical\" href=\"https:\/\/kibrisdakik.com\/?p=57159\" \/>\n<meta property=\"og:locale\" content=\"tr_TR\" \/>\n<meta property=\"og:type\" content=\"article\" \/>\n<meta property=\"og:title\" content=\"Diyarbak\u0131r&#039;da skandal olay! Kad\u0131nlar\u0131n k\u0131yafetlerini be\u011fenmeyip kafeyi sava\u015f alan\u0131na \u00e7evirdiler -\" \/>\n<meta property=\"og:description\" content=\"Diyarbak\u0131r&#8216;\u0131n Sur il\u00e7esinde bir kafeye yap\u0131lan sald\u0131r\u0131da, k\u0131yafeti a\u00e7\u0131k kad\u0131nlar\u0131n geldi\u011fi ve m\u00fczik dinletisi yap\u0131ld\u0131\u011f\u0131 gerek\u00e7esiyle iki ki\u015fi adli kontrol karar\u0131yla serbest b\u0131rak\u0131ld\u0131. \u00d6nceki sald\u0131r\u0131da ise 3 ki\u015fi tutuklanm\u0131\u015ft\u0131. KADINLARIN KIYAFET\u0130N\u0130 BE\u011eENMEY\u0130P KAFEYE SALDIRDILAR Sur il\u00e7esinde Cami Kebir Mahallesi&#8217;ndeki kafeye, &#8220;k\u0131yafeti a\u00e7\u0131k kad\u0131nlar\u0131n geldi\u011fi ve m\u00fczik dinletisi yap\u0131ld\u0131\u011f\u0131&#8221; gerek\u00e7esiyle ak\u015fam saatlerinde i\u015fletmeye gelen iki ki\u015fi\" \/>\n<meta property=\"og:url\" content=\"https:\/\/kibrisdakik.com\/?p=57159\" \/>\n<meta property=\"article:published_time\" content=\"2024-08-26T17:31:39+00:00\" \/>\n<meta property=\"og:image\" content=\"https:\/\/kibrisdakik.com\/wp-content\/uploads\/2024\/08\/diyarbakir-da-skandal-olay-kadinlarin-17757302_7009_amp.jpg\" \/>\n\t<meta property=\"og:image:width\" content=\"601\" \/>\n\t<meta property=\"og:image:height\" content=\"337\" \/>\n\t<meta property=\"og:image:type\" content=\"image\/jpeg\" \/>\n<meta name=\"author\" content=\"admin\" \/>\n<meta name=\"twitter:card\" content=\"summary_large_image\" \/>\n<meta name=\"twitter:label1\" content=\"Yazan:\" \/>\n\t<meta name=\"twitter:data1\" content=\"admin\" \/>\n\t<meta name=\"twitter:label2\" content=\"Tahmini okuma s\u00fcresi\" \/>\n\t<meta name=\"twitter:data2\" content=\"1 dakika\" \/>\n<script type=\"application\/ld+json\" class=\"yoast-schema-graph\">{\"@context\":\"https:\\\/\\\/schema.org\",\"@graph\":[{\"@type\":\"Article\",\"@id\":\"https:\\\/\\\/kibrisdakik.com\\\/?p=57159#article\",\"isPartOf\":{\"@id\":\"https:\\\/\\\/kibrisdakik.com\\\/?p=57159\"},\"author\":{\"name\":\"admin\",\"@id\":\"https:\\\/\\\/kibrisdakik.com\\\/#\\\/schema\\\/person\\\/9cd9d437bbb44f72b73ba127e06d8e79\"},\"headline\":\"Diyarbak\u0131r&#8217;da skandal olay! Kad\u0131nlar\u0131n k\u0131yafetlerini be\u011fenmeyip kafeyi sava\u015f alan\u0131na \u00e7evirdiler\",\"datePublished\":\"2024-08-26T17:31:39+00:00\",\"mainEntityOfPage\":{\"@id\":\"https:\\\/\\\/kibrisdakik.com\\\/?p=57159\"},\"wordCount\":241,\"commentCount\":0,\"image\":{\"@id\":\"https:\\\/\\\/kibrisdakik.com\\\/?p=57159#primaryimage\"},\"thumbnailUrl\":\"https:\\\/\\\/kibrisdakik.com\\\/wp-content\\\/uploads\\\/2024\\\/08\\\/diyarbakir-da-skandal-olay-kadinlarin-17757302_7009_amp.jpg\",\"articleSection\":[\"Magazin\"],\"inLanguage\":\"tr\",\"potentialAction\":[{\"@type\":\"CommentAction\",\"name\":\"Comment\",\"target\":[\"https:\\\/\\\/kibrisdakik.com\\\/?p=57159#respond\"]}]},{\"@type\":\"WebPage\",\"@id\":\"https:\\\/\\\/kibrisdakik.com\\\/?p=57159\",\"url\":\"https:\\\/\\\/kibrisdakik.com\\\/?p=57159\",\"name\":\"Diyarbak\u0131r'da skandal olay! Kad\u0131nlar\u0131n k\u0131yafetlerini be\u011fenmeyip kafeyi sava\u015f alan\u0131na \u00e7evirdiler -\",\"isPartOf\":{\"@id\":\"https:\\\/\\\/kibrisdakik.com\\\/#website\"},\"primaryImageOfPage\":{\"@id\":\"https:\\\/\\\/kibrisdakik.com\\\/?p=57159#primaryimage\"},\"image\":{\"@id\":\"https:\\\/\\\/kibrisdakik.com\\\/?p=57159#primaryimage\"},\"thumbnailUrl\":\"https:\\\/\\\/kibrisdakik.com\\\/wp-content\\\/uploads\\\/2024\\\/08\\\/diyarbakir-da-skandal-olay-kadinlarin-17757302_7009_amp.jpg\",\"datePublished\":\"2024-08-26T17:31:39+00:00\",\"author\":{\"@id\":\"https:\\\/\\\/kibrisdakik.com\\\/#\\\/schema\\\/person\\\/9cd9d437bbb44f72b73ba127e06d8e79\"},\"breadcrumb\":{\"@id\":\"https:\\\/\\\/kibrisdakik.com\\\/?p=57159#breadcrumb\"},\"inLanguage\":\"tr\",\"potentialAction\":[{\"@type\":\"ReadAction\",\"target\":[\"https:\\\/\\\/kibrisdakik.com\\\/?p=57159\"]}]},{\"@type\":\"ImageObject\",\"inLanguage\":\"tr\",\"@id\":\"https:\\\/\\\/kibrisdakik.com\\\/?p=57159#primaryimage\",\"url\":\"https:\\\/\\\/kibrisdakik.com\\\/wp-content\\\/uploads\\\/2024\\\/08\\\/diyarbakir-da-skandal-olay-kadinlarin-17757302_7009_amp.jpg\",\"contentUrl\":\"https:\\\/\\\/kibrisdakik.com\\\/wp-content\\\/uploads\\\/2024\\\/08\\\/diyarbakir-da-skandal-olay-kadinlarin-17757302_7009_amp.jpg\",\"width\":601,\"height\":337},{\"@type\":\"BreadcrumbList\",\"@id\":\"https:\\\/\\\/kibrisdakik.com\\\/?p=57159#breadcrumb\",\"itemListElement\":[{\"@type\":\"ListItem\",\"position\":1,\"name\":\"Home\",\"item\":\"https:\\\/\\\/kibrisdakik.com\\\/\"},{\"@type\":\"ListItem\",\"position\":2,\"name\":\"Diyarbak\u0131r&#8217;da skandal olay! Kad\u0131nlar\u0131n k\u0131yafetlerini be\u011fenmeyip kafeyi sava\u015f alan\u0131na \u00e7evirdiler\"}]},{\"@type\":\"WebSite\",\"@id\":\"https:\\\/\\\/kibrisdakik.com\\\/#website\",\"url\":\"https:\\\/\\\/kibrisdakik.com\\\/\",\"name\":\"\",\"description\":\"Tam vaktinde haber\",\"potentialAction\":[{\"@type\":\"SearchAction\",\"target\":{\"@type\":\"EntryPoint\",\"urlTemplate\":\"https:\\\/\\\/kibrisdakik.com\\\/?s={search_term_string}\"},\"query-input\":{\"@type\":\"PropertyValueSpecification\",\"valueRequired\":true,\"valueName\":\"search_term_string\"}}],\"inLanguage\":\"tr\"},{\"@type\":\"Person\",\"@id\":\"https:\\\/\\\/kibrisdakik.com\\\/#\\\/schema\\\/person\\\/9cd9d437bbb44f72b73ba127e06d8e79\",\"name\":\"admin\",\"image\":{\"@type\":\"ImageObject\",\"inLanguage\":\"tr\",\"@id\":\"https:\\\/\\\/secure.gravatar.com\\\/avatar\\\/ccc17943b9d660506c869530f897617f7cb1c21a4bf30023f252596d83e1f007?s=96&d=mm&r=g\",\"url\":\"https:\\\/\\\/secure.gravatar.com\\\/avatar\\\/ccc17943b9d660506c869530f897617f7cb1c21a4bf30023f252596d83e1f007?s=96&d=mm&r=g\",\"contentUrl\":\"https:\\\/\\\/secure.gravatar.com\\\/avatar\\\/ccc17943b9d660506c869530f897617f7cb1c21a4bf30023f252596d83e1f007?s=96&d=mm&r=g\",\"caption\":\"admin\"},\"sameAs\":[\"https:\\\/\\\/kibrisdakik.com\"],\"url\":\"https:\\\/\\\/kibrisdakik.com\\\/?author=1\"}]}<\/script>\n<!-- \/ Yoast SEO plugin. -->","yoast_head_json":{"title":"Diyarbak\u0131r'da skandal olay! Kad\u0131nlar\u0131n k\u0131yafetlerini be\u011fenmeyip kafeyi sava\u015f alan\u0131na \u00e7evirdiler -","robots":{"index":"index","follow":"follow","max-snippet":"max-snippet:-1","max-image-preview":"max-image-preview:large","max-video-preview":"max-video-preview:-1"},"canonical":"https:\/\/kibrisdakik.com\/?p=57159","og_locale":"tr_TR","og_type":"article","og_title":"Diyarbak\u0131r'da skandal olay! Kad\u0131nlar\u0131n k\u0131yafetlerini be\u011fenmeyip kafeyi sava\u015f alan\u0131na \u00e7evirdiler -","og_description":"Diyarbak\u0131r&#8216;\u0131n Sur il\u00e7esinde bir kafeye yap\u0131lan sald\u0131r\u0131da, k\u0131yafeti a\u00e7\u0131k kad\u0131nlar\u0131n geldi\u011fi ve m\u00fczik dinletisi yap\u0131ld\u0131\u011f\u0131 gerek\u00e7esiyle iki ki\u015fi adli kontrol karar\u0131yla serbest b\u0131rak\u0131ld\u0131. \u00d6nceki sald\u0131r\u0131da ise 3 ki\u015fi tutuklanm\u0131\u015ft\u0131. KADINLARIN KIYAFET\u0130N\u0130 BE\u011eENMEY\u0130P KAFEYE SALDIRDILAR Sur il\u00e7esinde Cami Kebir Mahallesi&#8217;ndeki kafeye, &#8220;k\u0131yafeti a\u00e7\u0131k kad\u0131nlar\u0131n geldi\u011fi ve m\u00fczik dinletisi yap\u0131ld\u0131\u011f\u0131&#8221; gerek\u00e7esiyle ak\u015fam saatlerinde i\u015fletmeye gelen iki ki\u015fi","og_url":"https:\/\/kibrisdakik.com\/?p=57159","article_published_time":"2024-08-26T17:31:39+00:00","og_image":[{"width":601,"height":337,"url":"https:\/\/kibrisdakik.com\/wp-content\/uploads\/2024\/08\/diyarbakir-da-skandal-olay-kadinlarin-17757302_7009_amp.jpg","type":"image\/jpeg"}],"author":"admin","twitter_card":"summary_large_image","twitter_misc":{"Yazan:":"admin","Tahmini okuma s\u00fcresi":"1 dakika"},"schema":{"@context":"https:\/\/schema.org","@graph":[{"@type":"Article","@id":"https:\/\/kibrisdakik.com\/?p=57159#article","isPartOf":{"@id":"https:\/\/kibrisdakik.com\/?p=57159"},"author":{"name":"admin","@id":"https:\/\/kibrisdakik.com\/#\/schema\/person\/9cd9d437bbb44f72b73ba127e06d8e79"},"headline":"Diyarbak\u0131r&#8217;da skandal olay! Kad\u0131nlar\u0131n k\u0131yafetlerini be\u011fenmeyip kafeyi sava\u015f alan\u0131na \u00e7evirdiler","datePublished":"2024-08-26T17:31:39+00:00","mainEntityOfPage":{"@id":"https:\/\/kibrisdakik.com\/?p=57159"},"wordCount":241,"commentCount":0,"image":{"@id":"https:\/\/kibrisdakik.com\/?p=57159#primaryimage"},"thumbnailUrl":"https:\/\/kibrisdakik.com\/wp-content\/uploads\/2024\/08\/diyarbakir-da-skandal-olay-kadinlarin-17757302_7009_amp.jpg","articleSection":["Magazin"],"inLanguage":"tr","potentialAction":[{"@type":"CommentAction","name":"Comment","target":["https:\/\/kibrisdakik.com\/?p=57159#respond"]}]},{"@type":"WebPage","@id":"https:\/\/kibrisdakik.com\/?p=57159","url":"https:\/\/kibrisdakik.com\/?p=57159","name":"Diyarbak\u0131r'da skandal olay! Kad\u0131nlar\u0131n k\u0131yafetlerini be\u011fenmeyip kafeyi sava\u015f alan\u0131na \u00e7evirdiler -","isPartOf":{"@id":"https:\/\/kibrisdakik.com\/#website"},"primaryImageOfPage":{"@id":"https:\/\/kibrisdakik.com\/?p=57159#primaryimage"},"image":{"@id":"https:\/\/kibrisdakik.com\/?p=57159#primaryimage"},"thumbnailUrl":"https:\/\/kibrisdakik.com\/wp-content\/uploads\/2024\/08\/diyarbakir-da-skandal-olay-kadinlarin-17757302_7009_amp.jpg","datePublished":"2024-08-26T17:31:39+00:00","author":{"@id":"https:\/\/kibrisdakik.com\/#\/schema\/person\/9cd9d437bbb44f72b73ba127e06d8e79"},"breadcrumb":{"@id":"https:\/\/kibrisdakik.com\/?p=57159#breadcrumb"},"inLanguage":"tr","potentialAction":[{"@type":"ReadAction","target":["https:\/\/kibrisdakik.com\/?p=57159"]}]},{"@type":"ImageObject","inLanguage":"tr","@id":"https:\/\/kibrisdakik.com\/?p=57159#primaryimage","url":"https:\/\/kibrisdakik.com\/wp-content\/uploads\/2024\/08\/diyarbakir-da-skandal-olay-kadinlarin-17757302_7009_amp.jpg","contentUrl":"https:\/\/kibrisdakik.com\/wp-content\/uploads\/2024\/08\/diyarbakir-da-skandal-olay-kadinlarin-17757302_7009_amp.jpg","width":601,"height":337},{"@type":"BreadcrumbList","@id":"https:\/\/kibrisdakik.com\/?p=57159#breadcrumb","itemListElement":[{"@type":"ListItem","position":1,"name":"Home","item":"https:\/\/kibrisdakik.com\/"},{"@type":"ListItem","position":2,"name":"Diyarbak\u0131r&#8217;da skandal olay! Kad\u0131nlar\u0131n k\u0131yafetlerini be\u011fenmeyip kafeyi sava\u015f alan\u0131na \u00e7evirdiler"}]},{"@type":"WebSite","@id":"https:\/\/kibrisdakik.com\/#website","url":"https:\/\/kibrisdakik.com\/","name":"","description":"Tam vaktinde haber","potentialAction":[{"@type":"SearchAction","target":{"@type":"EntryPoint","urlTemplate":"https:\/\/kibrisdakik.com\/?s={search_term_string}"},"query-input":{"@type":"PropertyValueSpecification","valueRequired":true,"valueName":"search_term_string"}}],"inLanguage":"tr"},{"@type":"Person","@id":"https:\/\/kibrisdakik.com\/#\/schema\/person\/9cd9d437bbb44f72b73ba127e06d8e79","name":"admin","image":{"@type":"ImageObject","inLanguage":"tr","@id":"https:\/\/secure.gravatar.com\/avatar\/ccc17943b9d660506c869530f897617f7cb1c21a4bf30023f252596d83e1f007?s=96&d=mm&r=g","url":"https:\/\/secure.gravatar.com\/avatar\/ccc17943b9d660506c869530f897617f7cb1c21a4bf30023f252596d83e1f007?s=96&d=mm&r=g","contentUrl":"https:\/\/secure.gravatar.com\/avatar\/ccc17943b9d660506c869530f897617f7cb1c21a4bf30023f252596d83e1f007?s=96&d=mm&r=g","caption":"admin"},"sameAs":["https:\/\/kibrisdakik.com"],"url":"https:\/\/kibrisdakik.com\/?author=1"}]}},"_links":{"self":[{"href":"https:\/\/kibrisdakik.com\/index.php?rest_route=\/wp\/v2\/posts\/57159","targetHints":{"allow":["GET"]}}],"collection":[{"href":"https:\/\/kibrisdakik.com\/index.php?rest_route=\/wp\/v2\/posts"}],"about":[{"href":"https:\/\/kibrisdakik.com\/index.php?rest_route=\/wp\/v2\/types\/post"}],"author":[{"embeddable":true,"href":"https:\/\/kibrisdakik.com\/index.php?rest_route=\/wp\/v2\/users\/1"}],"replies":[{"embeddable":true,"href":"https:\/\/kibrisdakik.com\/index.php?rest_route=%2Fwp%2Fv2%2Fcomments&post=57159"}],"version-history":[{"count":0,"href":"https:\/\/kibrisdakik.com\/index.php?rest_route=\/wp\/v2\/posts\/57159\/revisions"}],"wp:featuredmedia":[{"embeddable":true,"href":"https:\/\/kibrisdakik.com\/index.php?rest_route=\/wp\/v2\/media\/57160"}],"wp:attachment":[{"href":"https:\/\/kibrisdakik.com\/index.php?rest_route=%2Fwp%2Fv2%2Fmedia&parent=57159"}],"wp:term":[{"taxonomy":"category","embeddable":true,"href":"https:\/\/kibrisdakik.com\/index.php?rest_route=%2Fwp%2Fv2%2Fcategories&post=57159"},{"taxonomy":"post_tag","embeddable":true,"href":"https:\/\/kibrisdakik.com\/index.php?rest_route=%2Fwp%2Fv2%2Ftags&post=57159"}],"curies":[{"name":"wp","href":"https:\/\/api.w.org\/{rel}","templated":true}]}}