{"id":57256,"date":"2024-08-27T11:50:50","date_gmt":"2024-08-27T08:50:50","guid":{"rendered":"https:\/\/kibrisdakik.com\/index.php\/2024\/08\/27\/elifi-oldurup-sirra-kadem-basmisti-katil-koca-boyle-yakalandi\/"},"modified":"2024-08-27T11:50:50","modified_gmt":"2024-08-27T08:50:50","slug":"elifi-oldurup-sirra-kadem-basmisti-katil-koca-boyle-yakalandi","status":"publish","type":"post","link":"https:\/\/kibrisdakik.com\/?p=57256","title":{"rendered":"Elif&#8217;i \u00f6ld\u00fcr\u00fcp s\u0131rra kadem basm\u0131\u015ft\u0131! Katil koca b\u00f6yle yakaland\u0131"},"content":{"rendered":"<p><\/p>\n<div id=\"\">\n<p>Tekirda\u011f&#8217;da kar\u0131s\u0131n\u0131 \u00f6ld\u00fcrd\u00fckten sonra kay\u0131plara kar\u0131\u015fan Hasan Dim&#8217;in yakalanmas\u0131na ili\u015fkin yeni g\u00f6r\u00fcnt\u00fcler ortaya \u00e7\u0131kt\u0131. Jandarmaya yakalan\u0131nca karn\u0131na b\u0131\u00e7ak dayayan Dim, &#8220;Ben hayat\u0131mdaki en de\u011fer verdi\u011fim \u015feyi, istemeden oldu&#8221; derken jandarma taraf\u0131ndan ikna edilerek etkisiz hale getirilirken o anlar saniye saniye kay\u0131t alt\u0131na al\u0131nd\u0131.<\/p>\n<p><img loading=\"lazy\" decoding=\"async\" class=\"hbptMainImage lazyload ImgDetay\" src=\"https:\/\/foto.haberler.com\/haber\/2024\/08\/27\/karisini-olduren-zanli-intihar-etmeye-calisti-17758775_o.jpg\" alt=\"Tekirda\u011f'da Kar\u0131s\u0131n\u0131 \u00d6ld\u00fcren \u015eah\u0131s Yakaland\u0131\" width=\"640\" height=\"981\"\/><\/p>\n<p><strong>YAKALANACA\u011eINI ANLAYINCA BI\u00c7A\u011eI KARNINA DAYADI<\/strong> <\/p>\n<p>Tekirda\u011f&#8217;\u0131n S\u00fcleymanpa\u015fa il\u00e7esinde e\u015fi Elif Dim&#8217;i darp ederek \u00f6ld\u00fcren Hasan Dim&#8217;in, jandarma ekipleri taraf\u0131ndan yakaland\u0131\u011f\u0131 anlara ili\u015fkin yeni g\u00f6r\u00fcnt\u00fcler ortaya \u00e7\u0131kt\u0131. S\u00fcleymanpa\u015fa il\u00e7esine ba\u011fl\u0131 Karacak\u0131lavuz Mahallesi yolunda k\u0131st\u0131r\u0131lan Hasan Dim, jandarmay\u0131 g\u00f6r\u00fcnce elindeki b\u0131\u00e7a\u011f\u0131 karn\u0131na dayad\u0131. O s\u0131rada jandarma ekipleri Hasan Dim&#8217;e &#8220;Yapma dur, \u00e7ocuklar\u0131n var, herkes seni merak ediyor&#8221; diyerek ikna etmeye \u00e7al\u0131\u015ft\u0131.<\/p>\n<p><strong>\u00d6LD\u00dcRD\u00dc\u011e\u00dc KARISI \u0130\u00c7\u0130N &#8216;EN DE\u011eER VERD\u0130\u011e\u0130M \u015eEY&#8217; DED\u0130<\/strong> <\/p>\n<p>Hasan Dim ise karn\u0131na b\u0131\u00e7a\u011f\u0131 dayam\u0131\u015f \u015fekilde, &#8220;Ben hayat\u0131mdaki en de\u011fer verdi\u011fim \u015feyi, istemeden oldu&#8221; derken jandarma taraf\u0131ndan ikna edilerek etkisiz hale getirildi. O anlar saniye saniye kay\u0131t alt\u0131na al\u0131nd\u0131. <\/p>\n<div class=\"editorSade\">Kaynak: \u0130hlas Haber Ajans\u0131 \/  <a href=\"https:\/\/www.haberler.com\/3-sayfa\/\" title=\"3.Sayfa Haberleri\">3.Sayfa<\/a> <\/div>\n<h4 id=\"nwsKeywords\"> <a href=\"https:\/\/www.haberler.com\/suleymanpasa\/\" title=\"S\u00fcleymanpa\u015fa\" class=\"hbptTag\">S\u00fcleymanpa\u015fa<\/a>  <a href=\"https:\/\/www.haberler.com\/jandarma\/\" title=\"Jandarma\" class=\"hbptTag\">Jandarma<\/a>  <a href=\"https:\/\/www.haberler.com\/3-sayfa\/\" title=\"3-sayfa\" class=\"hbptTag\">3-sayfa<\/a>  <a href=\"https:\/\/www.haberler.com\/suc\/\" title=\"Su\u00e7\" class=\"hbptTag\">Su\u00e7<\/a>  <a href=\"https:\/\/www.haberler.com\/3-sayfa\/\" title=\"3.Sayfa\" class=\"hbptTag\">3.Sayfa<\/a>  <a href=\"https:\/\/www.haberler.com\/guncel\/\" title=\"G\u00fcncel\" class=\"hbptTag\">G\u00fcncel<\/a>  <a href=\"https:\/\/www.haberler.com\/\" title=\"Haberler\" class=\"hbptTag\">Haberler<\/a> <\/h4>\n<\/div>\n","protected":false},"excerpt":{"rendered":"<p>Tekirda\u011f&#8217;da kar\u0131s\u0131n\u0131 \u00f6ld\u00fcrd\u00fckten sonra kay\u0131plara kar\u0131\u015fan Hasan Dim&#8217;in yakalanmas\u0131na ili\u015fkin yeni g\u00f6r\u00fcnt\u00fcler ortaya \u00e7\u0131kt\u0131. Jandarmaya yakalan\u0131nca karn\u0131na b\u0131\u00e7ak dayayan Dim, &#8220;Ben hayat\u0131mdaki en de\u011fer verdi\u011fim \u015feyi, istemeden oldu&#8221; derken jandarma taraf\u0131ndan ikna edilerek etkisiz hale getirilirken o anlar saniye saniye kay\u0131t alt\u0131na al\u0131nd\u0131. YAKALANACA\u011eINI ANLAYINCA BI\u00c7A\u011eI KARNINA DAYADI Tekirda\u011f&#8217;\u0131n S\u00fcleymanpa\u015fa il\u00e7esinde e\u015fi Elif Dim&#8217;i darp<\/p>\n","protected":false},"author":1,"featured_media":57257,"comment_status":"open","ping_status":"open","sticky":false,"template":"","format":"standard","meta":{"footnotes":""},"categories":[83],"tags":[],"class_list":["post-57256","post","type-post","status-publish","format-standard","has-post-thumbnail","hentry","category-magazin"],"yoast_head":"<!-- This site is optimized with the Yoast SEO plugin v27.5 - https:\/\/yoast.com\/product\/yoast-seo-wordpress\/ -->\n<title>Elif&#039;i \u00f6ld\u00fcr\u00fcp s\u0131rra kadem basm\u0131\u015ft\u0131! Katil koca b\u00f6yle yakaland\u0131 -<\/title>\n<meta name=\"robots\" content=\"index, follow, max-snippet:-1, max-image-preview:large, max-video-preview:-1\" \/>\n<link rel=\"canonical\" href=\"https:\/\/kibrisdakik.com\/?p=57256\" \/>\n<meta property=\"og:locale\" content=\"tr_TR\" \/>\n<meta property=\"og:type\" content=\"article\" \/>\n<meta property=\"og:title\" content=\"Elif&#039;i \u00f6ld\u00fcr\u00fcp s\u0131rra kadem basm\u0131\u015ft\u0131! Katil koca b\u00f6yle yakaland\u0131 -\" \/>\n<meta property=\"og:description\" content=\"Tekirda\u011f&#8217;da kar\u0131s\u0131n\u0131 \u00f6ld\u00fcrd\u00fckten sonra kay\u0131plara kar\u0131\u015fan Hasan Dim&#8217;in yakalanmas\u0131na ili\u015fkin yeni g\u00f6r\u00fcnt\u00fcler ortaya \u00e7\u0131kt\u0131. Jandarmaya yakalan\u0131nca karn\u0131na b\u0131\u00e7ak dayayan Dim, &#8220;Ben hayat\u0131mdaki en de\u011fer verdi\u011fim \u015feyi, istemeden oldu&#8221; derken jandarma taraf\u0131ndan ikna edilerek etkisiz hale getirilirken o anlar saniye saniye kay\u0131t alt\u0131na al\u0131nd\u0131. YAKALANACA\u011eINI ANLAYINCA BI\u00c7A\u011eI KARNINA DAYADI Tekirda\u011f&#8217;\u0131n S\u00fcleymanpa\u015fa il\u00e7esinde e\u015fi Elif Dim&#8217;i darp\" \/>\n<meta property=\"og:url\" content=\"https:\/\/kibrisdakik.com\/?p=57256\" \/>\n<meta property=\"article:published_time\" content=\"2024-08-27T08:50:50+00:00\" \/>\n<meta property=\"og:image\" content=\"https:\/\/kibrisdakik.com\/wp-content\/uploads\/2024\/08\/karisini-olduren-zanli-intihar-etmeye-calisti-17758775_o.jpg\" \/>\n\t<meta property=\"og:image:width\" content=\"640\" \/>\n\t<meta property=\"og:image:height\" content=\"986\" \/>\n\t<meta property=\"og:image:type\" content=\"image\/jpeg\" \/>\n<meta name=\"author\" content=\"admin\" \/>\n<meta name=\"twitter:card\" content=\"summary_large_image\" \/>\n<meta name=\"twitter:label1\" content=\"Yazan:\" \/>\n\t<meta name=\"twitter:data1\" content=\"admin\" \/>\n\t<meta name=\"twitter:label2\" content=\"Tahmini okuma s\u00fcresi\" \/>\n\t<meta name=\"twitter:data2\" content=\"1 dakika\" \/>\n<script type=\"application\/ld+json\" class=\"yoast-schema-graph\">{\"@context\":\"https:\\\/\\\/schema.org\",\"@graph\":[{\"@type\":\"Article\",\"@id\":\"https:\\\/\\\/kibrisdakik.com\\\/?p=57256#article\",\"isPartOf\":{\"@id\":\"https:\\\/\\\/kibrisdakik.com\\\/?p=57256\"},\"author\":{\"name\":\"admin\",\"@id\":\"https:\\\/\\\/kibrisdakik.com\\\/#\\\/schema\\\/person\\\/9cd9d437bbb44f72b73ba127e06d8e79\"},\"headline\":\"Elif&#8217;i \u00f6ld\u00fcr\u00fcp s\u0131rra kadem basm\u0131\u015ft\u0131! Katil koca b\u00f6yle yakaland\u0131\",\"datePublished\":\"2024-08-27T08:50:50+00:00\",\"mainEntityOfPage\":{\"@id\":\"https:\\\/\\\/kibrisdakik.com\\\/?p=57256\"},\"wordCount\":233,\"commentCount\":0,\"image\":{\"@id\":\"https:\\\/\\\/kibrisdakik.com\\\/?p=57256#primaryimage\"},\"thumbnailUrl\":\"https:\\\/\\\/kibrisdakik.com\\\/wp-content\\\/uploads\\\/2024\\\/08\\\/karisini-olduren-zanli-intihar-etmeye-calisti-17758775_o.jpg\",\"articleSection\":[\"Magazin\"],\"inLanguage\":\"tr\",\"potentialAction\":[{\"@type\":\"CommentAction\",\"name\":\"Comment\",\"target\":[\"https:\\\/\\\/kibrisdakik.com\\\/?p=57256#respond\"]}]},{\"@type\":\"WebPage\",\"@id\":\"https:\\\/\\\/kibrisdakik.com\\\/?p=57256\",\"url\":\"https:\\\/\\\/kibrisdakik.com\\\/?p=57256\",\"name\":\"Elif'i \u00f6ld\u00fcr\u00fcp s\u0131rra kadem basm\u0131\u015ft\u0131! Katil koca b\u00f6yle yakaland\u0131 -\",\"isPartOf\":{\"@id\":\"https:\\\/\\\/kibrisdakik.com\\\/#website\"},\"primaryImageOfPage\":{\"@id\":\"https:\\\/\\\/kibrisdakik.com\\\/?p=57256#primaryimage\"},\"image\":{\"@id\":\"https:\\\/\\\/kibrisdakik.com\\\/?p=57256#primaryimage\"},\"thumbnailUrl\":\"https:\\\/\\\/kibrisdakik.com\\\/wp-content\\\/uploads\\\/2024\\\/08\\\/karisini-olduren-zanli-intihar-etmeye-calisti-17758775_o.jpg\",\"datePublished\":\"2024-08-27T08:50:50+00:00\",\"author\":{\"@id\":\"https:\\\/\\\/kibrisdakik.com\\\/#\\\/schema\\\/person\\\/9cd9d437bbb44f72b73ba127e06d8e79\"},\"breadcrumb\":{\"@id\":\"https:\\\/\\\/kibrisdakik.com\\\/?p=57256#breadcrumb\"},\"inLanguage\":\"tr\",\"potentialAction\":[{\"@type\":\"ReadAction\",\"target\":[\"https:\\\/\\\/kibrisdakik.com\\\/?p=57256\"]}]},{\"@type\":\"ImageObject\",\"inLanguage\":\"tr\",\"@id\":\"https:\\\/\\\/kibrisdakik.com\\\/?p=57256#primaryimage\",\"url\":\"https:\\\/\\\/kibrisdakik.com\\\/wp-content\\\/uploads\\\/2024\\\/08\\\/karisini-olduren-zanli-intihar-etmeye-calisti-17758775_o.jpg\",\"contentUrl\":\"https:\\\/\\\/kibrisdakik.com\\\/wp-content\\\/uploads\\\/2024\\\/08\\\/karisini-olduren-zanli-intihar-etmeye-calisti-17758775_o.jpg\",\"width\":640,\"height\":986},{\"@type\":\"BreadcrumbList\",\"@id\":\"https:\\\/\\\/kibrisdakik.com\\\/?p=57256#breadcrumb\",\"itemListElement\":[{\"@type\":\"ListItem\",\"position\":1,\"name\":\"Home\",\"item\":\"https:\\\/\\\/kibrisdakik.com\\\/\"},{\"@type\":\"ListItem\",\"position\":2,\"name\":\"Elif&#8217;i \u00f6ld\u00fcr\u00fcp s\u0131rra kadem basm\u0131\u015ft\u0131! Katil koca b\u00f6yle yakaland\u0131\"}]},{\"@type\":\"WebSite\",\"@id\":\"https:\\\/\\\/kibrisdakik.com\\\/#website\",\"url\":\"https:\\\/\\\/kibrisdakik.com\\\/\",\"name\":\"\",\"description\":\"Tam vaktinde haber\",\"potentialAction\":[{\"@type\":\"SearchAction\",\"target\":{\"@type\":\"EntryPoint\",\"urlTemplate\":\"https:\\\/\\\/kibrisdakik.com\\\/?s={search_term_string}\"},\"query-input\":{\"@type\":\"PropertyValueSpecification\",\"valueRequired\":true,\"valueName\":\"search_term_string\"}}],\"inLanguage\":\"tr\"},{\"@type\":\"Person\",\"@id\":\"https:\\\/\\\/kibrisdakik.com\\\/#\\\/schema\\\/person\\\/9cd9d437bbb44f72b73ba127e06d8e79\",\"name\":\"admin\",\"image\":{\"@type\":\"ImageObject\",\"inLanguage\":\"tr\",\"@id\":\"https:\\\/\\\/secure.gravatar.com\\\/avatar\\\/ccc17943b9d660506c869530f897617f7cb1c21a4bf30023f252596d83e1f007?s=96&d=mm&r=g\",\"url\":\"https:\\\/\\\/secure.gravatar.com\\\/avatar\\\/ccc17943b9d660506c869530f897617f7cb1c21a4bf30023f252596d83e1f007?s=96&d=mm&r=g\",\"contentUrl\":\"https:\\\/\\\/secure.gravatar.com\\\/avatar\\\/ccc17943b9d660506c869530f897617f7cb1c21a4bf30023f252596d83e1f007?s=96&d=mm&r=g\",\"caption\":\"admin\"},\"sameAs\":[\"https:\\\/\\\/kibrisdakik.com\"],\"url\":\"https:\\\/\\\/kibrisdakik.com\\\/?author=1\"}]}<\/script>\n<!-- \/ Yoast SEO plugin. -->","yoast_head_json":{"title":"Elif'i \u00f6ld\u00fcr\u00fcp s\u0131rra kadem basm\u0131\u015ft\u0131! Katil koca b\u00f6yle yakaland\u0131 -","robots":{"index":"index","follow":"follow","max-snippet":"max-snippet:-1","max-image-preview":"max-image-preview:large","max-video-preview":"max-video-preview:-1"},"canonical":"https:\/\/kibrisdakik.com\/?p=57256","og_locale":"tr_TR","og_type":"article","og_title":"Elif'i \u00f6ld\u00fcr\u00fcp s\u0131rra kadem basm\u0131\u015ft\u0131! Katil koca b\u00f6yle yakaland\u0131 -","og_description":"Tekirda\u011f&#8217;da kar\u0131s\u0131n\u0131 \u00f6ld\u00fcrd\u00fckten sonra kay\u0131plara kar\u0131\u015fan Hasan Dim&#8217;in yakalanmas\u0131na ili\u015fkin yeni g\u00f6r\u00fcnt\u00fcler ortaya \u00e7\u0131kt\u0131. Jandarmaya yakalan\u0131nca karn\u0131na b\u0131\u00e7ak dayayan Dim, &#8220;Ben hayat\u0131mdaki en de\u011fer verdi\u011fim \u015feyi, istemeden oldu&#8221; derken jandarma taraf\u0131ndan ikna edilerek etkisiz hale getirilirken o anlar saniye saniye kay\u0131t alt\u0131na al\u0131nd\u0131. YAKALANACA\u011eINI ANLAYINCA BI\u00c7A\u011eI KARNINA DAYADI Tekirda\u011f&#8217;\u0131n S\u00fcleymanpa\u015fa il\u00e7esinde e\u015fi Elif Dim&#8217;i darp","og_url":"https:\/\/kibrisdakik.com\/?p=57256","article_published_time":"2024-08-27T08:50:50+00:00","og_image":[{"width":640,"height":986,"url":"https:\/\/kibrisdakik.com\/wp-content\/uploads\/2024\/08\/karisini-olduren-zanli-intihar-etmeye-calisti-17758775_o.jpg","type":"image\/jpeg"}],"author":"admin","twitter_card":"summary_large_image","twitter_misc":{"Yazan:":"admin","Tahmini okuma s\u00fcresi":"1 dakika"},"schema":{"@context":"https:\/\/schema.org","@graph":[{"@type":"Article","@id":"https:\/\/kibrisdakik.com\/?p=57256#article","isPartOf":{"@id":"https:\/\/kibrisdakik.com\/?p=57256"},"author":{"name":"admin","@id":"https:\/\/kibrisdakik.com\/#\/schema\/person\/9cd9d437bbb44f72b73ba127e06d8e79"},"headline":"Elif&#8217;i \u00f6ld\u00fcr\u00fcp s\u0131rra kadem basm\u0131\u015ft\u0131! Katil koca b\u00f6yle yakaland\u0131","datePublished":"2024-08-27T08:50:50+00:00","mainEntityOfPage":{"@id":"https:\/\/kibrisdakik.com\/?p=57256"},"wordCount":233,"commentCount":0,"image":{"@id":"https:\/\/kibrisdakik.com\/?p=57256#primaryimage"},"thumbnailUrl":"https:\/\/kibrisdakik.com\/wp-content\/uploads\/2024\/08\/karisini-olduren-zanli-intihar-etmeye-calisti-17758775_o.jpg","articleSection":["Magazin"],"inLanguage":"tr","potentialAction":[{"@type":"CommentAction","name":"Comment","target":["https:\/\/kibrisdakik.com\/?p=57256#respond"]}]},{"@type":"WebPage","@id":"https:\/\/kibrisdakik.com\/?p=57256","url":"https:\/\/kibrisdakik.com\/?p=57256","name":"Elif'i \u00f6ld\u00fcr\u00fcp s\u0131rra kadem basm\u0131\u015ft\u0131! Katil koca b\u00f6yle yakaland\u0131 -","isPartOf":{"@id":"https:\/\/kibrisdakik.com\/#website"},"primaryImageOfPage":{"@id":"https:\/\/kibrisdakik.com\/?p=57256#primaryimage"},"image":{"@id":"https:\/\/kibrisdakik.com\/?p=57256#primaryimage"},"thumbnailUrl":"https:\/\/kibrisdakik.com\/wp-content\/uploads\/2024\/08\/karisini-olduren-zanli-intihar-etmeye-calisti-17758775_o.jpg","datePublished":"2024-08-27T08:50:50+00:00","author":{"@id":"https:\/\/kibrisdakik.com\/#\/schema\/person\/9cd9d437bbb44f72b73ba127e06d8e79"},"breadcrumb":{"@id":"https:\/\/kibrisdakik.com\/?p=57256#breadcrumb"},"inLanguage":"tr","potentialAction":[{"@type":"ReadAction","target":["https:\/\/kibrisdakik.com\/?p=57256"]}]},{"@type":"ImageObject","inLanguage":"tr","@id":"https:\/\/kibrisdakik.com\/?p=57256#primaryimage","url":"https:\/\/kibrisdakik.com\/wp-content\/uploads\/2024\/08\/karisini-olduren-zanli-intihar-etmeye-calisti-17758775_o.jpg","contentUrl":"https:\/\/kibrisdakik.com\/wp-content\/uploads\/2024\/08\/karisini-olduren-zanli-intihar-etmeye-calisti-17758775_o.jpg","width":640,"height":986},{"@type":"BreadcrumbList","@id":"https:\/\/kibrisdakik.com\/?p=57256#breadcrumb","itemListElement":[{"@type":"ListItem","position":1,"name":"Home","item":"https:\/\/kibrisdakik.com\/"},{"@type":"ListItem","position":2,"name":"Elif&#8217;i \u00f6ld\u00fcr\u00fcp s\u0131rra kadem basm\u0131\u015ft\u0131! Katil koca b\u00f6yle yakaland\u0131"}]},{"@type":"WebSite","@id":"https:\/\/kibrisdakik.com\/#website","url":"https:\/\/kibrisdakik.com\/","name":"","description":"Tam vaktinde haber","potentialAction":[{"@type":"SearchAction","target":{"@type":"EntryPoint","urlTemplate":"https:\/\/kibrisdakik.com\/?s={search_term_string}"},"query-input":{"@type":"PropertyValueSpecification","valueRequired":true,"valueName":"search_term_string"}}],"inLanguage":"tr"},{"@type":"Person","@id":"https:\/\/kibrisdakik.com\/#\/schema\/person\/9cd9d437bbb44f72b73ba127e06d8e79","name":"admin","image":{"@type":"ImageObject","inLanguage":"tr","@id":"https:\/\/secure.gravatar.com\/avatar\/ccc17943b9d660506c869530f897617f7cb1c21a4bf30023f252596d83e1f007?s=96&d=mm&r=g","url":"https:\/\/secure.gravatar.com\/avatar\/ccc17943b9d660506c869530f897617f7cb1c21a4bf30023f252596d83e1f007?s=96&d=mm&r=g","contentUrl":"https:\/\/secure.gravatar.com\/avatar\/ccc17943b9d660506c869530f897617f7cb1c21a4bf30023f252596d83e1f007?s=96&d=mm&r=g","caption":"admin"},"sameAs":["https:\/\/kibrisdakik.com"],"url":"https:\/\/kibrisdakik.com\/?author=1"}]}},"_links":{"self":[{"href":"https:\/\/kibrisdakik.com\/index.php?rest_route=\/wp\/v2\/posts\/57256","targetHints":{"allow":["GET"]}}],"collection":[{"href":"https:\/\/kibrisdakik.com\/index.php?rest_route=\/wp\/v2\/posts"}],"about":[{"href":"https:\/\/kibrisdakik.com\/index.php?rest_route=\/wp\/v2\/types\/post"}],"author":[{"embeddable":true,"href":"https:\/\/kibrisdakik.com\/index.php?rest_route=\/wp\/v2\/users\/1"}],"replies":[{"embeddable":true,"href":"https:\/\/kibrisdakik.com\/index.php?rest_route=%2Fwp%2Fv2%2Fcomments&post=57256"}],"version-history":[{"count":0,"href":"https:\/\/kibrisdakik.com\/index.php?rest_route=\/wp\/v2\/posts\/57256\/revisions"}],"wp:featuredmedia":[{"embeddable":true,"href":"https:\/\/kibrisdakik.com\/index.php?rest_route=\/wp\/v2\/media\/57257"}],"wp:attachment":[{"href":"https:\/\/kibrisdakik.com\/index.php?rest_route=%2Fwp%2Fv2%2Fmedia&parent=57256"}],"wp:term":[{"taxonomy":"category","embeddable":true,"href":"https:\/\/kibrisdakik.com\/index.php?rest_route=%2Fwp%2Fv2%2Fcategories&post=57256"},{"taxonomy":"post_tag","embeddable":true,"href":"https:\/\/kibrisdakik.com\/index.php?rest_route=%2Fwp%2Fv2%2Ftags&post=57256"}],"curies":[{"name":"wp","href":"https:\/\/api.w.org\/{rel}","templated":true}]}}