{"id":57278,"date":"2024-08-27T12:50:04","date_gmt":"2024-08-27T09:50:04","guid":{"rendered":"https:\/\/kibrisdakik.com\/index.php\/2024\/08\/27\/3-cocugunu-olduren-baba-bosanma-asamasindaki-esine-sen-buyuk-bir-olayi-duyacaksin-demis\/"},"modified":"2024-08-27T12:50:04","modified_gmt":"2024-08-27T09:50:04","slug":"3-cocugunu-olduren-baba-bosanma-asamasindaki-esine-sen-buyuk-bir-olayi-duyacaksin-demis","status":"publish","type":"post","link":"https:\/\/kibrisdakik.com\/?p=57278","title":{"rendered":"3 \u00e7ocu\u011funu \u00f6ld\u00fcren baba bo\u015fanma a\u015famas\u0131ndaki e\u015fine &#8220;Sen b\u00fcy\u00fck bir olay\u0131 duyacaks\u0131n&#8221; demi\u015f"},"content":{"rendered":"<p><\/p>\n<div id=\"\">\n<p> <a class=\"keyword\" href=\"https:\/\/www.haberler.com\/izmir\/\" title=\"\u0130zmir Haberleri, \u0130zmir Haberi, \u0130zmir Haber\"><strong>\u0130zmir<\/strong><\/a>&#8216;in Bornova il\u00e7esinde k\u0131zlar\u0131 Cemre (4), Ceylin (2) ve Nira \u015eim\u015fek&#8217;in (14) \u00f6ld\u00fcr\u00fcp, Hiranur \u015eim\u015fek&#8217;i (11) de a\u011f\u0131r yaralad\u0131ktan sonra intihar giri\u015fiminde bulunan Vesim \u015eim\u015fek&#8217;in, e\u015fi Naciye \u015eim\u015fek ile bo\u015fanma a\u015famas\u0131nda oldu\u011fu \u00f6\u011frenildi. 2 ya\u015f\u0131ndaki Ceylin&#8217;in a\u011fz\u0131nda emzikle \u00f6l\u00fc bulundu\u011fu belirtildi. <\/p>\n<p>\u015eim\u015fek ailesinin yak\u0131nlar\u0131 ve vatanda\u015flar, cesetleri yakla\u015f\u0131k 2 kilometre boyunca engebeli oldu\u011fu i\u00e7in olay yerine giremeyen cenaze arac\u0131na elleriyle ta\u015f\u0131d\u0131. Cenazeler, \u0130zmir Adli T\u0131p Kurumu morguna kald\u0131r\u0131ld\u0131.<\/p>\n<h3>&#8220;E\u015e\u0130 2,5 AY \u00d6NCE BO\u015eANMA DAVASI A\u00c7TI&#8221;<\/h3>\n<p>\u00d6lenlerin yak\u0131nlar\u0131ndan Mustafa Karata\u015f (56), &#8220;E\u015fi 2,5 ay \u00f6nce bo\u015fanma davas\u0131 a\u00e7t\u0131. Bunal\u0131mdayd\u0131. E\u015fiyle son konu\u015fmas\u0131nda, &#8216;Sen b\u00fcy\u00fck bir olay\u0131 duyacaks\u0131n&#8217; demi\u015f. \u00c7ok \u00fczg\u00fcn\u00fcz&#8221; dedi. <\/p>\n<figure class=\"type:primaryimage hbhOrder\" style=\"margin-bottom: 20px;\"><img loading=\"lazy\" decoding=\"async\" width=\"1200\" height=\"800\" class=\"hbptMainImage\" id=\"HaberImage\" src=\"https:\/\/foto.haberler.com\/resize\/600x400\/haber\/2024\/08\/27\/cocuklarini-tabancayla-vurup-intihara-kalkist-17758994_amp.jpg\"\/><\/figure>\n<div class=\"editorSade\">Kaynak: Demir\u00f6ren Haber Ajans\u0131 \/  <a href=\"https:\/\/www.haberler.com\/guncel\/\" title=\"G\u00fcncel Haberleri\">G\u00fcncel<\/a> <\/div>\n<h4 id=\"nwsKeywords\"> <a href=\"https:\/\/www.haberler.com\/bornova\/\" title=\"Bornova\" class=\"hbptTag\">Bornova<\/a>  <a href=\"https:\/\/www.haberler.com\/izmir\/\" title=\"\u0130zmir\" class=\"hbptTag\">\u0130zmir<\/a>  <a href=\"https:\/\/www.haberler.com\/baba\/\" title=\"Baba\" class=\"hbptTag\">Baba<\/a>  <a href=\"https:\/\/www.haberler.com\/3-sayfa\/\" title=\"3.Sayfa\" class=\"hbptTag\">3.Sayfa<\/a>  <a href=\"https:\/\/www.haberler.com\/guncel\/\" title=\"G\u00fcncel\" class=\"hbptTag\">G\u00fcncel<\/a>  <a href=\"https:\/\/www.haberler.com\/\" title=\"Haberler\" class=\"hbptTag\">Haberler<\/a> <\/h4>\n<\/div>\n","protected":false},"excerpt":{"rendered":"<p>\u0130zmir&#8216;in Bornova il\u00e7esinde k\u0131zlar\u0131 Cemre (4), Ceylin (2) ve Nira \u015eim\u015fek&#8217;in (14) \u00f6ld\u00fcr\u00fcp, Hiranur \u015eim\u015fek&#8217;i (11) de a\u011f\u0131r yaralad\u0131ktan sonra intihar giri\u015fiminde bulunan Vesim \u015eim\u015fek&#8217;in, e\u015fi Naciye \u015eim\u015fek ile bo\u015fanma a\u015famas\u0131nda oldu\u011fu \u00f6\u011frenildi. 2 ya\u015f\u0131ndaki Ceylin&#8217;in a\u011fz\u0131nda emzikle \u00f6l\u00fc bulundu\u011fu belirtildi. \u015eim\u015fek ailesinin yak\u0131nlar\u0131 ve vatanda\u015flar, cesetleri yakla\u015f\u0131k 2 kilometre boyunca engebeli oldu\u011fu i\u00e7in olay<\/p>\n","protected":false},"author":1,"featured_media":57279,"comment_status":"open","ping_status":"open","sticky":false,"template":"","format":"standard","meta":{"footnotes":""},"categories":[83],"tags":[],"class_list":["post-57278","post","type-post","status-publish","format-standard","has-post-thumbnail","hentry","category-magazin"],"yoast_head":"<!-- This site is optimized with the Yoast SEO plugin v27.4 - https:\/\/yoast.com\/product\/yoast-seo-wordpress\/ -->\n<title>3 \u00e7ocu\u011funu \u00f6ld\u00fcren baba bo\u015fanma a\u015famas\u0131ndaki e\u015fine &quot;Sen b\u00fcy\u00fck bir olay\u0131 duyacaks\u0131n&quot; demi\u015f -<\/title>\n<meta name=\"robots\" content=\"index, follow, max-snippet:-1, max-image-preview:large, max-video-preview:-1\" \/>\n<link rel=\"canonical\" href=\"https:\/\/kibrisdakik.com\/?p=57278\" \/>\n<meta property=\"og:locale\" content=\"tr_TR\" \/>\n<meta property=\"og:type\" content=\"article\" \/>\n<meta property=\"og:title\" content=\"3 \u00e7ocu\u011funu \u00f6ld\u00fcren baba bo\u015fanma a\u015famas\u0131ndaki e\u015fine &quot;Sen b\u00fcy\u00fck bir olay\u0131 duyacaks\u0131n&quot; demi\u015f -\" \/>\n<meta property=\"og:description\" content=\"\u0130zmir&#8216;in Bornova il\u00e7esinde k\u0131zlar\u0131 Cemre (4), Ceylin (2) ve Nira \u015eim\u015fek&#8217;in (14) \u00f6ld\u00fcr\u00fcp, Hiranur \u015eim\u015fek&#8217;i (11) de a\u011f\u0131r yaralad\u0131ktan sonra intihar giri\u015fiminde bulunan Vesim \u015eim\u015fek&#8217;in, e\u015fi Naciye \u015eim\u015fek ile bo\u015fanma a\u015famas\u0131nda oldu\u011fu \u00f6\u011frenildi. 2 ya\u015f\u0131ndaki Ceylin&#8217;in a\u011fz\u0131nda emzikle \u00f6l\u00fc bulundu\u011fu belirtildi. \u015eim\u015fek ailesinin yak\u0131nlar\u0131 ve vatanda\u015flar, cesetleri yakla\u015f\u0131k 2 kilometre boyunca engebeli oldu\u011fu i\u00e7in olay\" \/>\n<meta property=\"og:url\" content=\"https:\/\/kibrisdakik.com\/?p=57278\" \/>\n<meta property=\"article:published_time\" content=\"2024-08-27T09:50:04+00:00\" \/>\n<meta property=\"og:image\" content=\"https:\/\/kibrisdakik.com\/wp-content\/uploads\/2024\/08\/cocuklarini-tabancayla-vurup-intihara-kalkist-17758994_amp.jpg\" \/>\n\t<meta property=\"og:image:width\" content=\"600\" \/>\n\t<meta property=\"og:image:height\" content=\"400\" \/>\n\t<meta property=\"og:image:type\" content=\"image\/jpeg\" \/>\n<meta name=\"author\" content=\"admin\" \/>\n<meta name=\"twitter:card\" content=\"summary_large_image\" \/>\n<meta name=\"twitter:label1\" content=\"Yazan:\" \/>\n\t<meta name=\"twitter:data1\" content=\"admin\" \/>\n\t<meta name=\"twitter:label2\" content=\"Tahmini okuma s\u00fcresi\" \/>\n\t<meta name=\"twitter:data2\" content=\"1 dakika\" \/>\n<script type=\"application\/ld+json\" class=\"yoast-schema-graph\">{\"@context\":\"https:\\\/\\\/schema.org\",\"@graph\":[{\"@type\":\"Article\",\"@id\":\"https:\\\/\\\/kibrisdakik.com\\\/?p=57278#article\",\"isPartOf\":{\"@id\":\"https:\\\/\\\/kibrisdakik.com\\\/?p=57278\"},\"author\":{\"name\":\"admin\",\"@id\":\"https:\\\/\\\/kibrisdakik.com\\\/#\\\/schema\\\/person\\\/9cd9d437bbb44f72b73ba127e06d8e79\"},\"headline\":\"3 \u00e7ocu\u011funu \u00f6ld\u00fcren baba bo\u015fanma a\u015famas\u0131ndaki e\u015fine &#8220;Sen b\u00fcy\u00fck bir olay\u0131 duyacaks\u0131n&#8221; demi\u015f\",\"datePublished\":\"2024-08-27T09:50:04+00:00\",\"mainEntityOfPage\":{\"@id\":\"https:\\\/\\\/kibrisdakik.com\\\/?p=57278\"},\"wordCount\":174,\"commentCount\":0,\"image\":{\"@id\":\"https:\\\/\\\/kibrisdakik.com\\\/?p=57278#primaryimage\"},\"thumbnailUrl\":\"https:\\\/\\\/kibrisdakik.com\\\/wp-content\\\/uploads\\\/2024\\\/08\\\/cocuklarini-tabancayla-vurup-intihara-kalkist-17758994_amp.jpg\",\"articleSection\":[\"Magazin\"],\"inLanguage\":\"tr\",\"potentialAction\":[{\"@type\":\"CommentAction\",\"name\":\"Comment\",\"target\":[\"https:\\\/\\\/kibrisdakik.com\\\/?p=57278#respond\"]}]},{\"@type\":\"WebPage\",\"@id\":\"https:\\\/\\\/kibrisdakik.com\\\/?p=57278\",\"url\":\"https:\\\/\\\/kibrisdakik.com\\\/?p=57278\",\"name\":\"3 \u00e7ocu\u011funu \u00f6ld\u00fcren baba bo\u015fanma a\u015famas\u0131ndaki e\u015fine \\\"Sen b\u00fcy\u00fck bir olay\u0131 duyacaks\u0131n\\\" demi\u015f -\",\"isPartOf\":{\"@id\":\"https:\\\/\\\/kibrisdakik.com\\\/#website\"},\"primaryImageOfPage\":{\"@id\":\"https:\\\/\\\/kibrisdakik.com\\\/?p=57278#primaryimage\"},\"image\":{\"@id\":\"https:\\\/\\\/kibrisdakik.com\\\/?p=57278#primaryimage\"},\"thumbnailUrl\":\"https:\\\/\\\/kibrisdakik.com\\\/wp-content\\\/uploads\\\/2024\\\/08\\\/cocuklarini-tabancayla-vurup-intihara-kalkist-17758994_amp.jpg\",\"datePublished\":\"2024-08-27T09:50:04+00:00\",\"author\":{\"@id\":\"https:\\\/\\\/kibrisdakik.com\\\/#\\\/schema\\\/person\\\/9cd9d437bbb44f72b73ba127e06d8e79\"},\"breadcrumb\":{\"@id\":\"https:\\\/\\\/kibrisdakik.com\\\/?p=57278#breadcrumb\"},\"inLanguage\":\"tr\",\"potentialAction\":[{\"@type\":\"ReadAction\",\"target\":[\"https:\\\/\\\/kibrisdakik.com\\\/?p=57278\"]}]},{\"@type\":\"ImageObject\",\"inLanguage\":\"tr\",\"@id\":\"https:\\\/\\\/kibrisdakik.com\\\/?p=57278#primaryimage\",\"url\":\"https:\\\/\\\/kibrisdakik.com\\\/wp-content\\\/uploads\\\/2024\\\/08\\\/cocuklarini-tabancayla-vurup-intihara-kalkist-17758994_amp.jpg\",\"contentUrl\":\"https:\\\/\\\/kibrisdakik.com\\\/wp-content\\\/uploads\\\/2024\\\/08\\\/cocuklarini-tabancayla-vurup-intihara-kalkist-17758994_amp.jpg\",\"width\":600,\"height\":400},{\"@type\":\"BreadcrumbList\",\"@id\":\"https:\\\/\\\/kibrisdakik.com\\\/?p=57278#breadcrumb\",\"itemListElement\":[{\"@type\":\"ListItem\",\"position\":1,\"name\":\"Home\",\"item\":\"https:\\\/\\\/kibrisdakik.com\\\/\"},{\"@type\":\"ListItem\",\"position\":2,\"name\":\"3 \u00e7ocu\u011funu \u00f6ld\u00fcren baba bo\u015fanma a\u015famas\u0131ndaki e\u015fine &#8220;Sen b\u00fcy\u00fck bir olay\u0131 duyacaks\u0131n&#8221; demi\u015f\"}]},{\"@type\":\"WebSite\",\"@id\":\"https:\\\/\\\/kibrisdakik.com\\\/#website\",\"url\":\"https:\\\/\\\/kibrisdakik.com\\\/\",\"name\":\"\",\"description\":\"Tam vaktinde haber\",\"potentialAction\":[{\"@type\":\"SearchAction\",\"target\":{\"@type\":\"EntryPoint\",\"urlTemplate\":\"https:\\\/\\\/kibrisdakik.com\\\/?s={search_term_string}\"},\"query-input\":{\"@type\":\"PropertyValueSpecification\",\"valueRequired\":true,\"valueName\":\"search_term_string\"}}],\"inLanguage\":\"tr\"},{\"@type\":\"Person\",\"@id\":\"https:\\\/\\\/kibrisdakik.com\\\/#\\\/schema\\\/person\\\/9cd9d437bbb44f72b73ba127e06d8e79\",\"name\":\"admin\",\"image\":{\"@type\":\"ImageObject\",\"inLanguage\":\"tr\",\"@id\":\"https:\\\/\\\/secure.gravatar.com\\\/avatar\\\/ccc17943b9d660506c869530f897617f7cb1c21a4bf30023f252596d83e1f007?s=96&d=mm&r=g\",\"url\":\"https:\\\/\\\/secure.gravatar.com\\\/avatar\\\/ccc17943b9d660506c869530f897617f7cb1c21a4bf30023f252596d83e1f007?s=96&d=mm&r=g\",\"contentUrl\":\"https:\\\/\\\/secure.gravatar.com\\\/avatar\\\/ccc17943b9d660506c869530f897617f7cb1c21a4bf30023f252596d83e1f007?s=96&d=mm&r=g\",\"caption\":\"admin\"},\"sameAs\":[\"https:\\\/\\\/kibrisdakik.com\"],\"url\":\"https:\\\/\\\/kibrisdakik.com\\\/?author=1\"}]}<\/script>\n<!-- \/ Yoast SEO plugin. -->","yoast_head_json":{"title":"3 \u00e7ocu\u011funu \u00f6ld\u00fcren baba bo\u015fanma a\u015famas\u0131ndaki e\u015fine \"Sen b\u00fcy\u00fck bir olay\u0131 duyacaks\u0131n\" demi\u015f -","robots":{"index":"index","follow":"follow","max-snippet":"max-snippet:-1","max-image-preview":"max-image-preview:large","max-video-preview":"max-video-preview:-1"},"canonical":"https:\/\/kibrisdakik.com\/?p=57278","og_locale":"tr_TR","og_type":"article","og_title":"3 \u00e7ocu\u011funu \u00f6ld\u00fcren baba bo\u015fanma a\u015famas\u0131ndaki e\u015fine \"Sen b\u00fcy\u00fck bir olay\u0131 duyacaks\u0131n\" demi\u015f -","og_description":"\u0130zmir&#8216;in Bornova il\u00e7esinde k\u0131zlar\u0131 Cemre (4), Ceylin (2) ve Nira \u015eim\u015fek&#8217;in (14) \u00f6ld\u00fcr\u00fcp, Hiranur \u015eim\u015fek&#8217;i (11) de a\u011f\u0131r yaralad\u0131ktan sonra intihar giri\u015fiminde bulunan Vesim \u015eim\u015fek&#8217;in, e\u015fi Naciye \u015eim\u015fek ile bo\u015fanma a\u015famas\u0131nda oldu\u011fu \u00f6\u011frenildi. 2 ya\u015f\u0131ndaki Ceylin&#8217;in a\u011fz\u0131nda emzikle \u00f6l\u00fc bulundu\u011fu belirtildi. \u015eim\u015fek ailesinin yak\u0131nlar\u0131 ve vatanda\u015flar, cesetleri yakla\u015f\u0131k 2 kilometre boyunca engebeli oldu\u011fu i\u00e7in olay","og_url":"https:\/\/kibrisdakik.com\/?p=57278","article_published_time":"2024-08-27T09:50:04+00:00","og_image":[{"width":600,"height":400,"url":"https:\/\/kibrisdakik.com\/wp-content\/uploads\/2024\/08\/cocuklarini-tabancayla-vurup-intihara-kalkist-17758994_amp.jpg","type":"image\/jpeg"}],"author":"admin","twitter_card":"summary_large_image","twitter_misc":{"Yazan:":"admin","Tahmini okuma s\u00fcresi":"1 dakika"},"schema":{"@context":"https:\/\/schema.org","@graph":[{"@type":"Article","@id":"https:\/\/kibrisdakik.com\/?p=57278#article","isPartOf":{"@id":"https:\/\/kibrisdakik.com\/?p=57278"},"author":{"name":"admin","@id":"https:\/\/kibrisdakik.com\/#\/schema\/person\/9cd9d437bbb44f72b73ba127e06d8e79"},"headline":"3 \u00e7ocu\u011funu \u00f6ld\u00fcren baba bo\u015fanma a\u015famas\u0131ndaki e\u015fine &#8220;Sen b\u00fcy\u00fck bir olay\u0131 duyacaks\u0131n&#8221; demi\u015f","datePublished":"2024-08-27T09:50:04+00:00","mainEntityOfPage":{"@id":"https:\/\/kibrisdakik.com\/?p=57278"},"wordCount":174,"commentCount":0,"image":{"@id":"https:\/\/kibrisdakik.com\/?p=57278#primaryimage"},"thumbnailUrl":"https:\/\/kibrisdakik.com\/wp-content\/uploads\/2024\/08\/cocuklarini-tabancayla-vurup-intihara-kalkist-17758994_amp.jpg","articleSection":["Magazin"],"inLanguage":"tr","potentialAction":[{"@type":"CommentAction","name":"Comment","target":["https:\/\/kibrisdakik.com\/?p=57278#respond"]}]},{"@type":"WebPage","@id":"https:\/\/kibrisdakik.com\/?p=57278","url":"https:\/\/kibrisdakik.com\/?p=57278","name":"3 \u00e7ocu\u011funu \u00f6ld\u00fcren baba bo\u015fanma a\u015famas\u0131ndaki e\u015fine \"Sen b\u00fcy\u00fck bir olay\u0131 duyacaks\u0131n\" demi\u015f -","isPartOf":{"@id":"https:\/\/kibrisdakik.com\/#website"},"primaryImageOfPage":{"@id":"https:\/\/kibrisdakik.com\/?p=57278#primaryimage"},"image":{"@id":"https:\/\/kibrisdakik.com\/?p=57278#primaryimage"},"thumbnailUrl":"https:\/\/kibrisdakik.com\/wp-content\/uploads\/2024\/08\/cocuklarini-tabancayla-vurup-intihara-kalkist-17758994_amp.jpg","datePublished":"2024-08-27T09:50:04+00:00","author":{"@id":"https:\/\/kibrisdakik.com\/#\/schema\/person\/9cd9d437bbb44f72b73ba127e06d8e79"},"breadcrumb":{"@id":"https:\/\/kibrisdakik.com\/?p=57278#breadcrumb"},"inLanguage":"tr","potentialAction":[{"@type":"ReadAction","target":["https:\/\/kibrisdakik.com\/?p=57278"]}]},{"@type":"ImageObject","inLanguage":"tr","@id":"https:\/\/kibrisdakik.com\/?p=57278#primaryimage","url":"https:\/\/kibrisdakik.com\/wp-content\/uploads\/2024\/08\/cocuklarini-tabancayla-vurup-intihara-kalkist-17758994_amp.jpg","contentUrl":"https:\/\/kibrisdakik.com\/wp-content\/uploads\/2024\/08\/cocuklarini-tabancayla-vurup-intihara-kalkist-17758994_amp.jpg","width":600,"height":400},{"@type":"BreadcrumbList","@id":"https:\/\/kibrisdakik.com\/?p=57278#breadcrumb","itemListElement":[{"@type":"ListItem","position":1,"name":"Home","item":"https:\/\/kibrisdakik.com\/"},{"@type":"ListItem","position":2,"name":"3 \u00e7ocu\u011funu \u00f6ld\u00fcren baba bo\u015fanma a\u015famas\u0131ndaki e\u015fine &#8220;Sen b\u00fcy\u00fck bir olay\u0131 duyacaks\u0131n&#8221; demi\u015f"}]},{"@type":"WebSite","@id":"https:\/\/kibrisdakik.com\/#website","url":"https:\/\/kibrisdakik.com\/","name":"","description":"Tam vaktinde haber","potentialAction":[{"@type":"SearchAction","target":{"@type":"EntryPoint","urlTemplate":"https:\/\/kibrisdakik.com\/?s={search_term_string}"},"query-input":{"@type":"PropertyValueSpecification","valueRequired":true,"valueName":"search_term_string"}}],"inLanguage":"tr"},{"@type":"Person","@id":"https:\/\/kibrisdakik.com\/#\/schema\/person\/9cd9d437bbb44f72b73ba127e06d8e79","name":"admin","image":{"@type":"ImageObject","inLanguage":"tr","@id":"https:\/\/secure.gravatar.com\/avatar\/ccc17943b9d660506c869530f897617f7cb1c21a4bf30023f252596d83e1f007?s=96&d=mm&r=g","url":"https:\/\/secure.gravatar.com\/avatar\/ccc17943b9d660506c869530f897617f7cb1c21a4bf30023f252596d83e1f007?s=96&d=mm&r=g","contentUrl":"https:\/\/secure.gravatar.com\/avatar\/ccc17943b9d660506c869530f897617f7cb1c21a4bf30023f252596d83e1f007?s=96&d=mm&r=g","caption":"admin"},"sameAs":["https:\/\/kibrisdakik.com"],"url":"https:\/\/kibrisdakik.com\/?author=1"}]}},"_links":{"self":[{"href":"https:\/\/kibrisdakik.com\/index.php?rest_route=\/wp\/v2\/posts\/57278","targetHints":{"allow":["GET"]}}],"collection":[{"href":"https:\/\/kibrisdakik.com\/index.php?rest_route=\/wp\/v2\/posts"}],"about":[{"href":"https:\/\/kibrisdakik.com\/index.php?rest_route=\/wp\/v2\/types\/post"}],"author":[{"embeddable":true,"href":"https:\/\/kibrisdakik.com\/index.php?rest_route=\/wp\/v2\/users\/1"}],"replies":[{"embeddable":true,"href":"https:\/\/kibrisdakik.com\/index.php?rest_route=%2Fwp%2Fv2%2Fcomments&post=57278"}],"version-history":[{"count":0,"href":"https:\/\/kibrisdakik.com\/index.php?rest_route=\/wp\/v2\/posts\/57278\/revisions"}],"wp:featuredmedia":[{"embeddable":true,"href":"https:\/\/kibrisdakik.com\/index.php?rest_route=\/wp\/v2\/media\/57279"}],"wp:attachment":[{"href":"https:\/\/kibrisdakik.com\/index.php?rest_route=%2Fwp%2Fv2%2Fmedia&parent=57278"}],"wp:term":[{"taxonomy":"category","embeddable":true,"href":"https:\/\/kibrisdakik.com\/index.php?rest_route=%2Fwp%2Fv2%2Fcategories&post=57278"},{"taxonomy":"post_tag","embeddable":true,"href":"https:\/\/kibrisdakik.com\/index.php?rest_route=%2Fwp%2Fv2%2Ftags&post=57278"}],"curies":[{"name":"wp","href":"https:\/\/api.w.org\/{rel}","templated":true}]}}