{"id":57301,"date":"2024-08-27T14:19:27","date_gmt":"2024-08-27T11:19:27","guid":{"rendered":"https:\/\/kibrisdakik.com\/index.php\/2024\/08\/27\/cinli-koyde-korkunc-manzara-acaba-paranormal-vaka-gorur-muyuz-diye-gitmistik\/"},"modified":"2024-08-27T14:19:27","modified_gmt":"2024-08-27T11:19:27","slug":"cinli-koyde-korkunc-manzara-acaba-paranormal-vaka-gorur-muyuz-diye-gitmistik","status":"publish","type":"post","link":"https:\/\/kibrisdakik.com\/?p=57301","title":{"rendered":"Cinli k\u00f6yde korkun\u00e7 manzara! &#8220;Acaba paranormal vaka g\u00f6r\u00fcr m\u00fcy\u00fcz diye gitmi\u015ftik&#8221;"},"content":{"rendered":"<p><\/p>\n<div id=\"\">\n<p> <a class=\"keyword\" href=\"https:\/\/www.haberler.com\/ankara\/\" title=\"Ankara Haberleri, Ankara Haberi, Ankara Haber\"><strong>Ankara<\/strong><\/a>&#8216;n\u0131n Sincan il\u00e7esinde halk aras\u0131nda &#8216;cinli k\u00f6y&#8217; olarak bilinen Kay\u0131 k\u00f6y\u00fcnde video \u00e7ekmeye giden 3 arkada\u015f, k\u00f6yde ya\u015fl\u0131 bir adam\u0131n cesedini buldu. <\/p>\n<p><img loading=\"lazy\" decoding=\"async\" class=\"hbptMainImage lazyload ImgDetay\" src=\"https:\/\/foto.haberler.com\/haber\/2024\/08\/27\/cinli-koyde-korkunc-manzara-acaba-paranormal-17759407_3175_o.jpg\" alt=\"Cinli k\u00f6yde korkun\u00e7 manzara! 'Acaba paranormal vaka g\u00f6r\u00fcr m\u00fcy\u00fcz diye gitmi\u015ftik'\" width=\"640\" height=\"360\"\/><\/p>\n<p>Olay, 18 A\u011fustos tarihinde Ankara&#8217;n\u0131n Sincan il\u00e7esine ba\u011fl\u0131 Kay\u0131 k\u00f6y\u00fcnde meydana geldi. Sosyal medya hesaplar\u0131 i\u00e7in halk aras\u0131nda &#8216;cinli k\u00f6y&#8217; olarak bilinen yerle\u015fim yerine giden Alperen Y\u0131lmaz, Ali Kirman ve Abdullah Demir video \u00e7ekmeye ba\u015flad\u0131klar\u0131 anda k\u00f6yde bulunan bir erke\u011fin yerde hareketsiz olarak durdu\u011funu fark ettiler.<\/p>\n<p>Uzun s\u00fcredir hareketsiz olarak bulunan adam\u0131n \u00f6nce bayg\u0131n oldu\u011funu d\u00fc\u015f\u00fcnen \u00fc\u00e7 arkada\u015f, adam\u0131n \u00f6lm\u00fc\u015f oldu\u011funu anlay\u0131nca videoyu kapat\u0131p yetkililere  <a class=\"keyword\" href=\"https:\/\/www.haberler.com\/\" title=\"Haber, Haberler\"><strong>haber<\/strong><\/a> verdi.<\/p>\n<p><img loading=\"lazy\" decoding=\"async\" class=\"hbptMainImage lazyload ImgDetay\" src=\"https:\/\/foto.haberler.com\/haber\/2024\/08\/27\/cinli-koyde-korkunc-manzara-acaba-paranormal-17759407_3550_o.jpg\" alt=\"Cinli k\u00f6yde korkun\u00e7 manzara! 'Acaba paranormal vaka g\u00f6r\u00fcr m\u00fcy\u00fcz diye gitmi\u015ftik'\" width=\"640\" height=\"360\"\/><\/p>\n<h3>&#8220;ACABA PARANORMAL VAKA G\u00d6R\u00dcR M\u00dcY\u00dcZ D\u0130YE B\u0130R D\u00dc\u015e\u00dcNCEM\u0130Z VARDI&#8221;<\/h3>\n<p>&#8220;Sosyal medya hesaplar\u0131 i\u00e7in paranormal olaylar \u00e7ekmeye ba\u015flad\u0131klar\u0131n\u0131 ve ilk videolar\u0131nda ceset bulduklar\u0131n\u0131 ifade eden Alperen Y\u0131lmaz, &#8220;Yak\u0131nlarda bir yerde paranormal olaylar\u0131n ya\u015fand\u0131\u011f\u0131 var m\u0131 diye bir ara\u015ft\u0131rma yapt\u0131k ve oraya gidelim dedik. Ara\u015ft\u0131rman\u0131n sonunda duyduklar\u0131m\u0131za g\u00f6re Kay\u0131k\u00f6y&#8217;de bu tarz garip olaylar ya\u015fan\u0131yormu\u015f. Biz de oraya gitme karar\u0131 ald\u0131k. Onun \u00fczerine yola \u00e7\u0131kt\u0131k. Sosyal medyada i\u00e7erik \u00fcretece\u011fimiz i\u00e7in ilgi \u00e7ekici bir olayla kar\u015f\u0131la\u015f\u0131r\u0131z d\u00fc\u015f\u00fcncesiyle o k\u00f6ye gitmi\u015ftik. &#8216;Acaba paranormal vaka g\u00f6r\u00fcr m\u00fcy\u00fcz&#8217; diye bir d\u00fc\u015f\u00fcncemiz vard\u0131. Gitti\u011fimizde b\u00f6yle bir cenazeyle kar\u015f\u0131la\u015f\u0131nca \u00e7ok k\u00f6t\u00fc olduk&#8221; ifadelerini kulland\u0131.<\/p>\n<p><img loading=\"lazy\" decoding=\"async\" class=\"hbptMainImage lazyload ImgDetay\" src=\"https:\/\/foto.haberler.com\/haber\/2024\/08\/27\/cinli-koyde-korkunc-manzara-acaba-paranormal-17759407_7503_o.jpg\" alt=\"Cinli k\u00f6yde korkun\u00e7 manzara! 'Acaba paranormal vaka g\u00f6r\u00fcr m\u00fcy\u00fcz diye gitmi\u015ftik'\" width=\"640\" height=\"360\"\/><\/p>\n<h3>&#8220;B\u0130Z BULMASAYDIK CESED\u0130 \u00c7\u00dcR\u00dcYEB\u0130L\u0130RD\u0130&#8221;<\/h3>\n<p>Y\u0131lmaz, k\u00f6ye yeni vard\u0131klar\u0131n\u0131 ve kameray\u0131 eline ald\u0131\u011f\u0131 anda cesedi fark ettiklerini dile getirerek, &#8220;Orada tam sunuma haz\u0131rlan\u0131rken hareketsiz yatan birinin oldu\u011funu g\u00f6rd\u00fcm. D\u00f6nd\u00fcm ve &#8216;bir gelin, ben bir \u015fey g\u00f6rd\u00fcm dedim. Ali&#8217;ler de rahmetli abiyi canl\u0131 sand\u0131lar. Ben &#8216;adam \u00f6lm\u00fc\u015f&#8217; dedim. Ondan sonra yan\u0131na gittik ba\u015fta de\u011fi\u015fik bir varl\u0131k sand\u0131k. Ama yan\u0131na gitti\u011fimizde \u00f6yle olmad\u0131\u011f\u0131n\u0131 g\u00f6rd\u00fck ve amcan\u0131n rahmetli oldu\u011funu g\u00f6rd\u00fck. Olay\u0131 ya\u015fad\u0131\u011f\u0131m\u0131z yerde direkt jandarmalar\u0131 arad\u0131k. Jandarmalar geldi, daha sonras\u0131nda sosyal medyaya videoyu y\u00fckledi\u011fimde tabii sans\u00fcrl\u00fc olarak y\u00fckledi\u011fimiz i\u00e7in inanmayanalar oldu. Fakat rahmetli amcan\u0131n ailesi bana ula\u015ft\u0131. Onu buldu\u011fumuz i\u00e7in te\u015fekk\u00fcr ettiler bize. Allah korusun biz bulamasayd\u0131k cesedi \u00e7\u00fcr\u00fcyebilirdi, yabani hayvanlar var do\u011fada. Ald\u0131\u011f\u0131m\u0131z k\u00f6t\u00fc yorumlar\u0131n yan\u0131nda bu dua da bize yetti. Bize &#8216;Allah raz\u0131 olsun&#8217; dediler ve te\u015fekk\u00fcr ettiler&#8221; diye konu\u015ftu.<\/p>\n<p><img loading=\"lazy\" decoding=\"async\" class=\"hbptMainImage lazyload ImgDetay\" src=\"https:\/\/foto.haberler.com\/haber\/2024\/08\/27\/cinli-koyde-korkunc-manzara-acaba-paranormal-17759407_5207_o.jpg\" alt=\"Cinli k\u00f6yde korkun\u00e7 manzara! 'Acaba paranormal vaka g\u00f6r\u00fcr m\u00fcy\u00fcz diye gitmi\u015ftik'\" width=\"640\" height=\"360\"\/><\/p>\n<h3>&#8220;K\u00d6Y\u00dcN ADI \u00c7IKMI\u015e \u0130NSAN \u0130STEMS\u0130ZCE KORKARAK YAKLA\u015eIYOR&#8221;<\/h3>\n<p>Ali Kirman ise k\u00f6y\u00fcn i\u00e7ine girdikten sonra videonun a\u00e7\u0131l\u0131\u015f\u0131n\u0131 yaparken kameraman arkada\u015f\u0131n\u0131n birini fark etmesi \u00fczerine harekete ge\u00e7tiklerini dile getirerek, &#8220;Biraz yakla\u015f\u0131nca da orada \u00f6ld\u00fc\u011f\u00fcn\u00fc anlad\u0131k. Ondan sonra fazla yakla\u015fmadan jandarma ekiplerine haber verdik. \u00c7ok k\u00f6t\u00fc bir duygu k\u00f6y\u00fcn zaten ad\u0131 \u00e7\u0131km\u0131\u015f insan istemsizce korkarak yakla\u015f\u0131yor. Orada duygular\u0131m ger\u00e7ekten birbirine \u00e7ok kar\u0131\u015ft\u0131&#8221; \u015feklinde konu\u015ftu.<\/p>\n<h3>&#8220;ZATEN K\u00d6YDE 2 K\u0130\u015e\u0130 YA\u015eIYORMU\u015e&#8221;<\/h3>\n<p>Abdullah Demir de bulduklar\u0131 adam\u0131n \u00f6ld\u00fc\u011f\u00fcn\u00fc anlay\u0131nca hemen g\u00fcvenlik g\u00fc\u00e7lerini arad\u0131klar\u0131n\u0131 kaydederek, &#8220;Cenazenin \u00f6ld\u00fc\u011f\u00fcn\u00fc anlay\u0131nca hemen polisi aramak akl\u0131m\u0131za geldi. Polisi arad\u0131k ve Jandarma ekipleri geldi. \u00c7\u00fcnk\u00fc oras\u0131 jandarma b\u00f6lgesiymi\u015f. Ambulans da geldi. Ambulanstaki \u00e7al\u0131\u015fanlar ve jandarmalar kokudan ilk ba\u015fta yana\u015famad\u0131lar. Cenazenin ne zaman \u00f6ld\u00fc\u011f\u00fcn\u00fc tam bilmiyorum. Zaten k\u00f6yde iki ki\u015fi ya\u015f\u0131yormu\u015f. Bu iki ki\u015fiden biri olan bu amcan\u0131n gece gece vefat etti\u011fini s\u00f6yl\u00fcyorlar ama ne kadar do\u011fru oldu\u011funu bilmiyorum. Olay sonras\u0131nda jandarma ekipleri ifadelerimizi ald\u0131lar. \u0130fadeden sonra b\u0131rakt\u0131lar bizi. Asl\u0131nda k\u00f6y heyelandan dolay\u0131 bo\u015falt\u0131lm\u0131\u015f. Fakat baz\u0131 sosyal medya i\u00e7erik \u00fcreticileri &#8216;cinli k\u00f6y&#8217; olarak payla\u015fm\u0131\u015f buray\u0131 k\u00f6y\u00fcn muhtar\u0131 da gelip &#8216;\u00f6yle bir \u015fey yok&#8217; dedi bize. Biz de asl\u0131nda bunu ara\u015ft\u0131rmak i\u00e7in gelmi\u015ftik&#8221; dedi.<\/p>\n<figure class=\"type:primaryimage hbhOrder\" style=\"margin-bottom: 20px;\"><img loading=\"lazy\" decoding=\"async\" width=\"1202\" height=\"675\" class=\"hbptMainImage\" id=\"HaberImage\" src=\"https:\/\/foto.haberler.com\/resize\/601x337\/haber\/2024\/08\/27\/cinli-koyde-korkunc-manzara-acaba-paranormal-17759407_3473_amp.jpg\"\/><\/figure>\n<div class=\"editorSade\">Kaynak: \u0130hlas Haber Ajans\u0131 \/  <a href=\"https:\/\/www.haberler.com\/yerel\/\" title=\"Yerel Haberleri\">Yerel<\/a> <\/div>\n<h4 id=\"nwsKeywords\"> <a href=\"https:\/\/www.haberler.com\/sosyal-medya\/\" title=\"Sosyal Medya\" class=\"hbptTag\">Sosyal Medya<\/a>  <a href=\"https:\/\/www.haberler.com\/3-sayfa\/\" title=\"3-sayfa\" class=\"hbptTag\">3-sayfa<\/a>  <a href=\"https:\/\/www.haberler.com\/ankara\/\" title=\"Ankara\" class=\"hbptTag\">Ankara<\/a>  <a href=\"https:\/\/www.haberler.com\/olay\/\" title=\"Olay\" class=\"hbptTag\">Olay<\/a>  <a href=\"https:\/\/www.haberler.com\/3-sayfa\/\" title=\"3.Sayfa\" class=\"hbptTag\">3.Sayfa<\/a>  <a href=\"https:\/\/www.haberler.com\/yerel\/\" title=\"Yerel\" class=\"hbptTag\">Yerel<\/a>  <a href=\"https:\/\/www.haberler.com\/guncel\/\" title=\"G\u00fcncel\" class=\"hbptTag\">G\u00fcncel<\/a>  <a href=\"https:\/\/www.haberler.com\/\" title=\"Haberler\" class=\"hbptTag\">Haberler<\/a> <\/h4>\n<\/div>\n","protected":false},"excerpt":{"rendered":"<p>Ankara&#8216;n\u0131n Sincan il\u00e7esinde halk aras\u0131nda &#8216;cinli k\u00f6y&#8217; olarak bilinen Kay\u0131 k\u00f6y\u00fcnde video \u00e7ekmeye giden 3 arkada\u015f, k\u00f6yde ya\u015fl\u0131 bir adam\u0131n cesedini buldu. Olay, 18 A\u011fustos tarihinde Ankara&#8217;n\u0131n Sincan il\u00e7esine ba\u011fl\u0131 Kay\u0131 k\u00f6y\u00fcnde meydana geldi. Sosyal medya hesaplar\u0131 i\u00e7in halk aras\u0131nda &#8216;cinli k\u00f6y&#8217; olarak bilinen yerle\u015fim yerine giden Alperen Y\u0131lmaz, Ali Kirman ve Abdullah Demir video<\/p>\n","protected":false},"author":1,"featured_media":57302,"comment_status":"open","ping_status":"open","sticky":false,"template":"","format":"standard","meta":{"footnotes":""},"categories":[83],"tags":[],"class_list":["post-57301","post","type-post","status-publish","format-standard","has-post-thumbnail","hentry","category-magazin"],"yoast_head":"<!-- This site is optimized with the Yoast SEO plugin v27.5 - https:\/\/yoast.com\/product\/yoast-seo-wordpress\/ -->\n<title>Cinli k\u00f6yde korkun\u00e7 manzara! &quot;Acaba paranormal vaka g\u00f6r\u00fcr m\u00fcy\u00fcz diye gitmi\u015ftik&quot; -<\/title>\n<meta name=\"robots\" content=\"index, follow, max-snippet:-1, max-image-preview:large, max-video-preview:-1\" \/>\n<link rel=\"canonical\" href=\"https:\/\/kibrisdakik.com\/?p=57301\" \/>\n<meta property=\"og:locale\" content=\"tr_TR\" \/>\n<meta property=\"og:type\" content=\"article\" \/>\n<meta property=\"og:title\" content=\"Cinli k\u00f6yde korkun\u00e7 manzara! &quot;Acaba paranormal vaka g\u00f6r\u00fcr m\u00fcy\u00fcz diye gitmi\u015ftik&quot; -\" \/>\n<meta property=\"og:description\" content=\"Ankara&#8216;n\u0131n Sincan il\u00e7esinde halk aras\u0131nda &#8216;cinli k\u00f6y&#8217; olarak bilinen Kay\u0131 k\u00f6y\u00fcnde video \u00e7ekmeye giden 3 arkada\u015f, k\u00f6yde ya\u015fl\u0131 bir adam\u0131n cesedini buldu. Olay, 18 A\u011fustos tarihinde Ankara&#8217;n\u0131n Sincan il\u00e7esine ba\u011fl\u0131 Kay\u0131 k\u00f6y\u00fcnde meydana geldi. Sosyal medya hesaplar\u0131 i\u00e7in halk aras\u0131nda &#8216;cinli k\u00f6y&#8217; olarak bilinen yerle\u015fim yerine giden Alperen Y\u0131lmaz, Ali Kirman ve Abdullah Demir video\" \/>\n<meta property=\"og:url\" content=\"https:\/\/kibrisdakik.com\/?p=57301\" \/>\n<meta property=\"article:published_time\" content=\"2024-08-27T11:19:27+00:00\" \/>\n<meta property=\"og:image\" content=\"https:\/\/kibrisdakik.com\/wp-content\/uploads\/2024\/08\/cinli-koyde-korkunc-manzara-acaba-paranormal-17759407_3175_o.jpg\" \/>\n\t<meta property=\"og:image:width\" content=\"640\" \/>\n\t<meta property=\"og:image:height\" content=\"360\" \/>\n\t<meta property=\"og:image:type\" content=\"image\/jpeg\" \/>\n<meta name=\"author\" content=\"admin\" \/>\n<meta name=\"twitter:card\" content=\"summary_large_image\" \/>\n<meta name=\"twitter:label1\" content=\"Yazan:\" \/>\n\t<meta name=\"twitter:data1\" content=\"admin\" \/>\n\t<meta name=\"twitter:label2\" content=\"Tahmini okuma s\u00fcresi\" \/>\n\t<meta name=\"twitter:data2\" content=\"4 dakika\" \/>\n<script type=\"application\/ld+json\" class=\"yoast-schema-graph\">{\"@context\":\"https:\\\/\\\/schema.org\",\"@graph\":[{\"@type\":\"Article\",\"@id\":\"https:\\\/\\\/kibrisdakik.com\\\/?p=57301#article\",\"isPartOf\":{\"@id\":\"https:\\\/\\\/kibrisdakik.com\\\/?p=57301\"},\"author\":{\"name\":\"admin\",\"@id\":\"https:\\\/\\\/kibrisdakik.com\\\/#\\\/schema\\\/person\\\/9cd9d437bbb44f72b73ba127e06d8e79\"},\"headline\":\"Cinli k\u00f6yde korkun\u00e7 manzara! &#8220;Acaba paranormal vaka g\u00f6r\u00fcr m\u00fcy\u00fcz diye gitmi\u015ftik&#8221;\",\"datePublished\":\"2024-08-27T11:19:27+00:00\",\"mainEntityOfPage\":{\"@id\":\"https:\\\/\\\/kibrisdakik.com\\\/?p=57301\"},\"wordCount\":742,\"commentCount\":0,\"image\":{\"@id\":\"https:\\\/\\\/kibrisdakik.com\\\/?p=57301#primaryimage\"},\"thumbnailUrl\":\"https:\\\/\\\/kibrisdakik.com\\\/wp-content\\\/uploads\\\/2024\\\/08\\\/cinli-koyde-korkunc-manzara-acaba-paranormal-17759407_3175_o.jpg\",\"articleSection\":[\"Magazin\"],\"inLanguage\":\"tr\",\"potentialAction\":[{\"@type\":\"CommentAction\",\"name\":\"Comment\",\"target\":[\"https:\\\/\\\/kibrisdakik.com\\\/?p=57301#respond\"]}]},{\"@type\":\"WebPage\",\"@id\":\"https:\\\/\\\/kibrisdakik.com\\\/?p=57301\",\"url\":\"https:\\\/\\\/kibrisdakik.com\\\/?p=57301\",\"name\":\"Cinli k\u00f6yde korkun\u00e7 manzara! \\\"Acaba paranormal vaka g\u00f6r\u00fcr m\u00fcy\u00fcz diye gitmi\u015ftik\\\" -\",\"isPartOf\":{\"@id\":\"https:\\\/\\\/kibrisdakik.com\\\/#website\"},\"primaryImageOfPage\":{\"@id\":\"https:\\\/\\\/kibrisdakik.com\\\/?p=57301#primaryimage\"},\"image\":{\"@id\":\"https:\\\/\\\/kibrisdakik.com\\\/?p=57301#primaryimage\"},\"thumbnailUrl\":\"https:\\\/\\\/kibrisdakik.com\\\/wp-content\\\/uploads\\\/2024\\\/08\\\/cinli-koyde-korkunc-manzara-acaba-paranormal-17759407_3175_o.jpg\",\"datePublished\":\"2024-08-27T11:19:27+00:00\",\"author\":{\"@id\":\"https:\\\/\\\/kibrisdakik.com\\\/#\\\/schema\\\/person\\\/9cd9d437bbb44f72b73ba127e06d8e79\"},\"breadcrumb\":{\"@id\":\"https:\\\/\\\/kibrisdakik.com\\\/?p=57301#breadcrumb\"},\"inLanguage\":\"tr\",\"potentialAction\":[{\"@type\":\"ReadAction\",\"target\":[\"https:\\\/\\\/kibrisdakik.com\\\/?p=57301\"]}]},{\"@type\":\"ImageObject\",\"inLanguage\":\"tr\",\"@id\":\"https:\\\/\\\/kibrisdakik.com\\\/?p=57301#primaryimage\",\"url\":\"https:\\\/\\\/kibrisdakik.com\\\/wp-content\\\/uploads\\\/2024\\\/08\\\/cinli-koyde-korkunc-manzara-acaba-paranormal-17759407_3175_o.jpg\",\"contentUrl\":\"https:\\\/\\\/kibrisdakik.com\\\/wp-content\\\/uploads\\\/2024\\\/08\\\/cinli-koyde-korkunc-manzara-acaba-paranormal-17759407_3175_o.jpg\",\"width\":640,\"height\":360},{\"@type\":\"BreadcrumbList\",\"@id\":\"https:\\\/\\\/kibrisdakik.com\\\/?p=57301#breadcrumb\",\"itemListElement\":[{\"@type\":\"ListItem\",\"position\":1,\"name\":\"Home\",\"item\":\"https:\\\/\\\/kibrisdakik.com\\\/\"},{\"@type\":\"ListItem\",\"position\":2,\"name\":\"Cinli k\u00f6yde korkun\u00e7 manzara! &#8220;Acaba paranormal vaka g\u00f6r\u00fcr m\u00fcy\u00fcz diye gitmi\u015ftik&#8221;\"}]},{\"@type\":\"WebSite\",\"@id\":\"https:\\\/\\\/kibrisdakik.com\\\/#website\",\"url\":\"https:\\\/\\\/kibrisdakik.com\\\/\",\"name\":\"\",\"description\":\"Tam vaktinde haber\",\"potentialAction\":[{\"@type\":\"SearchAction\",\"target\":{\"@type\":\"EntryPoint\",\"urlTemplate\":\"https:\\\/\\\/kibrisdakik.com\\\/?s={search_term_string}\"},\"query-input\":{\"@type\":\"PropertyValueSpecification\",\"valueRequired\":true,\"valueName\":\"search_term_string\"}}],\"inLanguage\":\"tr\"},{\"@type\":\"Person\",\"@id\":\"https:\\\/\\\/kibrisdakik.com\\\/#\\\/schema\\\/person\\\/9cd9d437bbb44f72b73ba127e06d8e79\",\"name\":\"admin\",\"image\":{\"@type\":\"ImageObject\",\"inLanguage\":\"tr\",\"@id\":\"https:\\\/\\\/secure.gravatar.com\\\/avatar\\\/ccc17943b9d660506c869530f897617f7cb1c21a4bf30023f252596d83e1f007?s=96&d=mm&r=g\",\"url\":\"https:\\\/\\\/secure.gravatar.com\\\/avatar\\\/ccc17943b9d660506c869530f897617f7cb1c21a4bf30023f252596d83e1f007?s=96&d=mm&r=g\",\"contentUrl\":\"https:\\\/\\\/secure.gravatar.com\\\/avatar\\\/ccc17943b9d660506c869530f897617f7cb1c21a4bf30023f252596d83e1f007?s=96&d=mm&r=g\",\"caption\":\"admin\"},\"sameAs\":[\"https:\\\/\\\/kibrisdakik.com\"],\"url\":\"https:\\\/\\\/kibrisdakik.com\\\/?author=1\"}]}<\/script>\n<!-- \/ Yoast SEO plugin. -->","yoast_head_json":{"title":"Cinli k\u00f6yde korkun\u00e7 manzara! \"Acaba paranormal vaka g\u00f6r\u00fcr m\u00fcy\u00fcz diye gitmi\u015ftik\" -","robots":{"index":"index","follow":"follow","max-snippet":"max-snippet:-1","max-image-preview":"max-image-preview:large","max-video-preview":"max-video-preview:-1"},"canonical":"https:\/\/kibrisdakik.com\/?p=57301","og_locale":"tr_TR","og_type":"article","og_title":"Cinli k\u00f6yde korkun\u00e7 manzara! \"Acaba paranormal vaka g\u00f6r\u00fcr m\u00fcy\u00fcz diye gitmi\u015ftik\" -","og_description":"Ankara&#8216;n\u0131n Sincan il\u00e7esinde halk aras\u0131nda &#8216;cinli k\u00f6y&#8217; olarak bilinen Kay\u0131 k\u00f6y\u00fcnde video \u00e7ekmeye giden 3 arkada\u015f, k\u00f6yde ya\u015fl\u0131 bir adam\u0131n cesedini buldu. Olay, 18 A\u011fustos tarihinde Ankara&#8217;n\u0131n Sincan il\u00e7esine ba\u011fl\u0131 Kay\u0131 k\u00f6y\u00fcnde meydana geldi. Sosyal medya hesaplar\u0131 i\u00e7in halk aras\u0131nda &#8216;cinli k\u00f6y&#8217; olarak bilinen yerle\u015fim yerine giden Alperen Y\u0131lmaz, Ali Kirman ve Abdullah Demir video","og_url":"https:\/\/kibrisdakik.com\/?p=57301","article_published_time":"2024-08-27T11:19:27+00:00","og_image":[{"width":640,"height":360,"url":"https:\/\/kibrisdakik.com\/wp-content\/uploads\/2024\/08\/cinli-koyde-korkunc-manzara-acaba-paranormal-17759407_3175_o.jpg","type":"image\/jpeg"}],"author":"admin","twitter_card":"summary_large_image","twitter_misc":{"Yazan:":"admin","Tahmini okuma s\u00fcresi":"4 dakika"},"schema":{"@context":"https:\/\/schema.org","@graph":[{"@type":"Article","@id":"https:\/\/kibrisdakik.com\/?p=57301#article","isPartOf":{"@id":"https:\/\/kibrisdakik.com\/?p=57301"},"author":{"name":"admin","@id":"https:\/\/kibrisdakik.com\/#\/schema\/person\/9cd9d437bbb44f72b73ba127e06d8e79"},"headline":"Cinli k\u00f6yde korkun\u00e7 manzara! &#8220;Acaba paranormal vaka g\u00f6r\u00fcr m\u00fcy\u00fcz diye gitmi\u015ftik&#8221;","datePublished":"2024-08-27T11:19:27+00:00","mainEntityOfPage":{"@id":"https:\/\/kibrisdakik.com\/?p=57301"},"wordCount":742,"commentCount":0,"image":{"@id":"https:\/\/kibrisdakik.com\/?p=57301#primaryimage"},"thumbnailUrl":"https:\/\/kibrisdakik.com\/wp-content\/uploads\/2024\/08\/cinli-koyde-korkunc-manzara-acaba-paranormal-17759407_3175_o.jpg","articleSection":["Magazin"],"inLanguage":"tr","potentialAction":[{"@type":"CommentAction","name":"Comment","target":["https:\/\/kibrisdakik.com\/?p=57301#respond"]}]},{"@type":"WebPage","@id":"https:\/\/kibrisdakik.com\/?p=57301","url":"https:\/\/kibrisdakik.com\/?p=57301","name":"Cinli k\u00f6yde korkun\u00e7 manzara! \"Acaba paranormal vaka g\u00f6r\u00fcr m\u00fcy\u00fcz diye gitmi\u015ftik\" -","isPartOf":{"@id":"https:\/\/kibrisdakik.com\/#website"},"primaryImageOfPage":{"@id":"https:\/\/kibrisdakik.com\/?p=57301#primaryimage"},"image":{"@id":"https:\/\/kibrisdakik.com\/?p=57301#primaryimage"},"thumbnailUrl":"https:\/\/kibrisdakik.com\/wp-content\/uploads\/2024\/08\/cinli-koyde-korkunc-manzara-acaba-paranormal-17759407_3175_o.jpg","datePublished":"2024-08-27T11:19:27+00:00","author":{"@id":"https:\/\/kibrisdakik.com\/#\/schema\/person\/9cd9d437bbb44f72b73ba127e06d8e79"},"breadcrumb":{"@id":"https:\/\/kibrisdakik.com\/?p=57301#breadcrumb"},"inLanguage":"tr","potentialAction":[{"@type":"ReadAction","target":["https:\/\/kibrisdakik.com\/?p=57301"]}]},{"@type":"ImageObject","inLanguage":"tr","@id":"https:\/\/kibrisdakik.com\/?p=57301#primaryimage","url":"https:\/\/kibrisdakik.com\/wp-content\/uploads\/2024\/08\/cinli-koyde-korkunc-manzara-acaba-paranormal-17759407_3175_o.jpg","contentUrl":"https:\/\/kibrisdakik.com\/wp-content\/uploads\/2024\/08\/cinli-koyde-korkunc-manzara-acaba-paranormal-17759407_3175_o.jpg","width":640,"height":360},{"@type":"BreadcrumbList","@id":"https:\/\/kibrisdakik.com\/?p=57301#breadcrumb","itemListElement":[{"@type":"ListItem","position":1,"name":"Home","item":"https:\/\/kibrisdakik.com\/"},{"@type":"ListItem","position":2,"name":"Cinli k\u00f6yde korkun\u00e7 manzara! &#8220;Acaba paranormal vaka g\u00f6r\u00fcr m\u00fcy\u00fcz diye gitmi\u015ftik&#8221;"}]},{"@type":"WebSite","@id":"https:\/\/kibrisdakik.com\/#website","url":"https:\/\/kibrisdakik.com\/","name":"","description":"Tam vaktinde haber","potentialAction":[{"@type":"SearchAction","target":{"@type":"EntryPoint","urlTemplate":"https:\/\/kibrisdakik.com\/?s={search_term_string}"},"query-input":{"@type":"PropertyValueSpecification","valueRequired":true,"valueName":"search_term_string"}}],"inLanguage":"tr"},{"@type":"Person","@id":"https:\/\/kibrisdakik.com\/#\/schema\/person\/9cd9d437bbb44f72b73ba127e06d8e79","name":"admin","image":{"@type":"ImageObject","inLanguage":"tr","@id":"https:\/\/secure.gravatar.com\/avatar\/ccc17943b9d660506c869530f897617f7cb1c21a4bf30023f252596d83e1f007?s=96&d=mm&r=g","url":"https:\/\/secure.gravatar.com\/avatar\/ccc17943b9d660506c869530f897617f7cb1c21a4bf30023f252596d83e1f007?s=96&d=mm&r=g","contentUrl":"https:\/\/secure.gravatar.com\/avatar\/ccc17943b9d660506c869530f897617f7cb1c21a4bf30023f252596d83e1f007?s=96&d=mm&r=g","caption":"admin"},"sameAs":["https:\/\/kibrisdakik.com"],"url":"https:\/\/kibrisdakik.com\/?author=1"}]}},"_links":{"self":[{"href":"https:\/\/kibrisdakik.com\/index.php?rest_route=\/wp\/v2\/posts\/57301","targetHints":{"allow":["GET"]}}],"collection":[{"href":"https:\/\/kibrisdakik.com\/index.php?rest_route=\/wp\/v2\/posts"}],"about":[{"href":"https:\/\/kibrisdakik.com\/index.php?rest_route=\/wp\/v2\/types\/post"}],"author":[{"embeddable":true,"href":"https:\/\/kibrisdakik.com\/index.php?rest_route=\/wp\/v2\/users\/1"}],"replies":[{"embeddable":true,"href":"https:\/\/kibrisdakik.com\/index.php?rest_route=%2Fwp%2Fv2%2Fcomments&post=57301"}],"version-history":[{"count":0,"href":"https:\/\/kibrisdakik.com\/index.php?rest_route=\/wp\/v2\/posts\/57301\/revisions"}],"wp:featuredmedia":[{"embeddable":true,"href":"https:\/\/kibrisdakik.com\/index.php?rest_route=\/wp\/v2\/media\/57302"}],"wp:attachment":[{"href":"https:\/\/kibrisdakik.com\/index.php?rest_route=%2Fwp%2Fv2%2Fmedia&parent=57301"}],"wp:term":[{"taxonomy":"category","embeddable":true,"href":"https:\/\/kibrisdakik.com\/index.php?rest_route=%2Fwp%2Fv2%2Fcategories&post=57301"},{"taxonomy":"post_tag","embeddable":true,"href":"https:\/\/kibrisdakik.com\/index.php?rest_route=%2Fwp%2Fv2%2Ftags&post=57301"}],"curies":[{"name":"wp","href":"https:\/\/api.w.org\/{rel}","templated":true}]}}