{"id":57341,"date":"2024-08-27T16:21:31","date_gmt":"2024-08-27T13:21:31","guid":{"rendered":"https:\/\/kibrisdakik.com\/index.php\/2024\/08\/27\/polonyali-kaleci-wojciech-szczesny-futbolu-birakti\/"},"modified":"2024-08-27T16:21:31","modified_gmt":"2024-08-27T13:21:31","slug":"polonyali-kaleci-wojciech-szczesny-futbolu-birakti","status":"publish","type":"post","link":"https:\/\/kibrisdakik.com\/?p=57341","title":{"rendered":"Polonyal\u0131 Kaleci Wojciech Szczesny, futbolu b\u0131rakt\u0131"},"content":{"rendered":"<p><\/p>\n<div id=\"\">\n<p>\u0130talyan devi Juventus ile s\u00f6zle\u015fmesi sona erdikten sonra bo\u015fa \u00e7\u0131kan Polonyal\u0131 kaleci Wojciech Szczesny, s\u00fcrpriz bir karar ald\u0131.<\/p>\n<h3>FUTBOLU BIRAKTI<\/h3>\n<p>34 ya\u015f\u0131ndaki eldiven, futbolu b\u0131rakt\u0131\u011f\u0131n\u0131 a\u00e7\u0131klad\u0131. Szczesny yapt\u0131\u011f\u0131 a\u00e7\u0131klamada, &#8220;Oyuna bahanesiz bir \u015fekilde hayat\u0131m\u0131n 18 y\u0131l\u0131n\u0131 verdim. Bug\u00fcn, v\u00fccudum zorluklara haz\u0131r hissetse de kalbim ayn\u0131 noktada de\u011fil. \u015eu anda t\u00fcm dikkatimi aileme vermenin zaman\u0131n\u0131n geldi\u011fini hissediyorum. Her hikayenin bir sonu vard\u0131r ama hayatta her son yeni bir ba\u015flang\u0131\u00e7t\u0131r. Bu yeni yolun bana ne getirece\u011fini zaman g\u00f6sterecek. Ancak 18 y\u0131l\u0131n bana \u00f6\u011fretti\u011fi bir \u015fey varsa o da hi\u00e7bir \u015feyin imkans\u0131z olmad\u0131\u011f\u0131d\u0131r. \u0130nan\u0131n bana, b\u00fcy\u00fck hayaller kuraca\u011f\u0131m&#8221; ifadelerini kulland\u0131.<\/p>\n<p><img loading=\"lazy\" decoding=\"async\" class=\"hbptMainImage lazyload ImgDetay\" src=\"https:\/\/foto.haberler.com\/haber\/2024\/08\/27\/polonyali-kaleci-wojciech-szczesny-futbolu-17759991_3877_m.jpg\" alt=\"Polonyal\u0131 Kaleci Wojciech Szczesny, futbolu b\u0131rakt\u0131\" width=\"640\" height=\"426\"\/><\/p>\n<h3>KAR\u0130YER\u0130<\/h3>\n<p>Szczesny, Juventus d\u0131\u015f\u0131nda Arsenal, Brentford ve Roma gibi tak\u0131mlar\u0131n da formas\u0131n\u0131 giymi\u015fti. Polonyal\u0131 file bek\u00e7isi, kariyerinde 3 \u0130talya Serie A, 3 \u0130talya Kupas\u0131, 2 \u0130talya S\u00fcper Kupas\u0131, 1 Community Shield ve 2 FA Cup kazanmay\u0131 ba\u015fard\u0131.<\/p>\n<div class=\"editorSade\">Kaynak: Haberler.com \/  <a href=\"https:\/\/www.haberler.com\/spor\/\" title=\"Spor Haberleri\">Spor<\/a> <\/div>\n<h4 id=\"nwsKeywords\"> <a href=\"https:\/\/www.haberler.com\/arsenal-fc\/\" title=\"Arsenal FC\" class=\"hbptTag\">Arsenal FC<\/a>  <a href=\"https:\/\/www.haberler.com\/juventus\/\" title=\"Juventus\" class=\"hbptTag\">Juventus<\/a>  <a href=\"https:\/\/www.haberler.com\/juventus\/\" title=\"Juventus\" class=\"hbptTag\">Juventus<\/a>  <a href=\"https:\/\/www.haberler.com\/futbol\/\" title=\"Futbol\" class=\"hbptTag\">Futbol<\/a>  <a href=\"https:\/\/www.haberler.com\/spor\/\" title=\"Spor\" class=\"hbptTag\">Spor<\/a>  <a href=\"https:\/\/www.haberler.com\/roma\/\" title=\"Roma\" class=\"hbptTag\">Roma<\/a>  <a href=\"https:\/\/www.haberler.com\/roma\/\" title=\"Roma\" class=\"hbptTag\">Roma<\/a>  <a href=\"https:\/\/www.haberler.com\/futbol\/\" title=\"Futbol\" class=\"hbptTag\">Futbol<\/a>  <a href=\"https:\/\/www.haberler.com\/spor\/\" title=\"Spor\" class=\"hbptTag\">Spor<\/a>  <a href=\"https:\/\/www.haberler.com\/\" title=\"Haberler\" class=\"hbptTag\">Haberler<\/a> <\/h4>\n<\/div>\n","protected":false},"excerpt":{"rendered":"<p>\u0130talyan devi Juventus ile s\u00f6zle\u015fmesi sona erdikten sonra bo\u015fa \u00e7\u0131kan Polonyal\u0131 kaleci Wojciech Szczesny, s\u00fcrpriz bir karar ald\u0131. FUTBOLU BIRAKTI 34 ya\u015f\u0131ndaki eldiven, futbolu b\u0131rakt\u0131\u011f\u0131n\u0131 a\u00e7\u0131klad\u0131. Szczesny yapt\u0131\u011f\u0131 a\u00e7\u0131klamada, &#8220;Oyuna bahanesiz bir \u015fekilde hayat\u0131m\u0131n 18 y\u0131l\u0131n\u0131 verdim. Bug\u00fcn, v\u00fccudum zorluklara haz\u0131r hissetse de kalbim ayn\u0131 noktada de\u011fil. \u015eu anda t\u00fcm dikkatimi aileme vermenin zaman\u0131n\u0131n geldi\u011fini<\/p>\n","protected":false},"author":1,"featured_media":57342,"comment_status":"open","ping_status":"open","sticky":false,"template":"","format":"standard","meta":{"footnotes":""},"categories":[83],"tags":[],"class_list":["post-57341","post","type-post","status-publish","format-standard","has-post-thumbnail","hentry","category-magazin"],"yoast_head":"<!-- This site is optimized with the Yoast SEO plugin v27.5 - https:\/\/yoast.com\/product\/yoast-seo-wordpress\/ -->\n<title>Polonyal\u0131 Kaleci Wojciech Szczesny, futbolu b\u0131rakt\u0131 -<\/title>\n<meta name=\"robots\" content=\"index, follow, max-snippet:-1, max-image-preview:large, max-video-preview:-1\" \/>\n<link rel=\"canonical\" href=\"https:\/\/kibrisdakik.com\/?p=57341\" \/>\n<meta property=\"og:locale\" content=\"tr_TR\" \/>\n<meta property=\"og:type\" content=\"article\" \/>\n<meta property=\"og:title\" content=\"Polonyal\u0131 Kaleci Wojciech Szczesny, futbolu b\u0131rakt\u0131 -\" \/>\n<meta property=\"og:description\" content=\"\u0130talyan devi Juventus ile s\u00f6zle\u015fmesi sona erdikten sonra bo\u015fa \u00e7\u0131kan Polonyal\u0131 kaleci Wojciech Szczesny, s\u00fcrpriz bir karar ald\u0131. FUTBOLU BIRAKTI 34 ya\u015f\u0131ndaki eldiven, futbolu b\u0131rakt\u0131\u011f\u0131n\u0131 a\u00e7\u0131klad\u0131. Szczesny yapt\u0131\u011f\u0131 a\u00e7\u0131klamada, &#8220;Oyuna bahanesiz bir \u015fekilde hayat\u0131m\u0131n 18 y\u0131l\u0131n\u0131 verdim. Bug\u00fcn, v\u00fccudum zorluklara haz\u0131r hissetse de kalbim ayn\u0131 noktada de\u011fil. \u015eu anda t\u00fcm dikkatimi aileme vermenin zaman\u0131n\u0131n geldi\u011fini\" \/>\n<meta property=\"og:url\" content=\"https:\/\/kibrisdakik.com\/?p=57341\" \/>\n<meta property=\"article:published_time\" content=\"2024-08-27T13:21:31+00:00\" \/>\n<meta property=\"og:image\" content=\"https:\/\/kibrisdakik.com\/wp-content\/uploads\/2024\/08\/polonyali-kaleci-wojciech-szczesny-futbolu-17759991_3877_m-640x420.jpg\" \/>\n\t<meta property=\"og:image:width\" content=\"640\" \/>\n\t<meta property=\"og:image:height\" content=\"425\" \/>\n\t<meta property=\"og:image:type\" content=\"image\/jpeg\" \/>\n<meta name=\"author\" content=\"admin\" \/>\n<meta name=\"twitter:card\" content=\"summary_large_image\" \/>\n<meta name=\"twitter:label1\" content=\"Yazan:\" \/>\n\t<meta name=\"twitter:data1\" content=\"admin\" \/>\n\t<meta name=\"twitter:label2\" content=\"Tahmini okuma s\u00fcresi\" \/>\n\t<meta name=\"twitter:data2\" content=\"1 dakika\" \/>\n<script type=\"application\/ld+json\" class=\"yoast-schema-graph\">{\"@context\":\"https:\\\/\\\/schema.org\",\"@graph\":[{\"@type\":\"Article\",\"@id\":\"https:\\\/\\\/kibrisdakik.com\\\/?p=57341#article\",\"isPartOf\":{\"@id\":\"https:\\\/\\\/kibrisdakik.com\\\/?p=57341\"},\"author\":{\"name\":\"admin\",\"@id\":\"https:\\\/\\\/kibrisdakik.com\\\/#\\\/schema\\\/person\\\/9cd9d437bbb44f72b73ba127e06d8e79\"},\"headline\":\"Polonyal\u0131 Kaleci Wojciech Szczesny, futbolu b\u0131rakt\u0131\",\"datePublished\":\"2024-08-27T13:21:31+00:00\",\"mainEntityOfPage\":{\"@id\":\"https:\\\/\\\/kibrisdakik.com\\\/?p=57341\"},\"wordCount\":195,\"commentCount\":0,\"image\":{\"@id\":\"https:\\\/\\\/kibrisdakik.com\\\/?p=57341#primaryimage\"},\"thumbnailUrl\":\"https:\\\/\\\/kibrisdakik.com\\\/wp-content\\\/uploads\\\/2024\\\/08\\\/polonyali-kaleci-wojciech-szczesny-futbolu-17759991_3877_m-640x420.jpg\",\"articleSection\":[\"Magazin\"],\"inLanguage\":\"tr\",\"potentialAction\":[{\"@type\":\"CommentAction\",\"name\":\"Comment\",\"target\":[\"https:\\\/\\\/kibrisdakik.com\\\/?p=57341#respond\"]}]},{\"@type\":\"WebPage\",\"@id\":\"https:\\\/\\\/kibrisdakik.com\\\/?p=57341\",\"url\":\"https:\\\/\\\/kibrisdakik.com\\\/?p=57341\",\"name\":\"Polonyal\u0131 Kaleci Wojciech Szczesny, futbolu b\u0131rakt\u0131 -\",\"isPartOf\":{\"@id\":\"https:\\\/\\\/kibrisdakik.com\\\/#website\"},\"primaryImageOfPage\":{\"@id\":\"https:\\\/\\\/kibrisdakik.com\\\/?p=57341#primaryimage\"},\"image\":{\"@id\":\"https:\\\/\\\/kibrisdakik.com\\\/?p=57341#primaryimage\"},\"thumbnailUrl\":\"https:\\\/\\\/kibrisdakik.com\\\/wp-content\\\/uploads\\\/2024\\\/08\\\/polonyali-kaleci-wojciech-szczesny-futbolu-17759991_3877_m-640x420.jpg\",\"datePublished\":\"2024-08-27T13:21:31+00:00\",\"author\":{\"@id\":\"https:\\\/\\\/kibrisdakik.com\\\/#\\\/schema\\\/person\\\/9cd9d437bbb44f72b73ba127e06d8e79\"},\"breadcrumb\":{\"@id\":\"https:\\\/\\\/kibrisdakik.com\\\/?p=57341#breadcrumb\"},\"inLanguage\":\"tr\",\"potentialAction\":[{\"@type\":\"ReadAction\",\"target\":[\"https:\\\/\\\/kibrisdakik.com\\\/?p=57341\"]}]},{\"@type\":\"ImageObject\",\"inLanguage\":\"tr\",\"@id\":\"https:\\\/\\\/kibrisdakik.com\\\/?p=57341#primaryimage\",\"url\":\"https:\\\/\\\/kibrisdakik.com\\\/wp-content\\\/uploads\\\/2024\\\/08\\\/polonyali-kaleci-wojciech-szczesny-futbolu-17759991_3877_m-640x420.jpg\",\"contentUrl\":\"https:\\\/\\\/kibrisdakik.com\\\/wp-content\\\/uploads\\\/2024\\\/08\\\/polonyali-kaleci-wojciech-szczesny-futbolu-17759991_3877_m-640x420.jpg\",\"width\":640,\"height\":425},{\"@type\":\"BreadcrumbList\",\"@id\":\"https:\\\/\\\/kibrisdakik.com\\\/?p=57341#breadcrumb\",\"itemListElement\":[{\"@type\":\"ListItem\",\"position\":1,\"name\":\"Home\",\"item\":\"https:\\\/\\\/kibrisdakik.com\\\/\"},{\"@type\":\"ListItem\",\"position\":2,\"name\":\"Polonyal\u0131 Kaleci Wojciech Szczesny, futbolu b\u0131rakt\u0131\"}]},{\"@type\":\"WebSite\",\"@id\":\"https:\\\/\\\/kibrisdakik.com\\\/#website\",\"url\":\"https:\\\/\\\/kibrisdakik.com\\\/\",\"name\":\"\",\"description\":\"Tam vaktinde haber\",\"potentialAction\":[{\"@type\":\"SearchAction\",\"target\":{\"@type\":\"EntryPoint\",\"urlTemplate\":\"https:\\\/\\\/kibrisdakik.com\\\/?s={search_term_string}\"},\"query-input\":{\"@type\":\"PropertyValueSpecification\",\"valueRequired\":true,\"valueName\":\"search_term_string\"}}],\"inLanguage\":\"tr\"},{\"@type\":\"Person\",\"@id\":\"https:\\\/\\\/kibrisdakik.com\\\/#\\\/schema\\\/person\\\/9cd9d437bbb44f72b73ba127e06d8e79\",\"name\":\"admin\",\"image\":{\"@type\":\"ImageObject\",\"inLanguage\":\"tr\",\"@id\":\"https:\\\/\\\/secure.gravatar.com\\\/avatar\\\/ccc17943b9d660506c869530f897617f7cb1c21a4bf30023f252596d83e1f007?s=96&d=mm&r=g\",\"url\":\"https:\\\/\\\/secure.gravatar.com\\\/avatar\\\/ccc17943b9d660506c869530f897617f7cb1c21a4bf30023f252596d83e1f007?s=96&d=mm&r=g\",\"contentUrl\":\"https:\\\/\\\/secure.gravatar.com\\\/avatar\\\/ccc17943b9d660506c869530f897617f7cb1c21a4bf30023f252596d83e1f007?s=96&d=mm&r=g\",\"caption\":\"admin\"},\"sameAs\":[\"https:\\\/\\\/kibrisdakik.com\"],\"url\":\"https:\\\/\\\/kibrisdakik.com\\\/?author=1\"}]}<\/script>\n<!-- \/ Yoast SEO plugin. -->","yoast_head_json":{"title":"Polonyal\u0131 Kaleci Wojciech Szczesny, futbolu b\u0131rakt\u0131 -","robots":{"index":"index","follow":"follow","max-snippet":"max-snippet:-1","max-image-preview":"max-image-preview:large","max-video-preview":"max-video-preview:-1"},"canonical":"https:\/\/kibrisdakik.com\/?p=57341","og_locale":"tr_TR","og_type":"article","og_title":"Polonyal\u0131 Kaleci Wojciech Szczesny, futbolu b\u0131rakt\u0131 -","og_description":"\u0130talyan devi Juventus ile s\u00f6zle\u015fmesi sona erdikten sonra bo\u015fa \u00e7\u0131kan Polonyal\u0131 kaleci Wojciech Szczesny, s\u00fcrpriz bir karar ald\u0131. FUTBOLU BIRAKTI 34 ya\u015f\u0131ndaki eldiven, futbolu b\u0131rakt\u0131\u011f\u0131n\u0131 a\u00e7\u0131klad\u0131. Szczesny yapt\u0131\u011f\u0131 a\u00e7\u0131klamada, &#8220;Oyuna bahanesiz bir \u015fekilde hayat\u0131m\u0131n 18 y\u0131l\u0131n\u0131 verdim. Bug\u00fcn, v\u00fccudum zorluklara haz\u0131r hissetse de kalbim ayn\u0131 noktada de\u011fil. \u015eu anda t\u00fcm dikkatimi aileme vermenin zaman\u0131n\u0131n geldi\u011fini","og_url":"https:\/\/kibrisdakik.com\/?p=57341","article_published_time":"2024-08-27T13:21:31+00:00","og_image":[{"width":640,"height":425,"url":"https:\/\/kibrisdakik.com\/wp-content\/uploads\/2024\/08\/polonyali-kaleci-wojciech-szczesny-futbolu-17759991_3877_m-640x420.jpg","type":"image\/jpeg"}],"author":"admin","twitter_card":"summary_large_image","twitter_misc":{"Yazan:":"admin","Tahmini okuma s\u00fcresi":"1 dakika"},"schema":{"@context":"https:\/\/schema.org","@graph":[{"@type":"Article","@id":"https:\/\/kibrisdakik.com\/?p=57341#article","isPartOf":{"@id":"https:\/\/kibrisdakik.com\/?p=57341"},"author":{"name":"admin","@id":"https:\/\/kibrisdakik.com\/#\/schema\/person\/9cd9d437bbb44f72b73ba127e06d8e79"},"headline":"Polonyal\u0131 Kaleci Wojciech Szczesny, futbolu b\u0131rakt\u0131","datePublished":"2024-08-27T13:21:31+00:00","mainEntityOfPage":{"@id":"https:\/\/kibrisdakik.com\/?p=57341"},"wordCount":195,"commentCount":0,"image":{"@id":"https:\/\/kibrisdakik.com\/?p=57341#primaryimage"},"thumbnailUrl":"https:\/\/kibrisdakik.com\/wp-content\/uploads\/2024\/08\/polonyali-kaleci-wojciech-szczesny-futbolu-17759991_3877_m-640x420.jpg","articleSection":["Magazin"],"inLanguage":"tr","potentialAction":[{"@type":"CommentAction","name":"Comment","target":["https:\/\/kibrisdakik.com\/?p=57341#respond"]}]},{"@type":"WebPage","@id":"https:\/\/kibrisdakik.com\/?p=57341","url":"https:\/\/kibrisdakik.com\/?p=57341","name":"Polonyal\u0131 Kaleci Wojciech Szczesny, futbolu b\u0131rakt\u0131 -","isPartOf":{"@id":"https:\/\/kibrisdakik.com\/#website"},"primaryImageOfPage":{"@id":"https:\/\/kibrisdakik.com\/?p=57341#primaryimage"},"image":{"@id":"https:\/\/kibrisdakik.com\/?p=57341#primaryimage"},"thumbnailUrl":"https:\/\/kibrisdakik.com\/wp-content\/uploads\/2024\/08\/polonyali-kaleci-wojciech-szczesny-futbolu-17759991_3877_m-640x420.jpg","datePublished":"2024-08-27T13:21:31+00:00","author":{"@id":"https:\/\/kibrisdakik.com\/#\/schema\/person\/9cd9d437bbb44f72b73ba127e06d8e79"},"breadcrumb":{"@id":"https:\/\/kibrisdakik.com\/?p=57341#breadcrumb"},"inLanguage":"tr","potentialAction":[{"@type":"ReadAction","target":["https:\/\/kibrisdakik.com\/?p=57341"]}]},{"@type":"ImageObject","inLanguage":"tr","@id":"https:\/\/kibrisdakik.com\/?p=57341#primaryimage","url":"https:\/\/kibrisdakik.com\/wp-content\/uploads\/2024\/08\/polonyali-kaleci-wojciech-szczesny-futbolu-17759991_3877_m-640x420.jpg","contentUrl":"https:\/\/kibrisdakik.com\/wp-content\/uploads\/2024\/08\/polonyali-kaleci-wojciech-szczesny-futbolu-17759991_3877_m-640x420.jpg","width":640,"height":425},{"@type":"BreadcrumbList","@id":"https:\/\/kibrisdakik.com\/?p=57341#breadcrumb","itemListElement":[{"@type":"ListItem","position":1,"name":"Home","item":"https:\/\/kibrisdakik.com\/"},{"@type":"ListItem","position":2,"name":"Polonyal\u0131 Kaleci Wojciech Szczesny, futbolu b\u0131rakt\u0131"}]},{"@type":"WebSite","@id":"https:\/\/kibrisdakik.com\/#website","url":"https:\/\/kibrisdakik.com\/","name":"","description":"Tam vaktinde haber","potentialAction":[{"@type":"SearchAction","target":{"@type":"EntryPoint","urlTemplate":"https:\/\/kibrisdakik.com\/?s={search_term_string}"},"query-input":{"@type":"PropertyValueSpecification","valueRequired":true,"valueName":"search_term_string"}}],"inLanguage":"tr"},{"@type":"Person","@id":"https:\/\/kibrisdakik.com\/#\/schema\/person\/9cd9d437bbb44f72b73ba127e06d8e79","name":"admin","image":{"@type":"ImageObject","inLanguage":"tr","@id":"https:\/\/secure.gravatar.com\/avatar\/ccc17943b9d660506c869530f897617f7cb1c21a4bf30023f252596d83e1f007?s=96&d=mm&r=g","url":"https:\/\/secure.gravatar.com\/avatar\/ccc17943b9d660506c869530f897617f7cb1c21a4bf30023f252596d83e1f007?s=96&d=mm&r=g","contentUrl":"https:\/\/secure.gravatar.com\/avatar\/ccc17943b9d660506c869530f897617f7cb1c21a4bf30023f252596d83e1f007?s=96&d=mm&r=g","caption":"admin"},"sameAs":["https:\/\/kibrisdakik.com"],"url":"https:\/\/kibrisdakik.com\/?author=1"}]}},"_links":{"self":[{"href":"https:\/\/kibrisdakik.com\/index.php?rest_route=\/wp\/v2\/posts\/57341","targetHints":{"allow":["GET"]}}],"collection":[{"href":"https:\/\/kibrisdakik.com\/index.php?rest_route=\/wp\/v2\/posts"}],"about":[{"href":"https:\/\/kibrisdakik.com\/index.php?rest_route=\/wp\/v2\/types\/post"}],"author":[{"embeddable":true,"href":"https:\/\/kibrisdakik.com\/index.php?rest_route=\/wp\/v2\/users\/1"}],"replies":[{"embeddable":true,"href":"https:\/\/kibrisdakik.com\/index.php?rest_route=%2Fwp%2Fv2%2Fcomments&post=57341"}],"version-history":[{"count":0,"href":"https:\/\/kibrisdakik.com\/index.php?rest_route=\/wp\/v2\/posts\/57341\/revisions"}],"wp:featuredmedia":[{"embeddable":true,"href":"https:\/\/kibrisdakik.com\/index.php?rest_route=\/wp\/v2\/media\/57342"}],"wp:attachment":[{"href":"https:\/\/kibrisdakik.com\/index.php?rest_route=%2Fwp%2Fv2%2Fmedia&parent=57341"}],"wp:term":[{"taxonomy":"category","embeddable":true,"href":"https:\/\/kibrisdakik.com\/index.php?rest_route=%2Fwp%2Fv2%2Fcategories&post=57341"},{"taxonomy":"post_tag","embeddable":true,"href":"https:\/\/kibrisdakik.com\/index.php?rest_route=%2Fwp%2Fv2%2Ftags&post=57341"}],"curies":[{"name":"wp","href":"https:\/\/api.w.org\/{rel}","templated":true}]}}