{"id":57373,"date":"2024-08-27T17:06:05","date_gmt":"2024-08-27T14:06:05","guid":{"rendered":"https:\/\/kibrisdakik.com\/index.php\/2024\/08\/27\/mezarlikta-kotu-koku-ihbarina-giden-ekipler-posete-sarilarak-topraga-gomulmus-bebek-cesedi-buldu\/"},"modified":"2024-08-27T17:06:05","modified_gmt":"2024-08-27T14:06:05","slug":"mezarlikta-kotu-koku-ihbarina-giden-ekipler-posete-sarilarak-topraga-gomulmus-bebek-cesedi-buldu","status":"publish","type":"post","link":"https:\/\/kibrisdakik.com\/?p=57373","title":{"rendered":"Mezarl\u0131kta k\u00f6t\u00fc koku ihbar\u0131na giden ekipler po\u015fete sar\u0131larak topra\u011fa g\u00f6m\u00fclm\u00fc\u015f bebek cesedi buldu"},"content":{"rendered":"<p><\/p>\n<div id=\"\">\n<p>Elaz\u0131\u011f&#8217;da mezarl\u0131kta po\u015fete sar\u0131larak topra\u011fa g\u00f6m\u00fclm\u00fc\u015f bebek cesedi bulundu.<\/p>\n<p> <a class=\"keyword\" href=\"https:\/\/www.haberler.com\/harput\/\" title=\"Harput Haberleri, Harput Haberi, Harput Haber\"><strong>Harput<\/strong><\/a> Mahallesi&#8217;nde bulunan mezarl\u0131\u011fa kabir ziyaretine gelen vatanda\u015flar, \u00e7evrede k\u00f6t\u00fc koku oldu\u011funu fark etmesi \u00fczerine durumu Elaz\u0131\u011f Belediyesi Mezarl\u0131klar M\u00fcd\u00fcrl\u00fc\u011f\u00fc&#8217;ne bildirdi.<\/p>\n<p><img loading=\"lazy\" decoding=\"async\" class=\"hbptMainImage lazyload ImgDetay\" src=\"https:\/\/foto.haberler.com\/haber\/2024\/08\/27\/mezarlikta-kotu-koku-ihbarina-giden-ekipler-17760199_9404_m.jpg\" alt=\"Mezarl\u0131kta k\u00f6t\u00fc koku ihbar\u0131na giden ekipler po\u015fete sar\u0131larak topra\u011fa g\u00f6m\u00fclm\u00fc\u015f bebek cesedi buldu\" width=\"640\" height=\"426\"\/><\/p>\n<h3>PO\u015eETE SARILI BEBEK CESED\u0130 BULUNDU<\/h3>\n<p>B\u00f6lgeye sevk edilen ekipler, yapt\u0131klar\u0131 aramada po\u015fete sar\u0131ld\u0131ktan sonra topra\u011fa g\u00f6m\u00fclm\u00fc\u015f vaziyette bebek cesedi buldu. \u0130hbar \u00fczerine olay yerine gelen jandarma ekiplerince yap\u0131lan incelemenin ard\u0131ndan bebe\u011fin cesedi, otopsi i\u00e7in F\u0131rat \u00dcniversitesi Hastanesi morguna g\u00f6t\u00fcr\u00fcld\u00fc.<\/p>\n<p><img loading=\"lazy\" decoding=\"async\" class=\"hbptMainImage lazyload ImgDetay\" src=\"https:\/\/foto.haberler.com\/haber\/2024\/08\/27\/mezarlikta-kotu-koku-ihbarina-giden-ekipler-17760199_4359_m.jpg\" alt=\"Mezarl\u0131kta k\u00f6t\u00fc koku ihbar\u0131na giden ekipler po\u015fete sar\u0131larak topra\u011fa g\u00f6m\u00fclm\u00fc\u015f bebek cesedi buldu\" width=\"640\" height=\"426\"\/><\/p>\n<figure class=\"type:primaryimage hbhOrder\" style=\"margin-bottom: 20px;\"><img loading=\"lazy\" decoding=\"async\" width=\"1202\" height=\"675\" class=\"hbptMainImage\" id=\"HaberImage\" src=\"https:\/\/foto.haberler.com\/resize\/601x337\/haber\/2024\/08\/27\/elazig-da-mezarlikta-posete-sarilarak-topraga-17760199_2611_amp.jpg\"\/><\/figure>\n<h4 id=\"nwsKeywords\"> <a href=\"https:\/\/www.haberler.com\/mezarliklar-mudurlugu\/\" title=\"Mezarl\u0131klar M\u00fcd\u00fcrl\u00fc\u011f\u00fc\" class=\"hbptTag\">Mezarl\u0131klar M\u00fcd\u00fcrl\u00fc\u011f\u00fc<\/a>  <a href=\"https:\/\/www.haberler.com\/elazig-belediyesi\/\" title=\"Elaz\u0131\u011f Belediyesi\" class=\"hbptTag\">Elaz\u0131\u011f Belediyesi<\/a>  <a href=\"https:\/\/www.haberler.com\/jandarma\/\" title=\"Jandarma\" class=\"hbptTag\">Jandarma<\/a>  <a href=\"https:\/\/www.haberler.com\/3-sayfa\/\" title=\"3-sayfa\" class=\"hbptTag\">3-sayfa<\/a>  <a href=\"https:\/\/www.haberler.com\/otopsi\/\" title=\"Otopsi\" class=\"hbptTag\">Otopsi<\/a>  <a href=\"https:\/\/www.haberler.com\/harput\/\" title=\"Harput\" class=\"hbptTag\">Harput<\/a>  <a href=\"https:\/\/www.haberler.com\/bebek\/\" title=\"Bebek\" class=\"hbptTag\">Bebek<\/a>  <a href=\"https:\/\/www.haberler.com\/suc\/\" title=\"Su\u00e7\" class=\"hbptTag\">Su\u00e7<\/a>  <a href=\"https:\/\/www.haberler.com\/3-sayfa\/\" title=\"3.Sayfa\" class=\"hbptTag\">3.Sayfa<\/a>  <a href=\"https:\/\/www.haberler.com\/guncel\/\" title=\"G\u00fcncel\" class=\"hbptTag\">G\u00fcncel<\/a>  <a href=\"https:\/\/www.haberler.com\/\" title=\"Haberler\" class=\"hbptTag\">Haberler<\/a> <\/h4>\n<\/div>\n","protected":false},"excerpt":{"rendered":"<p>Elaz\u0131\u011f&#8217;da mezarl\u0131kta po\u015fete sar\u0131larak topra\u011fa g\u00f6m\u00fclm\u00fc\u015f bebek cesedi bulundu. Harput Mahallesi&#8217;nde bulunan mezarl\u0131\u011fa kabir ziyaretine gelen vatanda\u015flar, \u00e7evrede k\u00f6t\u00fc koku oldu\u011funu fark etmesi \u00fczerine durumu Elaz\u0131\u011f Belediyesi Mezarl\u0131klar M\u00fcd\u00fcrl\u00fc\u011f\u00fc&#8217;ne bildirdi. PO\u015eETE SARILI BEBEK CESED\u0130 BULUNDU B\u00f6lgeye sevk edilen ekipler, yapt\u0131klar\u0131 aramada po\u015fete sar\u0131ld\u0131ktan sonra topra\u011fa g\u00f6m\u00fclm\u00fc\u015f vaziyette bebek cesedi buldu. \u0130hbar \u00fczerine olay yerine gelen<\/p>\n","protected":false},"author":1,"featured_media":57374,"comment_status":"open","ping_status":"open","sticky":false,"template":"","format":"standard","meta":{"footnotes":""},"categories":[83],"tags":[],"class_list":["post-57373","post","type-post","status-publish","format-standard","has-post-thumbnail","hentry","category-magazin"],"yoast_head":"<!-- This site is optimized with the Yoast SEO plugin v27.5 - https:\/\/yoast.com\/product\/yoast-seo-wordpress\/ -->\n<title>Mezarl\u0131kta k\u00f6t\u00fc koku ihbar\u0131na giden ekipler po\u015fete sar\u0131larak topra\u011fa g\u00f6m\u00fclm\u00fc\u015f bebek cesedi buldu -<\/title>\n<meta name=\"robots\" content=\"index, follow, max-snippet:-1, max-image-preview:large, max-video-preview:-1\" \/>\n<link rel=\"canonical\" href=\"https:\/\/kibrisdakik.com\/?p=57373\" \/>\n<meta property=\"og:locale\" content=\"tr_TR\" \/>\n<meta property=\"og:type\" content=\"article\" \/>\n<meta property=\"og:title\" content=\"Mezarl\u0131kta k\u00f6t\u00fc koku ihbar\u0131na giden ekipler po\u015fete sar\u0131larak topra\u011fa g\u00f6m\u00fclm\u00fc\u015f bebek cesedi buldu -\" \/>\n<meta property=\"og:description\" content=\"Elaz\u0131\u011f&#8217;da mezarl\u0131kta po\u015fete sar\u0131larak topra\u011fa g\u00f6m\u00fclm\u00fc\u015f bebek cesedi bulundu. Harput Mahallesi&#8217;nde bulunan mezarl\u0131\u011fa kabir ziyaretine gelen vatanda\u015flar, \u00e7evrede k\u00f6t\u00fc koku oldu\u011funu fark etmesi \u00fczerine durumu Elaz\u0131\u011f Belediyesi Mezarl\u0131klar M\u00fcd\u00fcrl\u00fc\u011f\u00fc&#8217;ne bildirdi. PO\u015eETE SARILI BEBEK CESED\u0130 BULUNDU B\u00f6lgeye sevk edilen ekipler, yapt\u0131klar\u0131 aramada po\u015fete sar\u0131ld\u0131ktan sonra topra\u011fa g\u00f6m\u00fclm\u00fc\u015f vaziyette bebek cesedi buldu. \u0130hbar \u00fczerine olay yerine gelen\" \/>\n<meta property=\"og:url\" content=\"https:\/\/kibrisdakik.com\/?p=57373\" \/>\n<meta property=\"article:published_time\" content=\"2024-08-27T14:06:05+00:00\" \/>\n<meta property=\"og:image\" content=\"https:\/\/kibrisdakik.com\/wp-content\/uploads\/2024\/08\/mezarlikta-kotu-koku-ihbarina-giden-ekipler-17760199_9404_m-640x420.jpg\" \/>\n\t<meta property=\"og:image:width\" content=\"640\" \/>\n\t<meta property=\"og:image:height\" content=\"426\" \/>\n\t<meta property=\"og:image:type\" content=\"image\/jpeg\" \/>\n<meta name=\"author\" content=\"admin\" \/>\n<meta name=\"twitter:card\" content=\"summary_large_image\" \/>\n<meta name=\"twitter:label1\" content=\"Yazan:\" \/>\n\t<meta name=\"twitter:data1\" content=\"admin\" \/>\n\t<meta name=\"twitter:label2\" content=\"Tahmini okuma s\u00fcresi\" \/>\n\t<meta name=\"twitter:data2\" content=\"1 dakika\" \/>\n<script type=\"application\/ld+json\" class=\"yoast-schema-graph\">{\"@context\":\"https:\\\/\\\/schema.org\",\"@graph\":[{\"@type\":\"Article\",\"@id\":\"https:\\\/\\\/kibrisdakik.com\\\/?p=57373#article\",\"isPartOf\":{\"@id\":\"https:\\\/\\\/kibrisdakik.com\\\/?p=57373\"},\"author\":{\"name\":\"admin\",\"@id\":\"https:\\\/\\\/kibrisdakik.com\\\/#\\\/schema\\\/person\\\/9cd9d437bbb44f72b73ba127e06d8e79\"},\"headline\":\"Mezarl\u0131kta k\u00f6t\u00fc koku ihbar\u0131na giden ekipler po\u015fete sar\u0131larak topra\u011fa g\u00f6m\u00fclm\u00fc\u015f bebek cesedi buldu\",\"datePublished\":\"2024-08-27T14:06:05+00:00\",\"mainEntityOfPage\":{\"@id\":\"https:\\\/\\\/kibrisdakik.com\\\/?p=57373\"},\"wordCount\":139,\"commentCount\":0,\"image\":{\"@id\":\"https:\\\/\\\/kibrisdakik.com\\\/?p=57373#primaryimage\"},\"thumbnailUrl\":\"https:\\\/\\\/kibrisdakik.com\\\/wp-content\\\/uploads\\\/2024\\\/08\\\/mezarlikta-kotu-koku-ihbarina-giden-ekipler-17760199_9404_m-640x420.jpg\",\"articleSection\":[\"Magazin\"],\"inLanguage\":\"tr\",\"potentialAction\":[{\"@type\":\"CommentAction\",\"name\":\"Comment\",\"target\":[\"https:\\\/\\\/kibrisdakik.com\\\/?p=57373#respond\"]}]},{\"@type\":\"WebPage\",\"@id\":\"https:\\\/\\\/kibrisdakik.com\\\/?p=57373\",\"url\":\"https:\\\/\\\/kibrisdakik.com\\\/?p=57373\",\"name\":\"Mezarl\u0131kta k\u00f6t\u00fc koku ihbar\u0131na giden ekipler po\u015fete sar\u0131larak topra\u011fa g\u00f6m\u00fclm\u00fc\u015f bebek cesedi buldu -\",\"isPartOf\":{\"@id\":\"https:\\\/\\\/kibrisdakik.com\\\/#website\"},\"primaryImageOfPage\":{\"@id\":\"https:\\\/\\\/kibrisdakik.com\\\/?p=57373#primaryimage\"},\"image\":{\"@id\":\"https:\\\/\\\/kibrisdakik.com\\\/?p=57373#primaryimage\"},\"thumbnailUrl\":\"https:\\\/\\\/kibrisdakik.com\\\/wp-content\\\/uploads\\\/2024\\\/08\\\/mezarlikta-kotu-koku-ihbarina-giden-ekipler-17760199_9404_m-640x420.jpg\",\"datePublished\":\"2024-08-27T14:06:05+00:00\",\"author\":{\"@id\":\"https:\\\/\\\/kibrisdakik.com\\\/#\\\/schema\\\/person\\\/9cd9d437bbb44f72b73ba127e06d8e79\"},\"breadcrumb\":{\"@id\":\"https:\\\/\\\/kibrisdakik.com\\\/?p=57373#breadcrumb\"},\"inLanguage\":\"tr\",\"potentialAction\":[{\"@type\":\"ReadAction\",\"target\":[\"https:\\\/\\\/kibrisdakik.com\\\/?p=57373\"]}]},{\"@type\":\"ImageObject\",\"inLanguage\":\"tr\",\"@id\":\"https:\\\/\\\/kibrisdakik.com\\\/?p=57373#primaryimage\",\"url\":\"https:\\\/\\\/kibrisdakik.com\\\/wp-content\\\/uploads\\\/2024\\\/08\\\/mezarlikta-kotu-koku-ihbarina-giden-ekipler-17760199_9404_m-640x420.jpg\",\"contentUrl\":\"https:\\\/\\\/kibrisdakik.com\\\/wp-content\\\/uploads\\\/2024\\\/08\\\/mezarlikta-kotu-koku-ihbarina-giden-ekipler-17760199_9404_m-640x420.jpg\",\"width\":640,\"height\":426},{\"@type\":\"BreadcrumbList\",\"@id\":\"https:\\\/\\\/kibrisdakik.com\\\/?p=57373#breadcrumb\",\"itemListElement\":[{\"@type\":\"ListItem\",\"position\":1,\"name\":\"Home\",\"item\":\"https:\\\/\\\/kibrisdakik.com\\\/\"},{\"@type\":\"ListItem\",\"position\":2,\"name\":\"Mezarl\u0131kta k\u00f6t\u00fc koku ihbar\u0131na giden ekipler po\u015fete sar\u0131larak topra\u011fa g\u00f6m\u00fclm\u00fc\u015f bebek cesedi buldu\"}]},{\"@type\":\"WebSite\",\"@id\":\"https:\\\/\\\/kibrisdakik.com\\\/#website\",\"url\":\"https:\\\/\\\/kibrisdakik.com\\\/\",\"name\":\"\",\"description\":\"Tam vaktinde haber\",\"potentialAction\":[{\"@type\":\"SearchAction\",\"target\":{\"@type\":\"EntryPoint\",\"urlTemplate\":\"https:\\\/\\\/kibrisdakik.com\\\/?s={search_term_string}\"},\"query-input\":{\"@type\":\"PropertyValueSpecification\",\"valueRequired\":true,\"valueName\":\"search_term_string\"}}],\"inLanguage\":\"tr\"},{\"@type\":\"Person\",\"@id\":\"https:\\\/\\\/kibrisdakik.com\\\/#\\\/schema\\\/person\\\/9cd9d437bbb44f72b73ba127e06d8e79\",\"name\":\"admin\",\"image\":{\"@type\":\"ImageObject\",\"inLanguage\":\"tr\",\"@id\":\"https:\\\/\\\/secure.gravatar.com\\\/avatar\\\/ccc17943b9d660506c869530f897617f7cb1c21a4bf30023f252596d83e1f007?s=96&d=mm&r=g\",\"url\":\"https:\\\/\\\/secure.gravatar.com\\\/avatar\\\/ccc17943b9d660506c869530f897617f7cb1c21a4bf30023f252596d83e1f007?s=96&d=mm&r=g\",\"contentUrl\":\"https:\\\/\\\/secure.gravatar.com\\\/avatar\\\/ccc17943b9d660506c869530f897617f7cb1c21a4bf30023f252596d83e1f007?s=96&d=mm&r=g\",\"caption\":\"admin\"},\"sameAs\":[\"https:\\\/\\\/kibrisdakik.com\"],\"url\":\"https:\\\/\\\/kibrisdakik.com\\\/?author=1\"}]}<\/script>\n<!-- \/ Yoast SEO plugin. -->","yoast_head_json":{"title":"Mezarl\u0131kta k\u00f6t\u00fc koku ihbar\u0131na giden ekipler po\u015fete sar\u0131larak topra\u011fa g\u00f6m\u00fclm\u00fc\u015f bebek cesedi buldu -","robots":{"index":"index","follow":"follow","max-snippet":"max-snippet:-1","max-image-preview":"max-image-preview:large","max-video-preview":"max-video-preview:-1"},"canonical":"https:\/\/kibrisdakik.com\/?p=57373","og_locale":"tr_TR","og_type":"article","og_title":"Mezarl\u0131kta k\u00f6t\u00fc koku ihbar\u0131na giden ekipler po\u015fete sar\u0131larak topra\u011fa g\u00f6m\u00fclm\u00fc\u015f bebek cesedi buldu -","og_description":"Elaz\u0131\u011f&#8217;da mezarl\u0131kta po\u015fete sar\u0131larak topra\u011fa g\u00f6m\u00fclm\u00fc\u015f bebek cesedi bulundu. Harput Mahallesi&#8217;nde bulunan mezarl\u0131\u011fa kabir ziyaretine gelen vatanda\u015flar, \u00e7evrede k\u00f6t\u00fc koku oldu\u011funu fark etmesi \u00fczerine durumu Elaz\u0131\u011f Belediyesi Mezarl\u0131klar M\u00fcd\u00fcrl\u00fc\u011f\u00fc&#8217;ne bildirdi. PO\u015eETE SARILI BEBEK CESED\u0130 BULUNDU B\u00f6lgeye sevk edilen ekipler, yapt\u0131klar\u0131 aramada po\u015fete sar\u0131ld\u0131ktan sonra topra\u011fa g\u00f6m\u00fclm\u00fc\u015f vaziyette bebek cesedi buldu. \u0130hbar \u00fczerine olay yerine gelen","og_url":"https:\/\/kibrisdakik.com\/?p=57373","article_published_time":"2024-08-27T14:06:05+00:00","og_image":[{"width":640,"height":426,"url":"https:\/\/kibrisdakik.com\/wp-content\/uploads\/2024\/08\/mezarlikta-kotu-koku-ihbarina-giden-ekipler-17760199_9404_m-640x420.jpg","type":"image\/jpeg"}],"author":"admin","twitter_card":"summary_large_image","twitter_misc":{"Yazan:":"admin","Tahmini okuma s\u00fcresi":"1 dakika"},"schema":{"@context":"https:\/\/schema.org","@graph":[{"@type":"Article","@id":"https:\/\/kibrisdakik.com\/?p=57373#article","isPartOf":{"@id":"https:\/\/kibrisdakik.com\/?p=57373"},"author":{"name":"admin","@id":"https:\/\/kibrisdakik.com\/#\/schema\/person\/9cd9d437bbb44f72b73ba127e06d8e79"},"headline":"Mezarl\u0131kta k\u00f6t\u00fc koku ihbar\u0131na giden ekipler po\u015fete sar\u0131larak topra\u011fa g\u00f6m\u00fclm\u00fc\u015f bebek cesedi buldu","datePublished":"2024-08-27T14:06:05+00:00","mainEntityOfPage":{"@id":"https:\/\/kibrisdakik.com\/?p=57373"},"wordCount":139,"commentCount":0,"image":{"@id":"https:\/\/kibrisdakik.com\/?p=57373#primaryimage"},"thumbnailUrl":"https:\/\/kibrisdakik.com\/wp-content\/uploads\/2024\/08\/mezarlikta-kotu-koku-ihbarina-giden-ekipler-17760199_9404_m-640x420.jpg","articleSection":["Magazin"],"inLanguage":"tr","potentialAction":[{"@type":"CommentAction","name":"Comment","target":["https:\/\/kibrisdakik.com\/?p=57373#respond"]}]},{"@type":"WebPage","@id":"https:\/\/kibrisdakik.com\/?p=57373","url":"https:\/\/kibrisdakik.com\/?p=57373","name":"Mezarl\u0131kta k\u00f6t\u00fc koku ihbar\u0131na giden ekipler po\u015fete sar\u0131larak topra\u011fa g\u00f6m\u00fclm\u00fc\u015f bebek cesedi buldu -","isPartOf":{"@id":"https:\/\/kibrisdakik.com\/#website"},"primaryImageOfPage":{"@id":"https:\/\/kibrisdakik.com\/?p=57373#primaryimage"},"image":{"@id":"https:\/\/kibrisdakik.com\/?p=57373#primaryimage"},"thumbnailUrl":"https:\/\/kibrisdakik.com\/wp-content\/uploads\/2024\/08\/mezarlikta-kotu-koku-ihbarina-giden-ekipler-17760199_9404_m-640x420.jpg","datePublished":"2024-08-27T14:06:05+00:00","author":{"@id":"https:\/\/kibrisdakik.com\/#\/schema\/person\/9cd9d437bbb44f72b73ba127e06d8e79"},"breadcrumb":{"@id":"https:\/\/kibrisdakik.com\/?p=57373#breadcrumb"},"inLanguage":"tr","potentialAction":[{"@type":"ReadAction","target":["https:\/\/kibrisdakik.com\/?p=57373"]}]},{"@type":"ImageObject","inLanguage":"tr","@id":"https:\/\/kibrisdakik.com\/?p=57373#primaryimage","url":"https:\/\/kibrisdakik.com\/wp-content\/uploads\/2024\/08\/mezarlikta-kotu-koku-ihbarina-giden-ekipler-17760199_9404_m-640x420.jpg","contentUrl":"https:\/\/kibrisdakik.com\/wp-content\/uploads\/2024\/08\/mezarlikta-kotu-koku-ihbarina-giden-ekipler-17760199_9404_m-640x420.jpg","width":640,"height":426},{"@type":"BreadcrumbList","@id":"https:\/\/kibrisdakik.com\/?p=57373#breadcrumb","itemListElement":[{"@type":"ListItem","position":1,"name":"Home","item":"https:\/\/kibrisdakik.com\/"},{"@type":"ListItem","position":2,"name":"Mezarl\u0131kta k\u00f6t\u00fc koku ihbar\u0131na giden ekipler po\u015fete sar\u0131larak topra\u011fa g\u00f6m\u00fclm\u00fc\u015f bebek cesedi buldu"}]},{"@type":"WebSite","@id":"https:\/\/kibrisdakik.com\/#website","url":"https:\/\/kibrisdakik.com\/","name":"","description":"Tam vaktinde haber","potentialAction":[{"@type":"SearchAction","target":{"@type":"EntryPoint","urlTemplate":"https:\/\/kibrisdakik.com\/?s={search_term_string}"},"query-input":{"@type":"PropertyValueSpecification","valueRequired":true,"valueName":"search_term_string"}}],"inLanguage":"tr"},{"@type":"Person","@id":"https:\/\/kibrisdakik.com\/#\/schema\/person\/9cd9d437bbb44f72b73ba127e06d8e79","name":"admin","image":{"@type":"ImageObject","inLanguage":"tr","@id":"https:\/\/secure.gravatar.com\/avatar\/ccc17943b9d660506c869530f897617f7cb1c21a4bf30023f252596d83e1f007?s=96&d=mm&r=g","url":"https:\/\/secure.gravatar.com\/avatar\/ccc17943b9d660506c869530f897617f7cb1c21a4bf30023f252596d83e1f007?s=96&d=mm&r=g","contentUrl":"https:\/\/secure.gravatar.com\/avatar\/ccc17943b9d660506c869530f897617f7cb1c21a4bf30023f252596d83e1f007?s=96&d=mm&r=g","caption":"admin"},"sameAs":["https:\/\/kibrisdakik.com"],"url":"https:\/\/kibrisdakik.com\/?author=1"}]}},"_links":{"self":[{"href":"https:\/\/kibrisdakik.com\/index.php?rest_route=\/wp\/v2\/posts\/57373","targetHints":{"allow":["GET"]}}],"collection":[{"href":"https:\/\/kibrisdakik.com\/index.php?rest_route=\/wp\/v2\/posts"}],"about":[{"href":"https:\/\/kibrisdakik.com\/index.php?rest_route=\/wp\/v2\/types\/post"}],"author":[{"embeddable":true,"href":"https:\/\/kibrisdakik.com\/index.php?rest_route=\/wp\/v2\/users\/1"}],"replies":[{"embeddable":true,"href":"https:\/\/kibrisdakik.com\/index.php?rest_route=%2Fwp%2Fv2%2Fcomments&post=57373"}],"version-history":[{"count":0,"href":"https:\/\/kibrisdakik.com\/index.php?rest_route=\/wp\/v2\/posts\/57373\/revisions"}],"wp:featuredmedia":[{"embeddable":true,"href":"https:\/\/kibrisdakik.com\/index.php?rest_route=\/wp\/v2\/media\/57374"}],"wp:attachment":[{"href":"https:\/\/kibrisdakik.com\/index.php?rest_route=%2Fwp%2Fv2%2Fmedia&parent=57373"}],"wp:term":[{"taxonomy":"category","embeddable":true,"href":"https:\/\/kibrisdakik.com\/index.php?rest_route=%2Fwp%2Fv2%2Fcategories&post=57373"},{"taxonomy":"post_tag","embeddable":true,"href":"https:\/\/kibrisdakik.com\/index.php?rest_route=%2Fwp%2Fv2%2Ftags&post=57373"}],"curies":[{"name":"wp","href":"https:\/\/api.w.org\/{rel}","templated":true}]}}