{"id":57381,"date":"2024-08-27T16:45:10","date_gmt":"2024-08-27T13:45:10","guid":{"rendered":"https:\/\/kibrisdakik.com\/index.php\/2024\/08\/27\/bakana-yaptigi-cagri-ile-taninmisti-skolyoz-hastasi-genc-hayatini-kaybetti\/"},"modified":"2024-08-27T16:45:10","modified_gmt":"2024-08-27T13:45:10","slug":"bakana-yaptigi-cagri-ile-taninmisti-skolyoz-hastasi-genc-hayatini-kaybetti","status":"publish","type":"post","link":"https:\/\/kibrisdakik.com\/?p=57381","title":{"rendered":"Bakana yapt\u0131\u011f\u0131 \u00e7a\u011fr\u0131 ile tan\u0131nm\u0131\u015ft\u0131! Skolyoz hastas\u0131 gen\u00e7 hayat\u0131n\u0131 kaybetti"},"content":{"rendered":"<p><\/p>\n<div id=\"\">\n<p>Sosyal medyada &#8220;Fitnatmurat&#8221; ismiyle tan\u0131nan do\u011fu\u015ftan engelli gen\u00e7 Murat Sara\u00e7, tedavi g\u00f6rd\u00fc\u011f\u00fc hastanede hayat\u0131n\u0131 kaybetti. 24 ya\u015f\u0131nda hayata g\u00f6zlerini yuman Sara\u00e7, memleketi Amasya&#8217;n\u0131n Ta\u015fova il\u00e7esinde defnedildi.<\/p>\n<h3>SKOLYOZ HASTASI GEN\u00c7 HAYATINI KAYBETT\u0130<\/h3>\n<p>Sosyal medyada &#8220;Fitnatmurat&#8221; ismiyle tan\u0131nan do\u011fu\u015ftan engelli gen\u00e7 Murat Sara\u00e7, tedavi g\u00f6rd\u00fc\u011f\u00fc hastanede hayat\u0131n\u0131 kaybetti. 24 ya\u015f\u0131nda hayata g\u00f6zlerini yuman Sara\u00e7, memleketi Amasya&#8217;n\u0131n Ta\u015fova il\u00e7esinde son yolculu\u011funa u\u011furland\u0131. Murat Sara\u00e7, 10 y\u0131l \u00f6nce d\u00f6nemin Aile ve Sosyal Politikalar Bakan\u0131 Fatma \u015eahin&#8217;e att\u0131\u011f\u0131 &#8220;Bakan\u0131m beni muayene ettir&#8221; notlu tweet ile g\u00fcndeme gelmi\u015fti.<\/p>\n<p><img loading=\"lazy\" decoding=\"async\" class=\"hbptMainImage lazyload ImgDetay\" src=\"https:\/\/foto.haberler.com\/haber\/2024\/08\/27\/bakana-attigi-tweet-ile-taninan-engelli-genc-son-17760383_998_m.jpg\" alt=\"Bakana att\u0131\u011f\u0131 tweet ile tan\u0131nan engelli gen\u00e7, son yolculu\u011funa u\u011furland\u0131\" width=\"640\" height=\"640\"\/><span class=\"figcaption\">Murat Sara\u00e7<\/span><\/p>\n<h3>SON YOLCULU\u011eUNA U\u011eURLANDI<\/h3>\n<p>Ya\u015fad\u0131\u011f\u0131 sa\u011fl\u0131k sorunlar\u0131na ra\u011fmen sosyal medyada pozitif mesajlar veren Sara\u00e7, Merkez \u00c7ar\u015f\u0131 Camisi&#8217;nde k\u0131l\u0131nan cenaze namaz\u0131n\u0131n ard\u0131ndan Do\u011fu Mahallesi mezarl\u0131\u011f\u0131nda defnedildi. Annesi Fitnat Caba ise cenaze t\u00f6reninde g\u00f6zya\u015flar\u0131na hakim olamad\u0131. Evlad\u0131na son vedas\u0131 y\u00fcrekleri s\u0131zlatt\u0131. O\u011flunun vefat\u0131n\u0131 sosyal medyada duyuran Fitnat Caba, &#8220;Allah kimseyi evlad\u0131yla s\u0131namas\u0131n. Onu topra\u011fa koydurmas\u0131n. Her \u015feye ac\u0131ya, yoklu\u011fa dayan\u0131r\u0131mda evlad\u0131m g\u00f6z\u00fcm\u00fcn nuru u\u00e7tu gitti. Yaln\u0131z kald\u0131m, ikimiz aileydik. Rabb&#8217;im b\u00fcy\u00fck imtihan&#8221; ifadelerini kulland\u0131.<\/p>\n<p><img loading=\"lazy\" decoding=\"async\" class=\"hbptMainImage lazyload ImgDetay\" src=\"https:\/\/foto.haberler.com\/haber\/2024\/08\/27\/bakana-attigi-tweet-ile-taninan-engelli-genc-son-17760383_764_m.jpg\" alt=\"Bakana att\u0131\u011f\u0131 tweet ile tan\u0131nan engelli gen\u00e7, son yolculu\u011funa u\u011furland\u0131\" width=\"640\" height=\"426\"\/><\/p>\n<h3>&#8220;BAKANIM BEN\u0130 MUAYENE ETT\u0130R&#8221; \u00c7A\u011eRISIYLA TANINMI\u015eTI<\/h3>\n<p>Murat Sara\u00e7, 10 y\u0131l \u00f6nce d\u00f6nemin Aile ve Sosyal Politikalar Bakan\u0131 Fatma \u015eahin&#8217;e att\u0131\u011f\u0131 &#8220;Bakan\u0131m beni muayene ettir&#8221; tweetiyle g\u00fcndeme gelmi\u015fti. Bakan \u015eahin&#8217;in Ankara&#8217;ya \u00e7a\u011f\u0131rarak muayene ettirdi\u011fi Sara\u00e7&#8217;a skolyoz te\u015fhisi konulurken, ya\u015fad\u0131\u011f\u0131 Ta\u015fova&#8217;daki evine d\u00f6nm\u00fc\u015ft\u00fc. D\u00f6nemin Ba\u015fbakan\u0131 Ahmet Davuto\u011flu taraf\u0131ndan sosyal medyada takip edilmesi Murat Sara\u00e7&#8217;\u0131 \u00e7ok memnun etmi\u015f ve sosyal medyada ilgi uyand\u0131rm\u0131\u015ft\u0131.<\/p>\n<p>Murat Sara\u00e7, hastaneye kald\u0131r\u0131lmas\u0131ndan \u00f6nce en son 5 Temmuz&#8217;da payla\u015ft\u0131\u011f\u0131 mesaj\u0131nda \u015fu ifadeleri kullanm\u0131\u015ft\u0131: &#8220;\u015e\u00fck\u00fcr. Bug\u00fcn de uyand\u0131m. Yeni g\u00fcn, yeni umut. \u00d6m\u00fcr dedi\u011finiz yar\u0131m kalm\u0131\u015f hayat hikayesi. G\u00fcl\u00fcmse. Sen \u00fcz\u00fcld\u00fcn diye d\u00fcnya de\u011fi\u015fmez. Ama sen g\u00fcl\u00fcnce senin d\u00fcnyan de\u011fi\u015fir. \u0130nsan, ya\u015f\u0131 kadar ya\u015fayamaz. Ya\u015f de\u011fil ya\u015fad\u0131klar\u0131n b\u00fcy\u00fct\u00fcr g\u00fczel an\u0131lar biriktirin. Ben bedenle de\u011fil kalbimle ya\u015f\u0131yorum.&#8221;<\/p>\n<p><img loading=\"lazy\" decoding=\"async\" class=\"hbptMainImage lazyload ImgDetay\" src=\"https:\/\/foto.haberler.com\/haber\/2024\/08\/27\/bakana-attigi-tweet-ile-taninan-engelli-genc-son-17760383_1240_m.jpg\" alt=\"Bakana att\u0131\u011f\u0131 tweet ile tan\u0131nan engelli gen\u00e7, son yolculu\u011funa u\u011furland\u0131\" width=\"467\" height=\"720\"\/><\/p>\n<figure class=\"type:primaryimage hbhOrder\" style=\"margin-bottom: 20px;\"><img loading=\"lazy\" decoding=\"async\" width=\"1202\" height=\"675\" class=\"hbptMainImage\" id=\"HaberImage\" src=\"https:\/\/foto.haberler.com\/resize\/601x337\/haber\/2024\/08\/27\/bakana-attigi-tweet-ile-taninan-engelli-genc-son-17760383_2847_amp.jpg\"\/><\/figure>\n<div class=\"editorSade\">Kaynak: \u0130hlas Haber Ajans\u0131 \/  <a href=\"https:\/\/www.haberler.com\/genel\/\" title=\"Genel Haberleri\">Genel<\/a> <\/div>\n<h4 id=\"nwsKeywords\"> <a href=\"https:\/\/www.haberler.com\/tasova\/\" title=\"Ta\u015fova\" class=\"hbptTag\">Ta\u015fova<\/a>  <a href=\"https:\/\/www.haberler.com\/amasya\/\" title=\"Amasya\" class=\"hbptTag\">Amasya<\/a>  <a href=\"https:\/\/www.haberler.com\/genel\/\" title=\"Genel\" class=\"hbptTag\">Genel<\/a>  <a href=\"https:\/\/www.haberler.com\/yasam\/\" title=\"Ya\u015fam\" class=\"hbptTag\">Ya\u015fam<\/a>  <a href=\"https:\/\/www.haberler.com\/guncel\/\" title=\"G\u00fcncel\" class=\"hbptTag\">G\u00fcncel<\/a>  <a href=\"https:\/\/www.haberler.com\/\" title=\"Haberler\" class=\"hbptTag\">Haberler<\/a> <\/h4>\n<\/div>\n","protected":false},"excerpt":{"rendered":"<p>Sosyal medyada &#8220;Fitnatmurat&#8221; ismiyle tan\u0131nan do\u011fu\u015ftan engelli gen\u00e7 Murat Sara\u00e7, tedavi g\u00f6rd\u00fc\u011f\u00fc hastanede hayat\u0131n\u0131 kaybetti. 24 ya\u015f\u0131nda hayata g\u00f6zlerini yuman Sara\u00e7, memleketi Amasya&#8217;n\u0131n Ta\u015fova il\u00e7esinde defnedildi. SKOLYOZ HASTASI GEN\u00c7 HAYATINI KAYBETT\u0130 Sosyal medyada &#8220;Fitnatmurat&#8221; ismiyle tan\u0131nan do\u011fu\u015ftan engelli gen\u00e7 Murat Sara\u00e7, tedavi g\u00f6rd\u00fc\u011f\u00fc hastanede hayat\u0131n\u0131 kaybetti. 24 ya\u015f\u0131nda hayata g\u00f6zlerini yuman Sara\u00e7, memleketi Amasya&#8217;n\u0131n Ta\u015fova<\/p>\n","protected":false},"author":1,"featured_media":57382,"comment_status":"open","ping_status":"open","sticky":false,"template":"","format":"standard","meta":{"footnotes":""},"categories":[83],"tags":[],"class_list":["post-57381","post","type-post","status-publish","format-standard","has-post-thumbnail","hentry","category-magazin"],"yoast_head":"<!-- This site is optimized with the Yoast SEO plugin v27.4 - https:\/\/yoast.com\/product\/yoast-seo-wordpress\/ -->\n<title>Bakana yapt\u0131\u011f\u0131 \u00e7a\u011fr\u0131 ile tan\u0131nm\u0131\u015ft\u0131! Skolyoz hastas\u0131 gen\u00e7 hayat\u0131n\u0131 kaybetti -<\/title>\n<meta name=\"robots\" content=\"index, follow, max-snippet:-1, max-image-preview:large, max-video-preview:-1\" \/>\n<link rel=\"canonical\" href=\"https:\/\/kibrisdakik.com\/?p=57381\" \/>\n<meta property=\"og:locale\" content=\"tr_TR\" \/>\n<meta property=\"og:type\" content=\"article\" \/>\n<meta property=\"og:title\" content=\"Bakana yapt\u0131\u011f\u0131 \u00e7a\u011fr\u0131 ile tan\u0131nm\u0131\u015ft\u0131! Skolyoz hastas\u0131 gen\u00e7 hayat\u0131n\u0131 kaybetti -\" \/>\n<meta property=\"og:description\" content=\"Sosyal medyada &#8220;Fitnatmurat&#8221; ismiyle tan\u0131nan do\u011fu\u015ftan engelli gen\u00e7 Murat Sara\u00e7, tedavi g\u00f6rd\u00fc\u011f\u00fc hastanede hayat\u0131n\u0131 kaybetti. 24 ya\u015f\u0131nda hayata g\u00f6zlerini yuman Sara\u00e7, memleketi Amasya&#8217;n\u0131n Ta\u015fova il\u00e7esinde defnedildi. SKOLYOZ HASTASI GEN\u00c7 HAYATINI KAYBETT\u0130 Sosyal medyada &#8220;Fitnatmurat&#8221; ismiyle tan\u0131nan do\u011fu\u015ftan engelli gen\u00e7 Murat Sara\u00e7, tedavi g\u00f6rd\u00fc\u011f\u00fc hastanede hayat\u0131n\u0131 kaybetti. 24 ya\u015f\u0131nda hayata g\u00f6zlerini yuman Sara\u00e7, memleketi Amasya&#8217;n\u0131n Ta\u015fova\" \/>\n<meta property=\"og:url\" content=\"https:\/\/kibrisdakik.com\/?p=57381\" \/>\n<meta property=\"article:published_time\" content=\"2024-08-27T13:45:10+00:00\" \/>\n<meta property=\"og:image\" content=\"https:\/\/kibrisdakik.com\/wp-content\/uploads\/2024\/08\/bakana-attigi-tweet-ile-taninan-engelli-genc-son-17760383_998_m-640x420.jpg\" \/>\n\t<meta property=\"og:image:width\" content=\"640\" \/>\n\t<meta property=\"og:image:height\" content=\"639\" \/>\n\t<meta property=\"og:image:type\" content=\"image\/jpeg\" \/>\n<meta name=\"author\" content=\"admin\" \/>\n<meta name=\"twitter:card\" content=\"summary_large_image\" \/>\n<meta name=\"twitter:label1\" content=\"Yazan:\" \/>\n\t<meta name=\"twitter:data1\" content=\"admin\" \/>\n\t<meta name=\"twitter:label2\" content=\"Tahmini okuma s\u00fcresi\" \/>\n\t<meta name=\"twitter:data2\" content=\"2 dakika\" \/>\n<script type=\"application\/ld+json\" class=\"yoast-schema-graph\">{\"@context\":\"https:\\\/\\\/schema.org\",\"@graph\":[{\"@type\":\"Article\",\"@id\":\"https:\\\/\\\/kibrisdakik.com\\\/?p=57381#article\",\"isPartOf\":{\"@id\":\"https:\\\/\\\/kibrisdakik.com\\\/?p=57381\"},\"author\":{\"name\":\"admin\",\"@id\":\"https:\\\/\\\/kibrisdakik.com\\\/#\\\/schema\\\/person\\\/9cd9d437bbb44f72b73ba127e06d8e79\"},\"headline\":\"Bakana yapt\u0131\u011f\u0131 \u00e7a\u011fr\u0131 ile tan\u0131nm\u0131\u015ft\u0131! Skolyoz hastas\u0131 gen\u00e7 hayat\u0131n\u0131 kaybetti\",\"datePublished\":\"2024-08-27T13:45:10+00:00\",\"mainEntityOfPage\":{\"@id\":\"https:\\\/\\\/kibrisdakik.com\\\/?p=57381\"},\"wordCount\":422,\"commentCount\":0,\"image\":{\"@id\":\"https:\\\/\\\/kibrisdakik.com\\\/?p=57381#primaryimage\"},\"thumbnailUrl\":\"https:\\\/\\\/kibrisdakik.com\\\/wp-content\\\/uploads\\\/2024\\\/08\\\/bakana-attigi-tweet-ile-taninan-engelli-genc-son-17760383_998_m-640x420.jpg\",\"articleSection\":[\"Magazin\"],\"inLanguage\":\"tr\",\"potentialAction\":[{\"@type\":\"CommentAction\",\"name\":\"Comment\",\"target\":[\"https:\\\/\\\/kibrisdakik.com\\\/?p=57381#respond\"]}]},{\"@type\":\"WebPage\",\"@id\":\"https:\\\/\\\/kibrisdakik.com\\\/?p=57381\",\"url\":\"https:\\\/\\\/kibrisdakik.com\\\/?p=57381\",\"name\":\"Bakana yapt\u0131\u011f\u0131 \u00e7a\u011fr\u0131 ile tan\u0131nm\u0131\u015ft\u0131! Skolyoz hastas\u0131 gen\u00e7 hayat\u0131n\u0131 kaybetti -\",\"isPartOf\":{\"@id\":\"https:\\\/\\\/kibrisdakik.com\\\/#website\"},\"primaryImageOfPage\":{\"@id\":\"https:\\\/\\\/kibrisdakik.com\\\/?p=57381#primaryimage\"},\"image\":{\"@id\":\"https:\\\/\\\/kibrisdakik.com\\\/?p=57381#primaryimage\"},\"thumbnailUrl\":\"https:\\\/\\\/kibrisdakik.com\\\/wp-content\\\/uploads\\\/2024\\\/08\\\/bakana-attigi-tweet-ile-taninan-engelli-genc-son-17760383_998_m-640x420.jpg\",\"datePublished\":\"2024-08-27T13:45:10+00:00\",\"author\":{\"@id\":\"https:\\\/\\\/kibrisdakik.com\\\/#\\\/schema\\\/person\\\/9cd9d437bbb44f72b73ba127e06d8e79\"},\"breadcrumb\":{\"@id\":\"https:\\\/\\\/kibrisdakik.com\\\/?p=57381#breadcrumb\"},\"inLanguage\":\"tr\",\"potentialAction\":[{\"@type\":\"ReadAction\",\"target\":[\"https:\\\/\\\/kibrisdakik.com\\\/?p=57381\"]}]},{\"@type\":\"ImageObject\",\"inLanguage\":\"tr\",\"@id\":\"https:\\\/\\\/kibrisdakik.com\\\/?p=57381#primaryimage\",\"url\":\"https:\\\/\\\/kibrisdakik.com\\\/wp-content\\\/uploads\\\/2024\\\/08\\\/bakana-attigi-tweet-ile-taninan-engelli-genc-son-17760383_998_m-640x420.jpg\",\"contentUrl\":\"https:\\\/\\\/kibrisdakik.com\\\/wp-content\\\/uploads\\\/2024\\\/08\\\/bakana-attigi-tweet-ile-taninan-engelli-genc-son-17760383_998_m-640x420.jpg\",\"width\":640,\"height\":639},{\"@type\":\"BreadcrumbList\",\"@id\":\"https:\\\/\\\/kibrisdakik.com\\\/?p=57381#breadcrumb\",\"itemListElement\":[{\"@type\":\"ListItem\",\"position\":1,\"name\":\"Home\",\"item\":\"https:\\\/\\\/kibrisdakik.com\\\/\"},{\"@type\":\"ListItem\",\"position\":2,\"name\":\"Bakana yapt\u0131\u011f\u0131 \u00e7a\u011fr\u0131 ile tan\u0131nm\u0131\u015ft\u0131! Skolyoz hastas\u0131 gen\u00e7 hayat\u0131n\u0131 kaybetti\"}]},{\"@type\":\"WebSite\",\"@id\":\"https:\\\/\\\/kibrisdakik.com\\\/#website\",\"url\":\"https:\\\/\\\/kibrisdakik.com\\\/\",\"name\":\"\",\"description\":\"Tam vaktinde haber\",\"potentialAction\":[{\"@type\":\"SearchAction\",\"target\":{\"@type\":\"EntryPoint\",\"urlTemplate\":\"https:\\\/\\\/kibrisdakik.com\\\/?s={search_term_string}\"},\"query-input\":{\"@type\":\"PropertyValueSpecification\",\"valueRequired\":true,\"valueName\":\"search_term_string\"}}],\"inLanguage\":\"tr\"},{\"@type\":\"Person\",\"@id\":\"https:\\\/\\\/kibrisdakik.com\\\/#\\\/schema\\\/person\\\/9cd9d437bbb44f72b73ba127e06d8e79\",\"name\":\"admin\",\"image\":{\"@type\":\"ImageObject\",\"inLanguage\":\"tr\",\"@id\":\"https:\\\/\\\/secure.gravatar.com\\\/avatar\\\/ccc17943b9d660506c869530f897617f7cb1c21a4bf30023f252596d83e1f007?s=96&d=mm&r=g\",\"url\":\"https:\\\/\\\/secure.gravatar.com\\\/avatar\\\/ccc17943b9d660506c869530f897617f7cb1c21a4bf30023f252596d83e1f007?s=96&d=mm&r=g\",\"contentUrl\":\"https:\\\/\\\/secure.gravatar.com\\\/avatar\\\/ccc17943b9d660506c869530f897617f7cb1c21a4bf30023f252596d83e1f007?s=96&d=mm&r=g\",\"caption\":\"admin\"},\"sameAs\":[\"https:\\\/\\\/kibrisdakik.com\"],\"url\":\"https:\\\/\\\/kibrisdakik.com\\\/?author=1\"}]}<\/script>\n<!-- \/ Yoast SEO plugin. -->","yoast_head_json":{"title":"Bakana yapt\u0131\u011f\u0131 \u00e7a\u011fr\u0131 ile tan\u0131nm\u0131\u015ft\u0131! Skolyoz hastas\u0131 gen\u00e7 hayat\u0131n\u0131 kaybetti -","robots":{"index":"index","follow":"follow","max-snippet":"max-snippet:-1","max-image-preview":"max-image-preview:large","max-video-preview":"max-video-preview:-1"},"canonical":"https:\/\/kibrisdakik.com\/?p=57381","og_locale":"tr_TR","og_type":"article","og_title":"Bakana yapt\u0131\u011f\u0131 \u00e7a\u011fr\u0131 ile tan\u0131nm\u0131\u015ft\u0131! Skolyoz hastas\u0131 gen\u00e7 hayat\u0131n\u0131 kaybetti -","og_description":"Sosyal medyada &#8220;Fitnatmurat&#8221; ismiyle tan\u0131nan do\u011fu\u015ftan engelli gen\u00e7 Murat Sara\u00e7, tedavi g\u00f6rd\u00fc\u011f\u00fc hastanede hayat\u0131n\u0131 kaybetti. 24 ya\u015f\u0131nda hayata g\u00f6zlerini yuman Sara\u00e7, memleketi Amasya&#8217;n\u0131n Ta\u015fova il\u00e7esinde defnedildi. SKOLYOZ HASTASI GEN\u00c7 HAYATINI KAYBETT\u0130 Sosyal medyada &#8220;Fitnatmurat&#8221; ismiyle tan\u0131nan do\u011fu\u015ftan engelli gen\u00e7 Murat Sara\u00e7, tedavi g\u00f6rd\u00fc\u011f\u00fc hastanede hayat\u0131n\u0131 kaybetti. 24 ya\u015f\u0131nda hayata g\u00f6zlerini yuman Sara\u00e7, memleketi Amasya&#8217;n\u0131n Ta\u015fova","og_url":"https:\/\/kibrisdakik.com\/?p=57381","article_published_time":"2024-08-27T13:45:10+00:00","og_image":[{"width":640,"height":639,"url":"https:\/\/kibrisdakik.com\/wp-content\/uploads\/2024\/08\/bakana-attigi-tweet-ile-taninan-engelli-genc-son-17760383_998_m-640x420.jpg","type":"image\/jpeg"}],"author":"admin","twitter_card":"summary_large_image","twitter_misc":{"Yazan:":"admin","Tahmini okuma s\u00fcresi":"2 dakika"},"schema":{"@context":"https:\/\/schema.org","@graph":[{"@type":"Article","@id":"https:\/\/kibrisdakik.com\/?p=57381#article","isPartOf":{"@id":"https:\/\/kibrisdakik.com\/?p=57381"},"author":{"name":"admin","@id":"https:\/\/kibrisdakik.com\/#\/schema\/person\/9cd9d437bbb44f72b73ba127e06d8e79"},"headline":"Bakana yapt\u0131\u011f\u0131 \u00e7a\u011fr\u0131 ile tan\u0131nm\u0131\u015ft\u0131! Skolyoz hastas\u0131 gen\u00e7 hayat\u0131n\u0131 kaybetti","datePublished":"2024-08-27T13:45:10+00:00","mainEntityOfPage":{"@id":"https:\/\/kibrisdakik.com\/?p=57381"},"wordCount":422,"commentCount":0,"image":{"@id":"https:\/\/kibrisdakik.com\/?p=57381#primaryimage"},"thumbnailUrl":"https:\/\/kibrisdakik.com\/wp-content\/uploads\/2024\/08\/bakana-attigi-tweet-ile-taninan-engelli-genc-son-17760383_998_m-640x420.jpg","articleSection":["Magazin"],"inLanguage":"tr","potentialAction":[{"@type":"CommentAction","name":"Comment","target":["https:\/\/kibrisdakik.com\/?p=57381#respond"]}]},{"@type":"WebPage","@id":"https:\/\/kibrisdakik.com\/?p=57381","url":"https:\/\/kibrisdakik.com\/?p=57381","name":"Bakana yapt\u0131\u011f\u0131 \u00e7a\u011fr\u0131 ile tan\u0131nm\u0131\u015ft\u0131! Skolyoz hastas\u0131 gen\u00e7 hayat\u0131n\u0131 kaybetti -","isPartOf":{"@id":"https:\/\/kibrisdakik.com\/#website"},"primaryImageOfPage":{"@id":"https:\/\/kibrisdakik.com\/?p=57381#primaryimage"},"image":{"@id":"https:\/\/kibrisdakik.com\/?p=57381#primaryimage"},"thumbnailUrl":"https:\/\/kibrisdakik.com\/wp-content\/uploads\/2024\/08\/bakana-attigi-tweet-ile-taninan-engelli-genc-son-17760383_998_m-640x420.jpg","datePublished":"2024-08-27T13:45:10+00:00","author":{"@id":"https:\/\/kibrisdakik.com\/#\/schema\/person\/9cd9d437bbb44f72b73ba127e06d8e79"},"breadcrumb":{"@id":"https:\/\/kibrisdakik.com\/?p=57381#breadcrumb"},"inLanguage":"tr","potentialAction":[{"@type":"ReadAction","target":["https:\/\/kibrisdakik.com\/?p=57381"]}]},{"@type":"ImageObject","inLanguage":"tr","@id":"https:\/\/kibrisdakik.com\/?p=57381#primaryimage","url":"https:\/\/kibrisdakik.com\/wp-content\/uploads\/2024\/08\/bakana-attigi-tweet-ile-taninan-engelli-genc-son-17760383_998_m-640x420.jpg","contentUrl":"https:\/\/kibrisdakik.com\/wp-content\/uploads\/2024\/08\/bakana-attigi-tweet-ile-taninan-engelli-genc-son-17760383_998_m-640x420.jpg","width":640,"height":639},{"@type":"BreadcrumbList","@id":"https:\/\/kibrisdakik.com\/?p=57381#breadcrumb","itemListElement":[{"@type":"ListItem","position":1,"name":"Home","item":"https:\/\/kibrisdakik.com\/"},{"@type":"ListItem","position":2,"name":"Bakana yapt\u0131\u011f\u0131 \u00e7a\u011fr\u0131 ile tan\u0131nm\u0131\u015ft\u0131! Skolyoz hastas\u0131 gen\u00e7 hayat\u0131n\u0131 kaybetti"}]},{"@type":"WebSite","@id":"https:\/\/kibrisdakik.com\/#website","url":"https:\/\/kibrisdakik.com\/","name":"","description":"Tam vaktinde haber","potentialAction":[{"@type":"SearchAction","target":{"@type":"EntryPoint","urlTemplate":"https:\/\/kibrisdakik.com\/?s={search_term_string}"},"query-input":{"@type":"PropertyValueSpecification","valueRequired":true,"valueName":"search_term_string"}}],"inLanguage":"tr"},{"@type":"Person","@id":"https:\/\/kibrisdakik.com\/#\/schema\/person\/9cd9d437bbb44f72b73ba127e06d8e79","name":"admin","image":{"@type":"ImageObject","inLanguage":"tr","@id":"https:\/\/secure.gravatar.com\/avatar\/ccc17943b9d660506c869530f897617f7cb1c21a4bf30023f252596d83e1f007?s=96&d=mm&r=g","url":"https:\/\/secure.gravatar.com\/avatar\/ccc17943b9d660506c869530f897617f7cb1c21a4bf30023f252596d83e1f007?s=96&d=mm&r=g","contentUrl":"https:\/\/secure.gravatar.com\/avatar\/ccc17943b9d660506c869530f897617f7cb1c21a4bf30023f252596d83e1f007?s=96&d=mm&r=g","caption":"admin"},"sameAs":["https:\/\/kibrisdakik.com"],"url":"https:\/\/kibrisdakik.com\/?author=1"}]}},"_links":{"self":[{"href":"https:\/\/kibrisdakik.com\/index.php?rest_route=\/wp\/v2\/posts\/57381","targetHints":{"allow":["GET"]}}],"collection":[{"href":"https:\/\/kibrisdakik.com\/index.php?rest_route=\/wp\/v2\/posts"}],"about":[{"href":"https:\/\/kibrisdakik.com\/index.php?rest_route=\/wp\/v2\/types\/post"}],"author":[{"embeddable":true,"href":"https:\/\/kibrisdakik.com\/index.php?rest_route=\/wp\/v2\/users\/1"}],"replies":[{"embeddable":true,"href":"https:\/\/kibrisdakik.com\/index.php?rest_route=%2Fwp%2Fv2%2Fcomments&post=57381"}],"version-history":[{"count":0,"href":"https:\/\/kibrisdakik.com\/index.php?rest_route=\/wp\/v2\/posts\/57381\/revisions"}],"wp:featuredmedia":[{"embeddable":true,"href":"https:\/\/kibrisdakik.com\/index.php?rest_route=\/wp\/v2\/media\/57382"}],"wp:attachment":[{"href":"https:\/\/kibrisdakik.com\/index.php?rest_route=%2Fwp%2Fv2%2Fmedia&parent=57381"}],"wp:term":[{"taxonomy":"category","embeddable":true,"href":"https:\/\/kibrisdakik.com\/index.php?rest_route=%2Fwp%2Fv2%2Fcategories&post=57381"},{"taxonomy":"post_tag","embeddable":true,"href":"https:\/\/kibrisdakik.com\/index.php?rest_route=%2Fwp%2Fv2%2Ftags&post=57381"}],"curies":[{"name":"wp","href":"https:\/\/api.w.org\/{rel}","templated":true}]}}