{"id":57441,"date":"2024-08-28T00:35:20","date_gmt":"2024-08-27T21:35:20","guid":{"rendered":"https:\/\/kibrisdakik.com\/index.php\/2024\/08\/28\/netanyahuyu-iran-korkusu-sardi-en-yakinindaki-ismin-guvenligi-artiriliyor\/"},"modified":"2024-08-28T00:35:20","modified_gmt":"2024-08-27T21:35:20","slug":"netanyahuyu-iran-korkusu-sardi-en-yakinindaki-ismin-guvenligi-artiriliyor","status":"publish","type":"post","link":"https:\/\/kibrisdakik.com\/?p=57441","title":{"rendered":"Netanyahu&#8217;yu &#8220;\u0130ran&#8221; korkusu sard\u0131! En yak\u0131n\u0131ndaki ismin g\u00fcvenli\u011fi art\u0131r\u0131l\u0131yor"},"content":{"rendered":"<p><\/p>\n<div id=\"\">\n<p> <a class=\"keyword\" href=\"https:\/\/www.haberler.com\/israil\/\" title=\"\u0130srail Haberleri, \u0130srail Haberi, \u0130srail Haber\"><strong>\u0130srail<\/strong><\/a> Ba\u015fbakan\u0131 Binyamin Netanyahu&#8217;nun, Hamas Siyasi B\u00fcro Ba\u015fkan\u0131 \u0130smail Heniyye&#8217;ye d\u00fczenlenen suikast\u0131n ard\u0131ndan  <a class=\"keyword\" href=\"https:\/\/www.haberler.com\/iran\/\" title=\"\u0130ran Haberleri, \u0130ran Haberi, \u0130ran Haber\"><strong>\u0130ran<\/strong><\/a>&#8216;\u0131n misilleme yapaca\u011f\u0131 endi\u015fesiyle Miami&#8217;de ya\u015fayan o\u011flu Yair Netanyahu&#8217;nun korumalar\u0131n\u0131n g\u00fc\u00e7lendirilmesini talep etti\u011fi bildirildi.<\/p>\n<h3>NETANYAHU&#8217;NUN O\u011eLUNUN G\u00dcVENL\u0130K \u00d6NLEMLER\u0130 SIKILA\u015eTIRILIYOR<\/h3>\n<p>Walla  <a class=\"keyword\" href=\"https:\/\/www.haberler.com\/\" title=\"Haber, Haberler\"><strong>haber<\/strong><\/a> sitesinin Netanyahu&#8217;ya yak\u0131n ad\u0131 a\u00e7\u0131klanmayan kaynaklara dayand\u0131rd\u0131\u011f\u0131 haberine g\u00f6re, Netanyahu&#8217;nun \u00d6zel Kalemi Yossi Shelley, ge\u00e7ti\u011fimiz g\u00fcnlerde Yair&#8217;in \u00e7evresindeki g\u00fcvenlik yo\u011funlu\u011funun incelenmesi talebiyle \u015ein Bet Ki\u015fisel G\u00fcvenlik Dan\u0131\u015fma Komitesine ba\u015fvurdu. \u0130ran ve ajanlar\u0131n\u0131n Tahran&#8217;da Heniyye&#8217;ye d\u00fczenlenen suikasta tepkisinin \u0130srailli \u015fahsiyetler ve yurt d\u0131\u015f\u0131ndaki hedefleri \u00fczerinde odaklanaca\u011f\u0131ndan endi\u015fe eden Netanyahu, o\u011flu Yair&#8217;in etraf\u0131ndaki g\u00fcvenlik \u00f6nlemlerinin s\u0131k\u0131la\u015ft\u0131r\u0131lmas\u0131n\u0131 talep etti.<\/p>\n<p><img loading=\"lazy\" decoding=\"async\" class=\"hbptMainImage lazyload ImgDetay\" src=\"https:\/\/foto.haberler.com\/haber\/2024\/08\/28\/netanyahu-nun-oglunun-guvenligi-sikilastiriliyor-17761288_3684_m.jpg\" alt=\"Netanyahu'nun o\u011flunun g\u00fcvenli\u011fi s\u0131k\u0131la\u015ft\u0131r\u0131l\u0131yor\" width=\"640\" height=\"426\"\/><span class=\"figcaption\">\u0130srail Ba\u015fbakan\u0131 Binyamin Netanyahu<\/span><\/p>\n<p>Dan\u0131\u015fma Komitesi, yaln\u0131zca i\u00e7g\u00fcd\u00fclere g\u00fcvenilemeyece\u011fini ve g\u00fcvenlik s\u0131k\u0131la\u015ft\u0131rmas\u0131n\u0131 gerekli k\u0131lacak istihbarat bulgular\u0131n\u0131 talep etti. Walla&#8217;ya g\u00f6re Nisan 2023&#8217;ten bu yana \u0130srail Genel G\u00fcvenlik Servisi&#8217;nin (\u015ein Bet) korumas\u0131 alt\u0131nda Miami&#8217;de ya\u015fayan Yair Netanyahu&#8217;nun (33), y\u0131ll\u0131k ya\u015fam maliyeti 2,5 milyon \u015fekel (680 bin dolar).<\/p>\n<p><img loading=\"lazy\" decoding=\"async\" class=\"hbptMainImage lazyload ImgDetay\" src=\"https:\/\/foto.haberler.com\/haber\/2024\/08\/28\/netanyahu-nun-oglunun-guvenligi-sikilastiriliyor-17761288_9198_m.jpg\" alt=\"Netanyahu'nun o\u011flunun g\u00fcvenli\u011fi s\u0131k\u0131la\u015ft\u0131r\u0131l\u0131yor\" width=\"640\" height=\"425\"\/><span class=\"figcaption\">Yair Netanyahu<\/span><\/p>\n<h3>\u0130SMA\u0130L HAN\u0130YE SU\u0130KASTI<\/h3>\n<p>Hamas lideri Heniyye, 31 Temmuz&#8217;da Tahran&#8217;da suikasta u\u011fram\u0131\u015ft\u0131. \u0130ran ve Hamas, Heniyye&#8217;ye y\u00f6nelik suikast\u0131n arkas\u0131nda \u0130srail&#8217;in oldu\u011funu belirtmi\u015fti.<\/p>\n<h4 id=\"nwsKeywords\"> <a href=\"https:\/\/www.haberler.com\/binyamin-netanyahu\/\" title=\"Binyamin Netanyahu\" class=\"hbptTag\">Binyamin Netanyahu<\/a>  <a href=\"https:\/\/www.haberler.com\/israil\/\" title=\"\u0130srail\" class=\"hbptTag\">\u0130srail<\/a>  <a href=\"https:\/\/www.haberler.com\/iran\/\" title=\"\u0130ran\" class=\"hbptTag\">\u0130ran<\/a>  <a href=\"https:\/\/www.haberler.com\/politika\/\" title=\"Politika\" class=\"hbptTag\">Politika<\/a>  <a href=\"https:\/\/www.haberler.com\/guncel\/\" title=\"G\u00fcncel\" class=\"hbptTag\">G\u00fcncel<\/a>  <a href=\"https:\/\/www.haberler.com\/\" title=\"Haberler\" class=\"hbptTag\">Haberler<\/a> <\/h4>\n<\/div>\n","protected":false},"excerpt":{"rendered":"<p>\u0130srail Ba\u015fbakan\u0131 Binyamin Netanyahu&#8217;nun, Hamas Siyasi B\u00fcro Ba\u015fkan\u0131 \u0130smail Heniyye&#8217;ye d\u00fczenlenen suikast\u0131n ard\u0131ndan \u0130ran&#8216;\u0131n misilleme yapaca\u011f\u0131 endi\u015fesiyle Miami&#8217;de ya\u015fayan o\u011flu Yair Netanyahu&#8217;nun korumalar\u0131n\u0131n g\u00fc\u00e7lendirilmesini talep etti\u011fi bildirildi. NETANYAHU&#8217;NUN O\u011eLUNUN G\u00dcVENL\u0130K \u00d6NLEMLER\u0130 SIKILA\u015eTIRILIYOR Walla haber sitesinin Netanyahu&#8217;ya yak\u0131n ad\u0131 a\u00e7\u0131klanmayan kaynaklara dayand\u0131rd\u0131\u011f\u0131 haberine g\u00f6re, Netanyahu&#8217;nun \u00d6zel Kalemi Yossi Shelley, ge\u00e7ti\u011fimiz g\u00fcnlerde Yair&#8217;in \u00e7evresindeki g\u00fcvenlik yo\u011funlu\u011funun incelenmesi<\/p>\n","protected":false},"author":1,"featured_media":57442,"comment_status":"open","ping_status":"open","sticky":false,"template":"","format":"standard","meta":{"footnotes":""},"categories":[83],"tags":[],"class_list":["post-57441","post","type-post","status-publish","format-standard","has-post-thumbnail","hentry","category-magazin"],"yoast_head":"<!-- This site is optimized with the Yoast SEO plugin v27.5 - https:\/\/yoast.com\/product\/yoast-seo-wordpress\/ -->\n<title>Netanyahu&#039;yu &quot;\u0130ran&quot; korkusu sard\u0131! En yak\u0131n\u0131ndaki ismin g\u00fcvenli\u011fi art\u0131r\u0131l\u0131yor -<\/title>\n<meta name=\"robots\" content=\"index, follow, max-snippet:-1, max-image-preview:large, max-video-preview:-1\" \/>\n<link rel=\"canonical\" href=\"https:\/\/kibrisdakik.com\/?p=57441\" \/>\n<meta property=\"og:locale\" content=\"tr_TR\" \/>\n<meta property=\"og:type\" content=\"article\" \/>\n<meta property=\"og:title\" content=\"Netanyahu&#039;yu &quot;\u0130ran&quot; korkusu sard\u0131! En yak\u0131n\u0131ndaki ismin g\u00fcvenli\u011fi art\u0131r\u0131l\u0131yor -\" \/>\n<meta property=\"og:description\" content=\"\u0130srail Ba\u015fbakan\u0131 Binyamin Netanyahu&#8217;nun, Hamas Siyasi B\u00fcro Ba\u015fkan\u0131 \u0130smail Heniyye&#8217;ye d\u00fczenlenen suikast\u0131n ard\u0131ndan \u0130ran&#8216;\u0131n misilleme yapaca\u011f\u0131 endi\u015fesiyle Miami&#8217;de ya\u015fayan o\u011flu Yair Netanyahu&#8217;nun korumalar\u0131n\u0131n g\u00fc\u00e7lendirilmesini talep etti\u011fi bildirildi. NETANYAHU&#8217;NUN O\u011eLUNUN G\u00dcVENL\u0130K \u00d6NLEMLER\u0130 SIKILA\u015eTIRILIYOR Walla haber sitesinin Netanyahu&#8217;ya yak\u0131n ad\u0131 a\u00e7\u0131klanmayan kaynaklara dayand\u0131rd\u0131\u011f\u0131 haberine g\u00f6re, Netanyahu&#8217;nun \u00d6zel Kalemi Yossi Shelley, ge\u00e7ti\u011fimiz g\u00fcnlerde Yair&#8217;in \u00e7evresindeki g\u00fcvenlik yo\u011funlu\u011funun incelenmesi\" \/>\n<meta property=\"og:url\" content=\"https:\/\/kibrisdakik.com\/?p=57441\" \/>\n<meta property=\"article:published_time\" content=\"2024-08-27T21:35:20+00:00\" \/>\n<meta property=\"og:image\" content=\"https:\/\/kibrisdakik.com\/wp-content\/uploads\/2024\/08\/netanyahu-nun-oglunun-guvenligi-sikilastiriliyor-17761288_3684_m-640x420.jpg\" \/>\n\t<meta property=\"og:image:width\" content=\"640\" \/>\n\t<meta property=\"og:image:height\" content=\"426\" \/>\n\t<meta property=\"og:image:type\" content=\"image\/jpeg\" \/>\n<meta name=\"author\" content=\"admin\" \/>\n<meta name=\"twitter:card\" content=\"summary_large_image\" \/>\n<meta name=\"twitter:label1\" content=\"Yazan:\" \/>\n\t<meta name=\"twitter:data1\" content=\"admin\" \/>\n\t<meta name=\"twitter:label2\" content=\"Tahmini okuma s\u00fcresi\" \/>\n\t<meta name=\"twitter:data2\" content=\"1 dakika\" \/>\n<script type=\"application\/ld+json\" class=\"yoast-schema-graph\">{\"@context\":\"https:\\\/\\\/schema.org\",\"@graph\":[{\"@type\":\"Article\",\"@id\":\"https:\\\/\\\/kibrisdakik.com\\\/?p=57441#article\",\"isPartOf\":{\"@id\":\"https:\\\/\\\/kibrisdakik.com\\\/?p=57441\"},\"author\":{\"name\":\"admin\",\"@id\":\"https:\\\/\\\/kibrisdakik.com\\\/#\\\/schema\\\/person\\\/9cd9d437bbb44f72b73ba127e06d8e79\"},\"headline\":\"Netanyahu&#8217;yu &#8220;\u0130ran&#8221; korkusu sard\u0131! En yak\u0131n\u0131ndaki ismin g\u00fcvenli\u011fi art\u0131r\u0131l\u0131yor\",\"datePublished\":\"2024-08-27T21:35:20+00:00\",\"mainEntityOfPage\":{\"@id\":\"https:\\\/\\\/kibrisdakik.com\\\/?p=57441\"},\"wordCount\":260,\"commentCount\":0,\"image\":{\"@id\":\"https:\\\/\\\/kibrisdakik.com\\\/?p=57441#primaryimage\"},\"thumbnailUrl\":\"https:\\\/\\\/kibrisdakik.com\\\/wp-content\\\/uploads\\\/2024\\\/08\\\/netanyahu-nun-oglunun-guvenligi-sikilastiriliyor-17761288_3684_m-640x420.jpg\",\"articleSection\":[\"Magazin\"],\"inLanguage\":\"tr\",\"potentialAction\":[{\"@type\":\"CommentAction\",\"name\":\"Comment\",\"target\":[\"https:\\\/\\\/kibrisdakik.com\\\/?p=57441#respond\"]}]},{\"@type\":\"WebPage\",\"@id\":\"https:\\\/\\\/kibrisdakik.com\\\/?p=57441\",\"url\":\"https:\\\/\\\/kibrisdakik.com\\\/?p=57441\",\"name\":\"Netanyahu'yu \\\"\u0130ran\\\" korkusu sard\u0131! En yak\u0131n\u0131ndaki ismin g\u00fcvenli\u011fi art\u0131r\u0131l\u0131yor -\",\"isPartOf\":{\"@id\":\"https:\\\/\\\/kibrisdakik.com\\\/#website\"},\"primaryImageOfPage\":{\"@id\":\"https:\\\/\\\/kibrisdakik.com\\\/?p=57441#primaryimage\"},\"image\":{\"@id\":\"https:\\\/\\\/kibrisdakik.com\\\/?p=57441#primaryimage\"},\"thumbnailUrl\":\"https:\\\/\\\/kibrisdakik.com\\\/wp-content\\\/uploads\\\/2024\\\/08\\\/netanyahu-nun-oglunun-guvenligi-sikilastiriliyor-17761288_3684_m-640x420.jpg\",\"datePublished\":\"2024-08-27T21:35:20+00:00\",\"author\":{\"@id\":\"https:\\\/\\\/kibrisdakik.com\\\/#\\\/schema\\\/person\\\/9cd9d437bbb44f72b73ba127e06d8e79\"},\"breadcrumb\":{\"@id\":\"https:\\\/\\\/kibrisdakik.com\\\/?p=57441#breadcrumb\"},\"inLanguage\":\"tr\",\"potentialAction\":[{\"@type\":\"ReadAction\",\"target\":[\"https:\\\/\\\/kibrisdakik.com\\\/?p=57441\"]}]},{\"@type\":\"ImageObject\",\"inLanguage\":\"tr\",\"@id\":\"https:\\\/\\\/kibrisdakik.com\\\/?p=57441#primaryimage\",\"url\":\"https:\\\/\\\/kibrisdakik.com\\\/wp-content\\\/uploads\\\/2024\\\/08\\\/netanyahu-nun-oglunun-guvenligi-sikilastiriliyor-17761288_3684_m-640x420.jpg\",\"contentUrl\":\"https:\\\/\\\/kibrisdakik.com\\\/wp-content\\\/uploads\\\/2024\\\/08\\\/netanyahu-nun-oglunun-guvenligi-sikilastiriliyor-17761288_3684_m-640x420.jpg\",\"width\":640,\"height\":426},{\"@type\":\"BreadcrumbList\",\"@id\":\"https:\\\/\\\/kibrisdakik.com\\\/?p=57441#breadcrumb\",\"itemListElement\":[{\"@type\":\"ListItem\",\"position\":1,\"name\":\"Home\",\"item\":\"https:\\\/\\\/kibrisdakik.com\\\/\"},{\"@type\":\"ListItem\",\"position\":2,\"name\":\"Netanyahu&#8217;yu &#8220;\u0130ran&#8221; korkusu sard\u0131! En yak\u0131n\u0131ndaki ismin g\u00fcvenli\u011fi art\u0131r\u0131l\u0131yor\"}]},{\"@type\":\"WebSite\",\"@id\":\"https:\\\/\\\/kibrisdakik.com\\\/#website\",\"url\":\"https:\\\/\\\/kibrisdakik.com\\\/\",\"name\":\"\",\"description\":\"Tam vaktinde haber\",\"potentialAction\":[{\"@type\":\"SearchAction\",\"target\":{\"@type\":\"EntryPoint\",\"urlTemplate\":\"https:\\\/\\\/kibrisdakik.com\\\/?s={search_term_string}\"},\"query-input\":{\"@type\":\"PropertyValueSpecification\",\"valueRequired\":true,\"valueName\":\"search_term_string\"}}],\"inLanguage\":\"tr\"},{\"@type\":\"Person\",\"@id\":\"https:\\\/\\\/kibrisdakik.com\\\/#\\\/schema\\\/person\\\/9cd9d437bbb44f72b73ba127e06d8e79\",\"name\":\"admin\",\"image\":{\"@type\":\"ImageObject\",\"inLanguage\":\"tr\",\"@id\":\"https:\\\/\\\/secure.gravatar.com\\\/avatar\\\/ccc17943b9d660506c869530f897617f7cb1c21a4bf30023f252596d83e1f007?s=96&d=mm&r=g\",\"url\":\"https:\\\/\\\/secure.gravatar.com\\\/avatar\\\/ccc17943b9d660506c869530f897617f7cb1c21a4bf30023f252596d83e1f007?s=96&d=mm&r=g\",\"contentUrl\":\"https:\\\/\\\/secure.gravatar.com\\\/avatar\\\/ccc17943b9d660506c869530f897617f7cb1c21a4bf30023f252596d83e1f007?s=96&d=mm&r=g\",\"caption\":\"admin\"},\"sameAs\":[\"https:\\\/\\\/kibrisdakik.com\"],\"url\":\"https:\\\/\\\/kibrisdakik.com\\\/?author=1\"}]}<\/script>\n<!-- \/ Yoast SEO plugin. -->","yoast_head_json":{"title":"Netanyahu'yu \"\u0130ran\" korkusu sard\u0131! En yak\u0131n\u0131ndaki ismin g\u00fcvenli\u011fi art\u0131r\u0131l\u0131yor -","robots":{"index":"index","follow":"follow","max-snippet":"max-snippet:-1","max-image-preview":"max-image-preview:large","max-video-preview":"max-video-preview:-1"},"canonical":"https:\/\/kibrisdakik.com\/?p=57441","og_locale":"tr_TR","og_type":"article","og_title":"Netanyahu'yu \"\u0130ran\" korkusu sard\u0131! En yak\u0131n\u0131ndaki ismin g\u00fcvenli\u011fi art\u0131r\u0131l\u0131yor -","og_description":"\u0130srail Ba\u015fbakan\u0131 Binyamin Netanyahu&#8217;nun, Hamas Siyasi B\u00fcro Ba\u015fkan\u0131 \u0130smail Heniyye&#8217;ye d\u00fczenlenen suikast\u0131n ard\u0131ndan \u0130ran&#8216;\u0131n misilleme yapaca\u011f\u0131 endi\u015fesiyle Miami&#8217;de ya\u015fayan o\u011flu Yair Netanyahu&#8217;nun korumalar\u0131n\u0131n g\u00fc\u00e7lendirilmesini talep etti\u011fi bildirildi. NETANYAHU&#8217;NUN O\u011eLUNUN G\u00dcVENL\u0130K \u00d6NLEMLER\u0130 SIKILA\u015eTIRILIYOR Walla haber sitesinin Netanyahu&#8217;ya yak\u0131n ad\u0131 a\u00e7\u0131klanmayan kaynaklara dayand\u0131rd\u0131\u011f\u0131 haberine g\u00f6re, Netanyahu&#8217;nun \u00d6zel Kalemi Yossi Shelley, ge\u00e7ti\u011fimiz g\u00fcnlerde Yair&#8217;in \u00e7evresindeki g\u00fcvenlik yo\u011funlu\u011funun incelenmesi","og_url":"https:\/\/kibrisdakik.com\/?p=57441","article_published_time":"2024-08-27T21:35:20+00:00","og_image":[{"width":640,"height":426,"url":"https:\/\/kibrisdakik.com\/wp-content\/uploads\/2024\/08\/netanyahu-nun-oglunun-guvenligi-sikilastiriliyor-17761288_3684_m-640x420.jpg","type":"image\/jpeg"}],"author":"admin","twitter_card":"summary_large_image","twitter_misc":{"Yazan:":"admin","Tahmini okuma s\u00fcresi":"1 dakika"},"schema":{"@context":"https:\/\/schema.org","@graph":[{"@type":"Article","@id":"https:\/\/kibrisdakik.com\/?p=57441#article","isPartOf":{"@id":"https:\/\/kibrisdakik.com\/?p=57441"},"author":{"name":"admin","@id":"https:\/\/kibrisdakik.com\/#\/schema\/person\/9cd9d437bbb44f72b73ba127e06d8e79"},"headline":"Netanyahu&#8217;yu &#8220;\u0130ran&#8221; korkusu sard\u0131! En yak\u0131n\u0131ndaki ismin g\u00fcvenli\u011fi art\u0131r\u0131l\u0131yor","datePublished":"2024-08-27T21:35:20+00:00","mainEntityOfPage":{"@id":"https:\/\/kibrisdakik.com\/?p=57441"},"wordCount":260,"commentCount":0,"image":{"@id":"https:\/\/kibrisdakik.com\/?p=57441#primaryimage"},"thumbnailUrl":"https:\/\/kibrisdakik.com\/wp-content\/uploads\/2024\/08\/netanyahu-nun-oglunun-guvenligi-sikilastiriliyor-17761288_3684_m-640x420.jpg","articleSection":["Magazin"],"inLanguage":"tr","potentialAction":[{"@type":"CommentAction","name":"Comment","target":["https:\/\/kibrisdakik.com\/?p=57441#respond"]}]},{"@type":"WebPage","@id":"https:\/\/kibrisdakik.com\/?p=57441","url":"https:\/\/kibrisdakik.com\/?p=57441","name":"Netanyahu'yu \"\u0130ran\" korkusu sard\u0131! En yak\u0131n\u0131ndaki ismin g\u00fcvenli\u011fi art\u0131r\u0131l\u0131yor -","isPartOf":{"@id":"https:\/\/kibrisdakik.com\/#website"},"primaryImageOfPage":{"@id":"https:\/\/kibrisdakik.com\/?p=57441#primaryimage"},"image":{"@id":"https:\/\/kibrisdakik.com\/?p=57441#primaryimage"},"thumbnailUrl":"https:\/\/kibrisdakik.com\/wp-content\/uploads\/2024\/08\/netanyahu-nun-oglunun-guvenligi-sikilastiriliyor-17761288_3684_m-640x420.jpg","datePublished":"2024-08-27T21:35:20+00:00","author":{"@id":"https:\/\/kibrisdakik.com\/#\/schema\/person\/9cd9d437bbb44f72b73ba127e06d8e79"},"breadcrumb":{"@id":"https:\/\/kibrisdakik.com\/?p=57441#breadcrumb"},"inLanguage":"tr","potentialAction":[{"@type":"ReadAction","target":["https:\/\/kibrisdakik.com\/?p=57441"]}]},{"@type":"ImageObject","inLanguage":"tr","@id":"https:\/\/kibrisdakik.com\/?p=57441#primaryimage","url":"https:\/\/kibrisdakik.com\/wp-content\/uploads\/2024\/08\/netanyahu-nun-oglunun-guvenligi-sikilastiriliyor-17761288_3684_m-640x420.jpg","contentUrl":"https:\/\/kibrisdakik.com\/wp-content\/uploads\/2024\/08\/netanyahu-nun-oglunun-guvenligi-sikilastiriliyor-17761288_3684_m-640x420.jpg","width":640,"height":426},{"@type":"BreadcrumbList","@id":"https:\/\/kibrisdakik.com\/?p=57441#breadcrumb","itemListElement":[{"@type":"ListItem","position":1,"name":"Home","item":"https:\/\/kibrisdakik.com\/"},{"@type":"ListItem","position":2,"name":"Netanyahu&#8217;yu &#8220;\u0130ran&#8221; korkusu sard\u0131! En yak\u0131n\u0131ndaki ismin g\u00fcvenli\u011fi art\u0131r\u0131l\u0131yor"}]},{"@type":"WebSite","@id":"https:\/\/kibrisdakik.com\/#website","url":"https:\/\/kibrisdakik.com\/","name":"","description":"Tam vaktinde haber","potentialAction":[{"@type":"SearchAction","target":{"@type":"EntryPoint","urlTemplate":"https:\/\/kibrisdakik.com\/?s={search_term_string}"},"query-input":{"@type":"PropertyValueSpecification","valueRequired":true,"valueName":"search_term_string"}}],"inLanguage":"tr"},{"@type":"Person","@id":"https:\/\/kibrisdakik.com\/#\/schema\/person\/9cd9d437bbb44f72b73ba127e06d8e79","name":"admin","image":{"@type":"ImageObject","inLanguage":"tr","@id":"https:\/\/secure.gravatar.com\/avatar\/ccc17943b9d660506c869530f897617f7cb1c21a4bf30023f252596d83e1f007?s=96&d=mm&r=g","url":"https:\/\/secure.gravatar.com\/avatar\/ccc17943b9d660506c869530f897617f7cb1c21a4bf30023f252596d83e1f007?s=96&d=mm&r=g","contentUrl":"https:\/\/secure.gravatar.com\/avatar\/ccc17943b9d660506c869530f897617f7cb1c21a4bf30023f252596d83e1f007?s=96&d=mm&r=g","caption":"admin"},"sameAs":["https:\/\/kibrisdakik.com"],"url":"https:\/\/kibrisdakik.com\/?author=1"}]}},"_links":{"self":[{"href":"https:\/\/kibrisdakik.com\/index.php?rest_route=\/wp\/v2\/posts\/57441","targetHints":{"allow":["GET"]}}],"collection":[{"href":"https:\/\/kibrisdakik.com\/index.php?rest_route=\/wp\/v2\/posts"}],"about":[{"href":"https:\/\/kibrisdakik.com\/index.php?rest_route=\/wp\/v2\/types\/post"}],"author":[{"embeddable":true,"href":"https:\/\/kibrisdakik.com\/index.php?rest_route=\/wp\/v2\/users\/1"}],"replies":[{"embeddable":true,"href":"https:\/\/kibrisdakik.com\/index.php?rest_route=%2Fwp%2Fv2%2Fcomments&post=57441"}],"version-history":[{"count":0,"href":"https:\/\/kibrisdakik.com\/index.php?rest_route=\/wp\/v2\/posts\/57441\/revisions"}],"wp:featuredmedia":[{"embeddable":true,"href":"https:\/\/kibrisdakik.com\/index.php?rest_route=\/wp\/v2\/media\/57442"}],"wp:attachment":[{"href":"https:\/\/kibrisdakik.com\/index.php?rest_route=%2Fwp%2Fv2%2Fmedia&parent=57441"}],"wp:term":[{"taxonomy":"category","embeddable":true,"href":"https:\/\/kibrisdakik.com\/index.php?rest_route=%2Fwp%2Fv2%2Fcategories&post=57441"},{"taxonomy":"post_tag","embeddable":true,"href":"https:\/\/kibrisdakik.com\/index.php?rest_route=%2Fwp%2Fv2%2Ftags&post=57441"}],"curies":[{"name":"wp","href":"https:\/\/api.w.org\/{rel}","templated":true}]}}