{"id":57490,"date":"2024-08-28T10:14:52","date_gmt":"2024-08-28T07:14:52","guid":{"rendered":"https:\/\/kibrisdakik.com\/index.php\/2024\/08\/28\/8-gundur-aranan-narinin-annesinden-kafalari-karistiran-sozler\/"},"modified":"2024-08-28T10:14:52","modified_gmt":"2024-08-28T07:14:52","slug":"8-gundur-aranan-narinin-annesinden-kafalari-karistiran-sozler","status":"publish","type":"post","link":"https:\/\/kibrisdakik.com\/?p=57490","title":{"rendered":"8 g\u00fcnd\u00fcr aranan Narin&#8217;in annesinden kafalar\u0131 kar\u0131\u015ft\u0131ran s\u00f6zler"},"content":{"rendered":"<p><img decoding=\"async\" src=\"https:\/\/foto.haberler.com\/haber\/2024\/08\/28\/8-gundur-aranan-narin-in-annesinden-kafalari-17761802_6454_amp.jpg\" \/><\/p>\n<div id=\"\">\n<p>T\u00fcrkiye, Diyarbak\u0131r&#8217;\u0131n merkez Ba\u011flar il\u00e7esinde kaybolan Narin&#8217;den gelecek habere kilitlendi. K\u00f6y didik aranmaya devam ederken, anne G\u00fclseren G\u00fcran&#8217;\u0131n Narin&#8217;in kayboldu\u011fu g\u00fcne dair anlatt\u0131klar\u0131 dikkat \u00e7ekti. <\/p>\n<p>K\u0131rsal Tav\u015fantepe Mahallesi&#8217;nde 21 A\u011fustos&#8217;ta 15.00 s\u0131ralar\u0131nda Narin G\u00fcran&#8217;dan  <a class=\"keyword\" href=\"https:\/\/www.haberler.com\/\" title=\"Haber, Haberler\"><strong>haber<\/strong><\/a> alamayan ailesinin yetkililere bildirmesi \u00fczerine b\u00f6lgede 112 Acil Sa\u011fl\u0131k, Jandarma Arama Kurtarma (JAK), AFAD ve Dicle \u00dcniversitesi Arama Kurtarma (D\u00dcAK) ekiplerince ba\u015flat\u0131lan arama \u00e7al\u0131\u015fmas\u0131 s\u00fcr\u00fcyor.<\/p>\n<h3>&#8220;BUNU \u0130LK KEZ ANLATIYORUM&#8230;&#8221;<\/h3>\n<p>Kat\u0131ld\u0131\u011f\u0131 canl\u0131 yay\u0131nda Didem Arslan Y\u0131lmaz&#8217;\u0131n sorular\u0131n\u0131 yan\u0131tlayan anne G\u00fclseren G\u00fcran,&#8221;Bizden \u015f\u00fcphelenirler diye s\u00f6ylemedim, ilk kez anlat\u0131yorum. Askere gidecek olan o\u011flum ve iki arkada\u015f\u0131 Narinin kayboldu\u011fu saatlerde evin arka taraf\u0131nda t\u00fct\u00fcn i\u00e7iyor ve bir k\u00f6pe\u011fe zarar veriyorlar&#8221; ifadelerini kulland\u0131. G\u00fcran&#8217;\u0131n s\u00f6zleri sonras\u0131 yay\u0131n jandarman\u0131n aileyi ifadeye \u00e7a\u011f\u0131rd\u0131\u011f\u0131 belirtilerek kesildi.<\/p>\n<h3>&#8220;B\u0130R\u0130 G\u00d6T\u00dcRD\u00dcYSE ANCAK TANIDIKTIR&#8221;<\/h3>\n<p>Bir di\u011fer yay\u0131nda da detaylar veren G\u00fcran, &#8220;K\u00f6yde ta\u015f \u00fcst\u00fcnde ta\u015f b\u0131rakmad\u0131lar. Tarlalar, \u00e7imenler, pamuklar, insanlar&#8230; Her yeri ar\u0131yorlar, yok. Allah bin kere raz\u0131 olsun&#8221; diyen G\u00fcran, k\u0131z\u0131n\u0131 tan\u0131d\u0131k birinin g\u00f6t\u00fcrd\u00fc\u011f\u00fcn\u00fc d\u00fc\u015f\u00fcn\u00fcyor. Narin&#8217;in ak\u0131ll\u0131 bir k\u0131z oldu\u011funu belirten anne, &#8220;K\u0131z\u0131m\u0131 kimse parayla falan kand\u0131r\u0131p arabaya at\u0131p g\u00f6t\u00fcremez. Biri g\u00f6t\u00fcrd\u00fcyse ancak tan\u0131d\u0131kt\u0131r&#8221; dedi.<\/p>\n<h3>&#8220;NAR\u0130N&#8217;\u0130 EN SON ELT\u0130M G\u00d6RD\u00dc&#8221;<\/h3>\n<p>G\u00fcran s\u00f6zlerini \u015f\u00f6yle s\u00fcrd\u00fcrd\u00fc: &#8220;O g\u00fcn erkeklerimizden hi\u00e7biri evde yoktu, d\u00fc\u011f\u00fcn haz\u0131rl\u0131\u011f\u0131 yap\u0131yorduk. En son 17.00-17.30 s\u0131ralar\u0131nda eltim Ma\u015fallah G\u00fcran&#8217;\u0131n kap\u0131s\u0131n\u0131 \u00e7alm\u0131\u015f, k\u0131zlar\u0131 sormu\u015f. Biri de 18.00&#8217;de \u00e7e\u015fmede g\u00f6rm\u00fc\u015f. Sonra Narin neden yolu uzat\u0131yor, normal yoldan gelmiyor bilmiyorum.&#8221;<\/p>\n<h4 id=\"nwsKeywords\"> <a href=\"https:\/\/www.haberler.com\/3-sayfa\/\" title=\"3.Sayfa\" class=\"hbptTag\">3.Sayfa<\/a>  <a href=\"https:\/\/www.haberler.com\/guncel\/\" title=\"G\u00fcncel\" class=\"hbptTag\">G\u00fcncel<\/a>  <a href=\"https:\/\/www.haberler.com\/\" title=\"Haberler\" class=\"hbptTag\">Haberler<\/a> <\/h4>\n<\/div>\n","protected":false},"excerpt":{"rendered":"<p>T\u00fcrkiye, Diyarbak\u0131r&#8217;\u0131n merkez Ba\u011flar il\u00e7esinde kaybolan Narin&#8217;den gelecek habere kilitlendi. K\u00f6y didik aranmaya devam ederken, anne G\u00fclseren G\u00fcran&#8217;\u0131n Narin&#8217;in kayboldu\u011fu g\u00fcne dair anlatt\u0131klar\u0131 dikkat \u00e7ekti. K\u0131rsal Tav\u015fantepe Mahallesi&#8217;nde 21 A\u011fustos&#8217;ta 15.00 s\u0131ralar\u0131nda Narin G\u00fcran&#8217;dan haber alamayan ailesinin yetkililere bildirmesi \u00fczerine b\u00f6lgede 112 Acil Sa\u011fl\u0131k, Jandarma Arama Kurtarma (JAK), AFAD ve Dicle \u00dcniversitesi Arama Kurtarma (D\u00dcAK)<\/p>\n","protected":false},"author":1,"featured_media":57491,"comment_status":"open","ping_status":"open","sticky":false,"template":"","format":"standard","meta":{"footnotes":""},"categories":[83],"tags":[],"class_list":["post-57490","post","type-post","status-publish","format-standard","has-post-thumbnail","hentry","category-magazin"],"yoast_head":"<!-- This site is optimized with the Yoast SEO plugin v27.4 - https:\/\/yoast.com\/product\/yoast-seo-wordpress\/ -->\n<title>8 g\u00fcnd\u00fcr aranan Narin&#039;in annesinden kafalar\u0131 kar\u0131\u015ft\u0131ran s\u00f6zler -<\/title>\n<meta name=\"robots\" content=\"index, follow, max-snippet:-1, max-image-preview:large, max-video-preview:-1\" \/>\n<link rel=\"canonical\" href=\"https:\/\/kibrisdakik.com\/?p=57490\" \/>\n<meta property=\"og:locale\" content=\"tr_TR\" \/>\n<meta property=\"og:type\" content=\"article\" \/>\n<meta property=\"og:title\" content=\"8 g\u00fcnd\u00fcr aranan Narin&#039;in annesinden kafalar\u0131 kar\u0131\u015ft\u0131ran s\u00f6zler -\" \/>\n<meta property=\"og:description\" content=\"T\u00fcrkiye, Diyarbak\u0131r&#8217;\u0131n merkez Ba\u011flar il\u00e7esinde kaybolan Narin&#8217;den gelecek habere kilitlendi. K\u00f6y didik aranmaya devam ederken, anne G\u00fclseren G\u00fcran&#8217;\u0131n Narin&#8217;in kayboldu\u011fu g\u00fcne dair anlatt\u0131klar\u0131 dikkat \u00e7ekti. K\u0131rsal Tav\u015fantepe Mahallesi&#8217;nde 21 A\u011fustos&#8217;ta 15.00 s\u0131ralar\u0131nda Narin G\u00fcran&#8217;dan haber alamayan ailesinin yetkililere bildirmesi \u00fczerine b\u00f6lgede 112 Acil Sa\u011fl\u0131k, Jandarma Arama Kurtarma (JAK), AFAD ve Dicle \u00dcniversitesi Arama Kurtarma (D\u00dcAK)\" \/>\n<meta property=\"og:url\" content=\"https:\/\/kibrisdakik.com\/?p=57490\" \/>\n<meta property=\"article:published_time\" content=\"2024-08-28T07:14:52+00:00\" \/>\n<meta property=\"og:image\" content=\"https:\/\/kibrisdakik.com\/wp-content\/uploads\/2024\/08\/8-gundur-aranan-narin-in-annesinden-kafalari-17761802_6454_amp.jpg\" \/>\n\t<meta property=\"og:image:width\" content=\"1202\" \/>\n\t<meta property=\"og:image:height\" content=\"675\" \/>\n\t<meta property=\"og:image:type\" content=\"image\/jpeg\" \/>\n<meta name=\"author\" content=\"admin\" \/>\n<meta name=\"twitter:card\" content=\"summary_large_image\" \/>\n<meta name=\"twitter:label1\" content=\"Yazan:\" \/>\n\t<meta name=\"twitter:data1\" content=\"admin\" \/>\n\t<meta name=\"twitter:label2\" content=\"Tahmini okuma s\u00fcresi\" \/>\n\t<meta name=\"twitter:data2\" content=\"2 dakika\" \/>\n<script type=\"application\/ld+json\" class=\"yoast-schema-graph\">{\"@context\":\"https:\\\/\\\/schema.org\",\"@graph\":[{\"@type\":\"Article\",\"@id\":\"https:\\\/\\\/kibrisdakik.com\\\/?p=57490#article\",\"isPartOf\":{\"@id\":\"https:\\\/\\\/kibrisdakik.com\\\/?p=57490\"},\"author\":{\"name\":\"admin\",\"@id\":\"https:\\\/\\\/kibrisdakik.com\\\/#\\\/schema\\\/person\\\/9cd9d437bbb44f72b73ba127e06d8e79\"},\"headline\":\"8 g\u00fcnd\u00fcr aranan Narin&#8217;in annesinden kafalar\u0131 kar\u0131\u015ft\u0131ran s\u00f6zler\",\"datePublished\":\"2024-08-28T07:14:52+00:00\",\"mainEntityOfPage\":{\"@id\":\"https:\\\/\\\/kibrisdakik.com\\\/?p=57490\"},\"wordCount\":338,\"commentCount\":0,\"image\":{\"@id\":\"https:\\\/\\\/kibrisdakik.com\\\/?p=57490#primaryimage\"},\"thumbnailUrl\":\"https:\\\/\\\/kibrisdakik.com\\\/wp-content\\\/uploads\\\/2024\\\/08\\\/8-gundur-aranan-narin-in-annesinden-kafalari-17761802_6454_amp.jpg\",\"articleSection\":[\"Magazin\"],\"inLanguage\":\"tr\",\"potentialAction\":[{\"@type\":\"CommentAction\",\"name\":\"Comment\",\"target\":[\"https:\\\/\\\/kibrisdakik.com\\\/?p=57490#respond\"]}]},{\"@type\":\"WebPage\",\"@id\":\"https:\\\/\\\/kibrisdakik.com\\\/?p=57490\",\"url\":\"https:\\\/\\\/kibrisdakik.com\\\/?p=57490\",\"name\":\"8 g\u00fcnd\u00fcr aranan Narin'in annesinden kafalar\u0131 kar\u0131\u015ft\u0131ran s\u00f6zler -\",\"isPartOf\":{\"@id\":\"https:\\\/\\\/kibrisdakik.com\\\/#website\"},\"primaryImageOfPage\":{\"@id\":\"https:\\\/\\\/kibrisdakik.com\\\/?p=57490#primaryimage\"},\"image\":{\"@id\":\"https:\\\/\\\/kibrisdakik.com\\\/?p=57490#primaryimage\"},\"thumbnailUrl\":\"https:\\\/\\\/kibrisdakik.com\\\/wp-content\\\/uploads\\\/2024\\\/08\\\/8-gundur-aranan-narin-in-annesinden-kafalari-17761802_6454_amp.jpg\",\"datePublished\":\"2024-08-28T07:14:52+00:00\",\"author\":{\"@id\":\"https:\\\/\\\/kibrisdakik.com\\\/#\\\/schema\\\/person\\\/9cd9d437bbb44f72b73ba127e06d8e79\"},\"breadcrumb\":{\"@id\":\"https:\\\/\\\/kibrisdakik.com\\\/?p=57490#breadcrumb\"},\"inLanguage\":\"tr\",\"potentialAction\":[{\"@type\":\"ReadAction\",\"target\":[\"https:\\\/\\\/kibrisdakik.com\\\/?p=57490\"]}]},{\"@type\":\"ImageObject\",\"inLanguage\":\"tr\",\"@id\":\"https:\\\/\\\/kibrisdakik.com\\\/?p=57490#primaryimage\",\"url\":\"https:\\\/\\\/kibrisdakik.com\\\/wp-content\\\/uploads\\\/2024\\\/08\\\/8-gundur-aranan-narin-in-annesinden-kafalari-17761802_6454_amp.jpg\",\"contentUrl\":\"https:\\\/\\\/kibrisdakik.com\\\/wp-content\\\/uploads\\\/2024\\\/08\\\/8-gundur-aranan-narin-in-annesinden-kafalari-17761802_6454_amp.jpg\",\"width\":1202,\"height\":675},{\"@type\":\"BreadcrumbList\",\"@id\":\"https:\\\/\\\/kibrisdakik.com\\\/?p=57490#breadcrumb\",\"itemListElement\":[{\"@type\":\"ListItem\",\"position\":1,\"name\":\"Home\",\"item\":\"https:\\\/\\\/kibrisdakik.com\\\/\"},{\"@type\":\"ListItem\",\"position\":2,\"name\":\"8 g\u00fcnd\u00fcr aranan Narin&#8217;in annesinden kafalar\u0131 kar\u0131\u015ft\u0131ran s\u00f6zler\"}]},{\"@type\":\"WebSite\",\"@id\":\"https:\\\/\\\/kibrisdakik.com\\\/#website\",\"url\":\"https:\\\/\\\/kibrisdakik.com\\\/\",\"name\":\"\",\"description\":\"Tam vaktinde haber\",\"potentialAction\":[{\"@type\":\"SearchAction\",\"target\":{\"@type\":\"EntryPoint\",\"urlTemplate\":\"https:\\\/\\\/kibrisdakik.com\\\/?s={search_term_string}\"},\"query-input\":{\"@type\":\"PropertyValueSpecification\",\"valueRequired\":true,\"valueName\":\"search_term_string\"}}],\"inLanguage\":\"tr\"},{\"@type\":\"Person\",\"@id\":\"https:\\\/\\\/kibrisdakik.com\\\/#\\\/schema\\\/person\\\/9cd9d437bbb44f72b73ba127e06d8e79\",\"name\":\"admin\",\"image\":{\"@type\":\"ImageObject\",\"inLanguage\":\"tr\",\"@id\":\"https:\\\/\\\/secure.gravatar.com\\\/avatar\\\/ccc17943b9d660506c869530f897617f7cb1c21a4bf30023f252596d83e1f007?s=96&d=mm&r=g\",\"url\":\"https:\\\/\\\/secure.gravatar.com\\\/avatar\\\/ccc17943b9d660506c869530f897617f7cb1c21a4bf30023f252596d83e1f007?s=96&d=mm&r=g\",\"contentUrl\":\"https:\\\/\\\/secure.gravatar.com\\\/avatar\\\/ccc17943b9d660506c869530f897617f7cb1c21a4bf30023f252596d83e1f007?s=96&d=mm&r=g\",\"caption\":\"admin\"},\"sameAs\":[\"https:\\\/\\\/kibrisdakik.com\"],\"url\":\"https:\\\/\\\/kibrisdakik.com\\\/?author=1\"}]}<\/script>\n<!-- \/ Yoast SEO plugin. -->","yoast_head_json":{"title":"8 g\u00fcnd\u00fcr aranan Narin'in annesinden kafalar\u0131 kar\u0131\u015ft\u0131ran s\u00f6zler -","robots":{"index":"index","follow":"follow","max-snippet":"max-snippet:-1","max-image-preview":"max-image-preview:large","max-video-preview":"max-video-preview:-1"},"canonical":"https:\/\/kibrisdakik.com\/?p=57490","og_locale":"tr_TR","og_type":"article","og_title":"8 g\u00fcnd\u00fcr aranan Narin'in annesinden kafalar\u0131 kar\u0131\u015ft\u0131ran s\u00f6zler -","og_description":"T\u00fcrkiye, Diyarbak\u0131r&#8217;\u0131n merkez Ba\u011flar il\u00e7esinde kaybolan Narin&#8217;den gelecek habere kilitlendi. K\u00f6y didik aranmaya devam ederken, anne G\u00fclseren G\u00fcran&#8217;\u0131n Narin&#8217;in kayboldu\u011fu g\u00fcne dair anlatt\u0131klar\u0131 dikkat \u00e7ekti. K\u0131rsal Tav\u015fantepe Mahallesi&#8217;nde 21 A\u011fustos&#8217;ta 15.00 s\u0131ralar\u0131nda Narin G\u00fcran&#8217;dan haber alamayan ailesinin yetkililere bildirmesi \u00fczerine b\u00f6lgede 112 Acil Sa\u011fl\u0131k, Jandarma Arama Kurtarma (JAK), AFAD ve Dicle \u00dcniversitesi Arama Kurtarma (D\u00dcAK)","og_url":"https:\/\/kibrisdakik.com\/?p=57490","article_published_time":"2024-08-28T07:14:52+00:00","og_image":[{"width":1202,"height":675,"url":"https:\/\/kibrisdakik.com\/wp-content\/uploads\/2024\/08\/8-gundur-aranan-narin-in-annesinden-kafalari-17761802_6454_amp.jpg","type":"image\/jpeg"}],"author":"admin","twitter_card":"summary_large_image","twitter_misc":{"Yazan:":"admin","Tahmini okuma s\u00fcresi":"2 dakika"},"schema":{"@context":"https:\/\/schema.org","@graph":[{"@type":"Article","@id":"https:\/\/kibrisdakik.com\/?p=57490#article","isPartOf":{"@id":"https:\/\/kibrisdakik.com\/?p=57490"},"author":{"name":"admin","@id":"https:\/\/kibrisdakik.com\/#\/schema\/person\/9cd9d437bbb44f72b73ba127e06d8e79"},"headline":"8 g\u00fcnd\u00fcr aranan Narin&#8217;in annesinden kafalar\u0131 kar\u0131\u015ft\u0131ran s\u00f6zler","datePublished":"2024-08-28T07:14:52+00:00","mainEntityOfPage":{"@id":"https:\/\/kibrisdakik.com\/?p=57490"},"wordCount":338,"commentCount":0,"image":{"@id":"https:\/\/kibrisdakik.com\/?p=57490#primaryimage"},"thumbnailUrl":"https:\/\/kibrisdakik.com\/wp-content\/uploads\/2024\/08\/8-gundur-aranan-narin-in-annesinden-kafalari-17761802_6454_amp.jpg","articleSection":["Magazin"],"inLanguage":"tr","potentialAction":[{"@type":"CommentAction","name":"Comment","target":["https:\/\/kibrisdakik.com\/?p=57490#respond"]}]},{"@type":"WebPage","@id":"https:\/\/kibrisdakik.com\/?p=57490","url":"https:\/\/kibrisdakik.com\/?p=57490","name":"8 g\u00fcnd\u00fcr aranan Narin'in annesinden kafalar\u0131 kar\u0131\u015ft\u0131ran s\u00f6zler -","isPartOf":{"@id":"https:\/\/kibrisdakik.com\/#website"},"primaryImageOfPage":{"@id":"https:\/\/kibrisdakik.com\/?p=57490#primaryimage"},"image":{"@id":"https:\/\/kibrisdakik.com\/?p=57490#primaryimage"},"thumbnailUrl":"https:\/\/kibrisdakik.com\/wp-content\/uploads\/2024\/08\/8-gundur-aranan-narin-in-annesinden-kafalari-17761802_6454_amp.jpg","datePublished":"2024-08-28T07:14:52+00:00","author":{"@id":"https:\/\/kibrisdakik.com\/#\/schema\/person\/9cd9d437bbb44f72b73ba127e06d8e79"},"breadcrumb":{"@id":"https:\/\/kibrisdakik.com\/?p=57490#breadcrumb"},"inLanguage":"tr","potentialAction":[{"@type":"ReadAction","target":["https:\/\/kibrisdakik.com\/?p=57490"]}]},{"@type":"ImageObject","inLanguage":"tr","@id":"https:\/\/kibrisdakik.com\/?p=57490#primaryimage","url":"https:\/\/kibrisdakik.com\/wp-content\/uploads\/2024\/08\/8-gundur-aranan-narin-in-annesinden-kafalari-17761802_6454_amp.jpg","contentUrl":"https:\/\/kibrisdakik.com\/wp-content\/uploads\/2024\/08\/8-gundur-aranan-narin-in-annesinden-kafalari-17761802_6454_amp.jpg","width":1202,"height":675},{"@type":"BreadcrumbList","@id":"https:\/\/kibrisdakik.com\/?p=57490#breadcrumb","itemListElement":[{"@type":"ListItem","position":1,"name":"Home","item":"https:\/\/kibrisdakik.com\/"},{"@type":"ListItem","position":2,"name":"8 g\u00fcnd\u00fcr aranan Narin&#8217;in annesinden kafalar\u0131 kar\u0131\u015ft\u0131ran s\u00f6zler"}]},{"@type":"WebSite","@id":"https:\/\/kibrisdakik.com\/#website","url":"https:\/\/kibrisdakik.com\/","name":"","description":"Tam vaktinde haber","potentialAction":[{"@type":"SearchAction","target":{"@type":"EntryPoint","urlTemplate":"https:\/\/kibrisdakik.com\/?s={search_term_string}"},"query-input":{"@type":"PropertyValueSpecification","valueRequired":true,"valueName":"search_term_string"}}],"inLanguage":"tr"},{"@type":"Person","@id":"https:\/\/kibrisdakik.com\/#\/schema\/person\/9cd9d437bbb44f72b73ba127e06d8e79","name":"admin","image":{"@type":"ImageObject","inLanguage":"tr","@id":"https:\/\/secure.gravatar.com\/avatar\/ccc17943b9d660506c869530f897617f7cb1c21a4bf30023f252596d83e1f007?s=96&d=mm&r=g","url":"https:\/\/secure.gravatar.com\/avatar\/ccc17943b9d660506c869530f897617f7cb1c21a4bf30023f252596d83e1f007?s=96&d=mm&r=g","contentUrl":"https:\/\/secure.gravatar.com\/avatar\/ccc17943b9d660506c869530f897617f7cb1c21a4bf30023f252596d83e1f007?s=96&d=mm&r=g","caption":"admin"},"sameAs":["https:\/\/kibrisdakik.com"],"url":"https:\/\/kibrisdakik.com\/?author=1"}]}},"_links":{"self":[{"href":"https:\/\/kibrisdakik.com\/index.php?rest_route=\/wp\/v2\/posts\/57490","targetHints":{"allow":["GET"]}}],"collection":[{"href":"https:\/\/kibrisdakik.com\/index.php?rest_route=\/wp\/v2\/posts"}],"about":[{"href":"https:\/\/kibrisdakik.com\/index.php?rest_route=\/wp\/v2\/types\/post"}],"author":[{"embeddable":true,"href":"https:\/\/kibrisdakik.com\/index.php?rest_route=\/wp\/v2\/users\/1"}],"replies":[{"embeddable":true,"href":"https:\/\/kibrisdakik.com\/index.php?rest_route=%2Fwp%2Fv2%2Fcomments&post=57490"}],"version-history":[{"count":0,"href":"https:\/\/kibrisdakik.com\/index.php?rest_route=\/wp\/v2\/posts\/57490\/revisions"}],"wp:featuredmedia":[{"embeddable":true,"href":"https:\/\/kibrisdakik.com\/index.php?rest_route=\/wp\/v2\/media\/57491"}],"wp:attachment":[{"href":"https:\/\/kibrisdakik.com\/index.php?rest_route=%2Fwp%2Fv2%2Fmedia&parent=57490"}],"wp:term":[{"taxonomy":"category","embeddable":true,"href":"https:\/\/kibrisdakik.com\/index.php?rest_route=%2Fwp%2Fv2%2Fcategories&post=57490"},{"taxonomy":"post_tag","embeddable":true,"href":"https:\/\/kibrisdakik.com\/index.php?rest_route=%2Fwp%2Fv2%2Ftags&post=57490"}],"curies":[{"name":"wp","href":"https:\/\/api.w.org\/{rel}","templated":true}]}}