{"id":57608,"date":"2024-08-28T15:22:20","date_gmt":"2024-08-28T12:22:20","guid":{"rendered":"https:\/\/kibrisdakik.com\/index.php\/2024\/08\/28\/ikamet-izinsiz-bir-kisi-tutuklandi-calisma-izni-olmadan-calistiran-kisiye-ise-para-cezasi-kesildi\/"},"modified":"2024-08-28T15:22:20","modified_gmt":"2024-08-28T12:22:20","slug":"ikamet-izinsiz-bir-kisi-tutuklandi-calisma-izni-olmadan-calistiran-kisiye-ise-para-cezasi-kesildi","status":"publish","type":"post","link":"https:\/\/kibrisdakik.com\/?p=57608","title":{"rendered":"\u0130kamet izinsiz bir ki\u015fi tutukland\u0131, \u00e7al\u0131\u015fma izni olmadan \u00e7al\u0131\u015ft\u0131ran ki\u015fiye ise para cezas\u0131 kesildi"},"content":{"rendered":"<p><\/p>\n<div>\n<div class=\"mariselle-image-container center\">\n                <img loading=\"lazy\" decoding=\"async\" width=\"1280\" height=\"720\" class=\"lazy-image\" alt=\"\" sizes=\"auto, (max-width: 1280px) 100vw, 1280px\" src=\"https:\/\/brtk.net\/wp-content\/uploads\/2024\/02\/22\/tutuklu-34.webp?ver=dc6a8aca86965d925effaa6dd91b0940\" srcset=\"https:\/\/brtk.net\/wp-content\/uploads\/2024\/02\/22\/tutuklu-34.webp?ver=dc6a8aca86965d925effaa6dd91b0940 1280w, https:\/\/brtk.net\/wp-content\/uploads\/2024\/02\/22\/tutuklu-34-300x169.webp?ver=4cba05f6e8d18195a49da5645f1243d3 300w, https:\/\/brtk.net\/wp-content\/uploads\/2024\/02\/22\/tutuklu-34-1024x576.webp?ver=4cba05f6e8d18195a49da5645f1243d3 1024w, https:\/\/brtk.net\/wp-content\/uploads\/2024\/02\/22\/tutuklu-34-768x432.webp?ver=4cba05f6e8d18195a49da5645f1243d3 768w\"\/>                            <\/div>\n<p>\nG\u00fczelyurt \u2013 Lefko\u015fa ana yolunda yaya olarak bulunan ve ikamet izinsiz oldu\u011fu tespit edilen bir ki\u015fi tutuklan\u0131rken, kendisini  \u00e7al\u0131\u015fma izni olmadan tar\u0131m i\u015f\u00e7isi olarak \u00e7al\u0131\u015ft\u0131ran ki\u015fiye ise \u00c7al\u0131ma Dairesi g\u00f6revlileri taraf\u0131ndan idari para cezas\u0131 kesildi.<\/p>\n<p> Polisten verilen bilgiye g\u00f6re, d\u00fcn ak\u015fam saat 21:00 s\u0131ralar\u0131nda, G\u00fczelyurt \u2013 Lefko\u015fa ana yolunda devriye halinde bulunan G\u00fczelyurt Polis M\u00fcd\u00fcrl\u00fc\u011f\u00fc\u2019ne ba\u011fl\u0131 ekipler taraf\u0131ndan yaya olarak tespit edilen M.B.(E-25)\u2019nin yap\u0131lan muhaceret kontrol\u00fcnde, \u00fclkede yasal stat\u00fcs\u00fc olmad\u0131\u011f\u0131 halde, ikamet izinsiz olarak ikamet etti\u011fi tespit edildi.<\/p>\n<p>Yap\u0131lan ileri soru\u015fturmada s\u00f6z konusu \u015fahs\u0131n \u00e7al\u0131\u015fma izni olmad\u0131\u011f\u0131 halde E.\u00d6.(K-49) taraf\u0131ndan tar\u0131m i\u015f\u00e7isi olarak \u00e7al\u0131\u015ft\u0131r\u0131ld\u0131\u011f\u0131 tespit edildi\u011fi belirtilen polis a\u00e7\u0131klamas\u0131nda,  \u0130kamet izinsiz olarak tespit edilen M.B.(E-25) tutuklan\u0131rken, \u00e7al\u0131\u015fma izni olmad\u0131\u011f\u0131 halde i\u015f\u00e7i \u00e7al\u0131\u015ft\u0131ran E.\u00d6\u2019ye ise \u00c7al\u0131ma Dairesi g\u00f6revlileri taraf\u0131ndan idari para cezas\u0131 kesildi\u011fi, olayla ilgili soru\u015fturman\u0131n devam etti\u011fi kaydedildi.<\/p>\n<\/p><\/div>\n<p><script async\n                    defer\n                    crossorigin=\"anonymous\"\n                    src=\"https:\/\/connect.facebook.net\/tr_TR\/sdk.js#xfbml=1&#038;version=v3.3\"\n            ><\/script><\/p>\n","protected":false},"excerpt":{"rendered":"<p>G\u00fczelyurt \u2013 Lefko\u015fa ana yolunda yaya olarak bulunan ve ikamet izinsiz oldu\u011fu tespit edilen bir ki\u015fi tutuklan\u0131rken, kendisini \u00e7al\u0131\u015fma izni olmadan tar\u0131m i\u015f\u00e7isi olarak \u00e7al\u0131\u015ft\u0131ran ki\u015fiye ise \u00c7al\u0131ma Dairesi g\u00f6revlileri taraf\u0131ndan idari para cezas\u0131 kesildi. Polisten verilen bilgiye g\u00f6re, d\u00fcn ak\u015fam saat 21:00 s\u0131ralar\u0131nda, G\u00fczelyurt \u2013 Lefko\u015fa ana yolunda devriye halinde bulunan G\u00fczelyurt Polis M\u00fcd\u00fcrl\u00fc\u011f\u00fc\u2019ne<\/p>\n","protected":false},"author":1,"featured_media":51087,"comment_status":"open","ping_status":"open","sticky":false,"template":"","format":"standard","meta":{"footnotes":""},"categories":[1],"tags":[],"class_list":["post-57608","post","type-post","status-publish","format-standard","has-post-thumbnail","hentry","category-gundem"],"yoast_head":"<!-- This site is optimized with the Yoast SEO plugin v27.4 - https:\/\/yoast.com\/product\/yoast-seo-wordpress\/ -->\n<title>\u0130kamet izinsiz bir ki\u015fi tutukland\u0131, \u00e7al\u0131\u015fma izni olmadan \u00e7al\u0131\u015ft\u0131ran ki\u015fiye ise para cezas\u0131 kesildi -<\/title>\n<meta name=\"robots\" content=\"index, follow, max-snippet:-1, max-image-preview:large, max-video-preview:-1\" \/>\n<link rel=\"canonical\" href=\"https:\/\/kibrisdakik.com\/?p=57608\" \/>\n<meta property=\"og:locale\" content=\"tr_TR\" \/>\n<meta property=\"og:type\" content=\"article\" \/>\n<meta property=\"og:title\" content=\"\u0130kamet izinsiz bir ki\u015fi tutukland\u0131, \u00e7al\u0131\u015fma izni olmadan \u00e7al\u0131\u015ft\u0131ran ki\u015fiye ise para cezas\u0131 kesildi -\" \/>\n<meta property=\"og:description\" content=\"G\u00fczelyurt \u2013 Lefko\u015fa ana yolunda yaya olarak bulunan ve ikamet izinsiz oldu\u011fu tespit edilen bir ki\u015fi tutuklan\u0131rken, kendisini \u00e7al\u0131\u015fma izni olmadan tar\u0131m i\u015f\u00e7isi olarak \u00e7al\u0131\u015ft\u0131ran ki\u015fiye ise \u00c7al\u0131ma Dairesi g\u00f6revlileri taraf\u0131ndan idari para cezas\u0131 kesildi. Polisten verilen bilgiye g\u00f6re, d\u00fcn ak\u015fam saat 21:00 s\u0131ralar\u0131nda, G\u00fczelyurt \u2013 Lefko\u015fa ana yolunda devriye halinde bulunan G\u00fczelyurt Polis M\u00fcd\u00fcrl\u00fc\u011f\u00fc\u2019ne\" \/>\n<meta property=\"og:url\" content=\"https:\/\/kibrisdakik.com\/?p=57608\" \/>\n<meta property=\"article:published_time\" content=\"2024-08-28T12:22:20+00:00\" \/>\n<meta property=\"og:image\" content=\"https:\/\/kibrisdakik.com\/wp-content\/uploads\/2024\/07\/tutuklu-34.webp-740x420.webp\" \/>\n\t<meta property=\"og:image:width\" content=\"1280\" \/>\n\t<meta property=\"og:image:height\" content=\"720\" \/>\n\t<meta property=\"og:image:type\" content=\"image\/webp\" \/>\n<meta name=\"author\" content=\"admin\" \/>\n<meta name=\"twitter:card\" content=\"summary_large_image\" \/>\n<meta name=\"twitter:label1\" content=\"Yazan:\" \/>\n\t<meta name=\"twitter:data1\" content=\"admin\" \/>\n\t<meta name=\"twitter:label2\" content=\"Tahmini okuma s\u00fcresi\" \/>\n\t<meta name=\"twitter:data2\" content=\"1 dakika\" \/>\n<script type=\"application\/ld+json\" class=\"yoast-schema-graph\">{\"@context\":\"https:\\\/\\\/schema.org\",\"@graph\":[{\"@type\":\"Article\",\"@id\":\"https:\\\/\\\/kibrisdakik.com\\\/?p=57608#article\",\"isPartOf\":{\"@id\":\"https:\\\/\\\/kibrisdakik.com\\\/?p=57608\"},\"author\":{\"name\":\"admin\",\"@id\":\"https:\\\/\\\/kibrisdakik.com\\\/#\\\/schema\\\/person\\\/9cd9d437bbb44f72b73ba127e06d8e79\"},\"headline\":\"\u0130kamet izinsiz bir ki\u015fi tutukland\u0131, \u00e7al\u0131\u015fma izni olmadan \u00e7al\u0131\u015ft\u0131ran ki\u015fiye ise para cezas\u0131 kesildi\",\"datePublished\":\"2024-08-28T12:22:20+00:00\",\"mainEntityOfPage\":{\"@id\":\"https:\\\/\\\/kibrisdakik.com\\\/?p=57608\"},\"wordCount\":208,\"commentCount\":0,\"image\":{\"@id\":\"https:\\\/\\\/kibrisdakik.com\\\/?p=57608#primaryimage\"},\"thumbnailUrl\":\"https:\\\/\\\/kibrisdakik.com\\\/wp-content\\\/uploads\\\/2024\\\/07\\\/tutuklu-34.webp-740x420.webp\",\"articleSection\":[\"G\u00fcndem\"],\"inLanguage\":\"tr\",\"potentialAction\":[{\"@type\":\"CommentAction\",\"name\":\"Comment\",\"target\":[\"https:\\\/\\\/kibrisdakik.com\\\/?p=57608#respond\"]}]},{\"@type\":\"WebPage\",\"@id\":\"https:\\\/\\\/kibrisdakik.com\\\/?p=57608\",\"url\":\"https:\\\/\\\/kibrisdakik.com\\\/?p=57608\",\"name\":\"\u0130kamet izinsiz bir ki\u015fi tutukland\u0131, \u00e7al\u0131\u015fma izni olmadan \u00e7al\u0131\u015ft\u0131ran ki\u015fiye ise para cezas\u0131 kesildi -\",\"isPartOf\":{\"@id\":\"https:\\\/\\\/kibrisdakik.com\\\/#website\"},\"primaryImageOfPage\":{\"@id\":\"https:\\\/\\\/kibrisdakik.com\\\/?p=57608#primaryimage\"},\"image\":{\"@id\":\"https:\\\/\\\/kibrisdakik.com\\\/?p=57608#primaryimage\"},\"thumbnailUrl\":\"https:\\\/\\\/kibrisdakik.com\\\/wp-content\\\/uploads\\\/2024\\\/07\\\/tutuklu-34.webp-740x420.webp\",\"datePublished\":\"2024-08-28T12:22:20+00:00\",\"author\":{\"@id\":\"https:\\\/\\\/kibrisdakik.com\\\/#\\\/schema\\\/person\\\/9cd9d437bbb44f72b73ba127e06d8e79\"},\"breadcrumb\":{\"@id\":\"https:\\\/\\\/kibrisdakik.com\\\/?p=57608#breadcrumb\"},\"inLanguage\":\"tr\",\"potentialAction\":[{\"@type\":\"ReadAction\",\"target\":[\"https:\\\/\\\/kibrisdakik.com\\\/?p=57608\"]}]},{\"@type\":\"ImageObject\",\"inLanguage\":\"tr\",\"@id\":\"https:\\\/\\\/kibrisdakik.com\\\/?p=57608#primaryimage\",\"url\":\"https:\\\/\\\/kibrisdakik.com\\\/wp-content\\\/uploads\\\/2024\\\/07\\\/tutuklu-34.webp-740x420.webp\",\"contentUrl\":\"https:\\\/\\\/kibrisdakik.com\\\/wp-content\\\/uploads\\\/2024\\\/07\\\/tutuklu-34.webp-740x420.webp\",\"width\":1280,\"height\":720},{\"@type\":\"BreadcrumbList\",\"@id\":\"https:\\\/\\\/kibrisdakik.com\\\/?p=57608#breadcrumb\",\"itemListElement\":[{\"@type\":\"ListItem\",\"position\":1,\"name\":\"Home\",\"item\":\"https:\\\/\\\/kibrisdakik.com\\\/\"},{\"@type\":\"ListItem\",\"position\":2,\"name\":\"\u0130kamet izinsiz bir ki\u015fi tutukland\u0131, \u00e7al\u0131\u015fma izni olmadan \u00e7al\u0131\u015ft\u0131ran ki\u015fiye ise para cezas\u0131 kesildi\"}]},{\"@type\":\"WebSite\",\"@id\":\"https:\\\/\\\/kibrisdakik.com\\\/#website\",\"url\":\"https:\\\/\\\/kibrisdakik.com\\\/\",\"name\":\"\",\"description\":\"Tam vaktinde haber\",\"potentialAction\":[{\"@type\":\"SearchAction\",\"target\":{\"@type\":\"EntryPoint\",\"urlTemplate\":\"https:\\\/\\\/kibrisdakik.com\\\/?s={search_term_string}\"},\"query-input\":{\"@type\":\"PropertyValueSpecification\",\"valueRequired\":true,\"valueName\":\"search_term_string\"}}],\"inLanguage\":\"tr\"},{\"@type\":\"Person\",\"@id\":\"https:\\\/\\\/kibrisdakik.com\\\/#\\\/schema\\\/person\\\/9cd9d437bbb44f72b73ba127e06d8e79\",\"name\":\"admin\",\"image\":{\"@type\":\"ImageObject\",\"inLanguage\":\"tr\",\"@id\":\"https:\\\/\\\/secure.gravatar.com\\\/avatar\\\/ccc17943b9d660506c869530f897617f7cb1c21a4bf30023f252596d83e1f007?s=96&d=mm&r=g\",\"url\":\"https:\\\/\\\/secure.gravatar.com\\\/avatar\\\/ccc17943b9d660506c869530f897617f7cb1c21a4bf30023f252596d83e1f007?s=96&d=mm&r=g\",\"contentUrl\":\"https:\\\/\\\/secure.gravatar.com\\\/avatar\\\/ccc17943b9d660506c869530f897617f7cb1c21a4bf30023f252596d83e1f007?s=96&d=mm&r=g\",\"caption\":\"admin\"},\"sameAs\":[\"https:\\\/\\\/kibrisdakik.com\"],\"url\":\"https:\\\/\\\/kibrisdakik.com\\\/?author=1\"}]}<\/script>\n<!-- \/ Yoast SEO plugin. -->","yoast_head_json":{"title":"\u0130kamet izinsiz bir ki\u015fi tutukland\u0131, \u00e7al\u0131\u015fma izni olmadan \u00e7al\u0131\u015ft\u0131ran ki\u015fiye ise para cezas\u0131 kesildi -","robots":{"index":"index","follow":"follow","max-snippet":"max-snippet:-1","max-image-preview":"max-image-preview:large","max-video-preview":"max-video-preview:-1"},"canonical":"https:\/\/kibrisdakik.com\/?p=57608","og_locale":"tr_TR","og_type":"article","og_title":"\u0130kamet izinsiz bir ki\u015fi tutukland\u0131, \u00e7al\u0131\u015fma izni olmadan \u00e7al\u0131\u015ft\u0131ran ki\u015fiye ise para cezas\u0131 kesildi -","og_description":"G\u00fczelyurt \u2013 Lefko\u015fa ana yolunda yaya olarak bulunan ve ikamet izinsiz oldu\u011fu tespit edilen bir ki\u015fi tutuklan\u0131rken, kendisini \u00e7al\u0131\u015fma izni olmadan tar\u0131m i\u015f\u00e7isi olarak \u00e7al\u0131\u015ft\u0131ran ki\u015fiye ise \u00c7al\u0131ma Dairesi g\u00f6revlileri taraf\u0131ndan idari para cezas\u0131 kesildi. Polisten verilen bilgiye g\u00f6re, d\u00fcn ak\u015fam saat 21:00 s\u0131ralar\u0131nda, G\u00fczelyurt \u2013 Lefko\u015fa ana yolunda devriye halinde bulunan G\u00fczelyurt Polis M\u00fcd\u00fcrl\u00fc\u011f\u00fc\u2019ne","og_url":"https:\/\/kibrisdakik.com\/?p=57608","article_published_time":"2024-08-28T12:22:20+00:00","og_image":[{"width":1280,"height":720,"url":"https:\/\/kibrisdakik.com\/wp-content\/uploads\/2024\/07\/tutuklu-34.webp-740x420.webp","type":"image\/webp"}],"author":"admin","twitter_card":"summary_large_image","twitter_misc":{"Yazan:":"admin","Tahmini okuma s\u00fcresi":"1 dakika"},"schema":{"@context":"https:\/\/schema.org","@graph":[{"@type":"Article","@id":"https:\/\/kibrisdakik.com\/?p=57608#article","isPartOf":{"@id":"https:\/\/kibrisdakik.com\/?p=57608"},"author":{"name":"admin","@id":"https:\/\/kibrisdakik.com\/#\/schema\/person\/9cd9d437bbb44f72b73ba127e06d8e79"},"headline":"\u0130kamet izinsiz bir ki\u015fi tutukland\u0131, \u00e7al\u0131\u015fma izni olmadan \u00e7al\u0131\u015ft\u0131ran ki\u015fiye ise para cezas\u0131 kesildi","datePublished":"2024-08-28T12:22:20+00:00","mainEntityOfPage":{"@id":"https:\/\/kibrisdakik.com\/?p=57608"},"wordCount":208,"commentCount":0,"image":{"@id":"https:\/\/kibrisdakik.com\/?p=57608#primaryimage"},"thumbnailUrl":"https:\/\/kibrisdakik.com\/wp-content\/uploads\/2024\/07\/tutuklu-34.webp-740x420.webp","articleSection":["G\u00fcndem"],"inLanguage":"tr","potentialAction":[{"@type":"CommentAction","name":"Comment","target":["https:\/\/kibrisdakik.com\/?p=57608#respond"]}]},{"@type":"WebPage","@id":"https:\/\/kibrisdakik.com\/?p=57608","url":"https:\/\/kibrisdakik.com\/?p=57608","name":"\u0130kamet izinsiz bir ki\u015fi tutukland\u0131, \u00e7al\u0131\u015fma izni olmadan \u00e7al\u0131\u015ft\u0131ran ki\u015fiye ise para cezas\u0131 kesildi -","isPartOf":{"@id":"https:\/\/kibrisdakik.com\/#website"},"primaryImageOfPage":{"@id":"https:\/\/kibrisdakik.com\/?p=57608#primaryimage"},"image":{"@id":"https:\/\/kibrisdakik.com\/?p=57608#primaryimage"},"thumbnailUrl":"https:\/\/kibrisdakik.com\/wp-content\/uploads\/2024\/07\/tutuklu-34.webp-740x420.webp","datePublished":"2024-08-28T12:22:20+00:00","author":{"@id":"https:\/\/kibrisdakik.com\/#\/schema\/person\/9cd9d437bbb44f72b73ba127e06d8e79"},"breadcrumb":{"@id":"https:\/\/kibrisdakik.com\/?p=57608#breadcrumb"},"inLanguage":"tr","potentialAction":[{"@type":"ReadAction","target":["https:\/\/kibrisdakik.com\/?p=57608"]}]},{"@type":"ImageObject","inLanguage":"tr","@id":"https:\/\/kibrisdakik.com\/?p=57608#primaryimage","url":"https:\/\/kibrisdakik.com\/wp-content\/uploads\/2024\/07\/tutuklu-34.webp-740x420.webp","contentUrl":"https:\/\/kibrisdakik.com\/wp-content\/uploads\/2024\/07\/tutuklu-34.webp-740x420.webp","width":1280,"height":720},{"@type":"BreadcrumbList","@id":"https:\/\/kibrisdakik.com\/?p=57608#breadcrumb","itemListElement":[{"@type":"ListItem","position":1,"name":"Home","item":"https:\/\/kibrisdakik.com\/"},{"@type":"ListItem","position":2,"name":"\u0130kamet izinsiz bir ki\u015fi tutukland\u0131, \u00e7al\u0131\u015fma izni olmadan \u00e7al\u0131\u015ft\u0131ran ki\u015fiye ise para cezas\u0131 kesildi"}]},{"@type":"WebSite","@id":"https:\/\/kibrisdakik.com\/#website","url":"https:\/\/kibrisdakik.com\/","name":"","description":"Tam vaktinde haber","potentialAction":[{"@type":"SearchAction","target":{"@type":"EntryPoint","urlTemplate":"https:\/\/kibrisdakik.com\/?s={search_term_string}"},"query-input":{"@type":"PropertyValueSpecification","valueRequired":true,"valueName":"search_term_string"}}],"inLanguage":"tr"},{"@type":"Person","@id":"https:\/\/kibrisdakik.com\/#\/schema\/person\/9cd9d437bbb44f72b73ba127e06d8e79","name":"admin","image":{"@type":"ImageObject","inLanguage":"tr","@id":"https:\/\/secure.gravatar.com\/avatar\/ccc17943b9d660506c869530f897617f7cb1c21a4bf30023f252596d83e1f007?s=96&d=mm&r=g","url":"https:\/\/secure.gravatar.com\/avatar\/ccc17943b9d660506c869530f897617f7cb1c21a4bf30023f252596d83e1f007?s=96&d=mm&r=g","contentUrl":"https:\/\/secure.gravatar.com\/avatar\/ccc17943b9d660506c869530f897617f7cb1c21a4bf30023f252596d83e1f007?s=96&d=mm&r=g","caption":"admin"},"sameAs":["https:\/\/kibrisdakik.com"],"url":"https:\/\/kibrisdakik.com\/?author=1"}]}},"_links":{"self":[{"href":"https:\/\/kibrisdakik.com\/index.php?rest_route=\/wp\/v2\/posts\/57608","targetHints":{"allow":["GET"]}}],"collection":[{"href":"https:\/\/kibrisdakik.com\/index.php?rest_route=\/wp\/v2\/posts"}],"about":[{"href":"https:\/\/kibrisdakik.com\/index.php?rest_route=\/wp\/v2\/types\/post"}],"author":[{"embeddable":true,"href":"https:\/\/kibrisdakik.com\/index.php?rest_route=\/wp\/v2\/users\/1"}],"replies":[{"embeddable":true,"href":"https:\/\/kibrisdakik.com\/index.php?rest_route=%2Fwp%2Fv2%2Fcomments&post=57608"}],"version-history":[{"count":0,"href":"https:\/\/kibrisdakik.com\/index.php?rest_route=\/wp\/v2\/posts\/57608\/revisions"}],"wp:featuredmedia":[{"embeddable":true,"href":"https:\/\/kibrisdakik.com\/index.php?rest_route=\/wp\/v2\/media\/51087"}],"wp:attachment":[{"href":"https:\/\/kibrisdakik.com\/index.php?rest_route=%2Fwp%2Fv2%2Fmedia&parent=57608"}],"wp:term":[{"taxonomy":"category","embeddable":true,"href":"https:\/\/kibrisdakik.com\/index.php?rest_route=%2Fwp%2Fv2%2Fcategories&post=57608"},{"taxonomy":"post_tag","embeddable":true,"href":"https:\/\/kibrisdakik.com\/index.php?rest_route=%2Fwp%2Fv2%2Ftags&post=57608"}],"curies":[{"name":"wp","href":"https:\/\/api.w.org\/{rel}","templated":true}]}}