{"id":57690,"date":"2024-08-28T19:12:30","date_gmt":"2024-08-28T16:12:30","guid":{"rendered":"https:\/\/kibrisdakik.com\/index.php\/2024\/08\/28\/cristiano-ronaldo-ne-zaman-emekli-olacagini-acikladi\/"},"modified":"2024-08-28T19:12:30","modified_gmt":"2024-08-28T16:12:30","slug":"cristiano-ronaldo-ne-zaman-emekli-olacagini-acikladi","status":"publish","type":"post","link":"https:\/\/kibrisdakik.com\/?p=57690","title":{"rendered":"Cristiano Ronaldo, ne zaman emekli olaca\u011f\u0131n\u0131 a\u00e7\u0131klad\u0131"},"content":{"rendered":"<p><img decoding=\"async\" src=\"https:\/\/foto.haberler.com\/haber\/2024\/08\/28\/cristiano-ronaldo-ne-zaman-emekli-olacagini-17764233_4648_amp.jpg\" \/><\/p>\n<div id=\"\">\n<p> <a class=\"keyword\" href=\"https:\/\/www.haberler.com\/suudi-arabistan\/\" title=\"Suudi Arabistan Haberleri, Suudi Arabistan Haberi, Suudi Arabistan Haber\"><strong>Suudi Arabistan<\/strong><\/a> Pro Ligi tak\u0131mlar\u0131ndan  <a class=\"keyword\" href=\"https:\/\/www.haberler.com\/al-nassr\/\" title=\"Al Nassr Haberleri, Al Nassr Haberi, Al Nassr Haber\"><strong>Al Nassr<\/strong><\/a>&#8216;da forma giyen d\u00fcnyaca \u00fcnl\u00fc futbolcu Cristiano Ronaldo, kariyerine ili\u015fkin dikkat \u00e7eken a\u00e7\u0131klamalarda bulundu. Ronaldo, ne zaman emekli olaca\u011f\u0131n\u0131 a\u00e7\u0131klad\u0131.<\/p>\n<h3>&#8220;H\u0130\u00c7B\u0130R \u015eEY H\u0130SSETMED\u0130\u011e\u0130M G\u00dcN FUTBOLU BIRAKACA\u011eIM&#8221;<\/h3>\n<p>Portekizli y\u0131ld\u0131z, &#8220;Kendimi iyi hissediyorum, san\u0131r\u0131m hala iyi g\u00f6r\u00fcn\u00fcyorum. Hala top s\u00fcrebildi\u011fimi, \u015fut ve gol atabildi\u011fimi hissediyorum. Hi\u00e7bir \u015fey \u00fcretemedi\u011fimi, hi\u00e7bir \u015fey veremedi\u011fimi hissetti\u011fim g\u00fcn futbolu b\u0131rakaca\u011f\u0131m&#8221; dedi.<\/p>\n<h3>1000 GOL HEDEFL\u0130YOR<\/h3>\n<p>Kariyerinde 1000 gole ula\u015fmak istedi\u011fini s\u00f6yleyen Ronaldo, &#8220;Futbol tarihinin en skorer oyuncusuyum. Ama \u00e7\u0131tay\u0131 daha da y\u00fckseltece\u011fim. 900 gol att\u0131m ama 1000 gol atmak istiyorum. Bu hedefe ula\u015fmak istiyorum. 1000 gol\u00fcn videosu olacak ve b\u00f6ylece bu golleri att\u0131\u011f\u0131m\u0131 kan\u0131tlayabilece\u011fim&#8221; diye konu\u015ftu.<\/p>\n<p>Cristiano Ronaldo, ge\u00e7ti\u011fimiz g\u00fcnlerde att\u0131\u011f\u0131 golle 900 gole ula\u015fm\u0131\u015ft\u0131. 39 ya\u015f\u0131ndaki Ronaldo&#8217;nun Al Nassr ile s\u00f6zle\u015fmesi 2025 y\u0131l\u0131na kadar devam ediyor.<\/p>\n<div class=\"editorSade\">Kaynak: Haberler.com \/  <a href=\"https:\/\/www.haberler.com\/spor\/\" title=\"Spor Haberleri\">Spor<\/a> <\/div>\n<h4 id=\"nwsKeywords\"> <a href=\"https:\/\/www.haberler.com\/suudi-arabistan-pro-lig\/\" title=\"Suudi Arabistan Pro Lig\" class=\"hbptTag\">Suudi Arabistan Pro Lig<\/a>  <a href=\"https:\/\/www.haberler.com\/cristiano-ronaldo\/\" title=\"Cristiano Ronaldo\" class=\"hbptTag\">Cristiano Ronaldo<\/a>  <a href=\"https:\/\/www.haberler.com\/suudi-arabistan\/\" title=\"Suudi Arabistan\" class=\"hbptTag\">Suudi Arabistan<\/a>  <a href=\"https:\/\/www.haberler.com\/al-nassr\/\" title=\"Al Nassr\" class=\"hbptTag\">Al Nassr<\/a>  <a href=\"https:\/\/www.haberler.com\/futbol\/\" title=\"Futbol\" class=\"hbptTag\">Futbol<\/a>  <a href=\"https:\/\/www.haberler.com\/spor\/\" title=\"Spor\" class=\"hbptTag\">Spor<\/a>  <a href=\"https:\/\/www.haberler.com\/\" title=\"Haberler\" class=\"hbptTag\">Haberler<\/a> <\/h4>\n<\/div>\n","protected":false},"excerpt":{"rendered":"<p>Suudi Arabistan Pro Ligi tak\u0131mlar\u0131ndan Al Nassr&#8216;da forma giyen d\u00fcnyaca \u00fcnl\u00fc futbolcu Cristiano Ronaldo, kariyerine ili\u015fkin dikkat \u00e7eken a\u00e7\u0131klamalarda bulundu. Ronaldo, ne zaman emekli olaca\u011f\u0131n\u0131 a\u00e7\u0131klad\u0131. &#8220;H\u0130\u00c7B\u0130R \u015eEY H\u0130SSETMED\u0130\u011e\u0130M G\u00dcN FUTBOLU BIRAKACA\u011eIM&#8221; Portekizli y\u0131ld\u0131z, &#8220;Kendimi iyi hissediyorum, san\u0131r\u0131m hala iyi g\u00f6r\u00fcn\u00fcyorum. Hala top s\u00fcrebildi\u011fimi, \u015fut ve gol atabildi\u011fimi hissediyorum. Hi\u00e7bir \u015fey \u00fcretemedi\u011fimi, hi\u00e7bir \u015fey veremedi\u011fimi<\/p>\n","protected":false},"author":1,"featured_media":57691,"comment_status":"open","ping_status":"open","sticky":false,"template":"","format":"standard","meta":{"footnotes":""},"categories":[83],"tags":[],"class_list":["post-57690","post","type-post","status-publish","format-standard","has-post-thumbnail","hentry","category-magazin"],"yoast_head":"<!-- This site is optimized with the Yoast SEO plugin v27.4 - https:\/\/yoast.com\/product\/yoast-seo-wordpress\/ -->\n<title>Cristiano Ronaldo, ne zaman emekli olaca\u011f\u0131n\u0131 a\u00e7\u0131klad\u0131 -<\/title>\n<meta name=\"robots\" content=\"index, follow, max-snippet:-1, max-image-preview:large, max-video-preview:-1\" \/>\n<link rel=\"canonical\" href=\"https:\/\/kibrisdakik.com\/?p=57690\" \/>\n<meta property=\"og:locale\" content=\"tr_TR\" \/>\n<meta property=\"og:type\" content=\"article\" \/>\n<meta property=\"og:title\" content=\"Cristiano Ronaldo, ne zaman emekli olaca\u011f\u0131n\u0131 a\u00e7\u0131klad\u0131 -\" \/>\n<meta property=\"og:description\" content=\"Suudi Arabistan Pro Ligi tak\u0131mlar\u0131ndan Al Nassr&#8216;da forma giyen d\u00fcnyaca \u00fcnl\u00fc futbolcu Cristiano Ronaldo, kariyerine ili\u015fkin dikkat \u00e7eken a\u00e7\u0131klamalarda bulundu. Ronaldo, ne zaman emekli olaca\u011f\u0131n\u0131 a\u00e7\u0131klad\u0131. &#8220;H\u0130\u00c7B\u0130R \u015eEY H\u0130SSETMED\u0130\u011e\u0130M G\u00dcN FUTBOLU BIRAKACA\u011eIM&#8221; Portekizli y\u0131ld\u0131z, &#8220;Kendimi iyi hissediyorum, san\u0131r\u0131m hala iyi g\u00f6r\u00fcn\u00fcyorum. Hala top s\u00fcrebildi\u011fimi, \u015fut ve gol atabildi\u011fimi hissediyorum. Hi\u00e7bir \u015fey \u00fcretemedi\u011fimi, hi\u00e7bir \u015fey veremedi\u011fimi\" \/>\n<meta property=\"og:url\" content=\"https:\/\/kibrisdakik.com\/?p=57690\" \/>\n<meta property=\"article:published_time\" content=\"2024-08-28T16:12:30+00:00\" \/>\n<meta property=\"og:image\" content=\"https:\/\/kibrisdakik.com\/wp-content\/uploads\/2024\/08\/cristiano-ronaldo-ne-zaman-emekli-olacagini-17764233_4648_amp.jpg\" \/>\n\t<meta property=\"og:image:width\" content=\"1202\" \/>\n\t<meta property=\"og:image:height\" content=\"675\" \/>\n\t<meta property=\"og:image:type\" content=\"image\/jpeg\" \/>\n<meta name=\"author\" content=\"admin\" \/>\n<meta name=\"twitter:card\" content=\"summary_large_image\" \/>\n<meta name=\"twitter:label1\" content=\"Yazan:\" \/>\n\t<meta name=\"twitter:data1\" content=\"admin\" \/>\n\t<meta name=\"twitter:label2\" content=\"Tahmini okuma s\u00fcresi\" \/>\n\t<meta name=\"twitter:data2\" content=\"1 dakika\" \/>\n<script type=\"application\/ld+json\" class=\"yoast-schema-graph\">{\"@context\":\"https:\\\/\\\/schema.org\",\"@graph\":[{\"@type\":\"Article\",\"@id\":\"https:\\\/\\\/kibrisdakik.com\\\/?p=57690#article\",\"isPartOf\":{\"@id\":\"https:\\\/\\\/kibrisdakik.com\\\/?p=57690\"},\"author\":{\"name\":\"admin\",\"@id\":\"https:\\\/\\\/kibrisdakik.com\\\/#\\\/schema\\\/person\\\/9cd9d437bbb44f72b73ba127e06d8e79\"},\"headline\":\"Cristiano Ronaldo, ne zaman emekli olaca\u011f\u0131n\u0131 a\u00e7\u0131klad\u0131\",\"datePublished\":\"2024-08-28T16:12:30+00:00\",\"mainEntityOfPage\":{\"@id\":\"https:\\\/\\\/kibrisdakik.com\\\/?p=57690\"},\"wordCount\":199,\"commentCount\":0,\"image\":{\"@id\":\"https:\\\/\\\/kibrisdakik.com\\\/?p=57690#primaryimage\"},\"thumbnailUrl\":\"https:\\\/\\\/kibrisdakik.com\\\/wp-content\\\/uploads\\\/2024\\\/08\\\/cristiano-ronaldo-ne-zaman-emekli-olacagini-17764233_4648_amp.jpg\",\"articleSection\":[\"Magazin\"],\"inLanguage\":\"tr\",\"potentialAction\":[{\"@type\":\"CommentAction\",\"name\":\"Comment\",\"target\":[\"https:\\\/\\\/kibrisdakik.com\\\/?p=57690#respond\"]}]},{\"@type\":\"WebPage\",\"@id\":\"https:\\\/\\\/kibrisdakik.com\\\/?p=57690\",\"url\":\"https:\\\/\\\/kibrisdakik.com\\\/?p=57690\",\"name\":\"Cristiano Ronaldo, ne zaman emekli olaca\u011f\u0131n\u0131 a\u00e7\u0131klad\u0131 -\",\"isPartOf\":{\"@id\":\"https:\\\/\\\/kibrisdakik.com\\\/#website\"},\"primaryImageOfPage\":{\"@id\":\"https:\\\/\\\/kibrisdakik.com\\\/?p=57690#primaryimage\"},\"image\":{\"@id\":\"https:\\\/\\\/kibrisdakik.com\\\/?p=57690#primaryimage\"},\"thumbnailUrl\":\"https:\\\/\\\/kibrisdakik.com\\\/wp-content\\\/uploads\\\/2024\\\/08\\\/cristiano-ronaldo-ne-zaman-emekli-olacagini-17764233_4648_amp.jpg\",\"datePublished\":\"2024-08-28T16:12:30+00:00\",\"author\":{\"@id\":\"https:\\\/\\\/kibrisdakik.com\\\/#\\\/schema\\\/person\\\/9cd9d437bbb44f72b73ba127e06d8e79\"},\"breadcrumb\":{\"@id\":\"https:\\\/\\\/kibrisdakik.com\\\/?p=57690#breadcrumb\"},\"inLanguage\":\"tr\",\"potentialAction\":[{\"@type\":\"ReadAction\",\"target\":[\"https:\\\/\\\/kibrisdakik.com\\\/?p=57690\"]}]},{\"@type\":\"ImageObject\",\"inLanguage\":\"tr\",\"@id\":\"https:\\\/\\\/kibrisdakik.com\\\/?p=57690#primaryimage\",\"url\":\"https:\\\/\\\/kibrisdakik.com\\\/wp-content\\\/uploads\\\/2024\\\/08\\\/cristiano-ronaldo-ne-zaman-emekli-olacagini-17764233_4648_amp.jpg\",\"contentUrl\":\"https:\\\/\\\/kibrisdakik.com\\\/wp-content\\\/uploads\\\/2024\\\/08\\\/cristiano-ronaldo-ne-zaman-emekli-olacagini-17764233_4648_amp.jpg\",\"width\":1202,\"height\":675},{\"@type\":\"BreadcrumbList\",\"@id\":\"https:\\\/\\\/kibrisdakik.com\\\/?p=57690#breadcrumb\",\"itemListElement\":[{\"@type\":\"ListItem\",\"position\":1,\"name\":\"Home\",\"item\":\"https:\\\/\\\/kibrisdakik.com\\\/\"},{\"@type\":\"ListItem\",\"position\":2,\"name\":\"Cristiano Ronaldo, ne zaman emekli olaca\u011f\u0131n\u0131 a\u00e7\u0131klad\u0131\"}]},{\"@type\":\"WebSite\",\"@id\":\"https:\\\/\\\/kibrisdakik.com\\\/#website\",\"url\":\"https:\\\/\\\/kibrisdakik.com\\\/\",\"name\":\"\",\"description\":\"Tam vaktinde haber\",\"potentialAction\":[{\"@type\":\"SearchAction\",\"target\":{\"@type\":\"EntryPoint\",\"urlTemplate\":\"https:\\\/\\\/kibrisdakik.com\\\/?s={search_term_string}\"},\"query-input\":{\"@type\":\"PropertyValueSpecification\",\"valueRequired\":true,\"valueName\":\"search_term_string\"}}],\"inLanguage\":\"tr\"},{\"@type\":\"Person\",\"@id\":\"https:\\\/\\\/kibrisdakik.com\\\/#\\\/schema\\\/person\\\/9cd9d437bbb44f72b73ba127e06d8e79\",\"name\":\"admin\",\"image\":{\"@type\":\"ImageObject\",\"inLanguage\":\"tr\",\"@id\":\"https:\\\/\\\/secure.gravatar.com\\\/avatar\\\/ccc17943b9d660506c869530f897617f7cb1c21a4bf30023f252596d83e1f007?s=96&d=mm&r=g\",\"url\":\"https:\\\/\\\/secure.gravatar.com\\\/avatar\\\/ccc17943b9d660506c869530f897617f7cb1c21a4bf30023f252596d83e1f007?s=96&d=mm&r=g\",\"contentUrl\":\"https:\\\/\\\/secure.gravatar.com\\\/avatar\\\/ccc17943b9d660506c869530f897617f7cb1c21a4bf30023f252596d83e1f007?s=96&d=mm&r=g\",\"caption\":\"admin\"},\"sameAs\":[\"https:\\\/\\\/kibrisdakik.com\"],\"url\":\"https:\\\/\\\/kibrisdakik.com\\\/?author=1\"}]}<\/script>\n<!-- \/ Yoast SEO plugin. -->","yoast_head_json":{"title":"Cristiano Ronaldo, ne zaman emekli olaca\u011f\u0131n\u0131 a\u00e7\u0131klad\u0131 -","robots":{"index":"index","follow":"follow","max-snippet":"max-snippet:-1","max-image-preview":"max-image-preview:large","max-video-preview":"max-video-preview:-1"},"canonical":"https:\/\/kibrisdakik.com\/?p=57690","og_locale":"tr_TR","og_type":"article","og_title":"Cristiano Ronaldo, ne zaman emekli olaca\u011f\u0131n\u0131 a\u00e7\u0131klad\u0131 -","og_description":"Suudi Arabistan Pro Ligi tak\u0131mlar\u0131ndan Al Nassr&#8216;da forma giyen d\u00fcnyaca \u00fcnl\u00fc futbolcu Cristiano Ronaldo, kariyerine ili\u015fkin dikkat \u00e7eken a\u00e7\u0131klamalarda bulundu. Ronaldo, ne zaman emekli olaca\u011f\u0131n\u0131 a\u00e7\u0131klad\u0131. &#8220;H\u0130\u00c7B\u0130R \u015eEY H\u0130SSETMED\u0130\u011e\u0130M G\u00dcN FUTBOLU BIRAKACA\u011eIM&#8221; Portekizli y\u0131ld\u0131z, &#8220;Kendimi iyi hissediyorum, san\u0131r\u0131m hala iyi g\u00f6r\u00fcn\u00fcyorum. Hala top s\u00fcrebildi\u011fimi, \u015fut ve gol atabildi\u011fimi hissediyorum. Hi\u00e7bir \u015fey \u00fcretemedi\u011fimi, hi\u00e7bir \u015fey veremedi\u011fimi","og_url":"https:\/\/kibrisdakik.com\/?p=57690","article_published_time":"2024-08-28T16:12:30+00:00","og_image":[{"width":1202,"height":675,"url":"https:\/\/kibrisdakik.com\/wp-content\/uploads\/2024\/08\/cristiano-ronaldo-ne-zaman-emekli-olacagini-17764233_4648_amp.jpg","type":"image\/jpeg"}],"author":"admin","twitter_card":"summary_large_image","twitter_misc":{"Yazan:":"admin","Tahmini okuma s\u00fcresi":"1 dakika"},"schema":{"@context":"https:\/\/schema.org","@graph":[{"@type":"Article","@id":"https:\/\/kibrisdakik.com\/?p=57690#article","isPartOf":{"@id":"https:\/\/kibrisdakik.com\/?p=57690"},"author":{"name":"admin","@id":"https:\/\/kibrisdakik.com\/#\/schema\/person\/9cd9d437bbb44f72b73ba127e06d8e79"},"headline":"Cristiano Ronaldo, ne zaman emekli olaca\u011f\u0131n\u0131 a\u00e7\u0131klad\u0131","datePublished":"2024-08-28T16:12:30+00:00","mainEntityOfPage":{"@id":"https:\/\/kibrisdakik.com\/?p=57690"},"wordCount":199,"commentCount":0,"image":{"@id":"https:\/\/kibrisdakik.com\/?p=57690#primaryimage"},"thumbnailUrl":"https:\/\/kibrisdakik.com\/wp-content\/uploads\/2024\/08\/cristiano-ronaldo-ne-zaman-emekli-olacagini-17764233_4648_amp.jpg","articleSection":["Magazin"],"inLanguage":"tr","potentialAction":[{"@type":"CommentAction","name":"Comment","target":["https:\/\/kibrisdakik.com\/?p=57690#respond"]}]},{"@type":"WebPage","@id":"https:\/\/kibrisdakik.com\/?p=57690","url":"https:\/\/kibrisdakik.com\/?p=57690","name":"Cristiano Ronaldo, ne zaman emekli olaca\u011f\u0131n\u0131 a\u00e7\u0131klad\u0131 -","isPartOf":{"@id":"https:\/\/kibrisdakik.com\/#website"},"primaryImageOfPage":{"@id":"https:\/\/kibrisdakik.com\/?p=57690#primaryimage"},"image":{"@id":"https:\/\/kibrisdakik.com\/?p=57690#primaryimage"},"thumbnailUrl":"https:\/\/kibrisdakik.com\/wp-content\/uploads\/2024\/08\/cristiano-ronaldo-ne-zaman-emekli-olacagini-17764233_4648_amp.jpg","datePublished":"2024-08-28T16:12:30+00:00","author":{"@id":"https:\/\/kibrisdakik.com\/#\/schema\/person\/9cd9d437bbb44f72b73ba127e06d8e79"},"breadcrumb":{"@id":"https:\/\/kibrisdakik.com\/?p=57690#breadcrumb"},"inLanguage":"tr","potentialAction":[{"@type":"ReadAction","target":["https:\/\/kibrisdakik.com\/?p=57690"]}]},{"@type":"ImageObject","inLanguage":"tr","@id":"https:\/\/kibrisdakik.com\/?p=57690#primaryimage","url":"https:\/\/kibrisdakik.com\/wp-content\/uploads\/2024\/08\/cristiano-ronaldo-ne-zaman-emekli-olacagini-17764233_4648_amp.jpg","contentUrl":"https:\/\/kibrisdakik.com\/wp-content\/uploads\/2024\/08\/cristiano-ronaldo-ne-zaman-emekli-olacagini-17764233_4648_amp.jpg","width":1202,"height":675},{"@type":"BreadcrumbList","@id":"https:\/\/kibrisdakik.com\/?p=57690#breadcrumb","itemListElement":[{"@type":"ListItem","position":1,"name":"Home","item":"https:\/\/kibrisdakik.com\/"},{"@type":"ListItem","position":2,"name":"Cristiano Ronaldo, ne zaman emekli olaca\u011f\u0131n\u0131 a\u00e7\u0131klad\u0131"}]},{"@type":"WebSite","@id":"https:\/\/kibrisdakik.com\/#website","url":"https:\/\/kibrisdakik.com\/","name":"","description":"Tam vaktinde haber","potentialAction":[{"@type":"SearchAction","target":{"@type":"EntryPoint","urlTemplate":"https:\/\/kibrisdakik.com\/?s={search_term_string}"},"query-input":{"@type":"PropertyValueSpecification","valueRequired":true,"valueName":"search_term_string"}}],"inLanguage":"tr"},{"@type":"Person","@id":"https:\/\/kibrisdakik.com\/#\/schema\/person\/9cd9d437bbb44f72b73ba127e06d8e79","name":"admin","image":{"@type":"ImageObject","inLanguage":"tr","@id":"https:\/\/secure.gravatar.com\/avatar\/ccc17943b9d660506c869530f897617f7cb1c21a4bf30023f252596d83e1f007?s=96&d=mm&r=g","url":"https:\/\/secure.gravatar.com\/avatar\/ccc17943b9d660506c869530f897617f7cb1c21a4bf30023f252596d83e1f007?s=96&d=mm&r=g","contentUrl":"https:\/\/secure.gravatar.com\/avatar\/ccc17943b9d660506c869530f897617f7cb1c21a4bf30023f252596d83e1f007?s=96&d=mm&r=g","caption":"admin"},"sameAs":["https:\/\/kibrisdakik.com"],"url":"https:\/\/kibrisdakik.com\/?author=1"}]}},"_links":{"self":[{"href":"https:\/\/kibrisdakik.com\/index.php?rest_route=\/wp\/v2\/posts\/57690","targetHints":{"allow":["GET"]}}],"collection":[{"href":"https:\/\/kibrisdakik.com\/index.php?rest_route=\/wp\/v2\/posts"}],"about":[{"href":"https:\/\/kibrisdakik.com\/index.php?rest_route=\/wp\/v2\/types\/post"}],"author":[{"embeddable":true,"href":"https:\/\/kibrisdakik.com\/index.php?rest_route=\/wp\/v2\/users\/1"}],"replies":[{"embeddable":true,"href":"https:\/\/kibrisdakik.com\/index.php?rest_route=%2Fwp%2Fv2%2Fcomments&post=57690"}],"version-history":[{"count":0,"href":"https:\/\/kibrisdakik.com\/index.php?rest_route=\/wp\/v2\/posts\/57690\/revisions"}],"wp:featuredmedia":[{"embeddable":true,"href":"https:\/\/kibrisdakik.com\/index.php?rest_route=\/wp\/v2\/media\/57691"}],"wp:attachment":[{"href":"https:\/\/kibrisdakik.com\/index.php?rest_route=%2Fwp%2Fv2%2Fmedia&parent=57690"}],"wp:term":[{"taxonomy":"category","embeddable":true,"href":"https:\/\/kibrisdakik.com\/index.php?rest_route=%2Fwp%2Fv2%2Fcategories&post=57690"},{"taxonomy":"post_tag","embeddable":true,"href":"https:\/\/kibrisdakik.com\/index.php?rest_route=%2Fwp%2Fv2%2Ftags&post=57690"}],"curies":[{"name":"wp","href":"https:\/\/api.w.org\/{rel}","templated":true}]}}