{"id":57727,"date":"2024-08-28T23:43:28","date_gmt":"2024-08-28T20:43:28","guid":{"rendered":"https:\/\/kibrisdakik.com\/index.php\/2024\/08\/28\/bakan-uraloglu-duyurdu-istanbuldaki-taksi-sorununa-cozum-icin-yeni-adim\/"},"modified":"2024-08-28T23:43:28","modified_gmt":"2024-08-28T20:43:28","slug":"bakan-uraloglu-duyurdu-istanbuldaki-taksi-sorununa-cozum-icin-yeni-adim","status":"publish","type":"post","link":"https:\/\/kibrisdakik.com\/?p=57727","title":{"rendered":"Bakan Uralo\u011flu duyurdu! \u0130stanbul&#8217;daki taksi sorununa \u00e7\u00f6z\u00fcm i\u00e7in yeni ad\u0131m"},"content":{"rendered":"<p><img decoding=\"async\" src=\"https:\/\/foto.haberler.com\/haber\/2024\/08\/28\/bakan-uraloglu-duyurdu-istanbul-daki-taksi-17764978_8523_amp.jpg\" \/><\/p>\n<div id=\"\">\n<p> <a class=\"keyword\" href=\"https:\/\/www.haberler.com\/ulastirma-ve-altyapi-bakani\/\" title=\"Ula\u015ft\u0131rma Ve Altyap\u0131 Bakan\u0131 Haberleri, Ula\u015ft\u0131rma Ve Altyap\u0131 Bakan\u0131 Haberi, Ula\u015ft\u0131rma Ve Altyap\u0131 Bakan\u0131 Haber\"><strong>Ula\u015ft\u0131rma Ve Altyap\u0131 Bakan\u0131<\/strong><\/a> Abdulkadir Uralo\u011flu, \u0130stanbul&#8217;da ya\u015fanan taksi sorununun \u00e7\u00f6z\u00fclmesi i\u00e7in Uygulama Tabanl\u0131 Taksi Ta\u015f\u0131mac\u0131l\u0131\u011f\u0131 Sistemi&#8217;ni onaylayacaklar\u0131n\u0131 bildirdi.<\/p>\n<p>Uralo\u011flu, sosyal medya hesab\u0131ndan \u0130stanbul&#8217;daki taksi probleminin \u00e7\u00f6z\u00fcm\u00fcne ili\u015fkin payla\u015f\u0131mda bulundu.<\/p>\n<p>&#8220;Ula\u015ft\u0131rma ve Altyap\u0131 Bakanl\u0131\u011f\u0131 olarak \u0130stanbul&#8217;da ya\u015fayan vatanda\u015flar\u0131m\u0131z\u0131n \u015fikayetlerine konu olan taksi sorununun \u00e7\u00f6z\u00fclmesi i\u00e7in Uygulama Tabanl\u0131 Taksi Ta\u015f\u0131mac\u0131l\u0131\u011f\u0131 Sistemi&#8217;ni onaylayaca\u011f\u0131z.&#8221; ifadesini kullanan Uralo\u011flu, \u015funlar\u0131 kaydetti:<\/p>\n<p>&#8220;2 bin 500 ara\u00e7la ba\u015flanacak yeni taksi sisteminin kurulmas\u0131na dair yar\u0131n yap\u0131lacak olan UKOME Toplant\u0131s\u0131&#8217;nda g\u00fcndemde yer alan teklife ili\u015fkin olarak oy hakk\u0131 olan Ula\u015ft\u0131rma ve Altyap\u0131 Bakanl\u0131\u011f\u0131 ile ba\u011fl\u0131 kurumlar olarak uygun g\u00f6r\u00fc\u015f verece\u011fimizi kamuoyunun bilgisine sunar\u0131z. Taksi sorununun \u00e7\u00f6z\u00fcm\u00fc ad\u0131na att\u0131\u011f\u0131m\u0131z bu ad\u0131m\u0131n \u0130stanbul&#8217;umuza hay\u0131rl\u0131 olmas\u0131n\u0131 diliyoruz.&#8221;<\/p>\n<h4 id=\"nwsKeywords\"> <a href=\"https:\/\/www.haberler.com\/ulastirma-ve-altyapi-bakani\/\" title=\"Ula\u015ft\u0131rma ve Altyap\u0131 Bakan\u0131\" class=\"hbptTag\">Ula\u015ft\u0131rma ve Altyap\u0131 Bakan\u0131<\/a>  <a href=\"https:\/\/www.haberler.com\/abdulkadir-uraloglu\/\" title=\"Abd\u00fclkadir Uralo\u011flu\" class=\"hbptTag\">Abd\u00fclkadir Uralo\u011flu<\/a>  <a href=\"https:\/\/www.haberler.com\/istanbul\/\" title=\"\u0130stanbul\" class=\"hbptTag\">\u0130stanbul<\/a>  <a href=\"https:\/\/www.haberler.com\/istanbul\/\" title=\"\u0130stanbul\" class=\"hbptTag\">\u0130stanbul<\/a>  <a href=\"https:\/\/www.haberler.com\/ulasim\/\" title=\"Ula\u015f\u0131m\" class=\"hbptTag\">Ula\u015f\u0131m<\/a>  <a href=\"https:\/\/www.haberler.com\/istanbul\/\" title=\"\u0130stanbul\" class=\"hbptTag\">\u0130stanbul<\/a>  <a href=\"https:\/\/www.haberler.com\/teknoloji\/\" title=\"Teknoloji\" class=\"hbptTag\">Teknoloji<\/a>  <a href=\"https:\/\/www.haberler.com\/yasam\/\" title=\"Ya\u015fam\" class=\"hbptTag\">Ya\u015fam<\/a>  <a href=\"https:\/\/www.haberler.com\/\" title=\"Haberler\" class=\"hbptTag\">Haberler<\/a> <\/h4>\n<\/div>\n","protected":false},"excerpt":{"rendered":"<p>Ula\u015ft\u0131rma Ve Altyap\u0131 Bakan\u0131 Abdulkadir Uralo\u011flu, \u0130stanbul&#8217;da ya\u015fanan taksi sorununun \u00e7\u00f6z\u00fclmesi i\u00e7in Uygulama Tabanl\u0131 Taksi Ta\u015f\u0131mac\u0131l\u0131\u011f\u0131 Sistemi&#8217;ni onaylayacaklar\u0131n\u0131 bildirdi. Uralo\u011flu, sosyal medya hesab\u0131ndan \u0130stanbul&#8217;daki taksi probleminin \u00e7\u00f6z\u00fcm\u00fcne ili\u015fkin payla\u015f\u0131mda bulundu. &#8220;Ula\u015ft\u0131rma ve Altyap\u0131 Bakanl\u0131\u011f\u0131 olarak \u0130stanbul&#8217;da ya\u015fayan vatanda\u015flar\u0131m\u0131z\u0131n \u015fikayetlerine konu olan taksi sorununun \u00e7\u00f6z\u00fclmesi i\u00e7in Uygulama Tabanl\u0131 Taksi Ta\u015f\u0131mac\u0131l\u0131\u011f\u0131 Sistemi&#8217;ni onaylayaca\u011f\u0131z.&#8221; ifadesini kullanan Uralo\u011flu, \u015funlar\u0131<\/p>\n","protected":false},"author":1,"featured_media":57728,"comment_status":"open","ping_status":"open","sticky":false,"template":"","format":"standard","meta":{"footnotes":""},"categories":[83],"tags":[],"class_list":["post-57727","post","type-post","status-publish","format-standard","has-post-thumbnail","hentry","category-magazin"],"yoast_head":"<!-- This site is optimized with the Yoast SEO plugin v27.4 - https:\/\/yoast.com\/product\/yoast-seo-wordpress\/ -->\n<title>Bakan Uralo\u011flu duyurdu! \u0130stanbul&#039;daki taksi sorununa \u00e7\u00f6z\u00fcm i\u00e7in yeni ad\u0131m -<\/title>\n<meta name=\"robots\" content=\"index, follow, max-snippet:-1, max-image-preview:large, max-video-preview:-1\" \/>\n<link rel=\"canonical\" href=\"https:\/\/kibrisdakik.com\/?p=57727\" \/>\n<meta property=\"og:locale\" content=\"tr_TR\" \/>\n<meta property=\"og:type\" content=\"article\" \/>\n<meta property=\"og:title\" content=\"Bakan Uralo\u011flu duyurdu! \u0130stanbul&#039;daki taksi sorununa \u00e7\u00f6z\u00fcm i\u00e7in yeni ad\u0131m -\" \/>\n<meta property=\"og:description\" content=\"Ula\u015ft\u0131rma Ve Altyap\u0131 Bakan\u0131 Abdulkadir Uralo\u011flu, \u0130stanbul&#8217;da ya\u015fanan taksi sorununun \u00e7\u00f6z\u00fclmesi i\u00e7in Uygulama Tabanl\u0131 Taksi Ta\u015f\u0131mac\u0131l\u0131\u011f\u0131 Sistemi&#8217;ni onaylayacaklar\u0131n\u0131 bildirdi. Uralo\u011flu, sosyal medya hesab\u0131ndan \u0130stanbul&#8217;daki taksi probleminin \u00e7\u00f6z\u00fcm\u00fcne ili\u015fkin payla\u015f\u0131mda bulundu. &#8220;Ula\u015ft\u0131rma ve Altyap\u0131 Bakanl\u0131\u011f\u0131 olarak \u0130stanbul&#8217;da ya\u015fayan vatanda\u015flar\u0131m\u0131z\u0131n \u015fikayetlerine konu olan taksi sorununun \u00e7\u00f6z\u00fclmesi i\u00e7in Uygulama Tabanl\u0131 Taksi Ta\u015f\u0131mac\u0131l\u0131\u011f\u0131 Sistemi&#8217;ni onaylayaca\u011f\u0131z.&#8221; ifadesini kullanan Uralo\u011flu, \u015funlar\u0131\" \/>\n<meta property=\"og:url\" content=\"https:\/\/kibrisdakik.com\/?p=57727\" \/>\n<meta property=\"article:published_time\" content=\"2024-08-28T20:43:28+00:00\" \/>\n<meta property=\"og:image\" content=\"https:\/\/kibrisdakik.com\/wp-content\/uploads\/2024\/08\/bakan-uraloglu-duyurdu-istanbul-daki-taksi-17764978_8523_amp.jpg\" \/>\n\t<meta property=\"og:image:width\" content=\"1202\" \/>\n\t<meta property=\"og:image:height\" content=\"675\" \/>\n\t<meta property=\"og:image:type\" content=\"image\/jpeg\" \/>\n<meta name=\"author\" content=\"admin\" \/>\n<meta name=\"twitter:card\" content=\"summary_large_image\" \/>\n<meta name=\"twitter:label1\" content=\"Yazan:\" \/>\n\t<meta name=\"twitter:data1\" content=\"admin\" \/>\n\t<meta name=\"twitter:label2\" content=\"Tahmini okuma s\u00fcresi\" \/>\n\t<meta name=\"twitter:data2\" content=\"1 dakika\" \/>\n<script type=\"application\/ld+json\" class=\"yoast-schema-graph\">{\"@context\":\"https:\\\/\\\/schema.org\",\"@graph\":[{\"@type\":\"Article\",\"@id\":\"https:\\\/\\\/kibrisdakik.com\\\/?p=57727#article\",\"isPartOf\":{\"@id\":\"https:\\\/\\\/kibrisdakik.com\\\/?p=57727\"},\"author\":{\"name\":\"admin\",\"@id\":\"https:\\\/\\\/kibrisdakik.com\\\/#\\\/schema\\\/person\\\/9cd9d437bbb44f72b73ba127e06d8e79\"},\"headline\":\"Bakan Uralo\u011flu duyurdu! \u0130stanbul&#8217;daki taksi sorununa \u00e7\u00f6z\u00fcm i\u00e7in yeni ad\u0131m\",\"datePublished\":\"2024-08-28T20:43:28+00:00\",\"mainEntityOfPage\":{\"@id\":\"https:\\\/\\\/kibrisdakik.com\\\/?p=57727\"},\"wordCount\":187,\"commentCount\":0,\"image\":{\"@id\":\"https:\\\/\\\/kibrisdakik.com\\\/?p=57727#primaryimage\"},\"thumbnailUrl\":\"https:\\\/\\\/kibrisdakik.com\\\/wp-content\\\/uploads\\\/2024\\\/08\\\/bakan-uraloglu-duyurdu-istanbul-daki-taksi-17764978_8523_amp.jpg\",\"articleSection\":[\"Magazin\"],\"inLanguage\":\"tr\",\"potentialAction\":[{\"@type\":\"CommentAction\",\"name\":\"Comment\",\"target\":[\"https:\\\/\\\/kibrisdakik.com\\\/?p=57727#respond\"]}]},{\"@type\":\"WebPage\",\"@id\":\"https:\\\/\\\/kibrisdakik.com\\\/?p=57727\",\"url\":\"https:\\\/\\\/kibrisdakik.com\\\/?p=57727\",\"name\":\"Bakan Uralo\u011flu duyurdu! \u0130stanbul'daki taksi sorununa \u00e7\u00f6z\u00fcm i\u00e7in yeni ad\u0131m -\",\"isPartOf\":{\"@id\":\"https:\\\/\\\/kibrisdakik.com\\\/#website\"},\"primaryImageOfPage\":{\"@id\":\"https:\\\/\\\/kibrisdakik.com\\\/?p=57727#primaryimage\"},\"image\":{\"@id\":\"https:\\\/\\\/kibrisdakik.com\\\/?p=57727#primaryimage\"},\"thumbnailUrl\":\"https:\\\/\\\/kibrisdakik.com\\\/wp-content\\\/uploads\\\/2024\\\/08\\\/bakan-uraloglu-duyurdu-istanbul-daki-taksi-17764978_8523_amp.jpg\",\"datePublished\":\"2024-08-28T20:43:28+00:00\",\"author\":{\"@id\":\"https:\\\/\\\/kibrisdakik.com\\\/#\\\/schema\\\/person\\\/9cd9d437bbb44f72b73ba127e06d8e79\"},\"breadcrumb\":{\"@id\":\"https:\\\/\\\/kibrisdakik.com\\\/?p=57727#breadcrumb\"},\"inLanguage\":\"tr\",\"potentialAction\":[{\"@type\":\"ReadAction\",\"target\":[\"https:\\\/\\\/kibrisdakik.com\\\/?p=57727\"]}]},{\"@type\":\"ImageObject\",\"inLanguage\":\"tr\",\"@id\":\"https:\\\/\\\/kibrisdakik.com\\\/?p=57727#primaryimage\",\"url\":\"https:\\\/\\\/kibrisdakik.com\\\/wp-content\\\/uploads\\\/2024\\\/08\\\/bakan-uraloglu-duyurdu-istanbul-daki-taksi-17764978_8523_amp.jpg\",\"contentUrl\":\"https:\\\/\\\/kibrisdakik.com\\\/wp-content\\\/uploads\\\/2024\\\/08\\\/bakan-uraloglu-duyurdu-istanbul-daki-taksi-17764978_8523_amp.jpg\",\"width\":1202,\"height\":675},{\"@type\":\"BreadcrumbList\",\"@id\":\"https:\\\/\\\/kibrisdakik.com\\\/?p=57727#breadcrumb\",\"itemListElement\":[{\"@type\":\"ListItem\",\"position\":1,\"name\":\"Home\",\"item\":\"https:\\\/\\\/kibrisdakik.com\\\/\"},{\"@type\":\"ListItem\",\"position\":2,\"name\":\"Bakan Uralo\u011flu duyurdu! \u0130stanbul&#8217;daki taksi sorununa \u00e7\u00f6z\u00fcm i\u00e7in yeni ad\u0131m\"}]},{\"@type\":\"WebSite\",\"@id\":\"https:\\\/\\\/kibrisdakik.com\\\/#website\",\"url\":\"https:\\\/\\\/kibrisdakik.com\\\/\",\"name\":\"\",\"description\":\"Tam vaktinde haber\",\"potentialAction\":[{\"@type\":\"SearchAction\",\"target\":{\"@type\":\"EntryPoint\",\"urlTemplate\":\"https:\\\/\\\/kibrisdakik.com\\\/?s={search_term_string}\"},\"query-input\":{\"@type\":\"PropertyValueSpecification\",\"valueRequired\":true,\"valueName\":\"search_term_string\"}}],\"inLanguage\":\"tr\"},{\"@type\":\"Person\",\"@id\":\"https:\\\/\\\/kibrisdakik.com\\\/#\\\/schema\\\/person\\\/9cd9d437bbb44f72b73ba127e06d8e79\",\"name\":\"admin\",\"image\":{\"@type\":\"ImageObject\",\"inLanguage\":\"tr\",\"@id\":\"https:\\\/\\\/secure.gravatar.com\\\/avatar\\\/ccc17943b9d660506c869530f897617f7cb1c21a4bf30023f252596d83e1f007?s=96&d=mm&r=g\",\"url\":\"https:\\\/\\\/secure.gravatar.com\\\/avatar\\\/ccc17943b9d660506c869530f897617f7cb1c21a4bf30023f252596d83e1f007?s=96&d=mm&r=g\",\"contentUrl\":\"https:\\\/\\\/secure.gravatar.com\\\/avatar\\\/ccc17943b9d660506c869530f897617f7cb1c21a4bf30023f252596d83e1f007?s=96&d=mm&r=g\",\"caption\":\"admin\"},\"sameAs\":[\"https:\\\/\\\/kibrisdakik.com\"],\"url\":\"https:\\\/\\\/kibrisdakik.com\\\/?author=1\"}]}<\/script>\n<!-- \/ Yoast SEO plugin. -->","yoast_head_json":{"title":"Bakan Uralo\u011flu duyurdu! \u0130stanbul'daki taksi sorununa \u00e7\u00f6z\u00fcm i\u00e7in yeni ad\u0131m -","robots":{"index":"index","follow":"follow","max-snippet":"max-snippet:-1","max-image-preview":"max-image-preview:large","max-video-preview":"max-video-preview:-1"},"canonical":"https:\/\/kibrisdakik.com\/?p=57727","og_locale":"tr_TR","og_type":"article","og_title":"Bakan Uralo\u011flu duyurdu! \u0130stanbul'daki taksi sorununa \u00e7\u00f6z\u00fcm i\u00e7in yeni ad\u0131m -","og_description":"Ula\u015ft\u0131rma Ve Altyap\u0131 Bakan\u0131 Abdulkadir Uralo\u011flu, \u0130stanbul&#8217;da ya\u015fanan taksi sorununun \u00e7\u00f6z\u00fclmesi i\u00e7in Uygulama Tabanl\u0131 Taksi Ta\u015f\u0131mac\u0131l\u0131\u011f\u0131 Sistemi&#8217;ni onaylayacaklar\u0131n\u0131 bildirdi. Uralo\u011flu, sosyal medya hesab\u0131ndan \u0130stanbul&#8217;daki taksi probleminin \u00e7\u00f6z\u00fcm\u00fcne ili\u015fkin payla\u015f\u0131mda bulundu. &#8220;Ula\u015ft\u0131rma ve Altyap\u0131 Bakanl\u0131\u011f\u0131 olarak \u0130stanbul&#8217;da ya\u015fayan vatanda\u015flar\u0131m\u0131z\u0131n \u015fikayetlerine konu olan taksi sorununun \u00e7\u00f6z\u00fclmesi i\u00e7in Uygulama Tabanl\u0131 Taksi Ta\u015f\u0131mac\u0131l\u0131\u011f\u0131 Sistemi&#8217;ni onaylayaca\u011f\u0131z.&#8221; ifadesini kullanan Uralo\u011flu, \u015funlar\u0131","og_url":"https:\/\/kibrisdakik.com\/?p=57727","article_published_time":"2024-08-28T20:43:28+00:00","og_image":[{"width":1202,"height":675,"url":"https:\/\/kibrisdakik.com\/wp-content\/uploads\/2024\/08\/bakan-uraloglu-duyurdu-istanbul-daki-taksi-17764978_8523_amp.jpg","type":"image\/jpeg"}],"author":"admin","twitter_card":"summary_large_image","twitter_misc":{"Yazan:":"admin","Tahmini okuma s\u00fcresi":"1 dakika"},"schema":{"@context":"https:\/\/schema.org","@graph":[{"@type":"Article","@id":"https:\/\/kibrisdakik.com\/?p=57727#article","isPartOf":{"@id":"https:\/\/kibrisdakik.com\/?p=57727"},"author":{"name":"admin","@id":"https:\/\/kibrisdakik.com\/#\/schema\/person\/9cd9d437bbb44f72b73ba127e06d8e79"},"headline":"Bakan Uralo\u011flu duyurdu! \u0130stanbul&#8217;daki taksi sorununa \u00e7\u00f6z\u00fcm i\u00e7in yeni ad\u0131m","datePublished":"2024-08-28T20:43:28+00:00","mainEntityOfPage":{"@id":"https:\/\/kibrisdakik.com\/?p=57727"},"wordCount":187,"commentCount":0,"image":{"@id":"https:\/\/kibrisdakik.com\/?p=57727#primaryimage"},"thumbnailUrl":"https:\/\/kibrisdakik.com\/wp-content\/uploads\/2024\/08\/bakan-uraloglu-duyurdu-istanbul-daki-taksi-17764978_8523_amp.jpg","articleSection":["Magazin"],"inLanguage":"tr","potentialAction":[{"@type":"CommentAction","name":"Comment","target":["https:\/\/kibrisdakik.com\/?p=57727#respond"]}]},{"@type":"WebPage","@id":"https:\/\/kibrisdakik.com\/?p=57727","url":"https:\/\/kibrisdakik.com\/?p=57727","name":"Bakan Uralo\u011flu duyurdu! \u0130stanbul'daki taksi sorununa \u00e7\u00f6z\u00fcm i\u00e7in yeni ad\u0131m -","isPartOf":{"@id":"https:\/\/kibrisdakik.com\/#website"},"primaryImageOfPage":{"@id":"https:\/\/kibrisdakik.com\/?p=57727#primaryimage"},"image":{"@id":"https:\/\/kibrisdakik.com\/?p=57727#primaryimage"},"thumbnailUrl":"https:\/\/kibrisdakik.com\/wp-content\/uploads\/2024\/08\/bakan-uraloglu-duyurdu-istanbul-daki-taksi-17764978_8523_amp.jpg","datePublished":"2024-08-28T20:43:28+00:00","author":{"@id":"https:\/\/kibrisdakik.com\/#\/schema\/person\/9cd9d437bbb44f72b73ba127e06d8e79"},"breadcrumb":{"@id":"https:\/\/kibrisdakik.com\/?p=57727#breadcrumb"},"inLanguage":"tr","potentialAction":[{"@type":"ReadAction","target":["https:\/\/kibrisdakik.com\/?p=57727"]}]},{"@type":"ImageObject","inLanguage":"tr","@id":"https:\/\/kibrisdakik.com\/?p=57727#primaryimage","url":"https:\/\/kibrisdakik.com\/wp-content\/uploads\/2024\/08\/bakan-uraloglu-duyurdu-istanbul-daki-taksi-17764978_8523_amp.jpg","contentUrl":"https:\/\/kibrisdakik.com\/wp-content\/uploads\/2024\/08\/bakan-uraloglu-duyurdu-istanbul-daki-taksi-17764978_8523_amp.jpg","width":1202,"height":675},{"@type":"BreadcrumbList","@id":"https:\/\/kibrisdakik.com\/?p=57727#breadcrumb","itemListElement":[{"@type":"ListItem","position":1,"name":"Home","item":"https:\/\/kibrisdakik.com\/"},{"@type":"ListItem","position":2,"name":"Bakan Uralo\u011flu duyurdu! \u0130stanbul&#8217;daki taksi sorununa \u00e7\u00f6z\u00fcm i\u00e7in yeni ad\u0131m"}]},{"@type":"WebSite","@id":"https:\/\/kibrisdakik.com\/#website","url":"https:\/\/kibrisdakik.com\/","name":"","description":"Tam vaktinde haber","potentialAction":[{"@type":"SearchAction","target":{"@type":"EntryPoint","urlTemplate":"https:\/\/kibrisdakik.com\/?s={search_term_string}"},"query-input":{"@type":"PropertyValueSpecification","valueRequired":true,"valueName":"search_term_string"}}],"inLanguage":"tr"},{"@type":"Person","@id":"https:\/\/kibrisdakik.com\/#\/schema\/person\/9cd9d437bbb44f72b73ba127e06d8e79","name":"admin","image":{"@type":"ImageObject","inLanguage":"tr","@id":"https:\/\/secure.gravatar.com\/avatar\/ccc17943b9d660506c869530f897617f7cb1c21a4bf30023f252596d83e1f007?s=96&d=mm&r=g","url":"https:\/\/secure.gravatar.com\/avatar\/ccc17943b9d660506c869530f897617f7cb1c21a4bf30023f252596d83e1f007?s=96&d=mm&r=g","contentUrl":"https:\/\/secure.gravatar.com\/avatar\/ccc17943b9d660506c869530f897617f7cb1c21a4bf30023f252596d83e1f007?s=96&d=mm&r=g","caption":"admin"},"sameAs":["https:\/\/kibrisdakik.com"],"url":"https:\/\/kibrisdakik.com\/?author=1"}]}},"_links":{"self":[{"href":"https:\/\/kibrisdakik.com\/index.php?rest_route=\/wp\/v2\/posts\/57727","targetHints":{"allow":["GET"]}}],"collection":[{"href":"https:\/\/kibrisdakik.com\/index.php?rest_route=\/wp\/v2\/posts"}],"about":[{"href":"https:\/\/kibrisdakik.com\/index.php?rest_route=\/wp\/v2\/types\/post"}],"author":[{"embeddable":true,"href":"https:\/\/kibrisdakik.com\/index.php?rest_route=\/wp\/v2\/users\/1"}],"replies":[{"embeddable":true,"href":"https:\/\/kibrisdakik.com\/index.php?rest_route=%2Fwp%2Fv2%2Fcomments&post=57727"}],"version-history":[{"count":0,"href":"https:\/\/kibrisdakik.com\/index.php?rest_route=\/wp\/v2\/posts\/57727\/revisions"}],"wp:featuredmedia":[{"embeddable":true,"href":"https:\/\/kibrisdakik.com\/index.php?rest_route=\/wp\/v2\/media\/57728"}],"wp:attachment":[{"href":"https:\/\/kibrisdakik.com\/index.php?rest_route=%2Fwp%2Fv2%2Fmedia&parent=57727"}],"wp:term":[{"taxonomy":"category","embeddable":true,"href":"https:\/\/kibrisdakik.com\/index.php?rest_route=%2Fwp%2Fv2%2Fcategories&post=57727"},{"taxonomy":"post_tag","embeddable":true,"href":"https:\/\/kibrisdakik.com\/index.php?rest_route=%2Fwp%2Fv2%2Ftags&post=57727"}],"curies":[{"name":"wp","href":"https:\/\/api.w.org\/{rel}","templated":true}]}}