{"id":57754,"date":"2024-08-29T07:25:09","date_gmt":"2024-08-29T04:25:09","guid":{"rendered":"https:\/\/kibrisdakik.com\/index.php\/2024\/08\/29\/israilli-20-asker-gazzeye-donmeyi-reddetti\/"},"modified":"2024-08-29T07:25:09","modified_gmt":"2024-08-29T04:25:09","slug":"israilli-20-asker-gazzeye-donmeyi-reddetti","status":"publish","type":"post","link":"https:\/\/kibrisdakik.com\/?p=57754","title":{"rendered":"\u0130srailli 20 asker Gazze\u2019ye d\u00f6nmeyi reddetti"},"content":{"rendered":"<p><\/p>\n<div>\n<div class=\"mariselle-image-container center\">\n                <img loading=\"lazy\" decoding=\"async\" width=\"1280\" height=\"720\" class=\"lazy-image\" alt=\"\" sizes=\"auto, (max-width: 1280px) 100vw, 1280px\" src=\"https:\/\/brtk.net\/wp-content\/uploads\/2024\/08\/29\/sajdlaj.jpg?ver=c58549a7b54beb9877b76b1f803e1900\" srcset=\"https:\/\/brtk.net\/wp-content\/uploads\/2024\/08\/29\/sajdlaj.jpg?ver=c58549a7b54beb9877b76b1f803e1900 1280w, https:\/\/brtk.net\/wp-content\/uploads\/2024\/08\/29\/sajdlaj-300x169.jpg?ver=c58549a7b54beb9877b76b1f803e1900 300w, https:\/\/brtk.net\/wp-content\/uploads\/2024\/08\/29\/sajdlaj-1024x576.jpg?ver=b4d340f2f4528317631283f2ead959ab 1024w, https:\/\/brtk.net\/wp-content\/uploads\/2024\/08\/29\/sajdlaj-768x432.jpg?ver=b4d340f2f4528317631283f2ead959ab 768w\"\/>                            <\/div>\n<p>\u0130srailli 20 asker, Gazze \u015eeridi\u2019ndeki katliama d\u00f6nmeyi reddetti. Baz\u0131 askerlere Gazze\u2019ye d\u00f6nmemeleri halinde askeri yarg\u0131lamaya tabi tutulacaklar\u0131 uyar\u0131s\u0131nda bulunuldu\u011fu bildirildi.<\/p>\n<p>\u0130srail devlet televizyonu KAN\u2019\u0131n haberinde, \u0130srail piyade tugay\u0131ndaki yakla\u015f\u0131k 20 askerin, bu hafta Gazze\u2019deki \u00e7at\u0131\u015fmalara geri d\u00f6nmemeyi talep etti\u011fi dile getirildi.<\/p>\n<p>Yakla\u015f\u0131k 10 askerin, 27 A\u011fustos\u2019ta, Gazze \u015eeridi\u2019ne d\u00f6nmeyi kabul etmemeleri halinde askeri emri reddettikleri i\u00e7in yarg\u0131lanacaklar\u0131na dair bildirim ald\u0131\u011f\u0131 belirtilen haberde, baz\u0131 askerlerin, Gazze\u2019de 10 ay s\u00fcren \u00e7at\u0131\u015fmalardan sonra art\u0131k geri d\u00f6nemeyeceklerini, ancak ba\u015fka g\u00f6revleri yerine getirmeye haz\u0131r olduklar\u0131n\u0131 s\u00f6yledi\u011fi ifade edildi.<\/p>\n<p>Gazze \u015eeridi\u2019nde sava\u015fan di\u011fer taburlardan da benzer sesler geldi\u011fi belirtilen haberde, askerlerden baz\u0131lar\u0131n\u0131n ailelerinin, o\u011fullar\u0131n\u0131n Gazze\u2019de kara harekat\u0131na kat\u0131lmaya zorland\u0131klar\u0131n\u0131, aksi takdirde hapse gireceklerini s\u00f6yledi\u011fi aktar\u0131ld\u0131.<\/p>\n<p>Habere g\u00f6re, ismi belirtilmeyen ordu s\u00f6zc\u00fcs\u00fc ise konuya ili\u015fkin yapt\u0131\u011f\u0131 a\u00e7\u0131klamada, orduda g\u00f6revli komutanlar\u0131n, askerlerin \u00e7e\u015fitli operasyonel g\u00f6revleri yerine getirmeye devam etmelerini desteklemek ve onlara yard\u0131mc\u0131 olmak i\u00e7in her t\u00fcrl\u00fc \u00e7abay\u0131 g\u00f6sterdi\u011fini s\u00f6yledi.<\/p>\n<p>S\u00f6zc\u00fc, askerlere y\u00f6nelik hapis cezas\u0131 dahil hi\u00e7bir cezai yapt\u0131r\u0131m uygulanmayaca\u011f\u0131n\u0131 kaydetti.<\/p>\n<\/p><\/div>\n<p><script async\n                    defer\n                    crossorigin=\"anonymous\"\n                    src=\"https:\/\/connect.facebook.net\/tr_TR\/sdk.js#xfbml=1&#038;version=v3.3\"\n            ><\/script><\/p>\n","protected":false},"excerpt":{"rendered":"<p>\u0130srailli 20 asker, Gazze \u015eeridi\u2019ndeki katliama d\u00f6nmeyi reddetti. Baz\u0131 askerlere Gazze\u2019ye d\u00f6nmemeleri halinde askeri yarg\u0131lamaya tabi tutulacaklar\u0131 uyar\u0131s\u0131nda bulunuldu\u011fu bildirildi. \u0130srail devlet televizyonu KAN\u2019\u0131n haberinde, \u0130srail piyade tugay\u0131ndaki yakla\u015f\u0131k 20 askerin, bu hafta Gazze\u2019deki \u00e7at\u0131\u015fmalara geri d\u00f6nmemeyi talep etti\u011fi dile getirildi. Yakla\u015f\u0131k 10 askerin, 27 A\u011fustos\u2019ta, Gazze \u015eeridi\u2019ne d\u00f6nmeyi kabul etmemeleri halinde askeri emri reddettikleri<\/p>\n","protected":false},"author":1,"featured_media":57755,"comment_status":"open","ping_status":"open","sticky":false,"template":"","format":"standard","meta":{"footnotes":""},"categories":[1],"tags":[],"class_list":["post-57754","post","type-post","status-publish","format-standard","has-post-thumbnail","hentry","category-gundem"],"yoast_head":"<!-- This site is optimized with the Yoast SEO plugin v27.4 - https:\/\/yoast.com\/product\/yoast-seo-wordpress\/ -->\n<title>\u0130srailli 20 asker Gazze\u2019ye d\u00f6nmeyi reddetti -<\/title>\n<meta name=\"robots\" content=\"index, follow, max-snippet:-1, max-image-preview:large, max-video-preview:-1\" \/>\n<link rel=\"canonical\" href=\"https:\/\/kibrisdakik.com\/?p=57754\" \/>\n<meta property=\"og:locale\" content=\"tr_TR\" \/>\n<meta property=\"og:type\" content=\"article\" \/>\n<meta property=\"og:title\" content=\"\u0130srailli 20 asker Gazze\u2019ye d\u00f6nmeyi reddetti -\" \/>\n<meta property=\"og:description\" content=\"\u0130srailli 20 asker, Gazze \u015eeridi\u2019ndeki katliama d\u00f6nmeyi reddetti. Baz\u0131 askerlere Gazze\u2019ye d\u00f6nmemeleri halinde askeri yarg\u0131lamaya tabi tutulacaklar\u0131 uyar\u0131s\u0131nda bulunuldu\u011fu bildirildi. \u0130srail devlet televizyonu KAN\u2019\u0131n haberinde, \u0130srail piyade tugay\u0131ndaki yakla\u015f\u0131k 20 askerin, bu hafta Gazze\u2019deki \u00e7at\u0131\u015fmalara geri d\u00f6nmemeyi talep etti\u011fi dile getirildi. Yakla\u015f\u0131k 10 askerin, 27 A\u011fustos\u2019ta, Gazze \u015eeridi\u2019ne d\u00f6nmeyi kabul etmemeleri halinde askeri emri reddettikleri\" \/>\n<meta property=\"og:url\" content=\"https:\/\/kibrisdakik.com\/?p=57754\" \/>\n<meta property=\"article:published_time\" content=\"2024-08-29T04:25:09+00:00\" \/>\n<meta property=\"og:image\" content=\"https:\/\/kibrisdakik.com\/wp-content\/uploads\/2024\/08\/sajdlaj-740x420.jpg\" \/>\n\t<meta property=\"og:image:width\" content=\"1280\" \/>\n\t<meta property=\"og:image:height\" content=\"720\" \/>\n\t<meta property=\"og:image:type\" content=\"image\/jpeg\" \/>\n<meta name=\"author\" content=\"admin\" \/>\n<meta name=\"twitter:card\" content=\"summary_large_image\" \/>\n<meta name=\"twitter:label1\" content=\"Yazan:\" \/>\n\t<meta name=\"twitter:data1\" content=\"admin\" \/>\n\t<meta name=\"twitter:label2\" content=\"Tahmini okuma s\u00fcresi\" \/>\n\t<meta name=\"twitter:data2\" content=\"1 dakika\" \/>\n<script type=\"application\/ld+json\" class=\"yoast-schema-graph\">{\"@context\":\"https:\\\/\\\/schema.org\",\"@graph\":[{\"@type\":\"Article\",\"@id\":\"https:\\\/\\\/kibrisdakik.com\\\/?p=57754#article\",\"isPartOf\":{\"@id\":\"https:\\\/\\\/kibrisdakik.com\\\/?p=57754\"},\"author\":{\"name\":\"admin\",\"@id\":\"https:\\\/\\\/kibrisdakik.com\\\/#\\\/schema\\\/person\\\/9cd9d437bbb44f72b73ba127e06d8e79\"},\"headline\":\"\u0130srailli 20 asker Gazze\u2019ye d\u00f6nmeyi reddetti\",\"datePublished\":\"2024-08-29T04:25:09+00:00\",\"mainEntityOfPage\":{\"@id\":\"https:\\\/\\\/kibrisdakik.com\\\/?p=57754\"},\"wordCount\":228,\"commentCount\":0,\"image\":{\"@id\":\"https:\\\/\\\/kibrisdakik.com\\\/?p=57754#primaryimage\"},\"thumbnailUrl\":\"https:\\\/\\\/kibrisdakik.com\\\/wp-content\\\/uploads\\\/2024\\\/08\\\/sajdlaj-740x420.jpg\",\"articleSection\":[\"G\u00fcndem\"],\"inLanguage\":\"tr\",\"potentialAction\":[{\"@type\":\"CommentAction\",\"name\":\"Comment\",\"target\":[\"https:\\\/\\\/kibrisdakik.com\\\/?p=57754#respond\"]}]},{\"@type\":\"WebPage\",\"@id\":\"https:\\\/\\\/kibrisdakik.com\\\/?p=57754\",\"url\":\"https:\\\/\\\/kibrisdakik.com\\\/?p=57754\",\"name\":\"\u0130srailli 20 asker Gazze\u2019ye d\u00f6nmeyi reddetti -\",\"isPartOf\":{\"@id\":\"https:\\\/\\\/kibrisdakik.com\\\/#website\"},\"primaryImageOfPage\":{\"@id\":\"https:\\\/\\\/kibrisdakik.com\\\/?p=57754#primaryimage\"},\"image\":{\"@id\":\"https:\\\/\\\/kibrisdakik.com\\\/?p=57754#primaryimage\"},\"thumbnailUrl\":\"https:\\\/\\\/kibrisdakik.com\\\/wp-content\\\/uploads\\\/2024\\\/08\\\/sajdlaj-740x420.jpg\",\"datePublished\":\"2024-08-29T04:25:09+00:00\",\"author\":{\"@id\":\"https:\\\/\\\/kibrisdakik.com\\\/#\\\/schema\\\/person\\\/9cd9d437bbb44f72b73ba127e06d8e79\"},\"breadcrumb\":{\"@id\":\"https:\\\/\\\/kibrisdakik.com\\\/?p=57754#breadcrumb\"},\"inLanguage\":\"tr\",\"potentialAction\":[{\"@type\":\"ReadAction\",\"target\":[\"https:\\\/\\\/kibrisdakik.com\\\/?p=57754\"]}]},{\"@type\":\"ImageObject\",\"inLanguage\":\"tr\",\"@id\":\"https:\\\/\\\/kibrisdakik.com\\\/?p=57754#primaryimage\",\"url\":\"https:\\\/\\\/kibrisdakik.com\\\/wp-content\\\/uploads\\\/2024\\\/08\\\/sajdlaj-740x420.jpg\",\"contentUrl\":\"https:\\\/\\\/kibrisdakik.com\\\/wp-content\\\/uploads\\\/2024\\\/08\\\/sajdlaj-740x420.jpg\",\"width\":1280,\"height\":720},{\"@type\":\"BreadcrumbList\",\"@id\":\"https:\\\/\\\/kibrisdakik.com\\\/?p=57754#breadcrumb\",\"itemListElement\":[{\"@type\":\"ListItem\",\"position\":1,\"name\":\"Home\",\"item\":\"https:\\\/\\\/kibrisdakik.com\\\/\"},{\"@type\":\"ListItem\",\"position\":2,\"name\":\"\u0130srailli 20 asker Gazze\u2019ye d\u00f6nmeyi reddetti\"}]},{\"@type\":\"WebSite\",\"@id\":\"https:\\\/\\\/kibrisdakik.com\\\/#website\",\"url\":\"https:\\\/\\\/kibrisdakik.com\\\/\",\"name\":\"\",\"description\":\"Tam vaktinde haber\",\"potentialAction\":[{\"@type\":\"SearchAction\",\"target\":{\"@type\":\"EntryPoint\",\"urlTemplate\":\"https:\\\/\\\/kibrisdakik.com\\\/?s={search_term_string}\"},\"query-input\":{\"@type\":\"PropertyValueSpecification\",\"valueRequired\":true,\"valueName\":\"search_term_string\"}}],\"inLanguage\":\"tr\"},{\"@type\":\"Person\",\"@id\":\"https:\\\/\\\/kibrisdakik.com\\\/#\\\/schema\\\/person\\\/9cd9d437bbb44f72b73ba127e06d8e79\",\"name\":\"admin\",\"image\":{\"@type\":\"ImageObject\",\"inLanguage\":\"tr\",\"@id\":\"https:\\\/\\\/secure.gravatar.com\\\/avatar\\\/ccc17943b9d660506c869530f897617f7cb1c21a4bf30023f252596d83e1f007?s=96&d=mm&r=g\",\"url\":\"https:\\\/\\\/secure.gravatar.com\\\/avatar\\\/ccc17943b9d660506c869530f897617f7cb1c21a4bf30023f252596d83e1f007?s=96&d=mm&r=g\",\"contentUrl\":\"https:\\\/\\\/secure.gravatar.com\\\/avatar\\\/ccc17943b9d660506c869530f897617f7cb1c21a4bf30023f252596d83e1f007?s=96&d=mm&r=g\",\"caption\":\"admin\"},\"sameAs\":[\"https:\\\/\\\/kibrisdakik.com\"],\"url\":\"https:\\\/\\\/kibrisdakik.com\\\/?author=1\"}]}<\/script>\n<!-- \/ Yoast SEO plugin. -->","yoast_head_json":{"title":"\u0130srailli 20 asker Gazze\u2019ye d\u00f6nmeyi reddetti -","robots":{"index":"index","follow":"follow","max-snippet":"max-snippet:-1","max-image-preview":"max-image-preview:large","max-video-preview":"max-video-preview:-1"},"canonical":"https:\/\/kibrisdakik.com\/?p=57754","og_locale":"tr_TR","og_type":"article","og_title":"\u0130srailli 20 asker Gazze\u2019ye d\u00f6nmeyi reddetti -","og_description":"\u0130srailli 20 asker, Gazze \u015eeridi\u2019ndeki katliama d\u00f6nmeyi reddetti. Baz\u0131 askerlere Gazze\u2019ye d\u00f6nmemeleri halinde askeri yarg\u0131lamaya tabi tutulacaklar\u0131 uyar\u0131s\u0131nda bulunuldu\u011fu bildirildi. \u0130srail devlet televizyonu KAN\u2019\u0131n haberinde, \u0130srail piyade tugay\u0131ndaki yakla\u015f\u0131k 20 askerin, bu hafta Gazze\u2019deki \u00e7at\u0131\u015fmalara geri d\u00f6nmemeyi talep etti\u011fi dile getirildi. Yakla\u015f\u0131k 10 askerin, 27 A\u011fustos\u2019ta, Gazze \u015eeridi\u2019ne d\u00f6nmeyi kabul etmemeleri halinde askeri emri reddettikleri","og_url":"https:\/\/kibrisdakik.com\/?p=57754","article_published_time":"2024-08-29T04:25:09+00:00","og_image":[{"width":1280,"height":720,"url":"https:\/\/kibrisdakik.com\/wp-content\/uploads\/2024\/08\/sajdlaj-740x420.jpg","type":"image\/jpeg"}],"author":"admin","twitter_card":"summary_large_image","twitter_misc":{"Yazan:":"admin","Tahmini okuma s\u00fcresi":"1 dakika"},"schema":{"@context":"https:\/\/schema.org","@graph":[{"@type":"Article","@id":"https:\/\/kibrisdakik.com\/?p=57754#article","isPartOf":{"@id":"https:\/\/kibrisdakik.com\/?p=57754"},"author":{"name":"admin","@id":"https:\/\/kibrisdakik.com\/#\/schema\/person\/9cd9d437bbb44f72b73ba127e06d8e79"},"headline":"\u0130srailli 20 asker Gazze\u2019ye d\u00f6nmeyi reddetti","datePublished":"2024-08-29T04:25:09+00:00","mainEntityOfPage":{"@id":"https:\/\/kibrisdakik.com\/?p=57754"},"wordCount":228,"commentCount":0,"image":{"@id":"https:\/\/kibrisdakik.com\/?p=57754#primaryimage"},"thumbnailUrl":"https:\/\/kibrisdakik.com\/wp-content\/uploads\/2024\/08\/sajdlaj-740x420.jpg","articleSection":["G\u00fcndem"],"inLanguage":"tr","potentialAction":[{"@type":"CommentAction","name":"Comment","target":["https:\/\/kibrisdakik.com\/?p=57754#respond"]}]},{"@type":"WebPage","@id":"https:\/\/kibrisdakik.com\/?p=57754","url":"https:\/\/kibrisdakik.com\/?p=57754","name":"\u0130srailli 20 asker Gazze\u2019ye d\u00f6nmeyi reddetti -","isPartOf":{"@id":"https:\/\/kibrisdakik.com\/#website"},"primaryImageOfPage":{"@id":"https:\/\/kibrisdakik.com\/?p=57754#primaryimage"},"image":{"@id":"https:\/\/kibrisdakik.com\/?p=57754#primaryimage"},"thumbnailUrl":"https:\/\/kibrisdakik.com\/wp-content\/uploads\/2024\/08\/sajdlaj-740x420.jpg","datePublished":"2024-08-29T04:25:09+00:00","author":{"@id":"https:\/\/kibrisdakik.com\/#\/schema\/person\/9cd9d437bbb44f72b73ba127e06d8e79"},"breadcrumb":{"@id":"https:\/\/kibrisdakik.com\/?p=57754#breadcrumb"},"inLanguage":"tr","potentialAction":[{"@type":"ReadAction","target":["https:\/\/kibrisdakik.com\/?p=57754"]}]},{"@type":"ImageObject","inLanguage":"tr","@id":"https:\/\/kibrisdakik.com\/?p=57754#primaryimage","url":"https:\/\/kibrisdakik.com\/wp-content\/uploads\/2024\/08\/sajdlaj-740x420.jpg","contentUrl":"https:\/\/kibrisdakik.com\/wp-content\/uploads\/2024\/08\/sajdlaj-740x420.jpg","width":1280,"height":720},{"@type":"BreadcrumbList","@id":"https:\/\/kibrisdakik.com\/?p=57754#breadcrumb","itemListElement":[{"@type":"ListItem","position":1,"name":"Home","item":"https:\/\/kibrisdakik.com\/"},{"@type":"ListItem","position":2,"name":"\u0130srailli 20 asker Gazze\u2019ye d\u00f6nmeyi reddetti"}]},{"@type":"WebSite","@id":"https:\/\/kibrisdakik.com\/#website","url":"https:\/\/kibrisdakik.com\/","name":"","description":"Tam vaktinde haber","potentialAction":[{"@type":"SearchAction","target":{"@type":"EntryPoint","urlTemplate":"https:\/\/kibrisdakik.com\/?s={search_term_string}"},"query-input":{"@type":"PropertyValueSpecification","valueRequired":true,"valueName":"search_term_string"}}],"inLanguage":"tr"},{"@type":"Person","@id":"https:\/\/kibrisdakik.com\/#\/schema\/person\/9cd9d437bbb44f72b73ba127e06d8e79","name":"admin","image":{"@type":"ImageObject","inLanguage":"tr","@id":"https:\/\/secure.gravatar.com\/avatar\/ccc17943b9d660506c869530f897617f7cb1c21a4bf30023f252596d83e1f007?s=96&d=mm&r=g","url":"https:\/\/secure.gravatar.com\/avatar\/ccc17943b9d660506c869530f897617f7cb1c21a4bf30023f252596d83e1f007?s=96&d=mm&r=g","contentUrl":"https:\/\/secure.gravatar.com\/avatar\/ccc17943b9d660506c869530f897617f7cb1c21a4bf30023f252596d83e1f007?s=96&d=mm&r=g","caption":"admin"},"sameAs":["https:\/\/kibrisdakik.com"],"url":"https:\/\/kibrisdakik.com\/?author=1"}]}},"_links":{"self":[{"href":"https:\/\/kibrisdakik.com\/index.php?rest_route=\/wp\/v2\/posts\/57754","targetHints":{"allow":["GET"]}}],"collection":[{"href":"https:\/\/kibrisdakik.com\/index.php?rest_route=\/wp\/v2\/posts"}],"about":[{"href":"https:\/\/kibrisdakik.com\/index.php?rest_route=\/wp\/v2\/types\/post"}],"author":[{"embeddable":true,"href":"https:\/\/kibrisdakik.com\/index.php?rest_route=\/wp\/v2\/users\/1"}],"replies":[{"embeddable":true,"href":"https:\/\/kibrisdakik.com\/index.php?rest_route=%2Fwp%2Fv2%2Fcomments&post=57754"}],"version-history":[{"count":0,"href":"https:\/\/kibrisdakik.com\/index.php?rest_route=\/wp\/v2\/posts\/57754\/revisions"}],"wp:featuredmedia":[{"embeddable":true,"href":"https:\/\/kibrisdakik.com\/index.php?rest_route=\/wp\/v2\/media\/57755"}],"wp:attachment":[{"href":"https:\/\/kibrisdakik.com\/index.php?rest_route=%2Fwp%2Fv2%2Fmedia&parent=57754"}],"wp:term":[{"taxonomy":"category","embeddable":true,"href":"https:\/\/kibrisdakik.com\/index.php?rest_route=%2Fwp%2Fv2%2Fcategories&post=57754"},{"taxonomy":"post_tag","embeddable":true,"href":"https:\/\/kibrisdakik.com\/index.php?rest_route=%2Fwp%2Fv2%2Ftags&post=57754"}],"curies":[{"name":"wp","href":"https:\/\/api.w.org\/{rel}","templated":true}]}}