{"id":57827,"date":"2024-08-29T12:02:10","date_gmt":"2024-08-29T09:02:10","guid":{"rendered":"https:\/\/kibrisdakik.com\/index.php\/2024\/08\/29\/fenerbahceli-taraftar-kulube-ferdi-kadioglunun-yerine-sol-bek-onerdi\/"},"modified":"2024-08-29T12:02:10","modified_gmt":"2024-08-29T09:02:10","slug":"fenerbahceli-taraftar-kulube-ferdi-kadioglunun-yerine-sol-bek-onerdi","status":"publish","type":"post","link":"https:\/\/kibrisdakik.com\/?p=57827","title":{"rendered":"Fenerbah\u00e7eli Taraftar, Kul\u00fcbe Ferdi Kad\u0131o\u011flu&#8217;nun Yerine Sol Bek \u00d6nerdi"},"content":{"rendered":"<p><img decoding=\"async\" src=\"https:\/\/foto.haberler.com\/haber\/2024\/08\/29\/fenerbahceli-taraftar-kulube-ferdi-kadioglu-nun-17766014_5895_amp.jpg\" \/><\/p>\n<div id=\"\">\n<p>Sosyal medyada yay\u0131nlanan videoda Fenerbah\u00e7eli bir taraftar\u0131n kul\u00fcb\u00fc arayarak Ferdi Kad\u0131o\u011flu yerine sol bek \u00f6nerdi. <\/p>\n<p> <a class=\"keyword\" href=\"https:\/\/www.haberler.com\/fenerbahce\/\" title=\"Fenerbah\u00e7e Haberleri, Fenerbah\u00e7e Haberi, Fenerbah\u00e7e Haber\"><strong>Fenerbah\u00e7e<\/strong><\/a>&#8216;nin y\u0131ld\u0131z futbolcu Ferdi Kad\u0131o\u011flu&#8217;nun, Brighton Hove Albion&#8217;a transferi sonras\u0131 Kad\u0131o\u011flu yerine hangi ismin sol bek olarak forma giyece\u011fi g\u00fcndemdeyken konuyla ilgili \u00e7ok konu\u015fulacak bir olay ya\u015fand\u0131.<\/p>\n<h3>KUL\u00dcB\u00dc ARAYIP SOL BEK \u00d6NERD\u0130 <\/h3>\n<p>Bir Fenerbah\u00e7e taraftar\u0131, kul\u00fcb\u00fc aray\u0131p Young Boys sol bekini \u00f6nerdi. Taraftar\u0131n telefonda &#8220;Galatasaray ma\u00e7\u0131nda Young Boys&#8217;un sol beki 3 numaral\u0131 21 ya\u015f\u0131nda Hadjam&#8217;\u0131 l\u00fctfen kul\u00fcbe iletir misiniz, Ferdi&#8217;nin yerine alal\u0131m.&#8221; \u00f6nerisi \u00fczerine kul\u00fcpten &#8220;Tamam gerekli yerlere bilgi veririz.&#8221; yan\u0131t\u0131 ald\u0131\u011f\u0131 g\u00f6r\u00fcld\u00fc.<\/p>\n<h4 id=\"nwsKeywords\"> <a href=\"https:\/\/www.haberler.com\/ferdi-kadioglu\/\" title=\"Ferdi Kad\u0131o\u011flu\" class=\"hbptTag\">Ferdi Kad\u0131o\u011flu<\/a>  <a href=\"https:\/\/www.haberler.com\/fenerbahce\/\" title=\"Fenerbah\u00e7e\" class=\"hbptTag\">Fenerbah\u00e7e<\/a>  <a href=\"https:\/\/www.haberler.com\/spor\/\" title=\"Spor\" class=\"hbptTag\">Spor<\/a>  <a href=\"https:\/\/www.haberler.com\/\" title=\"Haberler\" class=\"hbptTag\">Haberler<\/a> <\/h4>\n<\/div>\n","protected":false},"excerpt":{"rendered":"<p>Sosyal medyada yay\u0131nlanan videoda Fenerbah\u00e7eli bir taraftar\u0131n kul\u00fcb\u00fc arayarak Ferdi Kad\u0131o\u011flu yerine sol bek \u00f6nerdi. Fenerbah\u00e7e&#8216;nin y\u0131ld\u0131z futbolcu Ferdi Kad\u0131o\u011flu&#8217;nun, Brighton Hove Albion&#8217;a transferi sonras\u0131 Kad\u0131o\u011flu yerine hangi ismin sol bek olarak forma giyece\u011fi g\u00fcndemdeyken konuyla ilgili \u00e7ok konu\u015fulacak bir olay ya\u015fand\u0131. KUL\u00dcB\u00dc ARAYIP SOL BEK \u00d6NERD\u0130 Bir Fenerbah\u00e7e taraftar\u0131, kul\u00fcb\u00fc aray\u0131p Young Boys sol<\/p>\n","protected":false},"author":1,"featured_media":57828,"comment_status":"open","ping_status":"open","sticky":false,"template":"","format":"standard","meta":{"footnotes":""},"categories":[83],"tags":[],"class_list":["post-57827","post","type-post","status-publish","format-standard","has-post-thumbnail","hentry","category-magazin"],"yoast_head":"<!-- This site is optimized with the Yoast SEO plugin v27.4 - https:\/\/yoast.com\/product\/yoast-seo-wordpress\/ -->\n<title>Fenerbah\u00e7eli Taraftar, Kul\u00fcbe Ferdi Kad\u0131o\u011flu&#039;nun Yerine Sol Bek \u00d6nerdi -<\/title>\n<meta name=\"robots\" content=\"index, follow, max-snippet:-1, max-image-preview:large, max-video-preview:-1\" \/>\n<link rel=\"canonical\" href=\"https:\/\/kibrisdakik.com\/?p=57827\" \/>\n<meta property=\"og:locale\" content=\"tr_TR\" \/>\n<meta property=\"og:type\" content=\"article\" \/>\n<meta property=\"og:title\" content=\"Fenerbah\u00e7eli Taraftar, Kul\u00fcbe Ferdi Kad\u0131o\u011flu&#039;nun Yerine Sol Bek \u00d6nerdi -\" \/>\n<meta property=\"og:description\" content=\"Sosyal medyada yay\u0131nlanan videoda Fenerbah\u00e7eli bir taraftar\u0131n kul\u00fcb\u00fc arayarak Ferdi Kad\u0131o\u011flu yerine sol bek \u00f6nerdi. Fenerbah\u00e7e&#8216;nin y\u0131ld\u0131z futbolcu Ferdi Kad\u0131o\u011flu&#8217;nun, Brighton Hove Albion&#8217;a transferi sonras\u0131 Kad\u0131o\u011flu yerine hangi ismin sol bek olarak forma giyece\u011fi g\u00fcndemdeyken konuyla ilgili \u00e7ok konu\u015fulacak bir olay ya\u015fand\u0131. KUL\u00dcB\u00dc ARAYIP SOL BEK \u00d6NERD\u0130 Bir Fenerbah\u00e7e taraftar\u0131, kul\u00fcb\u00fc aray\u0131p Young Boys sol\" \/>\n<meta property=\"og:url\" content=\"https:\/\/kibrisdakik.com\/?p=57827\" \/>\n<meta property=\"article:published_time\" content=\"2024-08-29T09:02:10+00:00\" \/>\n<meta property=\"og:image\" content=\"https:\/\/kibrisdakik.com\/wp-content\/uploads\/2024\/08\/fenerbahceli-taraftar-kulube-ferdi-kadioglu-nun-17766014_5895_amp.jpg\" \/>\n\t<meta property=\"og:image:width\" content=\"1202\" \/>\n\t<meta property=\"og:image:height\" content=\"675\" \/>\n\t<meta property=\"og:image:type\" content=\"image\/jpeg\" \/>\n<meta name=\"author\" content=\"admin\" \/>\n<meta name=\"twitter:card\" content=\"summary_large_image\" \/>\n<meta name=\"twitter:label1\" content=\"Yazan:\" \/>\n\t<meta name=\"twitter:data1\" content=\"admin\" \/>\n\t<meta name=\"twitter:label2\" content=\"Tahmini okuma s\u00fcresi\" \/>\n\t<meta name=\"twitter:data2\" content=\"1 dakika\" \/>\n<script type=\"application\/ld+json\" class=\"yoast-schema-graph\">{\"@context\":\"https:\\\/\\\/schema.org\",\"@graph\":[{\"@type\":\"Article\",\"@id\":\"https:\\\/\\\/kibrisdakik.com\\\/?p=57827#article\",\"isPartOf\":{\"@id\":\"https:\\\/\\\/kibrisdakik.com\\\/?p=57827\"},\"author\":{\"name\":\"admin\",\"@id\":\"https:\\\/\\\/kibrisdakik.com\\\/#\\\/schema\\\/person\\\/9cd9d437bbb44f72b73ba127e06d8e79\"},\"headline\":\"Fenerbah\u00e7eli Taraftar, Kul\u00fcbe Ferdi Kad\u0131o\u011flu&#8217;nun Yerine Sol Bek \u00d6nerdi\",\"datePublished\":\"2024-08-29T09:02:10+00:00\",\"mainEntityOfPage\":{\"@id\":\"https:\\\/\\\/kibrisdakik.com\\\/?p=57827\"},\"wordCount\":139,\"commentCount\":0,\"image\":{\"@id\":\"https:\\\/\\\/kibrisdakik.com\\\/?p=57827#primaryimage\"},\"thumbnailUrl\":\"https:\\\/\\\/kibrisdakik.com\\\/wp-content\\\/uploads\\\/2024\\\/08\\\/fenerbahceli-taraftar-kulube-ferdi-kadioglu-nun-17766014_5895_amp.jpg\",\"articleSection\":[\"Magazin\"],\"inLanguage\":\"tr\",\"potentialAction\":[{\"@type\":\"CommentAction\",\"name\":\"Comment\",\"target\":[\"https:\\\/\\\/kibrisdakik.com\\\/?p=57827#respond\"]}]},{\"@type\":\"WebPage\",\"@id\":\"https:\\\/\\\/kibrisdakik.com\\\/?p=57827\",\"url\":\"https:\\\/\\\/kibrisdakik.com\\\/?p=57827\",\"name\":\"Fenerbah\u00e7eli Taraftar, Kul\u00fcbe Ferdi Kad\u0131o\u011flu'nun Yerine Sol Bek \u00d6nerdi -\",\"isPartOf\":{\"@id\":\"https:\\\/\\\/kibrisdakik.com\\\/#website\"},\"primaryImageOfPage\":{\"@id\":\"https:\\\/\\\/kibrisdakik.com\\\/?p=57827#primaryimage\"},\"image\":{\"@id\":\"https:\\\/\\\/kibrisdakik.com\\\/?p=57827#primaryimage\"},\"thumbnailUrl\":\"https:\\\/\\\/kibrisdakik.com\\\/wp-content\\\/uploads\\\/2024\\\/08\\\/fenerbahceli-taraftar-kulube-ferdi-kadioglu-nun-17766014_5895_amp.jpg\",\"datePublished\":\"2024-08-29T09:02:10+00:00\",\"author\":{\"@id\":\"https:\\\/\\\/kibrisdakik.com\\\/#\\\/schema\\\/person\\\/9cd9d437bbb44f72b73ba127e06d8e79\"},\"breadcrumb\":{\"@id\":\"https:\\\/\\\/kibrisdakik.com\\\/?p=57827#breadcrumb\"},\"inLanguage\":\"tr\",\"potentialAction\":[{\"@type\":\"ReadAction\",\"target\":[\"https:\\\/\\\/kibrisdakik.com\\\/?p=57827\"]}]},{\"@type\":\"ImageObject\",\"inLanguage\":\"tr\",\"@id\":\"https:\\\/\\\/kibrisdakik.com\\\/?p=57827#primaryimage\",\"url\":\"https:\\\/\\\/kibrisdakik.com\\\/wp-content\\\/uploads\\\/2024\\\/08\\\/fenerbahceli-taraftar-kulube-ferdi-kadioglu-nun-17766014_5895_amp.jpg\",\"contentUrl\":\"https:\\\/\\\/kibrisdakik.com\\\/wp-content\\\/uploads\\\/2024\\\/08\\\/fenerbahceli-taraftar-kulube-ferdi-kadioglu-nun-17766014_5895_amp.jpg\",\"width\":1202,\"height\":675},{\"@type\":\"BreadcrumbList\",\"@id\":\"https:\\\/\\\/kibrisdakik.com\\\/?p=57827#breadcrumb\",\"itemListElement\":[{\"@type\":\"ListItem\",\"position\":1,\"name\":\"Home\",\"item\":\"https:\\\/\\\/kibrisdakik.com\\\/\"},{\"@type\":\"ListItem\",\"position\":2,\"name\":\"Fenerbah\u00e7eli Taraftar, Kul\u00fcbe Ferdi Kad\u0131o\u011flu&#8217;nun Yerine Sol Bek \u00d6nerdi\"}]},{\"@type\":\"WebSite\",\"@id\":\"https:\\\/\\\/kibrisdakik.com\\\/#website\",\"url\":\"https:\\\/\\\/kibrisdakik.com\\\/\",\"name\":\"\",\"description\":\"Tam vaktinde haber\",\"potentialAction\":[{\"@type\":\"SearchAction\",\"target\":{\"@type\":\"EntryPoint\",\"urlTemplate\":\"https:\\\/\\\/kibrisdakik.com\\\/?s={search_term_string}\"},\"query-input\":{\"@type\":\"PropertyValueSpecification\",\"valueRequired\":true,\"valueName\":\"search_term_string\"}}],\"inLanguage\":\"tr\"},{\"@type\":\"Person\",\"@id\":\"https:\\\/\\\/kibrisdakik.com\\\/#\\\/schema\\\/person\\\/9cd9d437bbb44f72b73ba127e06d8e79\",\"name\":\"admin\",\"image\":{\"@type\":\"ImageObject\",\"inLanguage\":\"tr\",\"@id\":\"https:\\\/\\\/secure.gravatar.com\\\/avatar\\\/ccc17943b9d660506c869530f897617f7cb1c21a4bf30023f252596d83e1f007?s=96&d=mm&r=g\",\"url\":\"https:\\\/\\\/secure.gravatar.com\\\/avatar\\\/ccc17943b9d660506c869530f897617f7cb1c21a4bf30023f252596d83e1f007?s=96&d=mm&r=g\",\"contentUrl\":\"https:\\\/\\\/secure.gravatar.com\\\/avatar\\\/ccc17943b9d660506c869530f897617f7cb1c21a4bf30023f252596d83e1f007?s=96&d=mm&r=g\",\"caption\":\"admin\"},\"sameAs\":[\"https:\\\/\\\/kibrisdakik.com\"],\"url\":\"https:\\\/\\\/kibrisdakik.com\\\/?author=1\"}]}<\/script>\n<!-- \/ Yoast SEO plugin. -->","yoast_head_json":{"title":"Fenerbah\u00e7eli Taraftar, Kul\u00fcbe Ferdi Kad\u0131o\u011flu'nun Yerine Sol Bek \u00d6nerdi -","robots":{"index":"index","follow":"follow","max-snippet":"max-snippet:-1","max-image-preview":"max-image-preview:large","max-video-preview":"max-video-preview:-1"},"canonical":"https:\/\/kibrisdakik.com\/?p=57827","og_locale":"tr_TR","og_type":"article","og_title":"Fenerbah\u00e7eli Taraftar, Kul\u00fcbe Ferdi Kad\u0131o\u011flu'nun Yerine Sol Bek \u00d6nerdi -","og_description":"Sosyal medyada yay\u0131nlanan videoda Fenerbah\u00e7eli bir taraftar\u0131n kul\u00fcb\u00fc arayarak Ferdi Kad\u0131o\u011flu yerine sol bek \u00f6nerdi. Fenerbah\u00e7e&#8216;nin y\u0131ld\u0131z futbolcu Ferdi Kad\u0131o\u011flu&#8217;nun, Brighton Hove Albion&#8217;a transferi sonras\u0131 Kad\u0131o\u011flu yerine hangi ismin sol bek olarak forma giyece\u011fi g\u00fcndemdeyken konuyla ilgili \u00e7ok konu\u015fulacak bir olay ya\u015fand\u0131. KUL\u00dcB\u00dc ARAYIP SOL BEK \u00d6NERD\u0130 Bir Fenerbah\u00e7e taraftar\u0131, kul\u00fcb\u00fc aray\u0131p Young Boys sol","og_url":"https:\/\/kibrisdakik.com\/?p=57827","article_published_time":"2024-08-29T09:02:10+00:00","og_image":[{"width":1202,"height":675,"url":"https:\/\/kibrisdakik.com\/wp-content\/uploads\/2024\/08\/fenerbahceli-taraftar-kulube-ferdi-kadioglu-nun-17766014_5895_amp.jpg","type":"image\/jpeg"}],"author":"admin","twitter_card":"summary_large_image","twitter_misc":{"Yazan:":"admin","Tahmini okuma s\u00fcresi":"1 dakika"},"schema":{"@context":"https:\/\/schema.org","@graph":[{"@type":"Article","@id":"https:\/\/kibrisdakik.com\/?p=57827#article","isPartOf":{"@id":"https:\/\/kibrisdakik.com\/?p=57827"},"author":{"name":"admin","@id":"https:\/\/kibrisdakik.com\/#\/schema\/person\/9cd9d437bbb44f72b73ba127e06d8e79"},"headline":"Fenerbah\u00e7eli Taraftar, Kul\u00fcbe Ferdi Kad\u0131o\u011flu&#8217;nun Yerine Sol Bek \u00d6nerdi","datePublished":"2024-08-29T09:02:10+00:00","mainEntityOfPage":{"@id":"https:\/\/kibrisdakik.com\/?p=57827"},"wordCount":139,"commentCount":0,"image":{"@id":"https:\/\/kibrisdakik.com\/?p=57827#primaryimage"},"thumbnailUrl":"https:\/\/kibrisdakik.com\/wp-content\/uploads\/2024\/08\/fenerbahceli-taraftar-kulube-ferdi-kadioglu-nun-17766014_5895_amp.jpg","articleSection":["Magazin"],"inLanguage":"tr","potentialAction":[{"@type":"CommentAction","name":"Comment","target":["https:\/\/kibrisdakik.com\/?p=57827#respond"]}]},{"@type":"WebPage","@id":"https:\/\/kibrisdakik.com\/?p=57827","url":"https:\/\/kibrisdakik.com\/?p=57827","name":"Fenerbah\u00e7eli Taraftar, Kul\u00fcbe Ferdi Kad\u0131o\u011flu'nun Yerine Sol Bek \u00d6nerdi -","isPartOf":{"@id":"https:\/\/kibrisdakik.com\/#website"},"primaryImageOfPage":{"@id":"https:\/\/kibrisdakik.com\/?p=57827#primaryimage"},"image":{"@id":"https:\/\/kibrisdakik.com\/?p=57827#primaryimage"},"thumbnailUrl":"https:\/\/kibrisdakik.com\/wp-content\/uploads\/2024\/08\/fenerbahceli-taraftar-kulube-ferdi-kadioglu-nun-17766014_5895_amp.jpg","datePublished":"2024-08-29T09:02:10+00:00","author":{"@id":"https:\/\/kibrisdakik.com\/#\/schema\/person\/9cd9d437bbb44f72b73ba127e06d8e79"},"breadcrumb":{"@id":"https:\/\/kibrisdakik.com\/?p=57827#breadcrumb"},"inLanguage":"tr","potentialAction":[{"@type":"ReadAction","target":["https:\/\/kibrisdakik.com\/?p=57827"]}]},{"@type":"ImageObject","inLanguage":"tr","@id":"https:\/\/kibrisdakik.com\/?p=57827#primaryimage","url":"https:\/\/kibrisdakik.com\/wp-content\/uploads\/2024\/08\/fenerbahceli-taraftar-kulube-ferdi-kadioglu-nun-17766014_5895_amp.jpg","contentUrl":"https:\/\/kibrisdakik.com\/wp-content\/uploads\/2024\/08\/fenerbahceli-taraftar-kulube-ferdi-kadioglu-nun-17766014_5895_amp.jpg","width":1202,"height":675},{"@type":"BreadcrumbList","@id":"https:\/\/kibrisdakik.com\/?p=57827#breadcrumb","itemListElement":[{"@type":"ListItem","position":1,"name":"Home","item":"https:\/\/kibrisdakik.com\/"},{"@type":"ListItem","position":2,"name":"Fenerbah\u00e7eli Taraftar, Kul\u00fcbe Ferdi Kad\u0131o\u011flu&#8217;nun Yerine Sol Bek \u00d6nerdi"}]},{"@type":"WebSite","@id":"https:\/\/kibrisdakik.com\/#website","url":"https:\/\/kibrisdakik.com\/","name":"","description":"Tam vaktinde haber","potentialAction":[{"@type":"SearchAction","target":{"@type":"EntryPoint","urlTemplate":"https:\/\/kibrisdakik.com\/?s={search_term_string}"},"query-input":{"@type":"PropertyValueSpecification","valueRequired":true,"valueName":"search_term_string"}}],"inLanguage":"tr"},{"@type":"Person","@id":"https:\/\/kibrisdakik.com\/#\/schema\/person\/9cd9d437bbb44f72b73ba127e06d8e79","name":"admin","image":{"@type":"ImageObject","inLanguage":"tr","@id":"https:\/\/secure.gravatar.com\/avatar\/ccc17943b9d660506c869530f897617f7cb1c21a4bf30023f252596d83e1f007?s=96&d=mm&r=g","url":"https:\/\/secure.gravatar.com\/avatar\/ccc17943b9d660506c869530f897617f7cb1c21a4bf30023f252596d83e1f007?s=96&d=mm&r=g","contentUrl":"https:\/\/secure.gravatar.com\/avatar\/ccc17943b9d660506c869530f897617f7cb1c21a4bf30023f252596d83e1f007?s=96&d=mm&r=g","caption":"admin"},"sameAs":["https:\/\/kibrisdakik.com"],"url":"https:\/\/kibrisdakik.com\/?author=1"}]}},"_links":{"self":[{"href":"https:\/\/kibrisdakik.com\/index.php?rest_route=\/wp\/v2\/posts\/57827","targetHints":{"allow":["GET"]}}],"collection":[{"href":"https:\/\/kibrisdakik.com\/index.php?rest_route=\/wp\/v2\/posts"}],"about":[{"href":"https:\/\/kibrisdakik.com\/index.php?rest_route=\/wp\/v2\/types\/post"}],"author":[{"embeddable":true,"href":"https:\/\/kibrisdakik.com\/index.php?rest_route=\/wp\/v2\/users\/1"}],"replies":[{"embeddable":true,"href":"https:\/\/kibrisdakik.com\/index.php?rest_route=%2Fwp%2Fv2%2Fcomments&post=57827"}],"version-history":[{"count":0,"href":"https:\/\/kibrisdakik.com\/index.php?rest_route=\/wp\/v2\/posts\/57827\/revisions"}],"wp:featuredmedia":[{"embeddable":true,"href":"https:\/\/kibrisdakik.com\/index.php?rest_route=\/wp\/v2\/media\/57828"}],"wp:attachment":[{"href":"https:\/\/kibrisdakik.com\/index.php?rest_route=%2Fwp%2Fv2%2Fmedia&parent=57827"}],"wp:term":[{"taxonomy":"category","embeddable":true,"href":"https:\/\/kibrisdakik.com\/index.php?rest_route=%2Fwp%2Fv2%2Fcategories&post=57827"},{"taxonomy":"post_tag","embeddable":true,"href":"https:\/\/kibrisdakik.com\/index.php?rest_route=%2Fwp%2Fv2%2Ftags&post=57827"}],"curies":[{"name":"wp","href":"https:\/\/api.w.org\/{rel}","templated":true}]}}