{"id":57859,"date":"2024-08-29T16:39:48","date_gmt":"2024-08-29T13:39:48","guid":{"rendered":"https:\/\/kibrisdakik.com\/?p=57859"},"modified":"2024-08-29T16:39:48","modified_gmt":"2024-08-29T13:39:48","slug":"tatil-yaparken-kafasina-baca-kapagi-dusen-kadin-hayatini-kaybetti","status":"publish","type":"post","link":"https:\/\/kibrisdakik.com\/?p=57859","title":{"rendered":"Tatil yaparken kafas\u0131na baca kapa\u011f\u0131 d\u00fc\u015fen kad\u0131n hayat\u0131n\u0131 kaybetti"},"content":{"rendered":"<p><\/p>\n<div id=\"\">\n<p>Antalya&#8217;da tatil yapt\u0131\u011f\u0131 otelin havuz ba\u015f\u0131nda g\u00fcne\u015flenirken kafas\u0131na baca par\u00e7as\u0131 d\u00fc\u015fen kad\u0131n kald\u0131r\u0131ld\u0131\u011f\u0131 hastanede hayat\u0131n\u0131 kaybetti. Gen\u00e7 kad\u0131n\u0131n cenazesi yak\u0131nlar\u0131 taraf\u0131ndan morgdan al\u0131narak topra\u011fa verilmek \u00fczere memleketi Hakkari&#8217;ye g\u00f6t\u00fcr\u00fcld\u00fc.<\/p>\n<h3>2 \u00c7OCUK ANNES\u0130YD\u0130<\/h3>\n<p>Antalya&#8217;n\u0131n Alanya il\u00e7esi Konakl\u0131 Mahallesi&#8217;nde 24 A\u011fustos tarihinde meydana gelen olayda tatil yapt\u0131\u011f\u0131 otelin havuz kenar\u0131nda g\u00fcne\u015flenirken, r\u00fczgar\u0131n etkisiyle \u00e7\u0131kan baca kapa\u011f\u0131n\u0131n ba\u015f\u0131na d\u00fc\u015fmesi sonucu a\u011f\u0131r yaralanan hem\u015fire Han\u0131m Kaya Orakc\u0131 (37) tedavi g\u00f6rd\u00fc\u011f\u00fc hastanede hayat\u0131n\u0131 kaybetti. Hakkari&#8217;de bir Aile Sa\u011fl\u0131\u011f\u0131 Merkezi&#8217;nde hem\u015fire olarak g\u00f6rev yapt\u0131\u011f\u0131 \u00f6\u011frenilen Orakc\u0131&#8217;n\u0131n \u00f6l\u00fcm haberi e\u015fi ve yak\u0131nlar\u0131n\u0131 g\u00f6zya\u015f\u0131na bo\u011fdu. 2 \u00e7ocuk annesi olan Han\u0131m Kaya Orakc\u0131&#8217;n\u0131n cans\u0131z bedeni otopsi yap\u0131lmak \u00fczere Antalya Adli T\u0131p Kurumu morguna kald\u0131r\u0131ld\u0131. Otopsi i\u015flemlerinin ard\u0131ndan karde\u015fi ve yak\u0131nlar\u0131 taraf\u0131ndan teslim al\u0131nd\u0131. Orakc\u0131&#8217;n\u0131n yak\u0131nlar\u0131 cenazenin Adli T\u0131p Kurumu morgundan al\u0131nmas\u0131n\u0131n ard\u0131ndan cenaze arac\u0131n\u0131 dualarla memleketi Hakkari&#8217;ye u\u011furlad\u0131.<\/p>\n<h3>CENAZEY\u0130 KARDE\u015e\u0130 VE YAKINLARI TESL\u0130M ALDI<\/h3>\n<p>Orakc\u0131&#8217;n\u0131n Antalya Adli T\u0131p Kurumu&#8217;ndan teslim al\u0131nan cenazesi havayolu ile \u00f6nce Van&#8217;a ard\u0131ndan da topra\u011fa verilmek \u00fczere memleketi Hakkari&#8217;ye g\u00f6t\u00fcr\u00fcld\u00fc. Cenazeyi teslim alan karde\u015fi ve yak\u0131nlar\u0131n\u0131n olduk\u00e7a \u00fczg\u00fcn olduklar\u0131 g\u00f6zlendi. \u00d6te yandan, otelin 40 santim b\u00fcy\u00fckl\u00fc\u011f\u00fcndeki baca kapa\u011f\u0131n\u0131n r\u00fczgar\u0131n etkisiyle yerinden \u00e7\u0131karak havuz kenar\u0131nda oturan Han\u0131m Kaya Orakc\u0131&#8217;n\u0131n \u00f6l\u00fcm\u00fcne neden olmas\u0131ndan dolay\u0131 ailenin otelden davac\u0131 ve \u015fikayet\u00e7i olaca\u011f\u0131 avukatlar\u0131n i\u015flemlere ba\u015flad\u0131\u011f\u0131 \u00f6\u011frenildi. Olayla ilgili g\u00f6zalt\u0131na al\u0131nan otel m\u00fcd\u00fcr\u00fc M. D.&#8217;nin ise Jandarma&#8217;da ki ifade i\u015flemlerinin ard\u0131ndan savc\u0131l\u0131k talimat\u0131yla serbest b\u0131rak\u0131lm\u0131\u015ft\u0131. <\/p>\n<figure class=\"type:primaryimage hbhOrder\" style=\"margin-bottom: 20px;\"><img loading=\"lazy\" decoding=\"async\" width=\"1200\" height=\"750\" class=\"hbptMainImage\" id=\"HaberImage\" src=\"https:\/\/foto.haberler.com\/resize\/600x375\/haber\/2024\/08\/29\/tatil-yaparken-kafasina-baca-kapagi-dusen-kad-17766386_amp.jpg\"\/><\/figure>\n<div class=\"editorSade\">Kaynak: \u0130hlas Haber Ajans\u0131 \/  <a href=\"https:\/\/www.haberler.com\/3-sayfa\/\" title=\"3.Sayfa Haberleri\">3.Sayfa<\/a> <\/div>\n<h4 id=\"nwsKeywords\"> <a href=\"https:\/\/www.haberler.com\/hakkari\/\" title=\"Hakkari\" class=\"hbptTag\">Hakkari<\/a>  <a href=\"https:\/\/www.haberler.com\/antalya\/\" title=\"antalya\" class=\"hbptTag\">antalya<\/a>  <a href=\"https:\/\/www.haberler.com\/3-sayfa\/\" title=\"3-sayfa\" class=\"hbptTag\">3-sayfa<\/a>  <a href=\"https:\/\/www.haberler.com\/alanya\/\" title=\"Alanya\" class=\"hbptTag\">Alanya<\/a>  <a href=\"https:\/\/www.haberler.com\/tatil\/\" title=\"Tatil\" class=\"hbptTag\">Tatil<\/a>  <a href=\"https:\/\/www.haberler.com\/kaza\/\" title=\"Kaza\" class=\"hbptTag\">Kaza<\/a>  <a href=\"https:\/\/www.haberler.com\/hukuk\/\" title=\"Hukuk\" class=\"hbptTag\">Hukuk<\/a>  <a href=\"https:\/\/www.haberler.com\/3-sayfa\/\" title=\"3.Sayfa\" class=\"hbptTag\">3.Sayfa<\/a>  <a href=\"https:\/\/www.haberler.com\/yasam\/\" title=\"Ya\u015fam\" class=\"hbptTag\">Ya\u015fam<\/a>  <a href=\"https:\/\/www.haberler.com\/guncel\/\" title=\"G\u00fcncel\" class=\"hbptTag\">G\u00fcncel<\/a>  <a href=\"https:\/\/www.haberler.com\/\" title=\"Haberler\" class=\"hbptTag\">Haberler<\/a> <\/h4>\n<\/div>\n","protected":false},"excerpt":{"rendered":"<p>Antalya&#8217;da tatil yapt\u0131\u011f\u0131 otelin havuz ba\u015f\u0131nda g\u00fcne\u015flenirken kafas\u0131na baca par\u00e7as\u0131 d\u00fc\u015fen kad\u0131n kald\u0131r\u0131ld\u0131\u011f\u0131 hastanede hayat\u0131n\u0131 kaybetti. Gen\u00e7 kad\u0131n\u0131n cenazesi yak\u0131nlar\u0131 taraf\u0131ndan morgdan al\u0131narak topra\u011fa verilmek \u00fczere memleketi Hakkari&#8217;ye g\u00f6t\u00fcr\u00fcld\u00fc. 2 \u00c7OCUK ANNES\u0130YD\u0130 Antalya&#8217;n\u0131n Alanya il\u00e7esi Konakl\u0131 Mahallesi&#8217;nde 24 A\u011fustos tarihinde meydana gelen olayda tatil yapt\u0131\u011f\u0131 otelin havuz kenar\u0131nda g\u00fcne\u015flenirken, r\u00fczgar\u0131n etkisiyle \u00e7\u0131kan baca kapa\u011f\u0131n\u0131n ba\u015f\u0131na<\/p>\n","protected":false},"author":1,"featured_media":57860,"comment_status":"open","ping_status":"open","sticky":false,"template":"","format":"standard","meta":{"footnotes":""},"categories":[83],"tags":[],"class_list":["post-57859","post","type-post","status-publish","format-standard","has-post-thumbnail","hentry","category-magazin"],"yoast_head":"<!-- This site is optimized with the Yoast SEO plugin v27.5 - https:\/\/yoast.com\/product\/yoast-seo-wordpress\/ -->\n<title>Tatil yaparken kafas\u0131na baca kapa\u011f\u0131 d\u00fc\u015fen kad\u0131n hayat\u0131n\u0131 kaybetti -<\/title>\n<meta name=\"robots\" content=\"index, follow, max-snippet:-1, max-image-preview:large, max-video-preview:-1\" \/>\n<link rel=\"canonical\" href=\"https:\/\/kibrisdakik.com\/?p=57859\" \/>\n<meta property=\"og:locale\" content=\"tr_TR\" \/>\n<meta property=\"og:type\" content=\"article\" \/>\n<meta property=\"og:title\" content=\"Tatil yaparken kafas\u0131na baca kapa\u011f\u0131 d\u00fc\u015fen kad\u0131n hayat\u0131n\u0131 kaybetti -\" \/>\n<meta property=\"og:description\" content=\"Antalya&#8217;da tatil yapt\u0131\u011f\u0131 otelin havuz ba\u015f\u0131nda g\u00fcne\u015flenirken kafas\u0131na baca par\u00e7as\u0131 d\u00fc\u015fen kad\u0131n kald\u0131r\u0131ld\u0131\u011f\u0131 hastanede hayat\u0131n\u0131 kaybetti. Gen\u00e7 kad\u0131n\u0131n cenazesi yak\u0131nlar\u0131 taraf\u0131ndan morgdan al\u0131narak topra\u011fa verilmek \u00fczere memleketi Hakkari&#8217;ye g\u00f6t\u00fcr\u00fcld\u00fc. 2 \u00c7OCUK ANNES\u0130YD\u0130 Antalya&#8217;n\u0131n Alanya il\u00e7esi Konakl\u0131 Mahallesi&#8217;nde 24 A\u011fustos tarihinde meydana gelen olayda tatil yapt\u0131\u011f\u0131 otelin havuz kenar\u0131nda g\u00fcne\u015flenirken, r\u00fczgar\u0131n etkisiyle \u00e7\u0131kan baca kapa\u011f\u0131n\u0131n ba\u015f\u0131na\" \/>\n<meta property=\"og:url\" content=\"https:\/\/kibrisdakik.com\/?p=57859\" \/>\n<meta property=\"article:published_time\" content=\"2024-08-29T13:39:48+00:00\" \/>\n<meta property=\"og:image\" content=\"https:\/\/kibrisdakik.com\/wp-content\/uploads\/2024\/08\/tatil-yaparken-kafasina-baca-kapagi-dusen-kad-17766386_amp.jpg\" \/>\n\t<meta property=\"og:image:width\" content=\"600\" \/>\n\t<meta property=\"og:image:height\" content=\"375\" \/>\n\t<meta property=\"og:image:type\" content=\"image\/jpeg\" \/>\n<meta name=\"author\" content=\"admin\" \/>\n<meta name=\"twitter:card\" content=\"summary_large_image\" \/>\n<meta name=\"twitter:label1\" content=\"Yazan:\" \/>\n\t<meta name=\"twitter:data1\" content=\"admin\" \/>\n\t<meta name=\"twitter:label2\" content=\"Tahmini okuma s\u00fcresi\" \/>\n\t<meta name=\"twitter:data2\" content=\"2 dakika\" \/>\n<script type=\"application\/ld+json\" class=\"yoast-schema-graph\">{\"@context\":\"https:\\\/\\\/schema.org\",\"@graph\":[{\"@type\":\"Article\",\"@id\":\"https:\\\/\\\/kibrisdakik.com\\\/?p=57859#article\",\"isPartOf\":{\"@id\":\"https:\\\/\\\/kibrisdakik.com\\\/?p=57859\"},\"author\":{\"name\":\"admin\",\"@id\":\"https:\\\/\\\/kibrisdakik.com\\\/#\\\/schema\\\/person\\\/9cd9d437bbb44f72b73ba127e06d8e79\"},\"headline\":\"Tatil yaparken kafas\u0131na baca kapa\u011f\u0131 d\u00fc\u015fen kad\u0131n hayat\u0131n\u0131 kaybetti\",\"datePublished\":\"2024-08-29T13:39:48+00:00\",\"mainEntityOfPage\":{\"@id\":\"https:\\\/\\\/kibrisdakik.com\\\/?p=57859\"},\"wordCount\":363,\"commentCount\":0,\"image\":{\"@id\":\"https:\\\/\\\/kibrisdakik.com\\\/?p=57859#primaryimage\"},\"thumbnailUrl\":\"https:\\\/\\\/kibrisdakik.com\\\/wp-content\\\/uploads\\\/2024\\\/08\\\/tatil-yaparken-kafasina-baca-kapagi-dusen-kad-17766386_amp.jpg\",\"articleSection\":[\"Magazin\"],\"inLanguage\":\"tr\",\"potentialAction\":[{\"@type\":\"CommentAction\",\"name\":\"Comment\",\"target\":[\"https:\\\/\\\/kibrisdakik.com\\\/?p=57859#respond\"]}]},{\"@type\":\"WebPage\",\"@id\":\"https:\\\/\\\/kibrisdakik.com\\\/?p=57859\",\"url\":\"https:\\\/\\\/kibrisdakik.com\\\/?p=57859\",\"name\":\"Tatil yaparken kafas\u0131na baca kapa\u011f\u0131 d\u00fc\u015fen kad\u0131n hayat\u0131n\u0131 kaybetti -\",\"isPartOf\":{\"@id\":\"https:\\\/\\\/kibrisdakik.com\\\/#website\"},\"primaryImageOfPage\":{\"@id\":\"https:\\\/\\\/kibrisdakik.com\\\/?p=57859#primaryimage\"},\"image\":{\"@id\":\"https:\\\/\\\/kibrisdakik.com\\\/?p=57859#primaryimage\"},\"thumbnailUrl\":\"https:\\\/\\\/kibrisdakik.com\\\/wp-content\\\/uploads\\\/2024\\\/08\\\/tatil-yaparken-kafasina-baca-kapagi-dusen-kad-17766386_amp.jpg\",\"datePublished\":\"2024-08-29T13:39:48+00:00\",\"author\":{\"@id\":\"https:\\\/\\\/kibrisdakik.com\\\/#\\\/schema\\\/person\\\/9cd9d437bbb44f72b73ba127e06d8e79\"},\"breadcrumb\":{\"@id\":\"https:\\\/\\\/kibrisdakik.com\\\/?p=57859#breadcrumb\"},\"inLanguage\":\"tr\",\"potentialAction\":[{\"@type\":\"ReadAction\",\"target\":[\"https:\\\/\\\/kibrisdakik.com\\\/?p=57859\"]}]},{\"@type\":\"ImageObject\",\"inLanguage\":\"tr\",\"@id\":\"https:\\\/\\\/kibrisdakik.com\\\/?p=57859#primaryimage\",\"url\":\"https:\\\/\\\/kibrisdakik.com\\\/wp-content\\\/uploads\\\/2024\\\/08\\\/tatil-yaparken-kafasina-baca-kapagi-dusen-kad-17766386_amp.jpg\",\"contentUrl\":\"https:\\\/\\\/kibrisdakik.com\\\/wp-content\\\/uploads\\\/2024\\\/08\\\/tatil-yaparken-kafasina-baca-kapagi-dusen-kad-17766386_amp.jpg\",\"width\":600,\"height\":375},{\"@type\":\"BreadcrumbList\",\"@id\":\"https:\\\/\\\/kibrisdakik.com\\\/?p=57859#breadcrumb\",\"itemListElement\":[{\"@type\":\"ListItem\",\"position\":1,\"name\":\"Home\",\"item\":\"https:\\\/\\\/kibrisdakik.com\\\/\"},{\"@type\":\"ListItem\",\"position\":2,\"name\":\"Tatil yaparken kafas\u0131na baca kapa\u011f\u0131 d\u00fc\u015fen kad\u0131n hayat\u0131n\u0131 kaybetti\"}]},{\"@type\":\"WebSite\",\"@id\":\"https:\\\/\\\/kibrisdakik.com\\\/#website\",\"url\":\"https:\\\/\\\/kibrisdakik.com\\\/\",\"name\":\"\",\"description\":\"Tam vaktinde haber\",\"potentialAction\":[{\"@type\":\"SearchAction\",\"target\":{\"@type\":\"EntryPoint\",\"urlTemplate\":\"https:\\\/\\\/kibrisdakik.com\\\/?s={search_term_string}\"},\"query-input\":{\"@type\":\"PropertyValueSpecification\",\"valueRequired\":true,\"valueName\":\"search_term_string\"}}],\"inLanguage\":\"tr\"},{\"@type\":\"Person\",\"@id\":\"https:\\\/\\\/kibrisdakik.com\\\/#\\\/schema\\\/person\\\/9cd9d437bbb44f72b73ba127e06d8e79\",\"name\":\"admin\",\"image\":{\"@type\":\"ImageObject\",\"inLanguage\":\"tr\",\"@id\":\"https:\\\/\\\/secure.gravatar.com\\\/avatar\\\/ccc17943b9d660506c869530f897617f7cb1c21a4bf30023f252596d83e1f007?s=96&d=mm&r=g\",\"url\":\"https:\\\/\\\/secure.gravatar.com\\\/avatar\\\/ccc17943b9d660506c869530f897617f7cb1c21a4bf30023f252596d83e1f007?s=96&d=mm&r=g\",\"contentUrl\":\"https:\\\/\\\/secure.gravatar.com\\\/avatar\\\/ccc17943b9d660506c869530f897617f7cb1c21a4bf30023f252596d83e1f007?s=96&d=mm&r=g\",\"caption\":\"admin\"},\"sameAs\":[\"https:\\\/\\\/kibrisdakik.com\"],\"url\":\"https:\\\/\\\/kibrisdakik.com\\\/?author=1\"}]}<\/script>\n<!-- \/ Yoast SEO plugin. -->","yoast_head_json":{"title":"Tatil yaparken kafas\u0131na baca kapa\u011f\u0131 d\u00fc\u015fen kad\u0131n hayat\u0131n\u0131 kaybetti -","robots":{"index":"index","follow":"follow","max-snippet":"max-snippet:-1","max-image-preview":"max-image-preview:large","max-video-preview":"max-video-preview:-1"},"canonical":"https:\/\/kibrisdakik.com\/?p=57859","og_locale":"tr_TR","og_type":"article","og_title":"Tatil yaparken kafas\u0131na baca kapa\u011f\u0131 d\u00fc\u015fen kad\u0131n hayat\u0131n\u0131 kaybetti -","og_description":"Antalya&#8217;da tatil yapt\u0131\u011f\u0131 otelin havuz ba\u015f\u0131nda g\u00fcne\u015flenirken kafas\u0131na baca par\u00e7as\u0131 d\u00fc\u015fen kad\u0131n kald\u0131r\u0131ld\u0131\u011f\u0131 hastanede hayat\u0131n\u0131 kaybetti. Gen\u00e7 kad\u0131n\u0131n cenazesi yak\u0131nlar\u0131 taraf\u0131ndan morgdan al\u0131narak topra\u011fa verilmek \u00fczere memleketi Hakkari&#8217;ye g\u00f6t\u00fcr\u00fcld\u00fc. 2 \u00c7OCUK ANNES\u0130YD\u0130 Antalya&#8217;n\u0131n Alanya il\u00e7esi Konakl\u0131 Mahallesi&#8217;nde 24 A\u011fustos tarihinde meydana gelen olayda tatil yapt\u0131\u011f\u0131 otelin havuz kenar\u0131nda g\u00fcne\u015flenirken, r\u00fczgar\u0131n etkisiyle \u00e7\u0131kan baca kapa\u011f\u0131n\u0131n ba\u015f\u0131na","og_url":"https:\/\/kibrisdakik.com\/?p=57859","article_published_time":"2024-08-29T13:39:48+00:00","og_image":[{"width":600,"height":375,"url":"https:\/\/kibrisdakik.com\/wp-content\/uploads\/2024\/08\/tatil-yaparken-kafasina-baca-kapagi-dusen-kad-17766386_amp.jpg","type":"image\/jpeg"}],"author":"admin","twitter_card":"summary_large_image","twitter_misc":{"Yazan:":"admin","Tahmini okuma s\u00fcresi":"2 dakika"},"schema":{"@context":"https:\/\/schema.org","@graph":[{"@type":"Article","@id":"https:\/\/kibrisdakik.com\/?p=57859#article","isPartOf":{"@id":"https:\/\/kibrisdakik.com\/?p=57859"},"author":{"name":"admin","@id":"https:\/\/kibrisdakik.com\/#\/schema\/person\/9cd9d437bbb44f72b73ba127e06d8e79"},"headline":"Tatil yaparken kafas\u0131na baca kapa\u011f\u0131 d\u00fc\u015fen kad\u0131n hayat\u0131n\u0131 kaybetti","datePublished":"2024-08-29T13:39:48+00:00","mainEntityOfPage":{"@id":"https:\/\/kibrisdakik.com\/?p=57859"},"wordCount":363,"commentCount":0,"image":{"@id":"https:\/\/kibrisdakik.com\/?p=57859#primaryimage"},"thumbnailUrl":"https:\/\/kibrisdakik.com\/wp-content\/uploads\/2024\/08\/tatil-yaparken-kafasina-baca-kapagi-dusen-kad-17766386_amp.jpg","articleSection":["Magazin"],"inLanguage":"tr","potentialAction":[{"@type":"CommentAction","name":"Comment","target":["https:\/\/kibrisdakik.com\/?p=57859#respond"]}]},{"@type":"WebPage","@id":"https:\/\/kibrisdakik.com\/?p=57859","url":"https:\/\/kibrisdakik.com\/?p=57859","name":"Tatil yaparken kafas\u0131na baca kapa\u011f\u0131 d\u00fc\u015fen kad\u0131n hayat\u0131n\u0131 kaybetti -","isPartOf":{"@id":"https:\/\/kibrisdakik.com\/#website"},"primaryImageOfPage":{"@id":"https:\/\/kibrisdakik.com\/?p=57859#primaryimage"},"image":{"@id":"https:\/\/kibrisdakik.com\/?p=57859#primaryimage"},"thumbnailUrl":"https:\/\/kibrisdakik.com\/wp-content\/uploads\/2024\/08\/tatil-yaparken-kafasina-baca-kapagi-dusen-kad-17766386_amp.jpg","datePublished":"2024-08-29T13:39:48+00:00","author":{"@id":"https:\/\/kibrisdakik.com\/#\/schema\/person\/9cd9d437bbb44f72b73ba127e06d8e79"},"breadcrumb":{"@id":"https:\/\/kibrisdakik.com\/?p=57859#breadcrumb"},"inLanguage":"tr","potentialAction":[{"@type":"ReadAction","target":["https:\/\/kibrisdakik.com\/?p=57859"]}]},{"@type":"ImageObject","inLanguage":"tr","@id":"https:\/\/kibrisdakik.com\/?p=57859#primaryimage","url":"https:\/\/kibrisdakik.com\/wp-content\/uploads\/2024\/08\/tatil-yaparken-kafasina-baca-kapagi-dusen-kad-17766386_amp.jpg","contentUrl":"https:\/\/kibrisdakik.com\/wp-content\/uploads\/2024\/08\/tatil-yaparken-kafasina-baca-kapagi-dusen-kad-17766386_amp.jpg","width":600,"height":375},{"@type":"BreadcrumbList","@id":"https:\/\/kibrisdakik.com\/?p=57859#breadcrumb","itemListElement":[{"@type":"ListItem","position":1,"name":"Home","item":"https:\/\/kibrisdakik.com\/"},{"@type":"ListItem","position":2,"name":"Tatil yaparken kafas\u0131na baca kapa\u011f\u0131 d\u00fc\u015fen kad\u0131n hayat\u0131n\u0131 kaybetti"}]},{"@type":"WebSite","@id":"https:\/\/kibrisdakik.com\/#website","url":"https:\/\/kibrisdakik.com\/","name":"","description":"Tam vaktinde haber","potentialAction":[{"@type":"SearchAction","target":{"@type":"EntryPoint","urlTemplate":"https:\/\/kibrisdakik.com\/?s={search_term_string}"},"query-input":{"@type":"PropertyValueSpecification","valueRequired":true,"valueName":"search_term_string"}}],"inLanguage":"tr"},{"@type":"Person","@id":"https:\/\/kibrisdakik.com\/#\/schema\/person\/9cd9d437bbb44f72b73ba127e06d8e79","name":"admin","image":{"@type":"ImageObject","inLanguage":"tr","@id":"https:\/\/secure.gravatar.com\/avatar\/ccc17943b9d660506c869530f897617f7cb1c21a4bf30023f252596d83e1f007?s=96&d=mm&r=g","url":"https:\/\/secure.gravatar.com\/avatar\/ccc17943b9d660506c869530f897617f7cb1c21a4bf30023f252596d83e1f007?s=96&d=mm&r=g","contentUrl":"https:\/\/secure.gravatar.com\/avatar\/ccc17943b9d660506c869530f897617f7cb1c21a4bf30023f252596d83e1f007?s=96&d=mm&r=g","caption":"admin"},"sameAs":["https:\/\/kibrisdakik.com"],"url":"https:\/\/kibrisdakik.com\/?author=1"}]}},"_links":{"self":[{"href":"https:\/\/kibrisdakik.com\/index.php?rest_route=\/wp\/v2\/posts\/57859","targetHints":{"allow":["GET"]}}],"collection":[{"href":"https:\/\/kibrisdakik.com\/index.php?rest_route=\/wp\/v2\/posts"}],"about":[{"href":"https:\/\/kibrisdakik.com\/index.php?rest_route=\/wp\/v2\/types\/post"}],"author":[{"embeddable":true,"href":"https:\/\/kibrisdakik.com\/index.php?rest_route=\/wp\/v2\/users\/1"}],"replies":[{"embeddable":true,"href":"https:\/\/kibrisdakik.com\/index.php?rest_route=%2Fwp%2Fv2%2Fcomments&post=57859"}],"version-history":[{"count":1,"href":"https:\/\/kibrisdakik.com\/index.php?rest_route=\/wp\/v2\/posts\/57859\/revisions"}],"predecessor-version":[{"id":57913,"href":"https:\/\/kibrisdakik.com\/index.php?rest_route=\/wp\/v2\/posts\/57859\/revisions\/57913"}],"wp:featuredmedia":[{"embeddable":true,"href":"https:\/\/kibrisdakik.com\/index.php?rest_route=\/wp\/v2\/media\/57860"}],"wp:attachment":[{"href":"https:\/\/kibrisdakik.com\/index.php?rest_route=%2Fwp%2Fv2%2Fmedia&parent=57859"}],"wp:term":[{"taxonomy":"category","embeddable":true,"href":"https:\/\/kibrisdakik.com\/index.php?rest_route=%2Fwp%2Fv2%2Fcategories&post=57859"},{"taxonomy":"post_tag","embeddable":true,"href":"https:\/\/kibrisdakik.com\/index.php?rest_route=%2Fwp%2Fv2%2Ftags&post=57859"}],"curies":[{"name":"wp","href":"https:\/\/api.w.org\/{rel}","templated":true}]}}