{"id":57903,"date":"2024-08-29T16:19:33","date_gmt":"2024-08-29T13:19:33","guid":{"rendered":"https:\/\/kibrisdakik.com\/index.php\/2024\/08\/29\/alan-yok-mu-29-agustos-persembe-bugun-alan-neden-yok\/"},"modified":"2024-08-29T16:19:33","modified_gmt":"2024-08-29T13:19:33","slug":"alan-yok-mu-29-agustos-persembe-bugun-alan-neden-yok","status":"publish","type":"post","link":"https:\/\/kibrisdakik.com\/?p=57903","title":{"rendered":"Alan yok mu? 29 A\u011fustos Per\u015fembe bug\u00fcn Alan neden yok?"},"content":{"rendered":"<p><\/p>\n<div id=\"\">\n<p>S\u00fcresi biten yar\u0131\u015fmac\u0131 elenerek yar\u0131\u015fmadan ayr\u0131l\u0131yor, kazanan ki\u015fi d\u00fcelloyla devam etmek isterse alan\u0131ndaki rakiplerinden birini daha se\u00e7iyor ve yeni bir d\u00fcello ba\u015fl\u0131yor. Yendi\u011fi rakibinin alan\u0131n\u0131 da kazand\u0131\u011f\u0131 i\u00e7in d\u00fcello i\u00e7in se\u00e7ebilece\u011fi rakip dolay\u0131s\u0131yla da kategori say\u0131s\u0131 artm\u0131\u015f oluyor. Peki, Alan yok mu? 29 A\u011fustos Per\u015fembe bug\u00fcn Alan neden yok?<\/p>\n<h3>ALAN YARI\u015eMA FORMATI NE?<\/h3>\n<p>Ekranlar\u0131n izlenme rekorlar\u0131 k\u0131ran yeni nesil yar\u0131\u015fmas\u0131 &#8220;Alan&#8221; \u015fimdi de atv ekranlar\u0131nda!<\/p>\n<p>Hollanda, \u0130spanya, Fransa, Amerika Birle\u015fik Devletleri, \u0130talya, Almanya, Ukrayna, Macaristan ve \u015fimdi de T\u00fcrkiye!<\/p>\n<p>100 yar\u0131\u015fmac\u0131, 100 kategori ve 1.000.000 lira \u00f6d\u00fcl!<\/p>\n<p>Rakiplerini ele, alan\u0131n\u0131 geni\u015flet ve sona kal\u0131p b\u00fcy\u00fck \u00f6d\u00fcl\u00fc al!<\/p>\n<p>Sistemin rastgele se\u00e7ti\u011fi bir yar\u0131\u015fmac\u0131 \u00e7evresinde bulunan rakiplerinden birini d\u00fcello yapmak \u00fczere se\u00e7iyor ve se\u00e7ti\u011fi rakibinin kategorisinde d\u00fcello i\u00e7in kar\u015f\u0131 kar\u015f\u0131ya geliyorlar. 45&#8217;er saniyesi olan yar\u0131\u015fmac\u0131lar a\u011f\u0131rl\u0131kl\u0131 olarak g\u00f6rseldeki ki\u015fi veya nesneyi bilmeye \u00e7al\u0131\u015ft\u0131klar\u0131 d\u00fcellolarda yar\u0131\u015f\u0131yor. Do\u011fru cevap verildi\u011finde s\u0131ra rakiplerine ge\u00e7erken yanl\u0131\u015f cevap verilirse do\u011fru cevap verene kadar ayn\u0131 g\u00f6rsel ekranda kalmaya devam ediyor &#8220;Pas&#8221; denildi\u011finde s\u00fcrelerinden 3 saniye gidiyor ve yeni bir g\u00f6rsel ekrana geliyor. S\u00fcresi biten yar\u0131\u015fmac\u0131 elenerek yar\u0131\u015fmadan ayr\u0131l\u0131yor, kazanan ki\u015fi d\u00fcelloyla devam etmek isterse alan\u0131ndaki rakiplerinden birini daha se\u00e7iyor ve yeni bir d\u00fcello ba\u015fl\u0131yor. Yendi\u011fi rakibinin alan\u0131n\u0131 da kazand\u0131\u011f\u0131 i\u00e7in d\u00fcello i\u00e7in se\u00e7ebilece\u011fi rakip dolay\u0131s\u0131yla da kategori say\u0131s\u0131 artm\u0131\u015f oluyor. Devam etmesi kendi avantaj\u0131na \u00e7\u00fcnk\u00fc g\u00fcn\u00fcn sonunda en b\u00fcy\u00fck alana sahip olan yar\u0131\u015fmac\u0131 100.000 TL kazan\u0131yor. En fazla yar\u0131\u015fmac\u0131y\u0131 eleyen de g\u00fcn\u00fcn birincisi oluyor. Devam etmek istemezse alana geri d\u00f6n\u00fcyor. E\u011fer d\u00fcelloyu kazanan ki\u015finin kategorisinde yar\u0131\u015f\u0131lm\u0131\u015fsa kazanan ki\u015fi elenen ki\u015finin kategorisini alarak yar\u0131\u015fmaya devam ediyor.<\/p>\n<h3>29 A\u011eUSTOS PER\u015eEMBE BUG\u00dcN ALAN NEDEN YOK?<\/h3>\n<p>Alan program\u0131 Trabzonspor ma\u00e7\u0131 nedeniyle bug\u00fcn yay\u0131n ak\u0131\u015f\u0131nda yer alm\u0131yor. Alan 22.00&#8217;te \u00f6zel b\u00f6l\u00fcm\u00fc ile ekranda olacak.<\/p>\n<p><img loading=\"lazy\" decoding=\"async\" class=\"hbptMainImage lazyload ImgDetay\" src=\"https:\/\/foto.haberler.com\/haber\/2024\/08\/29\/alan-yok-mu-29-agustos-persembe-bugun-alan-neden-17767207_317_m.jpg\" alt=\"Alan yok mu? 29 A\u011fustos Per\u015fembe bug\u00fcn Alan neden yok?\" width=\"640\" height=\"537\"\/><\/p>\n<div class=\"orderFlex\">\n<div class=\"hbptItem imgtxtarea\">\n<div class=\"hbptAuthorImg\"><img decoding=\"async\" class=\"lazyload imgelips\" src=\"https:\/\/foto.haberler.com\/genel\/editor\/2023\/12\/28\/editor--415600.jpg\" alt=\"Osman Demir\"\/><\/div>\n<\/div>\n<\/div>\n<h4 id=\"nwsKeywords\"> <a href=\"https:\/\/www.haberler.com\/spor\/\" title=\"Spor\" class=\"hbptTag\">Spor<\/a>  <a href=\"https:\/\/www.haberler.com\/atv\/\" title=\"Atv\" class=\"hbptTag\">Atv<\/a>  <a href=\"https:\/\/www.haberler.com\/televizyon\/\" title=\"Televizyon\" class=\"hbptTag\">Televizyon<\/a>  <a href=\"https:\/\/www.haberler.com\/yasam\/\" title=\"Ya\u015fam\" class=\"hbptTag\">Ya\u015fam<\/a>  <a href=\"https:\/\/www.haberler.com\/spor\/\" title=\"Spor\" class=\"hbptTag\">Spor<\/a>  <a href=\"https:\/\/www.haberler.com\/\" title=\"Haberler\" class=\"hbptTag\">Haberler<\/a> <\/h4>\n<\/div>\n","protected":false},"excerpt":{"rendered":"<p>S\u00fcresi biten yar\u0131\u015fmac\u0131 elenerek yar\u0131\u015fmadan ayr\u0131l\u0131yor, kazanan ki\u015fi d\u00fcelloyla devam etmek isterse alan\u0131ndaki rakiplerinden birini daha se\u00e7iyor ve yeni bir d\u00fcello ba\u015fl\u0131yor. Yendi\u011fi rakibinin alan\u0131n\u0131 da kazand\u0131\u011f\u0131 i\u00e7in d\u00fcello i\u00e7in se\u00e7ebilece\u011fi rakip dolay\u0131s\u0131yla da kategori say\u0131s\u0131 artm\u0131\u015f oluyor. Peki, Alan yok mu? 29 A\u011fustos Per\u015fembe bug\u00fcn Alan neden yok? ALAN YARI\u015eMA FORMATI NE? Ekranlar\u0131n izlenme<\/p>\n","protected":false},"author":1,"featured_media":57904,"comment_status":"open","ping_status":"open","sticky":false,"template":"","format":"standard","meta":{"footnotes":""},"categories":[83],"tags":[],"class_list":["post-57903","post","type-post","status-publish","format-standard","has-post-thumbnail","hentry","category-magazin"],"yoast_head":"<!-- This site is optimized with the Yoast SEO plugin v27.5 - https:\/\/yoast.com\/product\/yoast-seo-wordpress\/ -->\n<title>Alan yok mu? 29 A\u011fustos Per\u015fembe bug\u00fcn Alan neden yok? -<\/title>\n<meta name=\"robots\" content=\"index, follow, max-snippet:-1, max-image-preview:large, max-video-preview:-1\" \/>\n<link rel=\"canonical\" href=\"https:\/\/kibrisdakik.com\/?p=57903\" \/>\n<meta property=\"og:locale\" content=\"tr_TR\" \/>\n<meta property=\"og:type\" content=\"article\" \/>\n<meta property=\"og:title\" content=\"Alan yok mu? 29 A\u011fustos Per\u015fembe bug\u00fcn Alan neden yok? -\" \/>\n<meta property=\"og:description\" content=\"S\u00fcresi biten yar\u0131\u015fmac\u0131 elenerek yar\u0131\u015fmadan ayr\u0131l\u0131yor, kazanan ki\u015fi d\u00fcelloyla devam etmek isterse alan\u0131ndaki rakiplerinden birini daha se\u00e7iyor ve yeni bir d\u00fcello ba\u015fl\u0131yor. Yendi\u011fi rakibinin alan\u0131n\u0131 da kazand\u0131\u011f\u0131 i\u00e7in d\u00fcello i\u00e7in se\u00e7ebilece\u011fi rakip dolay\u0131s\u0131yla da kategori say\u0131s\u0131 artm\u0131\u015f oluyor. Peki, Alan yok mu? 29 A\u011fustos Per\u015fembe bug\u00fcn Alan neden yok? ALAN YARI\u015eMA FORMATI NE? Ekranlar\u0131n izlenme\" \/>\n<meta property=\"og:url\" content=\"https:\/\/kibrisdakik.com\/?p=57903\" \/>\n<meta property=\"article:published_time\" content=\"2024-08-29T13:19:33+00:00\" \/>\n<meta property=\"og:image\" content=\"https:\/\/kibrisdakik.com\/wp-content\/uploads\/2024\/08\/alan-yok-mu-29-agustos-persembe-bugun-alan-neden-17767207_317_m-640x420.jpg\" \/>\n\t<meta property=\"og:image:width\" content=\"640\" \/>\n\t<meta property=\"og:image:height\" content=\"536\" \/>\n\t<meta property=\"og:image:type\" content=\"image\/jpeg\" \/>\n<meta name=\"author\" content=\"admin\" \/>\n<meta name=\"twitter:card\" content=\"summary_large_image\" \/>\n<meta name=\"twitter:label1\" content=\"Yazan:\" \/>\n\t<meta name=\"twitter:data1\" content=\"admin\" \/>\n\t<meta name=\"twitter:label2\" content=\"Tahmini okuma s\u00fcresi\" \/>\n\t<meta name=\"twitter:data2\" content=\"2 dakika\" \/>\n<script type=\"application\/ld+json\" class=\"yoast-schema-graph\">{\"@context\":\"https:\\\/\\\/schema.org\",\"@graph\":[{\"@type\":\"Article\",\"@id\":\"https:\\\/\\\/kibrisdakik.com\\\/?p=57903#article\",\"isPartOf\":{\"@id\":\"https:\\\/\\\/kibrisdakik.com\\\/?p=57903\"},\"author\":{\"name\":\"admin\",\"@id\":\"https:\\\/\\\/kibrisdakik.com\\\/#\\\/schema\\\/person\\\/9cd9d437bbb44f72b73ba127e06d8e79\"},\"headline\":\"Alan yok mu? 29 A\u011fustos Per\u015fembe bug\u00fcn Alan neden yok?\",\"datePublished\":\"2024-08-29T13:19:33+00:00\",\"mainEntityOfPage\":{\"@id\":\"https:\\\/\\\/kibrisdakik.com\\\/?p=57903\"},\"wordCount\":404,\"commentCount\":0,\"image\":{\"@id\":\"https:\\\/\\\/kibrisdakik.com\\\/?p=57903#primaryimage\"},\"thumbnailUrl\":\"https:\\\/\\\/kibrisdakik.com\\\/wp-content\\\/uploads\\\/2024\\\/08\\\/alan-yok-mu-29-agustos-persembe-bugun-alan-neden-17767207_317_m-640x420.jpg\",\"articleSection\":[\"Magazin\"],\"inLanguage\":\"tr\",\"potentialAction\":[{\"@type\":\"CommentAction\",\"name\":\"Comment\",\"target\":[\"https:\\\/\\\/kibrisdakik.com\\\/?p=57903#respond\"]}]},{\"@type\":\"WebPage\",\"@id\":\"https:\\\/\\\/kibrisdakik.com\\\/?p=57903\",\"url\":\"https:\\\/\\\/kibrisdakik.com\\\/?p=57903\",\"name\":\"Alan yok mu? 29 A\u011fustos Per\u015fembe bug\u00fcn Alan neden yok? -\",\"isPartOf\":{\"@id\":\"https:\\\/\\\/kibrisdakik.com\\\/#website\"},\"primaryImageOfPage\":{\"@id\":\"https:\\\/\\\/kibrisdakik.com\\\/?p=57903#primaryimage\"},\"image\":{\"@id\":\"https:\\\/\\\/kibrisdakik.com\\\/?p=57903#primaryimage\"},\"thumbnailUrl\":\"https:\\\/\\\/kibrisdakik.com\\\/wp-content\\\/uploads\\\/2024\\\/08\\\/alan-yok-mu-29-agustos-persembe-bugun-alan-neden-17767207_317_m-640x420.jpg\",\"datePublished\":\"2024-08-29T13:19:33+00:00\",\"author\":{\"@id\":\"https:\\\/\\\/kibrisdakik.com\\\/#\\\/schema\\\/person\\\/9cd9d437bbb44f72b73ba127e06d8e79\"},\"breadcrumb\":{\"@id\":\"https:\\\/\\\/kibrisdakik.com\\\/?p=57903#breadcrumb\"},\"inLanguage\":\"tr\",\"potentialAction\":[{\"@type\":\"ReadAction\",\"target\":[\"https:\\\/\\\/kibrisdakik.com\\\/?p=57903\"]}]},{\"@type\":\"ImageObject\",\"inLanguage\":\"tr\",\"@id\":\"https:\\\/\\\/kibrisdakik.com\\\/?p=57903#primaryimage\",\"url\":\"https:\\\/\\\/kibrisdakik.com\\\/wp-content\\\/uploads\\\/2024\\\/08\\\/alan-yok-mu-29-agustos-persembe-bugun-alan-neden-17767207_317_m-640x420.jpg\",\"contentUrl\":\"https:\\\/\\\/kibrisdakik.com\\\/wp-content\\\/uploads\\\/2024\\\/08\\\/alan-yok-mu-29-agustos-persembe-bugun-alan-neden-17767207_317_m-640x420.jpg\",\"width\":640,\"height\":536},{\"@type\":\"BreadcrumbList\",\"@id\":\"https:\\\/\\\/kibrisdakik.com\\\/?p=57903#breadcrumb\",\"itemListElement\":[{\"@type\":\"ListItem\",\"position\":1,\"name\":\"Home\",\"item\":\"https:\\\/\\\/kibrisdakik.com\\\/\"},{\"@type\":\"ListItem\",\"position\":2,\"name\":\"Alan yok mu? 29 A\u011fustos Per\u015fembe bug\u00fcn Alan neden yok?\"}]},{\"@type\":\"WebSite\",\"@id\":\"https:\\\/\\\/kibrisdakik.com\\\/#website\",\"url\":\"https:\\\/\\\/kibrisdakik.com\\\/\",\"name\":\"\",\"description\":\"Tam vaktinde haber\",\"potentialAction\":[{\"@type\":\"SearchAction\",\"target\":{\"@type\":\"EntryPoint\",\"urlTemplate\":\"https:\\\/\\\/kibrisdakik.com\\\/?s={search_term_string}\"},\"query-input\":{\"@type\":\"PropertyValueSpecification\",\"valueRequired\":true,\"valueName\":\"search_term_string\"}}],\"inLanguage\":\"tr\"},{\"@type\":\"Person\",\"@id\":\"https:\\\/\\\/kibrisdakik.com\\\/#\\\/schema\\\/person\\\/9cd9d437bbb44f72b73ba127e06d8e79\",\"name\":\"admin\",\"image\":{\"@type\":\"ImageObject\",\"inLanguage\":\"tr\",\"@id\":\"https:\\\/\\\/secure.gravatar.com\\\/avatar\\\/ccc17943b9d660506c869530f897617f7cb1c21a4bf30023f252596d83e1f007?s=96&d=mm&r=g\",\"url\":\"https:\\\/\\\/secure.gravatar.com\\\/avatar\\\/ccc17943b9d660506c869530f897617f7cb1c21a4bf30023f252596d83e1f007?s=96&d=mm&r=g\",\"contentUrl\":\"https:\\\/\\\/secure.gravatar.com\\\/avatar\\\/ccc17943b9d660506c869530f897617f7cb1c21a4bf30023f252596d83e1f007?s=96&d=mm&r=g\",\"caption\":\"admin\"},\"sameAs\":[\"https:\\\/\\\/kibrisdakik.com\"],\"url\":\"https:\\\/\\\/kibrisdakik.com\\\/?author=1\"}]}<\/script>\n<!-- \/ Yoast SEO plugin. -->","yoast_head_json":{"title":"Alan yok mu? 29 A\u011fustos Per\u015fembe bug\u00fcn Alan neden yok? -","robots":{"index":"index","follow":"follow","max-snippet":"max-snippet:-1","max-image-preview":"max-image-preview:large","max-video-preview":"max-video-preview:-1"},"canonical":"https:\/\/kibrisdakik.com\/?p=57903","og_locale":"tr_TR","og_type":"article","og_title":"Alan yok mu? 29 A\u011fustos Per\u015fembe bug\u00fcn Alan neden yok? -","og_description":"S\u00fcresi biten yar\u0131\u015fmac\u0131 elenerek yar\u0131\u015fmadan ayr\u0131l\u0131yor, kazanan ki\u015fi d\u00fcelloyla devam etmek isterse alan\u0131ndaki rakiplerinden birini daha se\u00e7iyor ve yeni bir d\u00fcello ba\u015fl\u0131yor. Yendi\u011fi rakibinin alan\u0131n\u0131 da kazand\u0131\u011f\u0131 i\u00e7in d\u00fcello i\u00e7in se\u00e7ebilece\u011fi rakip dolay\u0131s\u0131yla da kategori say\u0131s\u0131 artm\u0131\u015f oluyor. Peki, Alan yok mu? 29 A\u011fustos Per\u015fembe bug\u00fcn Alan neden yok? ALAN YARI\u015eMA FORMATI NE? Ekranlar\u0131n izlenme","og_url":"https:\/\/kibrisdakik.com\/?p=57903","article_published_time":"2024-08-29T13:19:33+00:00","og_image":[{"width":640,"height":536,"url":"https:\/\/kibrisdakik.com\/wp-content\/uploads\/2024\/08\/alan-yok-mu-29-agustos-persembe-bugun-alan-neden-17767207_317_m-640x420.jpg","type":"image\/jpeg"}],"author":"admin","twitter_card":"summary_large_image","twitter_misc":{"Yazan:":"admin","Tahmini okuma s\u00fcresi":"2 dakika"},"schema":{"@context":"https:\/\/schema.org","@graph":[{"@type":"Article","@id":"https:\/\/kibrisdakik.com\/?p=57903#article","isPartOf":{"@id":"https:\/\/kibrisdakik.com\/?p=57903"},"author":{"name":"admin","@id":"https:\/\/kibrisdakik.com\/#\/schema\/person\/9cd9d437bbb44f72b73ba127e06d8e79"},"headline":"Alan yok mu? 29 A\u011fustos Per\u015fembe bug\u00fcn Alan neden yok?","datePublished":"2024-08-29T13:19:33+00:00","mainEntityOfPage":{"@id":"https:\/\/kibrisdakik.com\/?p=57903"},"wordCount":404,"commentCount":0,"image":{"@id":"https:\/\/kibrisdakik.com\/?p=57903#primaryimage"},"thumbnailUrl":"https:\/\/kibrisdakik.com\/wp-content\/uploads\/2024\/08\/alan-yok-mu-29-agustos-persembe-bugun-alan-neden-17767207_317_m-640x420.jpg","articleSection":["Magazin"],"inLanguage":"tr","potentialAction":[{"@type":"CommentAction","name":"Comment","target":["https:\/\/kibrisdakik.com\/?p=57903#respond"]}]},{"@type":"WebPage","@id":"https:\/\/kibrisdakik.com\/?p=57903","url":"https:\/\/kibrisdakik.com\/?p=57903","name":"Alan yok mu? 29 A\u011fustos Per\u015fembe bug\u00fcn Alan neden yok? -","isPartOf":{"@id":"https:\/\/kibrisdakik.com\/#website"},"primaryImageOfPage":{"@id":"https:\/\/kibrisdakik.com\/?p=57903#primaryimage"},"image":{"@id":"https:\/\/kibrisdakik.com\/?p=57903#primaryimage"},"thumbnailUrl":"https:\/\/kibrisdakik.com\/wp-content\/uploads\/2024\/08\/alan-yok-mu-29-agustos-persembe-bugun-alan-neden-17767207_317_m-640x420.jpg","datePublished":"2024-08-29T13:19:33+00:00","author":{"@id":"https:\/\/kibrisdakik.com\/#\/schema\/person\/9cd9d437bbb44f72b73ba127e06d8e79"},"breadcrumb":{"@id":"https:\/\/kibrisdakik.com\/?p=57903#breadcrumb"},"inLanguage":"tr","potentialAction":[{"@type":"ReadAction","target":["https:\/\/kibrisdakik.com\/?p=57903"]}]},{"@type":"ImageObject","inLanguage":"tr","@id":"https:\/\/kibrisdakik.com\/?p=57903#primaryimage","url":"https:\/\/kibrisdakik.com\/wp-content\/uploads\/2024\/08\/alan-yok-mu-29-agustos-persembe-bugun-alan-neden-17767207_317_m-640x420.jpg","contentUrl":"https:\/\/kibrisdakik.com\/wp-content\/uploads\/2024\/08\/alan-yok-mu-29-agustos-persembe-bugun-alan-neden-17767207_317_m-640x420.jpg","width":640,"height":536},{"@type":"BreadcrumbList","@id":"https:\/\/kibrisdakik.com\/?p=57903#breadcrumb","itemListElement":[{"@type":"ListItem","position":1,"name":"Home","item":"https:\/\/kibrisdakik.com\/"},{"@type":"ListItem","position":2,"name":"Alan yok mu? 29 A\u011fustos Per\u015fembe bug\u00fcn Alan neden yok?"}]},{"@type":"WebSite","@id":"https:\/\/kibrisdakik.com\/#website","url":"https:\/\/kibrisdakik.com\/","name":"","description":"Tam vaktinde haber","potentialAction":[{"@type":"SearchAction","target":{"@type":"EntryPoint","urlTemplate":"https:\/\/kibrisdakik.com\/?s={search_term_string}"},"query-input":{"@type":"PropertyValueSpecification","valueRequired":true,"valueName":"search_term_string"}}],"inLanguage":"tr"},{"@type":"Person","@id":"https:\/\/kibrisdakik.com\/#\/schema\/person\/9cd9d437bbb44f72b73ba127e06d8e79","name":"admin","image":{"@type":"ImageObject","inLanguage":"tr","@id":"https:\/\/secure.gravatar.com\/avatar\/ccc17943b9d660506c869530f897617f7cb1c21a4bf30023f252596d83e1f007?s=96&d=mm&r=g","url":"https:\/\/secure.gravatar.com\/avatar\/ccc17943b9d660506c869530f897617f7cb1c21a4bf30023f252596d83e1f007?s=96&d=mm&r=g","contentUrl":"https:\/\/secure.gravatar.com\/avatar\/ccc17943b9d660506c869530f897617f7cb1c21a4bf30023f252596d83e1f007?s=96&d=mm&r=g","caption":"admin"},"sameAs":["https:\/\/kibrisdakik.com"],"url":"https:\/\/kibrisdakik.com\/?author=1"}]}},"_links":{"self":[{"href":"https:\/\/kibrisdakik.com\/index.php?rest_route=\/wp\/v2\/posts\/57903","targetHints":{"allow":["GET"]}}],"collection":[{"href":"https:\/\/kibrisdakik.com\/index.php?rest_route=\/wp\/v2\/posts"}],"about":[{"href":"https:\/\/kibrisdakik.com\/index.php?rest_route=\/wp\/v2\/types\/post"}],"author":[{"embeddable":true,"href":"https:\/\/kibrisdakik.com\/index.php?rest_route=\/wp\/v2\/users\/1"}],"replies":[{"embeddable":true,"href":"https:\/\/kibrisdakik.com\/index.php?rest_route=%2Fwp%2Fv2%2Fcomments&post=57903"}],"version-history":[{"count":0,"href":"https:\/\/kibrisdakik.com\/index.php?rest_route=\/wp\/v2\/posts\/57903\/revisions"}],"wp:featuredmedia":[{"embeddable":true,"href":"https:\/\/kibrisdakik.com\/index.php?rest_route=\/wp\/v2\/media\/57904"}],"wp:attachment":[{"href":"https:\/\/kibrisdakik.com\/index.php?rest_route=%2Fwp%2Fv2%2Fmedia&parent=57903"}],"wp:term":[{"taxonomy":"category","embeddable":true,"href":"https:\/\/kibrisdakik.com\/index.php?rest_route=%2Fwp%2Fv2%2Fcategories&post=57903"},{"taxonomy":"post_tag","embeddable":true,"href":"https:\/\/kibrisdakik.com\/index.php?rest_route=%2Fwp%2Fv2%2Ftags&post=57903"}],"curies":[{"name":"wp","href":"https:\/\/api.w.org\/{rel}","templated":true}]}}