{"id":57922,"date":"2024-08-29T16:47:54","date_gmt":"2024-08-29T13:47:54","guid":{"rendered":"https:\/\/kibrisdakik.com\/index.php\/2024\/08\/29\/tore-30-agustos-turk-milletinin-bagimsizlik-mucadelesinin-bir-zaferidir\/"},"modified":"2024-08-29T16:47:54","modified_gmt":"2024-08-29T13:47:54","slug":"tore-30-agustos-turk-milletinin-bagimsizlik-mucadelesinin-bir-zaferidir","status":"publish","type":"post","link":"https:\/\/kibrisdakik.com\/?p=57922","title":{"rendered":"T\u00f6re: 30 A\u011fustos T\u00fcrk Milletinin ba\u011f\u0131ms\u0131zl\u0131k m\u00fccadelesinin bir zaferidir"},"content":{"rendered":"<div>\n<div class=\"mariselle-image-container none\">\n                                            <\/div>\n<p style=\"font-weight: 300;\">Cumhuriyet Meclisi Ba\u015fkan\u0131 Zorlu T\u00f6re, 30 A\u011fustos 1922\u2019deki zaferin T\u00fcrk Milletinin ba\u011f\u0131ms\u0131zl\u0131k m\u00fccadelesinin bir zaferi oldu\u011funu belirtti.<\/p>\n<p style=\"font-weight: 300;\"><span style=\"font-weight: 300 !important;\">Meclis Ba\u015fkan\u0131 T\u00f6re, 30 A\u011fustos Zafer Bayram\u0131 nedeniyle mesaj yay\u0131mlad\u0131.<\/span><\/p>\n<p style=\"font-weight: 300;\"><span style=\"font-weight: 300 !important;\">T\u00f6re mesaj\u0131nda \u015funlar\u0131 kaydetti:<\/span><\/p>\n<p style=\"font-weight: 300;\"><span style=\"font-weight: 300 !important;\">\u201cVatan sevgisi, ba\u011f\u0131ms\u0131zl\u0131k ve \u00f6zg\u00fcrl\u00fck ruhu ve zafer kararl\u0131l\u0131\u011f\u0131yla kahramanl\u0131\u011f\u0131n destanla\u015ft\u0131\u011f\u0131 bir m\u00fccadele olan 30 A\u011fustos Zaferi\u2019nin 102\u2019inci y\u0131ld\u00f6n\u00fcm\u00fcn\u00fc gururla idrak ediyoruz.<\/span><\/p>\n<p style=\"font-weight: 300;\"><span style=\"font-weight: 300 !important;\">Birlik ve beraberli\u011fin \u00f6n\u00fcnde hi\u00e7bir g\u00fcc\u00fcn duramayaca\u011f\u0131n\u0131 simgeleyen ve T\u00fcrkiye Cumhuriyeti\u2019nin kurulu\u015funa giden yolu a\u00e7\u0131p, Cumhuriyetin ilan\u0131yla neticelenen bu b\u00fcy\u00fck zaferle T\u00fcrk milleti esareti reddederek, ba\u011f\u0131ms\u0131zl\u0131k ve h\u00fcrriyetinden asla taviz vermeyece\u011fini d\u00fcnyaya ilan etmi\u015f, K\u0131br\u0131s T\u00fcrk halk\u0131 ba\u015fta olmak \u00fczere, d\u00fcnyada kurtulu\u015f ve ba\u011f\u0131ms\u0131zl\u0131k m\u00fccadelesi veren uluslara \u0131\u015f\u0131k tutmu\u015f, ilham kayna\u011f\u0131 olmu\u015ftur.<\/span><\/p>\n<p style=\"font-weight: 300;\"><span style=\"font-weight: 300 !important;\">30 A\u011fustos T\u00fcrk Milletinin ba\u011f\u0131ms\u0131zl\u0131k m\u00fccadelesinin bir zaferidir. Bu zafer Atat\u00fcrk\u2019\u00fcn \u201cYa \u0130stiklal Ya \u00d6l\u00fcm\u201d inanc\u0131yla kazan\u0131lm\u0131\u015ft\u0131r.<\/span><\/p>\n<p style=\"font-weight: 300;\"><span style=\"font-weight: 300 !important;\">Bu g\u00f6rkemli zaferin y\u0131ld\u00f6n\u00fcm\u00fcnde, B\u00fcy\u00fck \u00d6nderimiz Gazi Mustafa Kemal Atat\u00fcrk ba\u015fta olmak \u00fczere t\u00fcm silah arkada\u015flar\u0131n\u0131, Anadolu halk\u0131 ve istiklal m\u00fccadelesinin b\u00fct\u00fcn kahramanlar\u0131n\u0131 minnetle, sevgiyle ve sayg\u0131yla yad ediyor, \u015fehitlerimize rahmetler diliyor, T\u00fcrk Milleti\u2019nin, T\u00fcrk Silahl\u0131 Kuvvetlerimizin, K\u0131br\u0131s T\u00fcrk halk\u0131n\u0131n, K\u0131br\u0131s T\u00fcrk Bar\u0131\u015f Kuvvetleri Komutanl\u0131\u011f\u0131m\u0131zla G\u00fcvenlik Kuvvetleri Komutanl\u0131\u011f\u0131\u2019m\u0131z mensuplar\u0131n\u0131n Zafer Bayram\u0131n\u0131 i\u00e7tenlikle kutluyorum.\u201d<\/span><\/p>\n<p>TAK\/BRT<\/p>\n<\/p><\/div>\n<p><script async\n                    defer\n                    crossorigin=\"anonymous\"\n                    src=\"https:\/\/connect.facebook.net\/tr_TR\/sdk.js#xfbml=1&#038;version=v3.3\"\n            ><\/script><\/p>\n","protected":false},"excerpt":{"rendered":"<p>Cumhuriyet Meclisi Ba\u015fkan\u0131 Zorlu T\u00f6re, 30 A\u011fustos 1922\u2019deki zaferin T\u00fcrk Milletinin ba\u011f\u0131ms\u0131zl\u0131k m\u00fccadelesinin bir zaferi oldu\u011funu belirtti. Meclis Ba\u015fkan\u0131 T\u00f6re, 30 A\u011fustos Zafer Bayram\u0131 nedeniyle mesaj yay\u0131mlad\u0131. T\u00f6re mesaj\u0131nda \u015funlar\u0131 kaydetti: \u201cVatan sevgisi, ba\u011f\u0131ms\u0131zl\u0131k ve \u00f6zg\u00fcrl\u00fck ruhu ve zafer kararl\u0131l\u0131\u011f\u0131yla kahramanl\u0131\u011f\u0131n destanla\u015ft\u0131\u011f\u0131 bir m\u00fccadele olan 30 A\u011fustos Zaferi\u2019nin 102\u2019inci y\u0131ld\u00f6n\u00fcm\u00fcn\u00fc gururla idrak ediyoruz. Birlik ve<\/p>\n","protected":false},"author":1,"featured_media":57923,"comment_status":"open","ping_status":"open","sticky":false,"template":"","format":"standard","meta":{"footnotes":""},"categories":[81],"tags":[],"class_list":["post-57922","post","type-post","status-publish","format-standard","has-post-thumbnail","hentry","category-kibris"],"yoast_head":"<!-- This site is optimized with the Yoast SEO plugin v27.5 - https:\/\/yoast.com\/product\/yoast-seo-wordpress\/ -->\n<title>T\u00f6re: 30 A\u011fustos T\u00fcrk Milletinin ba\u011f\u0131ms\u0131zl\u0131k m\u00fccadelesinin bir zaferidir -<\/title>\n<meta name=\"robots\" content=\"index, follow, max-snippet:-1, max-image-preview:large, max-video-preview:-1\" \/>\n<link rel=\"canonical\" href=\"https:\/\/kibrisdakik.com\/?p=57922\" \/>\n<meta property=\"og:locale\" content=\"tr_TR\" \/>\n<meta property=\"og:type\" content=\"article\" \/>\n<meta property=\"og:title\" content=\"T\u00f6re: 30 A\u011fustos T\u00fcrk Milletinin ba\u011f\u0131ms\u0131zl\u0131k m\u00fccadelesinin bir zaferidir -\" \/>\n<meta property=\"og:description\" content=\"Cumhuriyet Meclisi Ba\u015fkan\u0131 Zorlu T\u00f6re, 30 A\u011fustos 1922\u2019deki zaferin T\u00fcrk Milletinin ba\u011f\u0131ms\u0131zl\u0131k m\u00fccadelesinin bir zaferi oldu\u011funu belirtti. Meclis Ba\u015fkan\u0131 T\u00f6re, 30 A\u011fustos Zafer Bayram\u0131 nedeniyle mesaj yay\u0131mlad\u0131. T\u00f6re mesaj\u0131nda \u015funlar\u0131 kaydetti: \u201cVatan sevgisi, ba\u011f\u0131ms\u0131zl\u0131k ve \u00f6zg\u00fcrl\u00fck ruhu ve zafer kararl\u0131l\u0131\u011f\u0131yla kahramanl\u0131\u011f\u0131n destanla\u015ft\u0131\u011f\u0131 bir m\u00fccadele olan 30 A\u011fustos Zaferi\u2019nin 102\u2019inci y\u0131ld\u00f6n\u00fcm\u00fcn\u00fc gururla idrak ediyoruz. Birlik ve\" \/>\n<meta property=\"og:url\" content=\"https:\/\/kibrisdakik.com\/?p=57922\" \/>\n<meta property=\"article:published_time\" content=\"2024-08-29T13:47:54+00:00\" \/>\n<meta property=\"og:image\" content=\"https:\/\/kibrisdakik.com\/wp-content\/uploads\/2024\/08\/zorlu-tore12.jpg\" \/>\n\t<meta property=\"og:image:width\" content=\"696\" \/>\n\t<meta property=\"og:image:height\" content=\"400\" \/>\n\t<meta property=\"og:image:type\" content=\"image\/jpeg\" \/>\n<meta name=\"author\" content=\"admin\" \/>\n<meta name=\"twitter:card\" content=\"summary_large_image\" \/>\n<meta name=\"twitter:label1\" content=\"Yazan:\" \/>\n\t<meta name=\"twitter:data1\" content=\"admin\" \/>\n\t<meta name=\"twitter:label2\" content=\"Tahmini okuma s\u00fcresi\" \/>\n\t<meta name=\"twitter:data2\" content=\"1 dakika\" \/>\n<script type=\"application\/ld+json\" class=\"yoast-schema-graph\">{\"@context\":\"https:\\\/\\\/schema.org\",\"@graph\":[{\"@type\":\"Article\",\"@id\":\"https:\\\/\\\/kibrisdakik.com\\\/?p=57922#article\",\"isPartOf\":{\"@id\":\"https:\\\/\\\/kibrisdakik.com\\\/?p=57922\"},\"author\":{\"name\":\"admin\",\"@id\":\"https:\\\/\\\/kibrisdakik.com\\\/#\\\/schema\\\/person\\\/9cd9d437bbb44f72b73ba127e06d8e79\"},\"headline\":\"T\u00f6re: 30 A\u011fustos T\u00fcrk Milletinin ba\u011f\u0131ms\u0131zl\u0131k m\u00fccadelesinin bir zaferidir\",\"datePublished\":\"2024-08-29T13:47:54+00:00\",\"mainEntityOfPage\":{\"@id\":\"https:\\\/\\\/kibrisdakik.com\\\/?p=57922\"},\"wordCount\":299,\"commentCount\":0,\"image\":{\"@id\":\"https:\\\/\\\/kibrisdakik.com\\\/?p=57922#primaryimage\"},\"thumbnailUrl\":\"https:\\\/\\\/kibrisdakik.com\\\/wp-content\\\/uploads\\\/2024\\\/08\\\/zorlu-tore12.jpg\",\"articleSection\":[\"K\u0131br\u0131s\"],\"inLanguage\":\"tr\",\"potentialAction\":[{\"@type\":\"CommentAction\",\"name\":\"Comment\",\"target\":[\"https:\\\/\\\/kibrisdakik.com\\\/?p=57922#respond\"]}]},{\"@type\":\"WebPage\",\"@id\":\"https:\\\/\\\/kibrisdakik.com\\\/?p=57922\",\"url\":\"https:\\\/\\\/kibrisdakik.com\\\/?p=57922\",\"name\":\"T\u00f6re: 30 A\u011fustos T\u00fcrk Milletinin ba\u011f\u0131ms\u0131zl\u0131k m\u00fccadelesinin bir zaferidir -\",\"isPartOf\":{\"@id\":\"https:\\\/\\\/kibrisdakik.com\\\/#website\"},\"primaryImageOfPage\":{\"@id\":\"https:\\\/\\\/kibrisdakik.com\\\/?p=57922#primaryimage\"},\"image\":{\"@id\":\"https:\\\/\\\/kibrisdakik.com\\\/?p=57922#primaryimage\"},\"thumbnailUrl\":\"https:\\\/\\\/kibrisdakik.com\\\/wp-content\\\/uploads\\\/2024\\\/08\\\/zorlu-tore12.jpg\",\"datePublished\":\"2024-08-29T13:47:54+00:00\",\"author\":{\"@id\":\"https:\\\/\\\/kibrisdakik.com\\\/#\\\/schema\\\/person\\\/9cd9d437bbb44f72b73ba127e06d8e79\"},\"breadcrumb\":{\"@id\":\"https:\\\/\\\/kibrisdakik.com\\\/?p=57922#breadcrumb\"},\"inLanguage\":\"tr\",\"potentialAction\":[{\"@type\":\"ReadAction\",\"target\":[\"https:\\\/\\\/kibrisdakik.com\\\/?p=57922\"]}]},{\"@type\":\"ImageObject\",\"inLanguage\":\"tr\",\"@id\":\"https:\\\/\\\/kibrisdakik.com\\\/?p=57922#primaryimage\",\"url\":\"https:\\\/\\\/kibrisdakik.com\\\/wp-content\\\/uploads\\\/2024\\\/08\\\/zorlu-tore12.jpg\",\"contentUrl\":\"https:\\\/\\\/kibrisdakik.com\\\/wp-content\\\/uploads\\\/2024\\\/08\\\/zorlu-tore12.jpg\",\"width\":696,\"height\":400},{\"@type\":\"BreadcrumbList\",\"@id\":\"https:\\\/\\\/kibrisdakik.com\\\/?p=57922#breadcrumb\",\"itemListElement\":[{\"@type\":\"ListItem\",\"position\":1,\"name\":\"Home\",\"item\":\"https:\\\/\\\/kibrisdakik.com\\\/\"},{\"@type\":\"ListItem\",\"position\":2,\"name\":\"T\u00f6re: 30 A\u011fustos T\u00fcrk Milletinin ba\u011f\u0131ms\u0131zl\u0131k m\u00fccadelesinin bir zaferidir\"}]},{\"@type\":\"WebSite\",\"@id\":\"https:\\\/\\\/kibrisdakik.com\\\/#website\",\"url\":\"https:\\\/\\\/kibrisdakik.com\\\/\",\"name\":\"\",\"description\":\"Tam vaktinde haber\",\"potentialAction\":[{\"@type\":\"SearchAction\",\"target\":{\"@type\":\"EntryPoint\",\"urlTemplate\":\"https:\\\/\\\/kibrisdakik.com\\\/?s={search_term_string}\"},\"query-input\":{\"@type\":\"PropertyValueSpecification\",\"valueRequired\":true,\"valueName\":\"search_term_string\"}}],\"inLanguage\":\"tr\"},{\"@type\":\"Person\",\"@id\":\"https:\\\/\\\/kibrisdakik.com\\\/#\\\/schema\\\/person\\\/9cd9d437bbb44f72b73ba127e06d8e79\",\"name\":\"admin\",\"image\":{\"@type\":\"ImageObject\",\"inLanguage\":\"tr\",\"@id\":\"https:\\\/\\\/secure.gravatar.com\\\/avatar\\\/ccc17943b9d660506c869530f897617f7cb1c21a4bf30023f252596d83e1f007?s=96&d=mm&r=g\",\"url\":\"https:\\\/\\\/secure.gravatar.com\\\/avatar\\\/ccc17943b9d660506c869530f897617f7cb1c21a4bf30023f252596d83e1f007?s=96&d=mm&r=g\",\"contentUrl\":\"https:\\\/\\\/secure.gravatar.com\\\/avatar\\\/ccc17943b9d660506c869530f897617f7cb1c21a4bf30023f252596d83e1f007?s=96&d=mm&r=g\",\"caption\":\"admin\"},\"sameAs\":[\"https:\\\/\\\/kibrisdakik.com\"],\"url\":\"https:\\\/\\\/kibrisdakik.com\\\/?author=1\"}]}<\/script>\n<!-- \/ Yoast SEO plugin. -->","yoast_head_json":{"title":"T\u00f6re: 30 A\u011fustos T\u00fcrk Milletinin ba\u011f\u0131ms\u0131zl\u0131k m\u00fccadelesinin bir zaferidir -","robots":{"index":"index","follow":"follow","max-snippet":"max-snippet:-1","max-image-preview":"max-image-preview:large","max-video-preview":"max-video-preview:-1"},"canonical":"https:\/\/kibrisdakik.com\/?p=57922","og_locale":"tr_TR","og_type":"article","og_title":"T\u00f6re: 30 A\u011fustos T\u00fcrk Milletinin ba\u011f\u0131ms\u0131zl\u0131k m\u00fccadelesinin bir zaferidir -","og_description":"Cumhuriyet Meclisi Ba\u015fkan\u0131 Zorlu T\u00f6re, 30 A\u011fustos 1922\u2019deki zaferin T\u00fcrk Milletinin ba\u011f\u0131ms\u0131zl\u0131k m\u00fccadelesinin bir zaferi oldu\u011funu belirtti. Meclis Ba\u015fkan\u0131 T\u00f6re, 30 A\u011fustos Zafer Bayram\u0131 nedeniyle mesaj yay\u0131mlad\u0131. T\u00f6re mesaj\u0131nda \u015funlar\u0131 kaydetti: \u201cVatan sevgisi, ba\u011f\u0131ms\u0131zl\u0131k ve \u00f6zg\u00fcrl\u00fck ruhu ve zafer kararl\u0131l\u0131\u011f\u0131yla kahramanl\u0131\u011f\u0131n destanla\u015ft\u0131\u011f\u0131 bir m\u00fccadele olan 30 A\u011fustos Zaferi\u2019nin 102\u2019inci y\u0131ld\u00f6n\u00fcm\u00fcn\u00fc gururla idrak ediyoruz. Birlik ve","og_url":"https:\/\/kibrisdakik.com\/?p=57922","article_published_time":"2024-08-29T13:47:54+00:00","og_image":[{"width":696,"height":400,"url":"https:\/\/kibrisdakik.com\/wp-content\/uploads\/2024\/08\/zorlu-tore12.jpg","type":"image\/jpeg"}],"author":"admin","twitter_card":"summary_large_image","twitter_misc":{"Yazan:":"admin","Tahmini okuma s\u00fcresi":"1 dakika"},"schema":{"@context":"https:\/\/schema.org","@graph":[{"@type":"Article","@id":"https:\/\/kibrisdakik.com\/?p=57922#article","isPartOf":{"@id":"https:\/\/kibrisdakik.com\/?p=57922"},"author":{"name":"admin","@id":"https:\/\/kibrisdakik.com\/#\/schema\/person\/9cd9d437bbb44f72b73ba127e06d8e79"},"headline":"T\u00f6re: 30 A\u011fustos T\u00fcrk Milletinin ba\u011f\u0131ms\u0131zl\u0131k m\u00fccadelesinin bir zaferidir","datePublished":"2024-08-29T13:47:54+00:00","mainEntityOfPage":{"@id":"https:\/\/kibrisdakik.com\/?p=57922"},"wordCount":299,"commentCount":0,"image":{"@id":"https:\/\/kibrisdakik.com\/?p=57922#primaryimage"},"thumbnailUrl":"https:\/\/kibrisdakik.com\/wp-content\/uploads\/2024\/08\/zorlu-tore12.jpg","articleSection":["K\u0131br\u0131s"],"inLanguage":"tr","potentialAction":[{"@type":"CommentAction","name":"Comment","target":["https:\/\/kibrisdakik.com\/?p=57922#respond"]}]},{"@type":"WebPage","@id":"https:\/\/kibrisdakik.com\/?p=57922","url":"https:\/\/kibrisdakik.com\/?p=57922","name":"T\u00f6re: 30 A\u011fustos T\u00fcrk Milletinin ba\u011f\u0131ms\u0131zl\u0131k m\u00fccadelesinin bir zaferidir -","isPartOf":{"@id":"https:\/\/kibrisdakik.com\/#website"},"primaryImageOfPage":{"@id":"https:\/\/kibrisdakik.com\/?p=57922#primaryimage"},"image":{"@id":"https:\/\/kibrisdakik.com\/?p=57922#primaryimage"},"thumbnailUrl":"https:\/\/kibrisdakik.com\/wp-content\/uploads\/2024\/08\/zorlu-tore12.jpg","datePublished":"2024-08-29T13:47:54+00:00","author":{"@id":"https:\/\/kibrisdakik.com\/#\/schema\/person\/9cd9d437bbb44f72b73ba127e06d8e79"},"breadcrumb":{"@id":"https:\/\/kibrisdakik.com\/?p=57922#breadcrumb"},"inLanguage":"tr","potentialAction":[{"@type":"ReadAction","target":["https:\/\/kibrisdakik.com\/?p=57922"]}]},{"@type":"ImageObject","inLanguage":"tr","@id":"https:\/\/kibrisdakik.com\/?p=57922#primaryimage","url":"https:\/\/kibrisdakik.com\/wp-content\/uploads\/2024\/08\/zorlu-tore12.jpg","contentUrl":"https:\/\/kibrisdakik.com\/wp-content\/uploads\/2024\/08\/zorlu-tore12.jpg","width":696,"height":400},{"@type":"BreadcrumbList","@id":"https:\/\/kibrisdakik.com\/?p=57922#breadcrumb","itemListElement":[{"@type":"ListItem","position":1,"name":"Home","item":"https:\/\/kibrisdakik.com\/"},{"@type":"ListItem","position":2,"name":"T\u00f6re: 30 A\u011fustos T\u00fcrk Milletinin ba\u011f\u0131ms\u0131zl\u0131k m\u00fccadelesinin bir zaferidir"}]},{"@type":"WebSite","@id":"https:\/\/kibrisdakik.com\/#website","url":"https:\/\/kibrisdakik.com\/","name":"","description":"Tam vaktinde haber","potentialAction":[{"@type":"SearchAction","target":{"@type":"EntryPoint","urlTemplate":"https:\/\/kibrisdakik.com\/?s={search_term_string}"},"query-input":{"@type":"PropertyValueSpecification","valueRequired":true,"valueName":"search_term_string"}}],"inLanguage":"tr"},{"@type":"Person","@id":"https:\/\/kibrisdakik.com\/#\/schema\/person\/9cd9d437bbb44f72b73ba127e06d8e79","name":"admin","image":{"@type":"ImageObject","inLanguage":"tr","@id":"https:\/\/secure.gravatar.com\/avatar\/ccc17943b9d660506c869530f897617f7cb1c21a4bf30023f252596d83e1f007?s=96&d=mm&r=g","url":"https:\/\/secure.gravatar.com\/avatar\/ccc17943b9d660506c869530f897617f7cb1c21a4bf30023f252596d83e1f007?s=96&d=mm&r=g","contentUrl":"https:\/\/secure.gravatar.com\/avatar\/ccc17943b9d660506c869530f897617f7cb1c21a4bf30023f252596d83e1f007?s=96&d=mm&r=g","caption":"admin"},"sameAs":["https:\/\/kibrisdakik.com"],"url":"https:\/\/kibrisdakik.com\/?author=1"}]}},"_links":{"self":[{"href":"https:\/\/kibrisdakik.com\/index.php?rest_route=\/wp\/v2\/posts\/57922","targetHints":{"allow":["GET"]}}],"collection":[{"href":"https:\/\/kibrisdakik.com\/index.php?rest_route=\/wp\/v2\/posts"}],"about":[{"href":"https:\/\/kibrisdakik.com\/index.php?rest_route=\/wp\/v2\/types\/post"}],"author":[{"embeddable":true,"href":"https:\/\/kibrisdakik.com\/index.php?rest_route=\/wp\/v2\/users\/1"}],"replies":[{"embeddable":true,"href":"https:\/\/kibrisdakik.com\/index.php?rest_route=%2Fwp%2Fv2%2Fcomments&post=57922"}],"version-history":[{"count":0,"href":"https:\/\/kibrisdakik.com\/index.php?rest_route=\/wp\/v2\/posts\/57922\/revisions"}],"wp:featuredmedia":[{"embeddable":true,"href":"https:\/\/kibrisdakik.com\/index.php?rest_route=\/wp\/v2\/media\/57923"}],"wp:attachment":[{"href":"https:\/\/kibrisdakik.com\/index.php?rest_route=%2Fwp%2Fv2%2Fmedia&parent=57922"}],"wp:term":[{"taxonomy":"category","embeddable":true,"href":"https:\/\/kibrisdakik.com\/index.php?rest_route=%2Fwp%2Fv2%2Fcategories&post=57922"},{"taxonomy":"post_tag","embeddable":true,"href":"https:\/\/kibrisdakik.com\/index.php?rest_route=%2Fwp%2Fv2%2Ftags&post=57922"}],"curies":[{"name":"wp","href":"https:\/\/api.w.org\/{rel}","templated":true}]}}